{"id":19017,"date":"2015-07-29T08:41:50","date_gmt":"2015-07-29T11:41:50","guid":{"rendered":"http:\/\/www.diariofemenino.com.ar\/?p=19017"},"modified":"2015-07-29T08:41:50","modified_gmt":"2015-07-29T11:41:50","slug":"por-una-ley-nacional-de-licencia-por-violencia-machista","status":"publish","type":"post","link":"https:\/\/diariofemenino.com.ar\/df\/por-una-ley-nacional-de-licencia-por-violencia-machista\/","title":{"rendered":"Por una ley nacional de licencia por violencia machista"},"content":{"rendered":"<p><span style=\"color: #000000;\">P<\/span>or una ley nacional de licencia por violencia machista<\/p>\n<p style=\"text-align: center;\"><strong> Ni Una Menos con licencia psiqui\u00e1trica por violencia<\/strong><\/p>\n<p>Las trabajadoras que son v\u00edctimas de violencia machista deben pedir licencia psiqui\u00e1trica hasta para poder ir a denunciar y eso agrava la estigmatizaci\u00f3n social e, incluso, las posibilidades de que su agresor las ataque en una controversia judicial. Por eso, uno de los mayores reclamos para que el grito de Ni Una Menos se convierta en derechos reales es que se apruebe el proyecto de licencia por violencia de g\u00e9nero que present\u00f3 la CTA en el Congreso de la Naci\u00f3n. En principio, debe lograr un predictamen en la Comisi\u00f3n de Familia, Mujer, Ni\u00f1ez y Adolescencia. Mientras que en la Legislatura de la Provincia de Buenos Aires tambi\u00e9n se busca incorporar una licencia laboral para v\u00edctimas de violencia de g\u00e9nero. La propuesta es de la diputada provincial Valeria Amendolara. \u201cActualmente, las trabajadoras v\u00edctimas de violencia machista se ven obligadas a solicitar licencias psiqui\u00e1tricas para recuperarse de las agresiones, iniciar acciones legales, recurrir a atenci\u00f3n psicol\u00f3gica y jur\u00eddica o acceder a contenci\u00f3n afectiva. Se invisibiliza la problem\u00e1tica y se patologiza y estigmatiza a la mujer\u201d, resalt\u00f3 Amendolara.<br \/>\nPor su parte, Estefan\u00eda Aguirre, secretaria de G\u00e9nero e Igualdad de Oportunidades de CTERA, reclama que este derecho se les otorgue a todas las docentes: \u201cLa incorporaci\u00f3n de la licencia est\u00e1 en la agenda de la mayor\u00eda de los sindicatos de base de CTERA, pero falta voluntad pol\u00edtica en la mayor parte de los gobiernos provinciales. Esta herramienta es indispensable para visibilizar que la ausencia de nuestras compa\u00f1eras a los lugares de trabajo es consecuencia de la violencia machista. Esto permite que ellas tengan la asistencia, el acompa\u00f1amiento y la contenci\u00f3n, pero adem\u00e1s garantizar la estabilidad en las fuentes de trabajo. Estamos necesitando que se instrumente el traslado interjurisdiccional inmediato para que quienes son asediadas por la violencia puedan resguardarse garantizando el cargo docente\u201d.<br \/>\n<strong>En el mismo sentido<\/strong><br \/>\n<strong>Ley de licencia laboral por violencia de g\u00e9nero<\/strong><br \/>\n<figure id=\"attachment_19018\" aria-describedby=\"caption-attachment-19018\" style=\"width: 476px\" class=\"wp-caption alignnone\"><a href=\"http:\/\/www.diariofemenino.com.ar\/wp-content\/uploads\/GENERO-CUNA-DE-LA-NOTICIA.jpg\"><img loading=\"lazy\" decoding=\"async\" class=\"size-full wp-image-19018\" alt=\"Por una ley nacional de licencia por violencia machista\" src=\"http:\/\/www.diariofemenino.com.ar\/wp-content\/uploads\/GENERO-CUNA-DE-LA-NOTICIA.jpg\" width=\"476\" height=\"193\" \/><\/a><figcaption id=\"caption-attachment-19018\" class=\"wp-caption-text\">Por una ley nacional de licencia por violencia machista<\/figcaption><\/figure><br \/>\n&nbsp;<br \/>\nEl femicidio es una de las m\u00e1s brutales expresiones de la violencia hacia las mujeres, pero no la \u00fanica. Existen diferentes modalidades de violencia que se manifiestan cotidianamente. Se trata de una problem\u00e1tica social, cultural y estructural enmarcada en la desigualdad y las relaciones de poder que configuran los v\u00ednculos entre los g\u00e9neros en el modelo actual de sociedad patriarcal. El Estado ante esta problem\u00e1tica a\u00fan tiene profundos vac\u00edos legales para dar una respuesta efectiva. Al ser precisamente un problema cultural requiere de intervenciones m\u00faltiples, desde la prevenci\u00f3n, la atenci\u00f3n inmediata de las v\u00edctimas hasta la transformaci\u00f3n de los estereotipos culturales que la perpet\u00faan. Para efectivizar estos abordajes, se debe contar con buenas legislaciones y con mejores pol\u00edticas p\u00fablicas.<br \/>\nNiUnaMenos es un puntapi\u00e9 para exigir mayores derechos y sobre todo un punto de partida necesario para llamar a las cosas por SU NOMBRE. Una v\u00edctima de violencia de g\u00e9nero en la actualidad no debe tener por qu\u00e9 pedir \u201clicencia por enfermedad\u201d o \u201clicencia psiqui\u00e1trica\u201d en su lugar de trabajo. Esto es una forma de invisibilizar una problem\u00e1tica que afecta a muchas, y que en muchos casos dificulta a\u00fan m\u00e1s el proceso de denuncia y ruta cr\u00edtica de las mujeres.<br \/>\nPor ello como trabajadores y trabajadoras de Patria Grande quieren darle continuidad al NiUnaMenos mediante la conquista de un nuevo derecho laboral para las trabajadoras: Ley de Licencia Laboral por Violencia de G\u00e9nero. Para hacer efectiva la protecci\u00f3n y derecho de las mujeres a ser asistidas integralmente. Porque tenemos derecho a la reducci\u00f3n de la jornada laboral ante casos de violencia y\/o a la reordenaci\u00f3n del tiempo de trabajo o lugar de origen del mismo.<br \/>\n&nbsp;<br \/>\n&nbsp;<br \/>\n&nbsp;<br \/>\n&nbsp;<br \/>\nFuentes: Las12 y Cuna de la Noticia<\/p>\n","protected":false},"excerpt":{"rendered":"<p>Por una ley nacional de licencia por violencia machista Ni Una Menos con licencia psiqui\u00e1trica por violencia Las trabajadoras que son v\u00edctimas de violencia machista deben pedir licencia psiqui\u00e1trica hasta para poder ir a denunciar y eso agrava la estigmatizaci\u00f3n social e, incluso, las posibilidades de que su agresor las ataque en una controversia judicial. [&hellip;]<\/p>\n","protected":false},"author":1,"featured_media":0,"comment_status":"open","ping_status":"open","sticky":false,"template":"","format":"standard","meta":{"iawp_total_views":3,"footnotes":""},"categories":[9,6,13,580],"tags":[29,30,39,45,16],"class_list":["post-19017","post","type-post","status-publish","format-standard","hentry","category-de-esi-si-se-habla","category-articulos","category-mujeres-sindicalistas","category-resistencia-verdevioleta","tag-campanas","tag-derechos-humanos","tag-justicia","tag-trabajo","tag-violencia-de-genero"],"nelio_content":{"autoShareEndMode":"never","automationSources":{"useCustomSentences":false,"customSentences":[]},"efiAlt":"","efiUrl":"","followers":[],"highlights":[],"isAutoShareEnabled":true,"networkImageIds":[],"permalinkQueryArgs":[],"series":[],"suggestedReferences":[]},"yoast_head":"<!-- This site is optimized with the Yoast SEO plugin v27.5 - https:\/\/yoast.com\/product\/yoast-seo-wordpress\/ -->\n<title>Por una ley nacional de licencia por violencia machista - Diario Digital Femenino<\/title>\n<meta name=\"description\" content=\"Por una ley nacional de licencia por violencia machista. Diversas expresiones sobre la necesidad de esta ley.\" \/>\n<meta name=\"robots\" content=\"index, follow, max-snippet:-1, max-image-preview:large, max-video-preview:-1\" \/>\n<link rel=\"canonical\" href=\"https:\/\/diariofemenino.com.ar\/df\/por-una-ley-nacional-de-licencia-por-violencia-machista\/\" \/>\n<meta property=\"og:locale\" content=\"es_ES\" \/>\n<meta property=\"og:type\" content=\"article\" \/>\n<meta property=\"og:title\" content=\"Por una ley nacional de licencia por violencia machista - Diario Digital Femenino\" \/>\n<meta property=\"og:description\" content=\"Por una ley nacional de licencia por violencia machista. Diversas expresiones sobre la necesidad de esta ley.\" \/>\n<meta property=\"og:url\" content=\"https:\/\/diariofemenino.com.ar\/df\/por-una-ley-nacional-de-licencia-por-violencia-machista\/\" \/>\n<meta property=\"og:site_name\" content=\"Diario Digital Femenino\" \/>\n<meta property=\"article:publisher\" content=\"https:\/\/www.facebook.com\/DiarioDigitaFemenino\/\" \/>\n<meta property=\"article:published_time\" content=\"2015-07-29T11:41:50+00:00\" \/>\n<meta property=\"og:image\" content=\"http:\/\/www.diariofemenino.com.ar\/wp-content\/uploads\/GENERO-CUNA-DE-LA-NOTICIA.jpg\" \/>\n<meta name=\"author\" content=\"Admin\" \/>\n<meta name=\"twitter:card\" content=\"summary_large_image\" \/>\n<meta name=\"twitter:creator\" content=\"@DiarioFemenino1\" \/>\n<meta name=\"twitter:site\" content=\"@DiarioFemenino1\" \/>\n<meta name=\"twitter:label1\" content=\"Escrito por\" \/>\n\t<meta name=\"twitter:data1\" content=\"Admin\" \/>\n\t<meta name=\"twitter:label2\" content=\"Tiempo de lectura\" \/>\n\t<meta name=\"twitter:data2\" content=\"3 minutos\" \/>\n<script type=\"application\/ld+json\" class=\"yoast-schema-graph\">{\"@context\":\"https:\\\/\\\/schema.org\",\"@graph\":[{\"@type\":\"Article\",\"@id\":\"https:\\\/\\\/diariofemenino.com.ar\\\/df\\\/por-una-ley-nacional-de-licencia-por-violencia-machista\\\/#article\",\"isPartOf\":{\"@id\":\"https:\\\/\\\/diariofemenino.com.ar\\\/df\\\/por-una-ley-nacional-de-licencia-por-violencia-machista\\\/\"},\"author\":{\"name\":\"Admin\",\"@id\":\"https:\\\/\\\/diariofemenino.com.ar\\\/df\\\/#\\\/schema\\\/person\\\/38f54b3bfd13f561de2460ba95c169c6\"},\"headline\":\"Por una ley nacional de licencia por violencia machista\",\"datePublished\":\"2015-07-29T11:41:50+00:00\",\"mainEntityOfPage\":{\"@id\":\"https:\\\/\\\/diariofemenino.com.ar\\\/df\\\/por-una-ley-nacional-de-licencia-por-violencia-machista\\\/\"},\"wordCount\":694,\"commentCount\":0,\"publisher\":{\"@id\":\"https:\\\/\\\/diariofemenino.com.ar\\\/df\\\/#organization\"},\"image\":{\"@id\":\"https:\\\/\\\/diariofemenino.com.ar\\\/df\\\/por-una-ley-nacional-de-licencia-por-violencia-machista\\\/#primaryimage\"},\"thumbnailUrl\":\"http:\\\/\\\/www.diariofemenino.com.ar\\\/wp-content\\\/uploads\\\/GENERO-CUNA-DE-LA-NOTICIA.jpg\",\"keywords\":[\"Campa\u00f1as\",\"Derechos Humanos\",\"Justicia\",\"Trabajo\",\"Violencia de g\u00e9nero\"],\"articleSection\":[\"De ESI S\u00ed Se Habla\",\"Mujeres en Palabras\",\"Mujeres Sindicalistas\",\"Resistencia VerdeVioleta\"],\"inLanguage\":\"es\",\"potentialAction\":[{\"@type\":\"CommentAction\",\"name\":\"Comment\",\"target\":[\"https:\\\/\\\/diariofemenino.com.ar\\\/df\\\/por-una-ley-nacional-de-licencia-por-violencia-machista\\\/#respond\"]}]},{\"@type\":\"WebPage\",\"@id\":\"https:\\\/\\\/diariofemenino.com.ar\\\/df\\\/por-una-ley-nacional-de-licencia-por-violencia-machista\\\/\",\"url\":\"https:\\\/\\\/diariofemenino.com.ar\\\/df\\\/por-una-ley-nacional-de-licencia-por-violencia-machista\\\/\",\"name\":\"Por una ley nacional de licencia por violencia machista - Diario Digital Femenino\",\"isPartOf\":{\"@id\":\"https:\\\/\\\/diariofemenino.com.ar\\\/df\\\/#website\"},\"primaryImageOfPage\":{\"@id\":\"https:\\\/\\\/diariofemenino.com.ar\\\/df\\\/por-una-ley-nacional-de-licencia-por-violencia-machista\\\/#primaryimage\"},\"image\":{\"@id\":\"https:\\\/\\\/diariofemenino.com.ar\\\/df\\\/por-una-ley-nacional-de-licencia-por-violencia-machista\\\/#primaryimage\"},\"thumbnailUrl\":\"http:\\\/\\\/www.diariofemenino.com.ar\\\/wp-content\\\/uploads\\\/GENERO-CUNA-DE-LA-NOTICIA.jpg\",\"datePublished\":\"2015-07-29T11:41:50+00:00\",\"description\":\"Por una ley nacional de licencia por violencia machista. Diversas expresiones sobre la necesidad de esta ley.\",\"breadcrumb\":{\"@id\":\"https:\\\/\\\/diariofemenino.com.ar\\\/df\\\/por-una-ley-nacional-de-licencia-por-violencia-machista\\\/#breadcrumb\"},\"inLanguage\":\"es\",\"potentialAction\":[{\"@type\":\"ReadAction\",\"target\":[\"https:\\\/\\\/diariofemenino.com.ar\\\/df\\\/por-una-ley-nacional-de-licencia-por-violencia-machista\\\/\"]}]},{\"@type\":\"ImageObject\",\"inLanguage\":\"es\",\"@id\":\"https:\\\/\\\/diariofemenino.com.ar\\\/df\\\/por-una-ley-nacional-de-licencia-por-violencia-machista\\\/#primaryimage\",\"url\":\"http:\\\/\\\/www.diariofemenino.com.ar\\\/wp-content\\\/uploads\\\/GENERO-CUNA-DE-LA-NOTICIA.jpg\",\"contentUrl\":\"http:\\\/\\\/www.diariofemenino.com.ar\\\/wp-content\\\/uploads\\\/GENERO-CUNA-DE-LA-NOTICIA.jpg\"},{\"@type\":\"BreadcrumbList\",\"@id\":\"https:\\\/\\\/diariofemenino.com.ar\\\/df\\\/por-una-ley-nacional-de-licencia-por-violencia-machista\\\/#breadcrumb\",\"itemListElement\":[{\"@type\":\"ListItem\",\"position\":1,\"name\":\"Portada\",\"item\":\"https:\\\/\\\/diariofemenino.com.ar\\\/df\\\/\"},{\"@type\":\"ListItem\",\"position\":2,\"name\":\"Por una ley nacional de licencia por violencia machista\"}]},{\"@type\":\"WebSite\",\"@id\":\"https:\\\/\\\/diariofemenino.com.ar\\\/df\\\/#website\",\"url\":\"https:\\\/\\\/diariofemenino.com.ar\\\/df\\\/\",\"name\":\"Diario Digital Femenino\",\"description\":\"Cuesti\u00f3n de G\u00e9nero\",\"publisher\":{\"@id\":\"https:\\\/\\\/diariofemenino.com.ar\\\/df\\\/#organization\"},\"potentialAction\":[{\"@type\":\"SearchAction\",\"target\":{\"@type\":\"EntryPoint\",\"urlTemplate\":\"https:\\\/\\\/diariofemenino.com.ar\\\/df\\\/?s={search_term_string}\"},\"query-input\":{\"@type\":\"PropertyValueSpecification\",\"valueRequired\":true,\"valueName\":\"search_term_string\"}}],\"inLanguage\":\"es\"},{\"@type\":\"Organization\",\"@id\":\"https:\\\/\\\/diariofemenino.com.ar\\\/df\\\/#organization\",\"name\":\"Diario Femenino\",\"url\":\"https:\\\/\\\/diariofemenino.com.ar\\\/df\\\/\",\"logo\":{\"@type\":\"ImageObject\",\"inLanguage\":\"es\",\"@id\":\"https:\\\/\\\/diariofemenino.com.ar\\\/df\\\/#\\\/schema\\\/logo\\\/image\\\/\",\"url\":\"https:\\\/\\\/diariofemenino.com.ar\\\/df\\\/wp-content\\\/uploads\\\/2018\\\/10\\\/logo.png\",\"contentUrl\":\"https:\\\/\\\/diariofemenino.com.ar\\\/df\\\/wp-content\\\/uploads\\\/2018\\\/10\\\/logo.png\",\"width\":500,\"height\":92,\"caption\":\"Diario Femenino\"},\"image\":{\"@id\":\"https:\\\/\\\/diariofemenino.com.ar\\\/df\\\/#\\\/schema\\\/logo\\\/image\\\/\"},\"sameAs\":[\"https:\\\/\\\/www.facebook.com\\\/DiarioDigitaFemenino\\\/\",\"https:\\\/\\\/x.com\\\/DiarioFemenino1\"]},{\"@type\":\"Person\",\"@id\":\"https:\\\/\\\/diariofemenino.com.ar\\\/df\\\/#\\\/schema\\\/person\\\/38f54b3bfd13f561de2460ba95c169c6\",\"name\":\"Admin\",\"image\":{\"@type\":\"ImageObject\",\"inLanguage\":\"es\",\"@id\":\"https:\\\/\\\/diariofemenino.com.ar\\\/df\\\/wp-content\\\/uploads\\\/2018\\\/12\\\/favicon-150x150.jpg\",\"url\":\"https:\\\/\\\/diariofemenino.com.ar\\\/df\\\/wp-content\\\/uploads\\\/2018\\\/12\\\/favicon-150x150.jpg\",\"contentUrl\":\"https:\\\/\\\/diariofemenino.com.ar\\\/df\\\/wp-content\\\/uploads\\\/2018\\\/12\\\/favicon-150x150.jpg\",\"caption\":\"Admin\"},\"url\":\"https:\\\/\\\/diariofemenino.com.ar\\\/df\\\/author\\\/adm18df\\\/\"}]}<\/script>\n<!-- \/ Yoast SEO plugin. -->","yoast_head_json":{"title":"Por una ley nacional de licencia por violencia machista - Diario Digital Femenino","description":"Por una ley nacional de licencia por violencia machista. Diversas expresiones sobre la necesidad de esta ley.","robots":{"index":"index","follow":"follow","max-snippet":"max-snippet:-1","max-image-preview":"max-image-preview:large","max-video-preview":"max-video-preview:-1"},"canonical":"https:\/\/diariofemenino.com.ar\/df\/por-una-ley-nacional-de-licencia-por-violencia-machista\/","og_locale":"es_ES","og_type":"article","og_title":"Por una ley nacional de licencia por violencia machista - Diario Digital Femenino","og_description":"Por una ley nacional de licencia por violencia machista. Diversas expresiones sobre la necesidad de esta ley.","og_url":"https:\/\/diariofemenino.com.ar\/df\/por-una-ley-nacional-de-licencia-por-violencia-machista\/","og_site_name":"Diario Digital Femenino","article_publisher":"https:\/\/www.facebook.com\/DiarioDigitaFemenino\/","article_published_time":"2015-07-29T11:41:50+00:00","og_image":[{"url":"http:\/\/www.diariofemenino.com.ar\/wp-content\/uploads\/GENERO-CUNA-DE-LA-NOTICIA.jpg","type":"","width":"","height":""}],"author":"Admin","twitter_card":"summary_large_image","twitter_creator":"@DiarioFemenino1","twitter_site":"@DiarioFemenino1","twitter_misc":{"Escrito por":"Admin","Tiempo de lectura":"3 minutos"},"schema":{"@context":"https:\/\/schema.org","@graph":[{"@type":"Article","@id":"https:\/\/diariofemenino.com.ar\/df\/por-una-ley-nacional-de-licencia-por-violencia-machista\/#article","isPartOf":{"@id":"https:\/\/diariofemenino.com.ar\/df\/por-una-ley-nacional-de-licencia-por-violencia-machista\/"},"author":{"name":"Admin","@id":"https:\/\/diariofemenino.com.ar\/df\/#\/schema\/person\/38f54b3bfd13f561de2460ba95c169c6"},"headline":"Por una ley nacional de licencia por violencia machista","datePublished":"2015-07-29T11:41:50+00:00","mainEntityOfPage":{"@id":"https:\/\/diariofemenino.com.ar\/df\/por-una-ley-nacional-de-licencia-por-violencia-machista\/"},"wordCount":694,"commentCount":0,"publisher":{"@id":"https:\/\/diariofemenino.com.ar\/df\/#organization"},"image":{"@id":"https:\/\/diariofemenino.com.ar\/df\/por-una-ley-nacional-de-licencia-por-violencia-machista\/#primaryimage"},"thumbnailUrl":"http:\/\/www.diariofemenino.com.ar\/wp-content\/uploads\/GENERO-CUNA-DE-LA-NOTICIA.jpg","keywords":["Campa\u00f1as","Derechos Humanos","Justicia","Trabajo","Violencia de g\u00e9nero"],"articleSection":["De ESI S\u00ed Se Habla","Mujeres en Palabras","Mujeres Sindicalistas","Resistencia VerdeVioleta"],"inLanguage":"es","potentialAction":[{"@type":"CommentAction","name":"Comment","target":["https:\/\/diariofemenino.com.ar\/df\/por-una-ley-nacional-de-licencia-por-violencia-machista\/#respond"]}]},{"@type":"WebPage","@id":"https:\/\/diariofemenino.com.ar\/df\/por-una-ley-nacional-de-licencia-por-violencia-machista\/","url":"https:\/\/diariofemenino.com.ar\/df\/por-una-ley-nacional-de-licencia-por-violencia-machista\/","name":"Por una ley nacional de licencia por violencia machista - Diario Digital Femenino","isPartOf":{"@id":"https:\/\/diariofemenino.com.ar\/df\/#website"},"primaryImageOfPage":{"@id":"https:\/\/diariofemenino.com.ar\/df\/por-una-ley-nacional-de-licencia-por-violencia-machista\/#primaryimage"},"image":{"@id":"https:\/\/diariofemenino.com.ar\/df\/por-una-ley-nacional-de-licencia-por-violencia-machista\/#primaryimage"},"thumbnailUrl":"http:\/\/www.diariofemenino.com.ar\/wp-content\/uploads\/GENERO-CUNA-DE-LA-NOTICIA.jpg","datePublished":"2015-07-29T11:41:50+00:00","description":"Por una ley nacional de licencia por violencia machista. Diversas expresiones sobre la necesidad de esta ley.","breadcrumb":{"@id":"https:\/\/diariofemenino.com.ar\/df\/por-una-ley-nacional-de-licencia-por-violencia-machista\/#breadcrumb"},"inLanguage":"es","potentialAction":[{"@type":"ReadAction","target":["https:\/\/diariofemenino.com.ar\/df\/por-una-ley-nacional-de-licencia-por-violencia-machista\/"]}]},{"@type":"ImageObject","inLanguage":"es","@id":"https:\/\/diariofemenino.com.ar\/df\/por-una-ley-nacional-de-licencia-por-violencia-machista\/#primaryimage","url":"http:\/\/www.diariofemenino.com.ar\/wp-content\/uploads\/GENERO-CUNA-DE-LA-NOTICIA.jpg","contentUrl":"http:\/\/www.diariofemenino.com.ar\/wp-content\/uploads\/GENERO-CUNA-DE-LA-NOTICIA.jpg"},{"@type":"BreadcrumbList","@id":"https:\/\/diariofemenino.com.ar\/df\/por-una-ley-nacional-de-licencia-por-violencia-machista\/#breadcrumb","itemListElement":[{"@type":"ListItem","position":1,"name":"Portada","item":"https:\/\/diariofemenino.com.ar\/df\/"},{"@type":"ListItem","position":2,"name":"Por una ley nacional de licencia por violencia machista"}]},{"@type":"WebSite","@id":"https:\/\/diariofemenino.com.ar\/df\/#website","url":"https:\/\/diariofemenino.com.ar\/df\/","name":"Diario Digital Femenino","description":"Cuesti\u00f3n de G\u00e9nero","publisher":{"@id":"https:\/\/diariofemenino.com.ar\/df\/#organization"},"potentialAction":[{"@type":"SearchAction","target":{"@type":"EntryPoint","urlTemplate":"https:\/\/diariofemenino.com.ar\/df\/?s={search_term_string}"},"query-input":{"@type":"PropertyValueSpecification","valueRequired":true,"valueName":"search_term_string"}}],"inLanguage":"es"},{"@type":"Organization","@id":"https:\/\/diariofemenino.com.ar\/df\/#organization","name":"Diario Femenino","url":"https:\/\/diariofemenino.com.ar\/df\/","logo":{"@type":"ImageObject","inLanguage":"es","@id":"https:\/\/diariofemenino.com.ar\/df\/#\/schema\/logo\/image\/","url":"https:\/\/diariofemenino.com.ar\/df\/wp-content\/uploads\/2018\/10\/logo.png","contentUrl":"https:\/\/diariofemenino.com.ar\/df\/wp-content\/uploads\/2018\/10\/logo.png","width":500,"height":92,"caption":"Diario Femenino"},"image":{"@id":"https:\/\/diariofemenino.com.ar\/df\/#\/schema\/logo\/image\/"},"sameAs":["https:\/\/www.facebook.com\/DiarioDigitaFemenino\/","https:\/\/x.com\/DiarioFemenino1"]},{"@type":"Person","@id":"https:\/\/diariofemenino.com.ar\/df\/#\/schema\/person\/38f54b3bfd13f561de2460ba95c169c6","name":"Admin","image":{"@type":"ImageObject","inLanguage":"es","@id":"https:\/\/diariofemenino.com.ar\/df\/wp-content\/uploads\/2018\/12\/favicon-150x150.jpg","url":"https:\/\/diariofemenino.com.ar\/df\/wp-content\/uploads\/2018\/12\/favicon-150x150.jpg","contentUrl":"https:\/\/diariofemenino.com.ar\/df\/wp-content\/uploads\/2018\/12\/favicon-150x150.jpg","caption":"Admin"},"url":"https:\/\/diariofemenino.com.ar\/df\/author\/adm18df\/"}]}},"jetpack_featured_media_url":"","jetpack_sharing_enabled":true,"rttpg_featured_image_url":null,"rttpg_author":{"display_name":"Admin","author_link":"https:\/\/diariofemenino.com.ar\/df\/author\/adm18df\/"},"rttpg_comment":0,"rttpg_category":"<a href=\"https:\/\/diariofemenino.com.ar\/df\/category\/de-esi-si-se-habla\/\" rel=\"category tag\">De ESI S\u00ed Se Habla<\/a> <a href=\"https:\/\/diariofemenino.com.ar\/df\/category\/articulos\/\" rel=\"category tag\">Mujeres en Palabras<\/a> <a href=\"https:\/\/diariofemenino.com.ar\/df\/category\/mujeres-sindicalistas\/\" rel=\"category tag\">Mujeres Sindicalistas<\/a> <a href=\"https:\/\/diariofemenino.com.ar\/df\/category\/resistencia-verdevioleta\/\" rel=\"category tag\">Resistencia VerdeVioleta<\/a>","rttpg_excerpt":"Por una ley nacional de licencia por violencia machista Ni Una Menos con licencia psiqui\u00e1trica por violencia Las trabajadoras que son v\u00edctimas de violencia machista deben pedir licencia psiqui\u00e1trica hasta para poder ir a denunciar y eso agrava la estigmatizaci\u00f3n social e, incluso, las posibilidades de que su agresor las ataque en una controversia judicial.&hellip;","_links":{"self":[{"href":"https:\/\/diariofemenino.com.ar\/df\/wp-json\/wp\/v2\/posts\/19017","targetHints":{"allow":["GET"]}}],"collection":[{"href":"https:\/\/diariofemenino.com.ar\/df\/wp-json\/wp\/v2\/posts"}],"about":[{"href":"https:\/\/diariofemenino.com.ar\/df\/wp-json\/wp\/v2\/types\/post"}],"author":[{"embeddable":true,"href":"https:\/\/diariofemenino.com.ar\/df\/wp-json\/wp\/v2\/users\/1"}],"replies":[{"embeddable":true,"href":"https:\/\/diariofemenino.com.ar\/df\/wp-json\/wp\/v2\/comments?post=19017"}],"version-history":[{"count":0,"href":"https:\/\/diariofemenino.com.ar\/df\/wp-json\/wp\/v2\/posts\/19017\/revisions"}],"wp:attachment":[{"href":"https:\/\/diariofemenino.com.ar\/df\/wp-json\/wp\/v2\/media?parent=19017"}],"wp:term":[{"taxonomy":"category","embeddable":true,"href":"https:\/\/diariofemenino.com.ar\/df\/wp-json\/wp\/v2\/categories?post=19017"},{"taxonomy":"post_tag","embeddable":true,"href":"https:\/\/diariofemenino.com.ar\/df\/wp-json\/wp\/v2\/tags?post=19017"}],"curies":[{"name":"wp","href":"https:\/\/api.w.org\/{rel}","templated":true}]}}