{"id":19004,"date":"2015-07-27T14:05:16","date_gmt":"2015-07-27T17:05:16","guid":{"rendered":"http:\/\/www.diariofemenino.com.ar\/?p=19004"},"modified":"2015-07-27T14:05:16","modified_gmt":"2015-07-27T17:05:16","slug":"repudio-un-spot-de-campana-del-pre-candidato-radical-ernesto-sanz","status":"publish","type":"post","link":"https:\/\/diariofemenino.com.ar\/df\/repudio-un-spot-de-campana-del-pre-candidato-radical-ernesto-sanz\/","title":{"rendered":"Repudio a un Spot de Campa\u00f1a del pre-candidato radical Ernesto Sanz"},"content":{"rendered":"<p><figure id=\"attachment_19005\" aria-describedby=\"caption-attachment-19005\" style=\"width: 291px\" class=\"wp-caption alignleft\"><a href=\"http:\/\/www.diariofemenino.com.ar\/wp-content\/uploads\/L\u00e1grima.jpg\"><img loading=\"lazy\" decoding=\"async\" class=\"size-full wp-image-19005\" alt=\"Repudio a un Spot Campa\u00f1a del pre-candidato radical Ernesto Sanz\" src=\"http:\/\/www.diariofemenino.com.ar\/wp-content\/uploads\/L\u00e1grima.jpg\" width=\"291\" height=\"268\" \/><\/a><figcaption id=\"caption-attachment-19005\" class=\"wp-caption-text\">Repudio a un Spot Campa\u00f1a del pre-candidato radical Ernesto Sanz<\/figcaption><\/figure><br \/>\n<span style=\"color: #000000;\">Que una problem\u00e1tica tr\u00e1gica y de urgente tratamiento sociopol\u00edtico como lo esla Violencia contra Mujeres y Ni\u00f1as aflore expl\u00edcita o impl\u00edcitamente en la publicidad electoral de unos pocos espacios partidarios es un avance significativo y esperanzador.\u00a0<\/span><br \/>\n<span style=\"color: #000000;\">Pero un an\u00e1lisis cr\u00edtico de los spots que se est\u00e1n emitiendo pone en evidencia la desinformaci\u00f3n, banalidad, oportunismo y hasta graves falacias en el tratamiento del tema, dejando al descubierto que las candidatas y candidatos ni quienes les asesoran se han informado, interiorizado, comprometido y activado en relaci\u00f3n con lo que pregonan. <\/span><br \/>\n<span style=\"color: #000000;\">Un ejemplo palmario es uno de los spots de UCR\/Cambiemos. <\/span><br \/>\n<span style=\"color: #000000;\"> La imagen muestra a un m\u00e9dico (\u00bfPor qu\u00e9 no una m\u00e9dica?) atendiendo a una mujer maltratada mientras reflexiona: \u00bf\u201dOtra mujer que llega golpeada?\u201d \u201cTenemos que hacer algo para frenar a estas bestias. Voy a votar por todas ellas y sus hijos (\u00bfPor qu\u00e9 no \u201chijas e hijos\u201d?)\u00a0 Y el colof\u00f3n: \u201cNi Una Menos. Radicales. Vot\u00e1 la Uni\u00f3n\u201d.\u00a0 <\/span><br \/>\n<span style=\"color: #000000;\">Que un candidato utilice y manipule la Violencia contra las Mujeres y Ni\u00f1as para acarrear votos a su candidatura es una afrenta a aquellas que la padecen , su prole, su familia y a la sociedad en su conjunto que sobrepasa con largueza los l\u00edmites de la \u00e9tica pol\u00edtica, tanto m\u00e1s cuando: <\/span><br \/>\n<span style=\"color: #000000;\">1) las dolorosas im\u00e1genes no se acompa\u00f1an de ninguna argumentaci\u00f3n propositiva que informe a la ciudadan\u00eda qu\u00e9 medidas concretas ofrecen el aspirante y su espacio para enfrentar y erradicar el drama in crescendo que padecen miles de mujeres argentinas. <\/span><br \/>\n<span style=\"color: #000000;\"> 2) \u00a0El t\u00e9rmino \u201cbestias\u201d, adem\u00e1s de una calificaci\u00f3n inadecuada, opera como una nueva forma de reproducir violencia, lo cual da cuenta de la ausencia de conciencia y compromiso ideol\u00f3gico.<\/span><br \/>\n<span style=\"color: #000000;\"> 3) El candidato Sanz y su espacio pol\u00edtico se apropian y hacen suya la bandera \u00abNI UNA MENOS\u00bb, <b>consigna an\u00f3nima y plural<\/b> simb\u00f3licamente reconocida como un grito de protesta que interpela y sacude la conciencia de la sociedad entera, tal y como ha quedado palpable en las multitudinarias manifestaciones p\u00fablicas convocadas recientemente.<\/span><br \/>\n<span style=\"color: #000000;\"> Cabe asimismo recordar que precisamente el senador Sanz ha manifestado su frontal rechazo a planes estatales como la AUH y la ayuda econ\u00f3mica a embarazadas, argumentando que \u201ces un dinero que se va por la canaleta del juego y la droga\u201d (SIC), opini\u00f3n que agudiza a\u00fan m\u00e1s la manifiesta hipocres\u00eda de su mensaje electoral.<\/span><br \/>\n<span style=\"color: #000000;\"> Por tanto las y los abajo firmantes, integrantes del colectivo \u201c<a href=\"https:\/\/www.facebook.com\/groups\/bastadeviolenciadegenero\/\">A la violencia de g\u00e9nero le decimos: BASTA<\/a>\u201d<\/span>\u00a0<span style=\"color: #000000;\">exigimos que la UCR\/Cambiemos retire de inmediato esta publicidad falsaria y ofensiva, y se impugne su divulgaci\u00f3n p\u00fablica.<\/span><br \/>\n<span style=\"color: #000000;\">\u00a0<\/span><br \/>\n<span style=\"color: #000000;\">Adriana Marcela Cerrato, DNI: 17501105 &#8211; CABA<\/span><br \/>\n<span style=\"color: #000000;\">Teresa Pousada, DNI: 4733385- CABA<\/span><br \/>\n<span style=\"color: #000000;\">Jorge Mosquera, DNI: 10122733- CABA<\/span><br \/>\n<span style=\"color: #000000;\">Beatriz Garrido, Tucum\u00e1n<\/span><br \/>\n<span style=\"color: #000000;\">Elena Belingueres DNI: 10620787 \u2013 CABA<\/span><br \/>\n<span style=\"color: #000000;\">Celina Cicuttini , periodista &#8211; Santa Fe<\/span><br \/>\n<span style=\"color: #000000;\">Lenny C\u00e1ceres, periodista \u2013 Santa Rosa, La Pampa<\/span><br \/>\n<span style=\"color: #000000;\">Silvia Laura Mogni,\u00a0 DNI: 12059113 \u2013 Tandil<\/span><br \/>\n<span style=\"color: #000000;\">Leonardo Alonso, DNI 20573327 \u2013 Vicente L\u00f2pez (Bs.As)<\/span><br \/>\n<span style=\"color: #000000;\">Norma Cristina Balvidares, DNI 10668842 &#8211; (Bragado-Bs.As.)<\/span><br \/>\n<span style=\"color: #000000;\">Griselda Gloria Fernandez, DNI 21474712 \u2013 CABA<\/span><br \/>\n<span style=\"color: #000000;\">Susana Guzner, La Plata<\/span><br \/>\n<span style=\"color: #000000;\">ADEM (Asociaci\u00f3n Por Los Derechos De Las Mujeres)Pers.Jur. N\u00b0 505 &#8211; San Luis.<\/span><br \/>\n<span style=\"color: #000000;\">Tamara In\u00e9s Dizner, DNI 21953096 \u2013 C\u00f3rdoba<\/span><br \/>\n<span style=\"color: #000000;\">Paula Mabel Cattaneo, DNI 26893616 &#8211; Salta<\/span><br \/>\n<span style=\"color: #000000;\">Eduardo Martin Baccaro, DNI 20.911.696 &#8211; CABA<\/span><br \/>\n<span style=\"color: #000000;\">Rita Moreira, DNI 26563065 &#8211; Luj\u00e1n. Bs As<\/span><br \/>\n<span style=\"color: #000000;\">Mar\u00eda Laura Razzari, DNI 21573808 &#8211;\u00a0 Chivilcoy<\/span><br \/>\n<span style=\"color: #000000;\">Diario Femenino-\u00a0 Medio digital especializado en g\u00e9nero.<\/span><br \/>\n<span style=\"color: #000000;\">Cristina Adrover \u2013 La Plata.<\/span><br \/>\n<span style=\"color: #000000;\">Rosana Margarita Albisini,\u00a0 DNI 14076728 &#8211;\u00a0 Col\u00f3n, BA<\/span><br \/>\n<span style=\"color: #000000;\">AMA Asociaci\u00f3n mujeres autoconvocadas contra la violencia de g\u00e9nero (sede Col\u00f3n BA)<\/span><br \/>\n<span style=\"color: #000000;\">AMA Asociaci\u00f3n mujeres autoconvocadas contra la violencia de g\u00e9nero (sede\u00a0 Campo Grande, Misiones)<\/span><br \/>\n<span style=\"color: #000000;\">AMA Asociaci\u00f3n mujeres autoconvocadas contra la violencia de g\u00e9nero (sede FiskeMenuco, R.Negro)<\/span><br \/>\n<span style=\"color: #000000;\">Norma Adelina Miguel, DNI: 4473340 &#8211; Mar del Plata.<\/span><br \/>\n<span style=\"color: #000000;\">Carolina Gonzalez, Corrientes<\/span><br \/>\n<span style=\"color: #000000;\">Ges Asociaci\u00f3n Civil \u2013 CABA<\/span><br \/>\n<span style=\"color: #000000;\">Irene Steimbach, DNI 17478176 \u2013 Villa Gesell<\/span><br \/>\n<span style=\"color: #000000;\">Stella Maris Leone, \u00a0DNI 17333875 &#8211; CABA<\/span><br \/>\n<span style=\"color: #000000;\">Nelly Branda; DNI 10414436 &#8211; San Antonio de Padua<\/span><br \/>\n<span style=\"color: #000000;\">Daniel Massara, DNI: 10905074 \u2013 Villa Mar\u00eda<\/span><br \/>\n<span style=\"color: #000000;\">\u00a0<\/span><\/p>\n","protected":false},"excerpt":{"rendered":"<p>Que una problem\u00e1tica tr\u00e1gica y de urgente tratamiento sociopol\u00edtico como lo esla Violencia contra Mujeres y Ni\u00f1as aflore expl\u00edcita o impl\u00edcitamente en la publicidad electoral de unos pocos espacios partidarios es un avance significativo y esperanzador.\u00a0 Pero un an\u00e1lisis cr\u00edtico de los spots que se est\u00e1n emitiendo pone en evidencia la desinformaci\u00f3n, banalidad, oportunismo y [&hellip;]<\/p>\n","protected":false},"author":1,"featured_media":0,"comment_status":"open","ping_status":"open","sticky":false,"template":"","format":"standard","meta":{"iawp_total_views":1,"footnotes":""},"categories":[4,13],"tags":[25,29,44,16],"class_list":["post-19004","post","type-post","status-publish","format-standard","hentry","category-medios","category-mujeres-sindicalistas","tag-activismo","tag-campanas","tag-politica","tag-violencia-de-genero"],"nelio_content":{"autoShareEndMode":"never","automationSources":{"useCustomSentences":false,"customSentences":[]},"efiAlt":"","efiUrl":"","followers":[],"highlights":[],"isAutoShareEnabled":true,"networkImageIds":[],"permalinkQueryArgs":[],"series":[],"suggestedReferences":[]},"yoast_head":"<!-- This site is optimized with the Yoast SEO plugin v27.5 - https:\/\/yoast.com\/product\/yoast-seo-wordpress\/ -->\n<title>Repudio a un Spot de Campa\u00f1a del pre-candidato radical Ernesto Sanz - Diario Digital Femenino<\/title>\n<meta name=\"description\" content=\"Repudio: &quot;Repudiamos un spot de Campa\u00f1a del pre-candidato radical Ernesto Sanz&quot;\" \/>\n<meta name=\"robots\" content=\"index, follow, max-snippet:-1, max-image-preview:large, max-video-preview:-1\" \/>\n<link rel=\"canonical\" href=\"https:\/\/diariofemenino.com.ar\/df\/repudio-un-spot-de-campana-del-pre-candidato-radical-ernesto-sanz\/\" \/>\n<meta property=\"og:locale\" content=\"es_ES\" \/>\n<meta property=\"og:type\" content=\"article\" \/>\n<meta property=\"og:title\" content=\"Repudio a un Spot de Campa\u00f1a del pre-candidato radical Ernesto Sanz - Diario Digital Femenino\" \/>\n<meta property=\"og:description\" content=\"Repudio: &quot;Repudiamos un spot de Campa\u00f1a del pre-candidato radical Ernesto Sanz&quot;\" \/>\n<meta property=\"og:url\" content=\"https:\/\/diariofemenino.com.ar\/df\/repudio-un-spot-de-campana-del-pre-candidato-radical-ernesto-sanz\/\" \/>\n<meta property=\"og:site_name\" content=\"Diario Digital Femenino\" \/>\n<meta property=\"article:publisher\" content=\"https:\/\/www.facebook.com\/DiarioDigitaFemenino\/\" \/>\n<meta property=\"article:published_time\" content=\"2015-07-27T17:05:16+00:00\" \/>\n<meta property=\"og:image\" content=\"https:\/\/diariofemenino.com.ar\/df\/wp-content\/uploads\/2016\/10\/logo-negro.png\" \/>\n\t<meta property=\"og:image:width\" content=\"855\" \/>\n\t<meta property=\"og:image:height\" content=\"319\" \/>\n\t<meta property=\"og:image:type\" content=\"image\/png\" \/>\n<meta name=\"author\" content=\"Admin\" \/>\n<meta name=\"twitter:card\" content=\"summary_large_image\" \/>\n<meta name=\"twitter:creator\" content=\"@DiarioFemenino1\" \/>\n<meta name=\"twitter:site\" content=\"@DiarioFemenino1\" \/>\n<meta name=\"twitter:label1\" content=\"Escrito por\" \/>\n\t<meta name=\"twitter:data1\" content=\"Admin\" \/>\n\t<meta name=\"twitter:label2\" content=\"Tiempo de lectura\" \/>\n\t<meta name=\"twitter:data2\" content=\"3 minutos\" \/>\n<script type=\"application\/ld+json\" class=\"yoast-schema-graph\">{\"@context\":\"https:\\\/\\\/schema.org\",\"@graph\":[{\"@type\":\"Article\",\"@id\":\"https:\\\/\\\/diariofemenino.com.ar\\\/df\\\/repudio-un-spot-de-campana-del-pre-candidato-radical-ernesto-sanz\\\/#article\",\"isPartOf\":{\"@id\":\"https:\\\/\\\/diariofemenino.com.ar\\\/df\\\/repudio-un-spot-de-campana-del-pre-candidato-radical-ernesto-sanz\\\/\"},\"author\":{\"name\":\"Admin\",\"@id\":\"https:\\\/\\\/diariofemenino.com.ar\\\/df\\\/#\\\/schema\\\/person\\\/38f54b3bfd13f561de2460ba95c169c6\"},\"headline\":\"Repudio a un Spot de Campa\u00f1a del pre-candidato radical Ernesto Sanz\",\"datePublished\":\"2015-07-27T17:05:16+00:00\",\"mainEntityOfPage\":{\"@id\":\"https:\\\/\\\/diariofemenino.com.ar\\\/df\\\/repudio-un-spot-de-campana-del-pre-candidato-radical-ernesto-sanz\\\/\"},\"wordCount\":706,\"commentCount\":0,\"publisher\":{\"@id\":\"https:\\\/\\\/diariofemenino.com.ar\\\/df\\\/#organization\"},\"keywords\":[\"Activismo\",\"Campa\u00f1as\",\"Pol\u00edtica\",\"Violencia de g\u00e9nero\"],\"articleSection\":[\"Medios\",\"Mujeres Sindicalistas\"],\"inLanguage\":\"es\",\"potentialAction\":[{\"@type\":\"CommentAction\",\"name\":\"Comment\",\"target\":[\"https:\\\/\\\/diariofemenino.com.ar\\\/df\\\/repudio-un-spot-de-campana-del-pre-candidato-radical-ernesto-sanz\\\/#respond\"]}]},{\"@type\":\"WebPage\",\"@id\":\"https:\\\/\\\/diariofemenino.com.ar\\\/df\\\/repudio-un-spot-de-campana-del-pre-candidato-radical-ernesto-sanz\\\/\",\"url\":\"https:\\\/\\\/diariofemenino.com.ar\\\/df\\\/repudio-un-spot-de-campana-del-pre-candidato-radical-ernesto-sanz\\\/\",\"name\":\"Repudio a un Spot de Campa\u00f1a del pre-candidato radical Ernesto Sanz - Diario Digital Femenino\",\"isPartOf\":{\"@id\":\"https:\\\/\\\/diariofemenino.com.ar\\\/df\\\/#website\"},\"datePublished\":\"2015-07-27T17:05:16+00:00\",\"description\":\"Repudio: \\\"Repudiamos un spot de Campa\u00f1a del pre-candidato radical Ernesto Sanz\\\"\",\"breadcrumb\":{\"@id\":\"https:\\\/\\\/diariofemenino.com.ar\\\/df\\\/repudio-un-spot-de-campana-del-pre-candidato-radical-ernesto-sanz\\\/#breadcrumb\"},\"inLanguage\":\"es\",\"potentialAction\":[{\"@type\":\"ReadAction\",\"target\":[\"https:\\\/\\\/diariofemenino.com.ar\\\/df\\\/repudio-un-spot-de-campana-del-pre-candidato-radical-ernesto-sanz\\\/\"]}]},{\"@type\":\"BreadcrumbList\",\"@id\":\"https:\\\/\\\/diariofemenino.com.ar\\\/df\\\/repudio-un-spot-de-campana-del-pre-candidato-radical-ernesto-sanz\\\/#breadcrumb\",\"itemListElement\":[{\"@type\":\"ListItem\",\"position\":1,\"name\":\"Portada\",\"item\":\"https:\\\/\\\/diariofemenino.com.ar\\\/df\\\/\"},{\"@type\":\"ListItem\",\"position\":2,\"name\":\"Repudio a un Spot de Campa\u00f1a del pre-candidato radical Ernesto Sanz\"}]},{\"@type\":\"WebSite\",\"@id\":\"https:\\\/\\\/diariofemenino.com.ar\\\/df\\\/#website\",\"url\":\"https:\\\/\\\/diariofemenino.com.ar\\\/df\\\/\",\"name\":\"Diario Digital Femenino\",\"description\":\"Cuesti\u00f3n de G\u00e9nero\",\"publisher\":{\"@id\":\"https:\\\/\\\/diariofemenino.com.ar\\\/df\\\/#organization\"},\"potentialAction\":[{\"@type\":\"SearchAction\",\"target\":{\"@type\":\"EntryPoint\",\"urlTemplate\":\"https:\\\/\\\/diariofemenino.com.ar\\\/df\\\/?s={search_term_string}\"},\"query-input\":{\"@type\":\"PropertyValueSpecification\",\"valueRequired\":true,\"valueName\":\"search_term_string\"}}],\"inLanguage\":\"es\"},{\"@type\":\"Organization\",\"@id\":\"https:\\\/\\\/diariofemenino.com.ar\\\/df\\\/#organization\",\"name\":\"Diario Femenino\",\"url\":\"https:\\\/\\\/diariofemenino.com.ar\\\/df\\\/\",\"logo\":{\"@type\":\"ImageObject\",\"inLanguage\":\"es\",\"@id\":\"https:\\\/\\\/diariofemenino.com.ar\\\/df\\\/#\\\/schema\\\/logo\\\/image\\\/\",\"url\":\"https:\\\/\\\/diariofemenino.com.ar\\\/df\\\/wp-content\\\/uploads\\\/2018\\\/10\\\/logo.png\",\"contentUrl\":\"https:\\\/\\\/diariofemenino.com.ar\\\/df\\\/wp-content\\\/uploads\\\/2018\\\/10\\\/logo.png\",\"width\":500,\"height\":92,\"caption\":\"Diario Femenino\"},\"image\":{\"@id\":\"https:\\\/\\\/diariofemenino.com.ar\\\/df\\\/#\\\/schema\\\/logo\\\/image\\\/\"},\"sameAs\":[\"https:\\\/\\\/www.facebook.com\\\/DiarioDigitaFemenino\\\/\",\"https:\\\/\\\/x.com\\\/DiarioFemenino1\"]},{\"@type\":\"Person\",\"@id\":\"https:\\\/\\\/diariofemenino.com.ar\\\/df\\\/#\\\/schema\\\/person\\\/38f54b3bfd13f561de2460ba95c169c6\",\"name\":\"Admin\",\"image\":{\"@type\":\"ImageObject\",\"inLanguage\":\"es\",\"@id\":\"https:\\\/\\\/diariofemenino.com.ar\\\/df\\\/wp-content\\\/uploads\\\/2018\\\/12\\\/favicon-150x150.jpg\",\"url\":\"https:\\\/\\\/diariofemenino.com.ar\\\/df\\\/wp-content\\\/uploads\\\/2018\\\/12\\\/favicon-150x150.jpg\",\"contentUrl\":\"https:\\\/\\\/diariofemenino.com.ar\\\/df\\\/wp-content\\\/uploads\\\/2018\\\/12\\\/favicon-150x150.jpg\",\"caption\":\"Admin\"},\"url\":\"https:\\\/\\\/diariofemenino.com.ar\\\/df\\\/author\\\/adm18df\\\/\"}]}<\/script>\n<!-- \/ Yoast SEO plugin. -->","yoast_head_json":{"title":"Repudio a un Spot de Campa\u00f1a del pre-candidato radical Ernesto Sanz - Diario Digital Femenino","description":"Repudio: \"Repudiamos un spot de Campa\u00f1a del pre-candidato radical Ernesto Sanz\"","robots":{"index":"index","follow":"follow","max-snippet":"max-snippet:-1","max-image-preview":"max-image-preview:large","max-video-preview":"max-video-preview:-1"},"canonical":"https:\/\/diariofemenino.com.ar\/df\/repudio-un-spot-de-campana-del-pre-candidato-radical-ernesto-sanz\/","og_locale":"es_ES","og_type":"article","og_title":"Repudio a un Spot de Campa\u00f1a del pre-candidato radical Ernesto Sanz - Diario Digital Femenino","og_description":"Repudio: \"Repudiamos un spot de Campa\u00f1a del pre-candidato radical Ernesto Sanz\"","og_url":"https:\/\/diariofemenino.com.ar\/df\/repudio-un-spot-de-campana-del-pre-candidato-radical-ernesto-sanz\/","og_site_name":"Diario Digital Femenino","article_publisher":"https:\/\/www.facebook.com\/DiarioDigitaFemenino\/","article_published_time":"2015-07-27T17:05:16+00:00","og_image":[{"width":855,"height":319,"url":"https:\/\/diariofemenino.com.ar\/df\/wp-content\/uploads\/2016\/10\/logo-negro.png","type":"image\/png"}],"author":"Admin","twitter_card":"summary_large_image","twitter_creator":"@DiarioFemenino1","twitter_site":"@DiarioFemenino1","twitter_misc":{"Escrito por":"Admin","Tiempo de lectura":"3 minutos"},"schema":{"@context":"https:\/\/schema.org","@graph":[{"@type":"Article","@id":"https:\/\/diariofemenino.com.ar\/df\/repudio-un-spot-de-campana-del-pre-candidato-radical-ernesto-sanz\/#article","isPartOf":{"@id":"https:\/\/diariofemenino.com.ar\/df\/repudio-un-spot-de-campana-del-pre-candidato-radical-ernesto-sanz\/"},"author":{"name":"Admin","@id":"https:\/\/diariofemenino.com.ar\/df\/#\/schema\/person\/38f54b3bfd13f561de2460ba95c169c6"},"headline":"Repudio a un Spot de Campa\u00f1a del pre-candidato radical Ernesto Sanz","datePublished":"2015-07-27T17:05:16+00:00","mainEntityOfPage":{"@id":"https:\/\/diariofemenino.com.ar\/df\/repudio-un-spot-de-campana-del-pre-candidato-radical-ernesto-sanz\/"},"wordCount":706,"commentCount":0,"publisher":{"@id":"https:\/\/diariofemenino.com.ar\/df\/#organization"},"keywords":["Activismo","Campa\u00f1as","Pol\u00edtica","Violencia de g\u00e9nero"],"articleSection":["Medios","Mujeres Sindicalistas"],"inLanguage":"es","potentialAction":[{"@type":"CommentAction","name":"Comment","target":["https:\/\/diariofemenino.com.ar\/df\/repudio-un-spot-de-campana-del-pre-candidato-radical-ernesto-sanz\/#respond"]}]},{"@type":"WebPage","@id":"https:\/\/diariofemenino.com.ar\/df\/repudio-un-spot-de-campana-del-pre-candidato-radical-ernesto-sanz\/","url":"https:\/\/diariofemenino.com.ar\/df\/repudio-un-spot-de-campana-del-pre-candidato-radical-ernesto-sanz\/","name":"Repudio a un Spot de Campa\u00f1a del pre-candidato radical Ernesto Sanz - Diario Digital Femenino","isPartOf":{"@id":"https:\/\/diariofemenino.com.ar\/df\/#website"},"datePublished":"2015-07-27T17:05:16+00:00","description":"Repudio: \"Repudiamos un spot de Campa\u00f1a del pre-candidato radical Ernesto Sanz\"","breadcrumb":{"@id":"https:\/\/diariofemenino.com.ar\/df\/repudio-un-spot-de-campana-del-pre-candidato-radical-ernesto-sanz\/#breadcrumb"},"inLanguage":"es","potentialAction":[{"@type":"ReadAction","target":["https:\/\/diariofemenino.com.ar\/df\/repudio-un-spot-de-campana-del-pre-candidato-radical-ernesto-sanz\/"]}]},{"@type":"BreadcrumbList","@id":"https:\/\/diariofemenino.com.ar\/df\/repudio-un-spot-de-campana-del-pre-candidato-radical-ernesto-sanz\/#breadcrumb","itemListElement":[{"@type":"ListItem","position":1,"name":"Portada","item":"https:\/\/diariofemenino.com.ar\/df\/"},{"@type":"ListItem","position":2,"name":"Repudio a un Spot de Campa\u00f1a del pre-candidato radical Ernesto Sanz"}]},{"@type":"WebSite","@id":"https:\/\/diariofemenino.com.ar\/df\/#website","url":"https:\/\/diariofemenino.com.ar\/df\/","name":"Diario Digital Femenino","description":"Cuesti\u00f3n de G\u00e9nero","publisher":{"@id":"https:\/\/diariofemenino.com.ar\/df\/#organization"},"potentialAction":[{"@type":"SearchAction","target":{"@type":"EntryPoint","urlTemplate":"https:\/\/diariofemenino.com.ar\/df\/?s={search_term_string}"},"query-input":{"@type":"PropertyValueSpecification","valueRequired":true,"valueName":"search_term_string"}}],"inLanguage":"es"},{"@type":"Organization","@id":"https:\/\/diariofemenino.com.ar\/df\/#organization","name":"Diario Femenino","url":"https:\/\/diariofemenino.com.ar\/df\/","logo":{"@type":"ImageObject","inLanguage":"es","@id":"https:\/\/diariofemenino.com.ar\/df\/#\/schema\/logo\/image\/","url":"https:\/\/diariofemenino.com.ar\/df\/wp-content\/uploads\/2018\/10\/logo.png","contentUrl":"https:\/\/diariofemenino.com.ar\/df\/wp-content\/uploads\/2018\/10\/logo.png","width":500,"height":92,"caption":"Diario Femenino"},"image":{"@id":"https:\/\/diariofemenino.com.ar\/df\/#\/schema\/logo\/image\/"},"sameAs":["https:\/\/www.facebook.com\/DiarioDigitaFemenino\/","https:\/\/x.com\/DiarioFemenino1"]},{"@type":"Person","@id":"https:\/\/diariofemenino.com.ar\/df\/#\/schema\/person\/38f54b3bfd13f561de2460ba95c169c6","name":"Admin","image":{"@type":"ImageObject","inLanguage":"es","@id":"https:\/\/diariofemenino.com.ar\/df\/wp-content\/uploads\/2018\/12\/favicon-150x150.jpg","url":"https:\/\/diariofemenino.com.ar\/df\/wp-content\/uploads\/2018\/12\/favicon-150x150.jpg","contentUrl":"https:\/\/diariofemenino.com.ar\/df\/wp-content\/uploads\/2018\/12\/favicon-150x150.jpg","caption":"Admin"},"url":"https:\/\/diariofemenino.com.ar\/df\/author\/adm18df\/"}]}},"jetpack_featured_media_url":"","jetpack_sharing_enabled":true,"rttpg_featured_image_url":null,"rttpg_author":{"display_name":"Admin","author_link":"https:\/\/diariofemenino.com.ar\/df\/author\/adm18df\/"},"rttpg_comment":0,"rttpg_category":"<a href=\"https:\/\/diariofemenino.com.ar\/df\/category\/medios\/\" rel=\"category tag\">Medios<\/a> <a href=\"https:\/\/diariofemenino.com.ar\/df\/category\/mujeres-sindicalistas\/\" rel=\"category tag\">Mujeres Sindicalistas<\/a>","rttpg_excerpt":"Que una problem\u00e1tica tr\u00e1gica y de urgente tratamiento sociopol\u00edtico como lo esla Violencia contra Mujeres y Ni\u00f1as aflore expl\u00edcita o impl\u00edcitamente en la publicidad electoral de unos pocos espacios partidarios es un avance significativo y esperanzador.\u00a0 Pero un an\u00e1lisis cr\u00edtico de los spots que se est\u00e1n emitiendo pone en evidencia la desinformaci\u00f3n, banalidad, oportunismo y&hellip;","_links":{"self":[{"href":"https:\/\/diariofemenino.com.ar\/df\/wp-json\/wp\/v2\/posts\/19004","targetHints":{"allow":["GET"]}}],"collection":[{"href":"https:\/\/diariofemenino.com.ar\/df\/wp-json\/wp\/v2\/posts"}],"about":[{"href":"https:\/\/diariofemenino.com.ar\/df\/wp-json\/wp\/v2\/types\/post"}],"author":[{"embeddable":true,"href":"https:\/\/diariofemenino.com.ar\/df\/wp-json\/wp\/v2\/users\/1"}],"replies":[{"embeddable":true,"href":"https:\/\/diariofemenino.com.ar\/df\/wp-json\/wp\/v2\/comments?post=19004"}],"version-history":[{"count":0,"href":"https:\/\/diariofemenino.com.ar\/df\/wp-json\/wp\/v2\/posts\/19004\/revisions"}],"wp:attachment":[{"href":"https:\/\/diariofemenino.com.ar\/df\/wp-json\/wp\/v2\/media?parent=19004"}],"wp:term":[{"taxonomy":"category","embeddable":true,"href":"https:\/\/diariofemenino.com.ar\/df\/wp-json\/wp\/v2\/categories?post=19004"},{"taxonomy":"post_tag","embeddable":true,"href":"https:\/\/diariofemenino.com.ar\/df\/wp-json\/wp\/v2\/tags?post=19004"}],"curies":[{"name":"wp","href":"https:\/\/api.w.org\/{rel}","templated":true}]}}