{"id":18990,"date":"2015-07-27T12:04:47","date_gmt":"2015-07-27T15:04:47","guid":{"rendered":"http:\/\/www.diariofemenino.com.ar\/?p=18990"},"modified":"2015-07-27T12:04:47","modified_gmt":"2015-07-27T15:04:47","slug":"las-sutilezas-del-sexismo","status":"publish","type":"post","link":"https:\/\/diariofemenino.com.ar\/df\/las-sutilezas-del-sexismo\/","title":{"rendered":"Las sutilezas del sexismo"},"content":{"rendered":"<p><span style=\"color: #000000;\">Por <strong>Lisandro Moreno<\/strong><\/span><br \/>\n<figure id=\"attachment_18992\" aria-describedby=\"caption-attachment-18992\" style=\"width: 457px\" class=\"wp-caption alignleft\"><img loading=\"lazy\" decoding=\"async\" class=\" wp-image-18992 \" alt=\"Las sutilezas del sexismo\" src=\"http:\/\/www.diariofemenino.com.ar\/wp-content\/uploads\/ni\u00f1os-viendo-tv.png\" width=\"457\" height=\"300\" \/><figcaption id=\"caption-attachment-18992\" class=\"wp-caption-text\"><\/span><\/a><\/span> <span style=\"color: #000000;\">Las sutilezas del sexismo<\/span><\/figcaption><\/figure><br \/>\n<span style=\"color: #000000;\">Son muchos los casos que d\u00eda a d\u00eda vemos en la televisi\u00f3n Argentina. Hace unos d\u00edas el Observatorio de la Discriminaci\u00f3n en Radio y Televisi\u00f3n se reuni\u00f3 con la productora de Rial para que el conductor reflexionara acerca de las reprobables palabras expresadas en su programa\u00a0\u201cIntrusos\u201d, el lunes 13 de julio, en las que dec\u00eda que hubiera sido mejor haber matado a su mujer e ir a la c\u00e1rcel unos diez a\u00f1os y all\u00ed hacer amigos y estudiar en lugar de haber estado con ella m\u00e1s de veinte a\u00f1os, este Observatorio se encontr\u00f3 con su productora quien intercedi\u00f3 para que el conductor reflexione sobre sus dichos.\u00a0<\/span><br \/>\n<span style=\"color: #000000;\">En otro caso, el Observatorio analiz\u00f3 los dichos del conductor BabyEtchecopar en su programa de radio por presentar un discurso con frecuencia mis\u00f3gino, pero en este caso espec\u00edfico agreg\u00f3 una clara discriminaci\u00f3n por clase social y lugar de origen. Luego del an\u00e1lisis, presentaron una serie de recomendaciones para tener en cuenta.<\/span><br \/>\n<span style=\"color: #000000;\">Sin embargo, en esta oportunidad no son estos casos los que me hacen reflexionar acerca de la construcci\u00f3n de esta cultura machista y patriarcal, sino una experiencia que me toc\u00f3 vivir en la \u00faltima semana y que me llam\u00f3 la atenci\u00f3n.<\/span><br \/>\n<span style=\"color: #000000;\">Los programas antes mencionados, y como muchos otros, son en general para un p\u00fablico joven-adulto, sin embargo hay otra franja etaria de audiencia que est\u00e1 en mayor vulnerabilidad en relaci\u00f3n a estos discursos. Me refiero a los ni\u00f1os y ni\u00f1as que habitualmente consumen canales televisivos con contenidos espec\u00edficos para su edad, en otras palabras, los t\u00edpicos canales de \u201cdibujos animados\u201d.<\/span><br \/>\n<span style=\"color: #000000;\">Hace aproximadamente una semana, tuve una conversaci\u00f3n con mi hijo de tres a\u00f1os mientras el miraba uno de estos canales. Transcribo la conversaci\u00f3n textual, porque resulta realmente llamativa. En un momento, el programa que estaba mirando va al corte y pasan una propaganda de un cami\u00f3n de bomberos y me dice:<\/span><br \/>\n<span style=\"color: #000000;\">&#8211; Tomi: ese chiche es de nene<\/span><br \/>\n<span style=\"color: #000000;\"> &#8211; Yo: no hijo, es de nena y nene<\/span><br \/>\n<span style=\"color: #000000;\"> &#8211; Tomi: no pap\u00e1, yo vi a unos nenes nada m\u00e1s<\/span><br \/>\n<span style=\"color: #000000;\"> &#8211; Yo: pero lo puede usar cualquiera, nenas y nenes<\/span><br \/>\n<span style=\"color: #000000;\"> &#8211; Tomi: si, pero yo vi a nenes us\u00e1ndolo nada m\u00e1s<\/span><br \/>\n<span style=\"color: #000000;\">All\u00ed me di cuenta. La sutileza con la que se construyen los estereotipos de g\u00e9nero. Si bien, esto se potencia, o viceversa, en los roles distribuidos en la familia y en la escuela esto pasa desapercibido en muchos casos. No terminamos de darnos cuenta a lo que est\u00e1n expuestos constantemente los ni\u00f1os y ni\u00f1as, y no solamente hablo de televisi\u00f3n.<\/span><br \/>\n<span style=\"color: #000000;\">En general, nos acostumbramos a subestimar la capacidad de entendimiento de los ni\u00f1os. Creemos que la televisi\u00f3n es mero entretenimiento, que all\u00ed solo se le inculcan valores de amistad, solidaridad y un mont\u00f3n de cosas bonitas, pero no alcanzamos a percatarnos de que adem\u00e1s de estos \u201cvalores\u201d (que podemos cuestionar en otro momento de qu\u00e9 manera se representan), se estilos de vida, visiones del mundo. Y esto se hace de la manera m\u00e1s sutil. De este modo, estructuran los roles de g\u00e9nero, un ni\u00f1o o ni\u00f1a observa una publicidad en donde solo figuran las ni\u00f1as cuando todo es color rosa y con cosas en relaci\u00f3n a la belleza y el cuidado materno, en su comprensi\u00f3n de la realidad va a pensar que esas cosas son solo para el g\u00e9nero femenino, y viceversa cuando aparecen varones con juguetes de autos, b\u00e9licos o de deportes.<\/span><br \/>\n<span style=\"color: #000000;\">Es necesario reflexionar acerca de que en edades tempranas, los ni\u00f1os est\u00e1n formando su mirada de la realidad, y por lo tanto perciben y absorben todo estimulo exterior. De esta manera, adquieren las representaciones sociales que se le inculcan y, por lo tanto, empiezan a compartir los valores y creencias del sistema. En este caso, absorben las representaciones sociales del g\u00e9nero que este sistema machista y patriarcal se encarga de imponer por todos los medios posibles.<\/span><br \/>\n<span style=\"color: #000000;\">Teniendo en cuenta esto, es de suma importancia comenzar a denunciar y erradicar este tipo de contenidos televisivos para que generaciones futuras con crezcan con estos criterios y los reproduzcan luego en su vida cotidiana. As\u00ed, daremos un paso m\u00e1s la b\u00fasqueda de un cambio cultural y\u00a0 en la construcci\u00f3n de una sociedad igualitaria.<\/span><br \/>\n&nbsp;<br \/>\n&nbsp;<br \/>\n&nbsp;<\/p>\n","protected":false},"excerpt":{"rendered":"<p>Por Lisandro Moreno Son muchos los casos que d\u00eda a d\u00eda vemos en la televisi\u00f3n Argentina. Hace unos d\u00edas el Observatorio de la Discriminaci\u00f3n en Radio y Televisi\u00f3n se reuni\u00f3 con la productora de Rial para que el conductor reflexionara acerca de las reprobables palabras expresadas en su programa\u00a0\u201cIntrusos\u201d, el lunes 13 de julio, en [&hellip;]<\/p>\n","protected":false},"author":1,"featured_media":0,"comment_status":"open","ping_status":"open","sticky":false,"template":"","format":"standard","meta":{"iawp_total_views":3,"footnotes":""},"categories":[7,9,4,6],"tags":[57,12,62,34,28,18,82,48,83],"class_list":["post-18990","post","type-post","status-publish","format-standard","hentry","category-actividades","category-de-esi-si-se-habla","category-medios","category-articulos","tag-derechos-de-ninxs","tag-infancia-y-adolescencia","tag-lenguaje","tag-machismo","tag-periodismo","tag-politicas-publicas","tag-publicidad","tag-publicidad-sexista","tag-tv"],"nelio_content":{"autoShareEndMode":"never","automationSources":{"useCustomSentences":false,"customSentences":[]},"efiAlt":"","efiUrl":"","followers":[],"highlights":[],"isAutoShareEnabled":true,"networkImageIds":[],"permalinkQueryArgs":[],"series":[],"suggestedReferences":[]},"yoast_head":"<!-- This site is optimized with the Yoast SEO plugin v27.4 - https:\/\/yoast.com\/product\/yoast-seo-wordpress\/ -->\n<title>Las sutilezas del sexismo - Diario Digital Femenino<\/title>\n<meta name=\"description\" content=\"Las sutilezas del sexismo. Una mirada, una experiencia... Relato en primera persona sobre la Publicidad sexista.\" \/>\n<meta name=\"robots\" content=\"index, follow, max-snippet:-1, max-image-preview:large, max-video-preview:-1\" \/>\n<link rel=\"canonical\" href=\"https:\/\/diariofemenino.com.ar\/df\/las-sutilezas-del-sexismo\/\" \/>\n<meta property=\"og:locale\" content=\"es_ES\" \/>\n<meta property=\"og:type\" content=\"article\" \/>\n<meta property=\"og:title\" content=\"Las sutilezas del sexismo - Diario Digital Femenino\" \/>\n<meta property=\"og:description\" content=\"Las sutilezas del sexismo. Una mirada, una experiencia... Relato en primera persona sobre la Publicidad sexista.\" \/>\n<meta property=\"og:url\" content=\"https:\/\/diariofemenino.com.ar\/df\/las-sutilezas-del-sexismo\/\" \/>\n<meta property=\"og:site_name\" content=\"Diario Digital Femenino\" \/>\n<meta property=\"article:publisher\" content=\"https:\/\/www.facebook.com\/DiarioDigitaFemenino\/\" \/>\n<meta property=\"article:published_time\" content=\"2015-07-27T15:04:47+00:00\" \/>\n<meta property=\"og:image\" content=\"https:\/\/diariofemenino.com.ar\/df\/wp-content\/uploads\/2016\/10\/logo-negro.png\" \/>\n\t<meta property=\"og:image:width\" content=\"855\" \/>\n\t<meta property=\"og:image:height\" content=\"319\" \/>\n\t<meta property=\"og:image:type\" content=\"image\/png\" \/>\n<meta name=\"author\" content=\"Admin\" \/>\n<meta name=\"twitter:card\" content=\"summary_large_image\" \/>\n<meta name=\"twitter:creator\" content=\"@DiarioFemenino1\" \/>\n<meta name=\"twitter:site\" content=\"@DiarioFemenino1\" \/>\n<meta name=\"twitter:label1\" content=\"Escrito por\" \/>\n\t<meta name=\"twitter:data1\" content=\"Admin\" \/>\n\t<meta name=\"twitter:label2\" content=\"Tiempo de lectura\" \/>\n\t<meta name=\"twitter:data2\" content=\"4 minutos\" \/>\n<script type=\"application\/ld+json\" class=\"yoast-schema-graph\">{\"@context\":\"https:\\\/\\\/schema.org\",\"@graph\":[{\"@type\":\"Article\",\"@id\":\"https:\\\/\\\/diariofemenino.com.ar\\\/df\\\/las-sutilezas-del-sexismo\\\/#article\",\"isPartOf\":{\"@id\":\"https:\\\/\\\/diariofemenino.com.ar\\\/df\\\/las-sutilezas-del-sexismo\\\/\"},\"author\":{\"name\":\"Admin\",\"@id\":\"https:\\\/\\\/diariofemenino.com.ar\\\/df\\\/#\\\/schema\\\/person\\\/38f54b3bfd13f561de2460ba95c169c6\"},\"headline\":\"Las sutilezas del sexismo\",\"datePublished\":\"2015-07-27T15:04:47+00:00\",\"mainEntityOfPage\":{\"@id\":\"https:\\\/\\\/diariofemenino.com.ar\\\/df\\\/las-sutilezas-del-sexismo\\\/\"},\"wordCount\":765,\"commentCount\":0,\"publisher\":{\"@id\":\"https:\\\/\\\/diariofemenino.com.ar\\\/df\\\/#organization\"},\"keywords\":[\"Derechos de ni\u00f1xs\",\"Infancia y Adolescencia\",\"Lenguaje\",\"Machismo\",\"Periodismo\",\"Pol\u00edticas p\u00fablicas\",\"Publicidad\",\"Publicidad sexista\",\"Tv\"],\"articleSection\":[\"Actividades\",\"De ESI S\u00ed Se Habla\",\"Medios\",\"Mujeres en Palabras\"],\"inLanguage\":\"es\",\"potentialAction\":[{\"@type\":\"CommentAction\",\"name\":\"Comment\",\"target\":[\"https:\\\/\\\/diariofemenino.com.ar\\\/df\\\/las-sutilezas-del-sexismo\\\/#respond\"]}]},{\"@type\":\"WebPage\",\"@id\":\"https:\\\/\\\/diariofemenino.com.ar\\\/df\\\/las-sutilezas-del-sexismo\\\/\",\"url\":\"https:\\\/\\\/diariofemenino.com.ar\\\/df\\\/las-sutilezas-del-sexismo\\\/\",\"name\":\"Las sutilezas del sexismo - Diario Digital Femenino\",\"isPartOf\":{\"@id\":\"https:\\\/\\\/diariofemenino.com.ar\\\/df\\\/#website\"},\"datePublished\":\"2015-07-27T15:04:47+00:00\",\"description\":\"Las sutilezas del sexismo. Una mirada, una experiencia... Relato en primera persona sobre la Publicidad sexista.\",\"breadcrumb\":{\"@id\":\"https:\\\/\\\/diariofemenino.com.ar\\\/df\\\/las-sutilezas-del-sexismo\\\/#breadcrumb\"},\"inLanguage\":\"es\",\"potentialAction\":[{\"@type\":\"ReadAction\",\"target\":[\"https:\\\/\\\/diariofemenino.com.ar\\\/df\\\/las-sutilezas-del-sexismo\\\/\"]}]},{\"@type\":\"BreadcrumbList\",\"@id\":\"https:\\\/\\\/diariofemenino.com.ar\\\/df\\\/las-sutilezas-del-sexismo\\\/#breadcrumb\",\"itemListElement\":[{\"@type\":\"ListItem\",\"position\":1,\"name\":\"Portada\",\"item\":\"https:\\\/\\\/diariofemenino.com.ar\\\/df\\\/\"},{\"@type\":\"ListItem\",\"position\":2,\"name\":\"Las sutilezas del sexismo\"}]},{\"@type\":\"WebSite\",\"@id\":\"https:\\\/\\\/diariofemenino.com.ar\\\/df\\\/#website\",\"url\":\"https:\\\/\\\/diariofemenino.com.ar\\\/df\\\/\",\"name\":\"Diario Digital Femenino\",\"description\":\"Cuesti\u00f3n de G\u00e9nero\",\"publisher\":{\"@id\":\"https:\\\/\\\/diariofemenino.com.ar\\\/df\\\/#organization\"},\"potentialAction\":[{\"@type\":\"SearchAction\",\"target\":{\"@type\":\"EntryPoint\",\"urlTemplate\":\"https:\\\/\\\/diariofemenino.com.ar\\\/df\\\/?s={search_term_string}\"},\"query-input\":{\"@type\":\"PropertyValueSpecification\",\"valueRequired\":true,\"valueName\":\"search_term_string\"}}],\"inLanguage\":\"es\"},{\"@type\":\"Organization\",\"@id\":\"https:\\\/\\\/diariofemenino.com.ar\\\/df\\\/#organization\",\"name\":\"Diario Femenino\",\"url\":\"https:\\\/\\\/diariofemenino.com.ar\\\/df\\\/\",\"logo\":{\"@type\":\"ImageObject\",\"inLanguage\":\"es\",\"@id\":\"https:\\\/\\\/diariofemenino.com.ar\\\/df\\\/#\\\/schema\\\/logo\\\/image\\\/\",\"url\":\"https:\\\/\\\/diariofemenino.com.ar\\\/df\\\/wp-content\\\/uploads\\\/2018\\\/10\\\/logo.png\",\"contentUrl\":\"https:\\\/\\\/diariofemenino.com.ar\\\/df\\\/wp-content\\\/uploads\\\/2018\\\/10\\\/logo.png\",\"width\":500,\"height\":92,\"caption\":\"Diario Femenino\"},\"image\":{\"@id\":\"https:\\\/\\\/diariofemenino.com.ar\\\/df\\\/#\\\/schema\\\/logo\\\/image\\\/\"},\"sameAs\":[\"https:\\\/\\\/www.facebook.com\\\/DiarioDigitaFemenino\\\/\",\"https:\\\/\\\/x.com\\\/DiarioFemenino1\"]},{\"@type\":\"Person\",\"@id\":\"https:\\\/\\\/diariofemenino.com.ar\\\/df\\\/#\\\/schema\\\/person\\\/38f54b3bfd13f561de2460ba95c169c6\",\"name\":\"Admin\",\"image\":{\"@type\":\"ImageObject\",\"inLanguage\":\"es\",\"@id\":\"https:\\\/\\\/diariofemenino.com.ar\\\/df\\\/wp-content\\\/uploads\\\/2018\\\/12\\\/favicon-150x150.jpg\",\"url\":\"https:\\\/\\\/diariofemenino.com.ar\\\/df\\\/wp-content\\\/uploads\\\/2018\\\/12\\\/favicon-150x150.jpg\",\"contentUrl\":\"https:\\\/\\\/diariofemenino.com.ar\\\/df\\\/wp-content\\\/uploads\\\/2018\\\/12\\\/favicon-150x150.jpg\",\"caption\":\"Admin\"},\"url\":\"https:\\\/\\\/diariofemenino.com.ar\\\/df\\\/author\\\/adm18df\\\/\"}]}<\/script>\n<!-- \/ Yoast SEO plugin. -->","yoast_head_json":{"title":"Las sutilezas del sexismo - Diario Digital Femenino","description":"Las sutilezas del sexismo. Una mirada, una experiencia... Relato en primera persona sobre la Publicidad sexista.","robots":{"index":"index","follow":"follow","max-snippet":"max-snippet:-1","max-image-preview":"max-image-preview:large","max-video-preview":"max-video-preview:-1"},"canonical":"https:\/\/diariofemenino.com.ar\/df\/las-sutilezas-del-sexismo\/","og_locale":"es_ES","og_type":"article","og_title":"Las sutilezas del sexismo - Diario Digital Femenino","og_description":"Las sutilezas del sexismo. Una mirada, una experiencia... Relato en primera persona sobre la Publicidad sexista.","og_url":"https:\/\/diariofemenino.com.ar\/df\/las-sutilezas-del-sexismo\/","og_site_name":"Diario Digital Femenino","article_publisher":"https:\/\/www.facebook.com\/DiarioDigitaFemenino\/","article_published_time":"2015-07-27T15:04:47+00:00","og_image":[{"width":855,"height":319,"url":"https:\/\/diariofemenino.com.ar\/df\/wp-content\/uploads\/2016\/10\/logo-negro.png","type":"image\/png"}],"author":"Admin","twitter_card":"summary_large_image","twitter_creator":"@DiarioFemenino1","twitter_site":"@DiarioFemenino1","twitter_misc":{"Escrito por":"Admin","Tiempo de lectura":"4 minutos"},"schema":{"@context":"https:\/\/schema.org","@graph":[{"@type":"Article","@id":"https:\/\/diariofemenino.com.ar\/df\/las-sutilezas-del-sexismo\/#article","isPartOf":{"@id":"https:\/\/diariofemenino.com.ar\/df\/las-sutilezas-del-sexismo\/"},"author":{"name":"Admin","@id":"https:\/\/diariofemenino.com.ar\/df\/#\/schema\/person\/38f54b3bfd13f561de2460ba95c169c6"},"headline":"Las sutilezas del sexismo","datePublished":"2015-07-27T15:04:47+00:00","mainEntityOfPage":{"@id":"https:\/\/diariofemenino.com.ar\/df\/las-sutilezas-del-sexismo\/"},"wordCount":765,"commentCount":0,"publisher":{"@id":"https:\/\/diariofemenino.com.ar\/df\/#organization"},"keywords":["Derechos de ni\u00f1xs","Infancia y Adolescencia","Lenguaje","Machismo","Periodismo","Pol\u00edticas p\u00fablicas","Publicidad","Publicidad sexista","Tv"],"articleSection":["Actividades","De ESI S\u00ed Se Habla","Medios","Mujeres en Palabras"],"inLanguage":"es","potentialAction":[{"@type":"CommentAction","name":"Comment","target":["https:\/\/diariofemenino.com.ar\/df\/las-sutilezas-del-sexismo\/#respond"]}]},{"@type":"WebPage","@id":"https:\/\/diariofemenino.com.ar\/df\/las-sutilezas-del-sexismo\/","url":"https:\/\/diariofemenino.com.ar\/df\/las-sutilezas-del-sexismo\/","name":"Las sutilezas del sexismo - Diario Digital Femenino","isPartOf":{"@id":"https:\/\/diariofemenino.com.ar\/df\/#website"},"datePublished":"2015-07-27T15:04:47+00:00","description":"Las sutilezas del sexismo. Una mirada, una experiencia... Relato en primera persona sobre la Publicidad sexista.","breadcrumb":{"@id":"https:\/\/diariofemenino.com.ar\/df\/las-sutilezas-del-sexismo\/#breadcrumb"},"inLanguage":"es","potentialAction":[{"@type":"ReadAction","target":["https:\/\/diariofemenino.com.ar\/df\/las-sutilezas-del-sexismo\/"]}]},{"@type":"BreadcrumbList","@id":"https:\/\/diariofemenino.com.ar\/df\/las-sutilezas-del-sexismo\/#breadcrumb","itemListElement":[{"@type":"ListItem","position":1,"name":"Portada","item":"https:\/\/diariofemenino.com.ar\/df\/"},{"@type":"ListItem","position":2,"name":"Las sutilezas del sexismo"}]},{"@type":"WebSite","@id":"https:\/\/diariofemenino.com.ar\/df\/#website","url":"https:\/\/diariofemenino.com.ar\/df\/","name":"Diario Digital Femenino","description":"Cuesti\u00f3n de G\u00e9nero","publisher":{"@id":"https:\/\/diariofemenino.com.ar\/df\/#organization"},"potentialAction":[{"@type":"SearchAction","target":{"@type":"EntryPoint","urlTemplate":"https:\/\/diariofemenino.com.ar\/df\/?s={search_term_string}"},"query-input":{"@type":"PropertyValueSpecification","valueRequired":true,"valueName":"search_term_string"}}],"inLanguage":"es"},{"@type":"Organization","@id":"https:\/\/diariofemenino.com.ar\/df\/#organization","name":"Diario Femenino","url":"https:\/\/diariofemenino.com.ar\/df\/","logo":{"@type":"ImageObject","inLanguage":"es","@id":"https:\/\/diariofemenino.com.ar\/df\/#\/schema\/logo\/image\/","url":"https:\/\/diariofemenino.com.ar\/df\/wp-content\/uploads\/2018\/10\/logo.png","contentUrl":"https:\/\/diariofemenino.com.ar\/df\/wp-content\/uploads\/2018\/10\/logo.png","width":500,"height":92,"caption":"Diario Femenino"},"image":{"@id":"https:\/\/diariofemenino.com.ar\/df\/#\/schema\/logo\/image\/"},"sameAs":["https:\/\/www.facebook.com\/DiarioDigitaFemenino\/","https:\/\/x.com\/DiarioFemenino1"]},{"@type":"Person","@id":"https:\/\/diariofemenino.com.ar\/df\/#\/schema\/person\/38f54b3bfd13f561de2460ba95c169c6","name":"Admin","image":{"@type":"ImageObject","inLanguage":"es","@id":"https:\/\/diariofemenino.com.ar\/df\/wp-content\/uploads\/2018\/12\/favicon-150x150.jpg","url":"https:\/\/diariofemenino.com.ar\/df\/wp-content\/uploads\/2018\/12\/favicon-150x150.jpg","contentUrl":"https:\/\/diariofemenino.com.ar\/df\/wp-content\/uploads\/2018\/12\/favicon-150x150.jpg","caption":"Admin"},"url":"https:\/\/diariofemenino.com.ar\/df\/author\/adm18df\/"}]}},"jetpack_featured_media_url":"","jetpack_sharing_enabled":true,"rttpg_featured_image_url":null,"rttpg_author":{"display_name":"Admin","author_link":"https:\/\/diariofemenino.com.ar\/df\/author\/adm18df\/"},"rttpg_comment":0,"rttpg_category":"<a href=\"https:\/\/diariofemenino.com.ar\/df\/category\/actividades\/\" rel=\"category tag\">Actividades<\/a> <a href=\"https:\/\/diariofemenino.com.ar\/df\/category\/de-esi-si-se-habla\/\" rel=\"category tag\">De ESI S\u00ed Se Habla<\/a> <a href=\"https:\/\/diariofemenino.com.ar\/df\/category\/medios\/\" rel=\"category tag\">Medios<\/a> <a href=\"https:\/\/diariofemenino.com.ar\/df\/category\/articulos\/\" rel=\"category tag\">Mujeres en Palabras<\/a>","rttpg_excerpt":"Por Lisandro Moreno Son muchos los casos que d\u00eda a d\u00eda vemos en la televisi\u00f3n Argentina. Hace unos d\u00edas el Observatorio de la Discriminaci\u00f3n en Radio y Televisi\u00f3n se reuni\u00f3 con la productora de Rial para que el conductor reflexionara acerca de las reprobables palabras expresadas en su programa\u00a0\u201cIntrusos\u201d, el lunes 13 de julio, en&hellip;","_links":{"self":[{"href":"https:\/\/diariofemenino.com.ar\/df\/wp-json\/wp\/v2\/posts\/18990","targetHints":{"allow":["GET"]}}],"collection":[{"href":"https:\/\/diariofemenino.com.ar\/df\/wp-json\/wp\/v2\/posts"}],"about":[{"href":"https:\/\/diariofemenino.com.ar\/df\/wp-json\/wp\/v2\/types\/post"}],"author":[{"embeddable":true,"href":"https:\/\/diariofemenino.com.ar\/df\/wp-json\/wp\/v2\/users\/1"}],"replies":[{"embeddable":true,"href":"https:\/\/diariofemenino.com.ar\/df\/wp-json\/wp\/v2\/comments?post=18990"}],"version-history":[{"count":0,"href":"https:\/\/diariofemenino.com.ar\/df\/wp-json\/wp\/v2\/posts\/18990\/revisions"}],"wp:attachment":[{"href":"https:\/\/diariofemenino.com.ar\/df\/wp-json\/wp\/v2\/media?parent=18990"}],"wp:term":[{"taxonomy":"category","embeddable":true,"href":"https:\/\/diariofemenino.com.ar\/df\/wp-json\/wp\/v2\/categories?post=18990"},{"taxonomy":"post_tag","embeddable":true,"href":"https:\/\/diariofemenino.com.ar\/df\/wp-json\/wp\/v2\/tags?post=18990"}],"curies":[{"name":"wp","href":"https:\/\/api.w.org\/{rel}","templated":true}]}}