{"id":18985,"date":"2015-07-27T11:26:53","date_gmt":"2015-07-27T14:26:53","guid":{"rendered":"http:\/\/www.diariofemenino.com.ar\/?p=18985"},"modified":"2015-07-27T11:26:53","modified_gmt":"2015-07-27T14:26:53","slug":"colectiva-feminista-mala-junta-2","status":"publish","type":"post","link":"https:\/\/diariofemenino.com.ar\/df\/colectiva-feminista-mala-junta-2\/","title":{"rendered":"Colectiva Feminista Mala Junta"},"content":{"rendered":"<p><span style=\"color: #000000;\">Con una gran participaci\u00f3n, se lanz\u00f3 la Colectiva Feminista Mala Junta en la provincia de La Pampa. El acto se realiz\u00f3 en la Casa Popular Patria Grande con gran convocatoria. Adem\u00e1s del lanzamiento, se realiz\u00f3 un debate participativo en donde intervinieron personas que militan en el \u00e1mbito de la salud, la educaci\u00f3n, la comunicaci\u00f3n y el sindical, entre otros. Una de las finalidades era comenzar a analizar el panorama local y provincial y poder crear un agenda con perspectiva de g\u00e9nero.<\/span><br \/>\n<figure id=\"attachment_18986\" aria-describedby=\"caption-attachment-18986\" style=\"width: 528px\" class=\"wp-caption alignnone\"><img loading=\"lazy\" decoding=\"async\" class=\"size-full wp-image-18986\" alt=\"Colectiva Feminista Mala Junta\" src=\"http:\/\/www.diariofemenino.com.ar\/wp-content\/uploads\/lanzamiento-1.jpg\" width=\"528\" height=\"396\" \/><figcaption id=\"caption-attachment-18986\" class=\"wp-caption-text\"><span style=\"color: #000000;\">Colectiva Feminista Mala Junta<\/span><\/figcaption><\/figure><br \/>\n<span style=\"color: #000000;\">La discusi\u00f3n gir\u00f3 en torno a varias problem\u00e1ticas, entre ellas la aplicaci\u00f3n de la Ley N\u00b0 26.485 para Prevenir, Erradicar y Sancionar toda violencia contra las mujeres, en donde se manifest\u00f3 la falta de respuestas judiciales adecuadas cuando una mujer decide denunciar. Tambi\u00e9n se debati\u00f3 acerca de la ineficaz implementaci\u00f3n de la Ley de Educaci\u00f3n Sexual Integral, que deber\u00eda cumplir papel fundamental para el cambio cultural de la sociedad brindando formaci\u00f3n a la poblaci\u00f3n pampeana en lo que respecta a la diversidad de g\u00e9neros, desnaturalizar modos y tipos de violencia, estereotipos y roles impuestos en la sociedad.<\/span><br \/>\n<span style=\"color: #000000;\">Adem\u00e1s, se critic\u00f3 el desfasaje existente entre el texto de estas leyes y su aplicaci\u00f3n real. A su vez, se manifest\u00f3 la necesidad de visibilizar y denunciar otros tipos de violencia que est\u00e1n contemplados en la Ley N\u00b0 26.485 como por ejemplo la violencia patrimonial y la violencia simb\u00f3lica.<\/span><br \/>\n<span style=\"color: #000000;\">Otro aspecto que se debati\u00f3 fue la necesidad de luchar por crear las condiciones para que las personas transg\u00e9nero puedan acceder de manera igualitaria a oportunidades educativas y laborales, en pos de acabar con la discriminaci\u00f3n basada en la elecci\u00f3n de una identidad de g\u00e9nero.<\/span><br \/>\n<span style=\"color: #000000;\">En el temario hab\u00eda otros \u00edtems a discutir. Uno de ellos es la necesidad de un cumplimiento efectivo del programa de salud sexual y procreaci\u00f3n responsable sin obst\u00e1culos, con equidad en el acceso a todos los dispositivos de salud de la provincia, tanto p\u00fablico como privado. Por otra parte, es importante que en la provincia de La Pampa se garantice la interrupci\u00f3n legal del embarazo, acorde a las normas y el marco jur\u00eddico vigente en nuestro pa\u00eds.<\/span><br \/>\n<span style=\"color: #000000;\">Luego de m\u00e1s de dos horas de conversaci\u00f3n, el encuentro se finaliz\u00f3 con el compromiso de continuar trabajando en estas tem\u00e1ticas. De esta manera, Mala Junta comenz\u00f3 oficialmente su trabajo en la provincia como parte del Movimiento Popular Patria Grande.<\/span><br \/>\n<span style=\"color: #000000;\">\u00a0<\/span><br \/>\n<span style=\"color: #000000;\">\u00a0<\/span><br \/>\n<span style=\"color: #000000;\">\u00a0<\/span><\/p>\n","protected":false},"excerpt":{"rendered":"<p>Con una gran participaci\u00f3n, se lanz\u00f3 la Colectiva Feminista Mala Junta en la provincia de La Pampa. El acto se realiz\u00f3 en la Casa Popular Patria Grande con gran convocatoria. Adem\u00e1s del lanzamiento, se realiz\u00f3 un debate participativo en donde intervinieron personas que militan en el \u00e1mbito de la salud, la educaci\u00f3n, la comunicaci\u00f3n y [&hellip;]<\/p>\n","protected":false},"author":1,"featured_media":0,"comment_status":"open","ping_status":"open","sticky":false,"template":"","format":"standard","meta":{"iawp_total_views":1,"footnotes":""},"categories":[9,4,21,580],"tags":[25,30,10,69,39,44,16],"class_list":["post-18985","post","type-post","status-publish","format-standard","hentry","category-de-esi-si-se-habla","category-medios","category-noticias","category-resistencia-verdevioleta","tag-activismo","tag-derechos-humanos","tag-derechos-sexuales-y-reproductivos","tag-igualdad-de-genero","tag-justicia","tag-politica","tag-violencia-de-genero"],"nelio_content":{"autoShareEndMode":"never","automationSources":{"useCustomSentences":false,"customSentences":[]},"efiAlt":"","efiUrl":"","followers":[],"highlights":[],"isAutoShareEnabled":true,"networkImageIds":[],"permalinkQueryArgs":[],"series":[],"suggestedReferences":[]},"yoast_head":"<!-- This site is optimized with the Yoast SEO plugin v27.5 - https:\/\/yoast.com\/product\/yoast-seo-wordpress\/ -->\n<title>Colectiva Feminista Mala Junta - Diario Digital Femenino<\/title>\n<meta name=\"description\" content=\"Colectiva Feminista Mala Junta. Con una gran participaci\u00f3n, se lanz\u00f3 la Colectiva Feminista Mala Junta en la provincia de La Pampa\" \/>\n<meta name=\"robots\" content=\"index, follow, max-snippet:-1, max-image-preview:large, max-video-preview:-1\" \/>\n<link rel=\"canonical\" href=\"https:\/\/diariofemenino.com.ar\/df\/colectiva-feminista-mala-junta-2\/\" \/>\n<meta property=\"og:locale\" content=\"es_ES\" \/>\n<meta property=\"og:type\" content=\"article\" \/>\n<meta property=\"og:title\" content=\"Colectiva Feminista Mala Junta - Diario Digital Femenino\" \/>\n<meta property=\"og:description\" content=\"Colectiva Feminista Mala Junta. Con una gran participaci\u00f3n, se lanz\u00f3 la Colectiva Feminista Mala Junta en la provincia de La Pampa\" \/>\n<meta property=\"og:url\" content=\"https:\/\/diariofemenino.com.ar\/df\/colectiva-feminista-mala-junta-2\/\" \/>\n<meta property=\"og:site_name\" content=\"Diario Digital Femenino\" \/>\n<meta property=\"article:publisher\" content=\"https:\/\/www.facebook.com\/DiarioDigitaFemenino\/\" \/>\n<meta property=\"article:published_time\" content=\"2015-07-27T14:26:53+00:00\" \/>\n<meta property=\"og:image\" content=\"http:\/\/www.diariofemenino.com.ar\/wp-content\/uploads\/lanzamiento-1.jpg\" \/>\n<meta name=\"author\" content=\"Admin\" \/>\n<meta name=\"twitter:card\" content=\"summary_large_image\" \/>\n<meta name=\"twitter:creator\" content=\"@DiarioFemenino1\" \/>\n<meta name=\"twitter:site\" content=\"@DiarioFemenino1\" \/>\n<meta name=\"twitter:label1\" content=\"Escrito por\" \/>\n\t<meta name=\"twitter:data1\" content=\"Admin\" \/>\n\t<meta name=\"twitter:label2\" content=\"Tiempo de lectura\" \/>\n\t<meta name=\"twitter:data2\" content=\"2 minutos\" \/>\n<script type=\"application\/ld+json\" class=\"yoast-schema-graph\">{\"@context\":\"https:\\\/\\\/schema.org\",\"@graph\":[{\"@type\":\"Article\",\"@id\":\"https:\\\/\\\/diariofemenino.com.ar\\\/df\\\/colectiva-feminista-mala-junta-2\\\/#article\",\"isPartOf\":{\"@id\":\"https:\\\/\\\/diariofemenino.com.ar\\\/df\\\/colectiva-feminista-mala-junta-2\\\/\"},\"author\":{\"name\":\"Admin\",\"@id\":\"https:\\\/\\\/diariofemenino.com.ar\\\/df\\\/#\\\/schema\\\/person\\\/38f54b3bfd13f561de2460ba95c169c6\"},\"headline\":\"Colectiva Feminista Mala Junta\",\"datePublished\":\"2015-07-27T14:26:53+00:00\",\"mainEntityOfPage\":{\"@id\":\"https:\\\/\\\/diariofemenino.com.ar\\\/df\\\/colectiva-feminista-mala-junta-2\\\/\"},\"wordCount\":435,\"commentCount\":0,\"publisher\":{\"@id\":\"https:\\\/\\\/diariofemenino.com.ar\\\/df\\\/#organization\"},\"image\":{\"@id\":\"https:\\\/\\\/diariofemenino.com.ar\\\/df\\\/colectiva-feminista-mala-junta-2\\\/#primaryimage\"},\"thumbnailUrl\":\"http:\\\/\\\/www.diariofemenino.com.ar\\\/wp-content\\\/uploads\\\/lanzamiento-1.jpg\",\"keywords\":[\"Activismo\",\"Derechos Humanos\",\"Derechos sexuales y reproductivos\",\"Igualdad de G\u00e9nero\",\"Justicia\",\"Pol\u00edtica\",\"Violencia de g\u00e9nero\"],\"articleSection\":[\"De ESI S\u00ed Se Habla\",\"Medios\",\"Noticias\",\"Resistencia VerdeVioleta\"],\"inLanguage\":\"es\",\"potentialAction\":[{\"@type\":\"CommentAction\",\"name\":\"Comment\",\"target\":[\"https:\\\/\\\/diariofemenino.com.ar\\\/df\\\/colectiva-feminista-mala-junta-2\\\/#respond\"]}]},{\"@type\":\"WebPage\",\"@id\":\"https:\\\/\\\/diariofemenino.com.ar\\\/df\\\/colectiva-feminista-mala-junta-2\\\/\",\"url\":\"https:\\\/\\\/diariofemenino.com.ar\\\/df\\\/colectiva-feminista-mala-junta-2\\\/\",\"name\":\"Colectiva Feminista Mala Junta - Diario Digital Femenino\",\"isPartOf\":{\"@id\":\"https:\\\/\\\/diariofemenino.com.ar\\\/df\\\/#website\"},\"primaryImageOfPage\":{\"@id\":\"https:\\\/\\\/diariofemenino.com.ar\\\/df\\\/colectiva-feminista-mala-junta-2\\\/#primaryimage\"},\"image\":{\"@id\":\"https:\\\/\\\/diariofemenino.com.ar\\\/df\\\/colectiva-feminista-mala-junta-2\\\/#primaryimage\"},\"thumbnailUrl\":\"http:\\\/\\\/www.diariofemenino.com.ar\\\/wp-content\\\/uploads\\\/lanzamiento-1.jpg\",\"datePublished\":\"2015-07-27T14:26:53+00:00\",\"description\":\"Colectiva Feminista Mala Junta. Con una gran participaci\u00f3n, se lanz\u00f3 la Colectiva Feminista Mala Junta en la provincia de La Pampa\",\"breadcrumb\":{\"@id\":\"https:\\\/\\\/diariofemenino.com.ar\\\/df\\\/colectiva-feminista-mala-junta-2\\\/#breadcrumb\"},\"inLanguage\":\"es\",\"potentialAction\":[{\"@type\":\"ReadAction\",\"target\":[\"https:\\\/\\\/diariofemenino.com.ar\\\/df\\\/colectiva-feminista-mala-junta-2\\\/\"]}]},{\"@type\":\"ImageObject\",\"inLanguage\":\"es\",\"@id\":\"https:\\\/\\\/diariofemenino.com.ar\\\/df\\\/colectiva-feminista-mala-junta-2\\\/#primaryimage\",\"url\":\"http:\\\/\\\/www.diariofemenino.com.ar\\\/wp-content\\\/uploads\\\/lanzamiento-1.jpg\",\"contentUrl\":\"http:\\\/\\\/www.diariofemenino.com.ar\\\/wp-content\\\/uploads\\\/lanzamiento-1.jpg\"},{\"@type\":\"BreadcrumbList\",\"@id\":\"https:\\\/\\\/diariofemenino.com.ar\\\/df\\\/colectiva-feminista-mala-junta-2\\\/#breadcrumb\",\"itemListElement\":[{\"@type\":\"ListItem\",\"position\":1,\"name\":\"Portada\",\"item\":\"https:\\\/\\\/diariofemenino.com.ar\\\/df\\\/\"},{\"@type\":\"ListItem\",\"position\":2,\"name\":\"Colectiva Feminista Mala Junta\"}]},{\"@type\":\"WebSite\",\"@id\":\"https:\\\/\\\/diariofemenino.com.ar\\\/df\\\/#website\",\"url\":\"https:\\\/\\\/diariofemenino.com.ar\\\/df\\\/\",\"name\":\"Diario Digital Femenino\",\"description\":\"Cuesti\u00f3n de G\u00e9nero\",\"publisher\":{\"@id\":\"https:\\\/\\\/diariofemenino.com.ar\\\/df\\\/#organization\"},\"potentialAction\":[{\"@type\":\"SearchAction\",\"target\":{\"@type\":\"EntryPoint\",\"urlTemplate\":\"https:\\\/\\\/diariofemenino.com.ar\\\/df\\\/?s={search_term_string}\"},\"query-input\":{\"@type\":\"PropertyValueSpecification\",\"valueRequired\":true,\"valueName\":\"search_term_string\"}}],\"inLanguage\":\"es\"},{\"@type\":\"Organization\",\"@id\":\"https:\\\/\\\/diariofemenino.com.ar\\\/df\\\/#organization\",\"name\":\"Diario Femenino\",\"url\":\"https:\\\/\\\/diariofemenino.com.ar\\\/df\\\/\",\"logo\":{\"@type\":\"ImageObject\",\"inLanguage\":\"es\",\"@id\":\"https:\\\/\\\/diariofemenino.com.ar\\\/df\\\/#\\\/schema\\\/logo\\\/image\\\/\",\"url\":\"https:\\\/\\\/diariofemenino.com.ar\\\/df\\\/wp-content\\\/uploads\\\/2018\\\/10\\\/logo.png\",\"contentUrl\":\"https:\\\/\\\/diariofemenino.com.ar\\\/df\\\/wp-content\\\/uploads\\\/2018\\\/10\\\/logo.png\",\"width\":500,\"height\":92,\"caption\":\"Diario Femenino\"},\"image\":{\"@id\":\"https:\\\/\\\/diariofemenino.com.ar\\\/df\\\/#\\\/schema\\\/logo\\\/image\\\/\"},\"sameAs\":[\"https:\\\/\\\/www.facebook.com\\\/DiarioDigitaFemenino\\\/\",\"https:\\\/\\\/x.com\\\/DiarioFemenino1\"]},{\"@type\":\"Person\",\"@id\":\"https:\\\/\\\/diariofemenino.com.ar\\\/df\\\/#\\\/schema\\\/person\\\/38f54b3bfd13f561de2460ba95c169c6\",\"name\":\"Admin\",\"image\":{\"@type\":\"ImageObject\",\"inLanguage\":\"es\",\"@id\":\"https:\\\/\\\/diariofemenino.com.ar\\\/df\\\/wp-content\\\/uploads\\\/2018\\\/12\\\/favicon-150x150.jpg\",\"url\":\"https:\\\/\\\/diariofemenino.com.ar\\\/df\\\/wp-content\\\/uploads\\\/2018\\\/12\\\/favicon-150x150.jpg\",\"contentUrl\":\"https:\\\/\\\/diariofemenino.com.ar\\\/df\\\/wp-content\\\/uploads\\\/2018\\\/12\\\/favicon-150x150.jpg\",\"caption\":\"Admin\"},\"url\":\"https:\\\/\\\/diariofemenino.com.ar\\\/df\\\/author\\\/adm18df\\\/\"}]}<\/script>\n<!-- \/ Yoast SEO plugin. -->","yoast_head_json":{"title":"Colectiva Feminista Mala Junta - Diario Digital Femenino","description":"Colectiva Feminista Mala Junta. Con una gran participaci\u00f3n, se lanz\u00f3 la Colectiva Feminista Mala Junta en la provincia de La Pampa","robots":{"index":"index","follow":"follow","max-snippet":"max-snippet:-1","max-image-preview":"max-image-preview:large","max-video-preview":"max-video-preview:-1"},"canonical":"https:\/\/diariofemenino.com.ar\/df\/colectiva-feminista-mala-junta-2\/","og_locale":"es_ES","og_type":"article","og_title":"Colectiva Feminista Mala Junta - Diario Digital Femenino","og_description":"Colectiva Feminista Mala Junta. Con una gran participaci\u00f3n, se lanz\u00f3 la Colectiva Feminista Mala Junta en la provincia de La Pampa","og_url":"https:\/\/diariofemenino.com.ar\/df\/colectiva-feminista-mala-junta-2\/","og_site_name":"Diario Digital Femenino","article_publisher":"https:\/\/www.facebook.com\/DiarioDigitaFemenino\/","article_published_time":"2015-07-27T14:26:53+00:00","og_image":[{"url":"http:\/\/www.diariofemenino.com.ar\/wp-content\/uploads\/lanzamiento-1.jpg","type":"","width":"","height":""}],"author":"Admin","twitter_card":"summary_large_image","twitter_creator":"@DiarioFemenino1","twitter_site":"@DiarioFemenino1","twitter_misc":{"Escrito por":"Admin","Tiempo de lectura":"2 minutos"},"schema":{"@context":"https:\/\/schema.org","@graph":[{"@type":"Article","@id":"https:\/\/diariofemenino.com.ar\/df\/colectiva-feminista-mala-junta-2\/#article","isPartOf":{"@id":"https:\/\/diariofemenino.com.ar\/df\/colectiva-feminista-mala-junta-2\/"},"author":{"name":"Admin","@id":"https:\/\/diariofemenino.com.ar\/df\/#\/schema\/person\/38f54b3bfd13f561de2460ba95c169c6"},"headline":"Colectiva Feminista Mala Junta","datePublished":"2015-07-27T14:26:53+00:00","mainEntityOfPage":{"@id":"https:\/\/diariofemenino.com.ar\/df\/colectiva-feminista-mala-junta-2\/"},"wordCount":435,"commentCount":0,"publisher":{"@id":"https:\/\/diariofemenino.com.ar\/df\/#organization"},"image":{"@id":"https:\/\/diariofemenino.com.ar\/df\/colectiva-feminista-mala-junta-2\/#primaryimage"},"thumbnailUrl":"http:\/\/www.diariofemenino.com.ar\/wp-content\/uploads\/lanzamiento-1.jpg","keywords":["Activismo","Derechos Humanos","Derechos sexuales y reproductivos","Igualdad de G\u00e9nero","Justicia","Pol\u00edtica","Violencia de g\u00e9nero"],"articleSection":["De ESI S\u00ed Se Habla","Medios","Noticias","Resistencia VerdeVioleta"],"inLanguage":"es","potentialAction":[{"@type":"CommentAction","name":"Comment","target":["https:\/\/diariofemenino.com.ar\/df\/colectiva-feminista-mala-junta-2\/#respond"]}]},{"@type":"WebPage","@id":"https:\/\/diariofemenino.com.ar\/df\/colectiva-feminista-mala-junta-2\/","url":"https:\/\/diariofemenino.com.ar\/df\/colectiva-feminista-mala-junta-2\/","name":"Colectiva Feminista Mala Junta - Diario Digital Femenino","isPartOf":{"@id":"https:\/\/diariofemenino.com.ar\/df\/#website"},"primaryImageOfPage":{"@id":"https:\/\/diariofemenino.com.ar\/df\/colectiva-feminista-mala-junta-2\/#primaryimage"},"image":{"@id":"https:\/\/diariofemenino.com.ar\/df\/colectiva-feminista-mala-junta-2\/#primaryimage"},"thumbnailUrl":"http:\/\/www.diariofemenino.com.ar\/wp-content\/uploads\/lanzamiento-1.jpg","datePublished":"2015-07-27T14:26:53+00:00","description":"Colectiva Feminista Mala Junta. Con una gran participaci\u00f3n, se lanz\u00f3 la Colectiva Feminista Mala Junta en la provincia de La Pampa","breadcrumb":{"@id":"https:\/\/diariofemenino.com.ar\/df\/colectiva-feminista-mala-junta-2\/#breadcrumb"},"inLanguage":"es","potentialAction":[{"@type":"ReadAction","target":["https:\/\/diariofemenino.com.ar\/df\/colectiva-feminista-mala-junta-2\/"]}]},{"@type":"ImageObject","inLanguage":"es","@id":"https:\/\/diariofemenino.com.ar\/df\/colectiva-feminista-mala-junta-2\/#primaryimage","url":"http:\/\/www.diariofemenino.com.ar\/wp-content\/uploads\/lanzamiento-1.jpg","contentUrl":"http:\/\/www.diariofemenino.com.ar\/wp-content\/uploads\/lanzamiento-1.jpg"},{"@type":"BreadcrumbList","@id":"https:\/\/diariofemenino.com.ar\/df\/colectiva-feminista-mala-junta-2\/#breadcrumb","itemListElement":[{"@type":"ListItem","position":1,"name":"Portada","item":"https:\/\/diariofemenino.com.ar\/df\/"},{"@type":"ListItem","position":2,"name":"Colectiva Feminista Mala Junta"}]},{"@type":"WebSite","@id":"https:\/\/diariofemenino.com.ar\/df\/#website","url":"https:\/\/diariofemenino.com.ar\/df\/","name":"Diario Digital Femenino","description":"Cuesti\u00f3n de G\u00e9nero","publisher":{"@id":"https:\/\/diariofemenino.com.ar\/df\/#organization"},"potentialAction":[{"@type":"SearchAction","target":{"@type":"EntryPoint","urlTemplate":"https:\/\/diariofemenino.com.ar\/df\/?s={search_term_string}"},"query-input":{"@type":"PropertyValueSpecification","valueRequired":true,"valueName":"search_term_string"}}],"inLanguage":"es"},{"@type":"Organization","@id":"https:\/\/diariofemenino.com.ar\/df\/#organization","name":"Diario Femenino","url":"https:\/\/diariofemenino.com.ar\/df\/","logo":{"@type":"ImageObject","inLanguage":"es","@id":"https:\/\/diariofemenino.com.ar\/df\/#\/schema\/logo\/image\/","url":"https:\/\/diariofemenino.com.ar\/df\/wp-content\/uploads\/2018\/10\/logo.png","contentUrl":"https:\/\/diariofemenino.com.ar\/df\/wp-content\/uploads\/2018\/10\/logo.png","width":500,"height":92,"caption":"Diario Femenino"},"image":{"@id":"https:\/\/diariofemenino.com.ar\/df\/#\/schema\/logo\/image\/"},"sameAs":["https:\/\/www.facebook.com\/DiarioDigitaFemenino\/","https:\/\/x.com\/DiarioFemenino1"]},{"@type":"Person","@id":"https:\/\/diariofemenino.com.ar\/df\/#\/schema\/person\/38f54b3bfd13f561de2460ba95c169c6","name":"Admin","image":{"@type":"ImageObject","inLanguage":"es","@id":"https:\/\/diariofemenino.com.ar\/df\/wp-content\/uploads\/2018\/12\/favicon-150x150.jpg","url":"https:\/\/diariofemenino.com.ar\/df\/wp-content\/uploads\/2018\/12\/favicon-150x150.jpg","contentUrl":"https:\/\/diariofemenino.com.ar\/df\/wp-content\/uploads\/2018\/12\/favicon-150x150.jpg","caption":"Admin"},"url":"https:\/\/diariofemenino.com.ar\/df\/author\/adm18df\/"}]}},"jetpack_featured_media_url":"","jetpack_sharing_enabled":true,"rttpg_featured_image_url":null,"rttpg_author":{"display_name":"Admin","author_link":"https:\/\/diariofemenino.com.ar\/df\/author\/adm18df\/"},"rttpg_comment":0,"rttpg_category":"<a href=\"https:\/\/diariofemenino.com.ar\/df\/category\/de-esi-si-se-habla\/\" rel=\"category tag\">De ESI S\u00ed Se Habla<\/a> <a href=\"https:\/\/diariofemenino.com.ar\/df\/category\/medios\/\" rel=\"category tag\">Medios<\/a> <a href=\"https:\/\/diariofemenino.com.ar\/df\/category\/noticias\/\" rel=\"category tag\">Noticias<\/a> <a href=\"https:\/\/diariofemenino.com.ar\/df\/category\/resistencia-verdevioleta\/\" rel=\"category tag\">Resistencia VerdeVioleta<\/a>","rttpg_excerpt":"Con una gran participaci\u00f3n, se lanz\u00f3 la Colectiva Feminista Mala Junta en la provincia de La Pampa. El acto se realiz\u00f3 en la Casa Popular Patria Grande con gran convocatoria. Adem\u00e1s del lanzamiento, se realiz\u00f3 un debate participativo en donde intervinieron personas que militan en el \u00e1mbito de la salud, la educaci\u00f3n, la comunicaci\u00f3n y&hellip;","_links":{"self":[{"href":"https:\/\/diariofemenino.com.ar\/df\/wp-json\/wp\/v2\/posts\/18985","targetHints":{"allow":["GET"]}}],"collection":[{"href":"https:\/\/diariofemenino.com.ar\/df\/wp-json\/wp\/v2\/posts"}],"about":[{"href":"https:\/\/diariofemenino.com.ar\/df\/wp-json\/wp\/v2\/types\/post"}],"author":[{"embeddable":true,"href":"https:\/\/diariofemenino.com.ar\/df\/wp-json\/wp\/v2\/users\/1"}],"replies":[{"embeddable":true,"href":"https:\/\/diariofemenino.com.ar\/df\/wp-json\/wp\/v2\/comments?post=18985"}],"version-history":[{"count":0,"href":"https:\/\/diariofemenino.com.ar\/df\/wp-json\/wp\/v2\/posts\/18985\/revisions"}],"wp:attachment":[{"href":"https:\/\/diariofemenino.com.ar\/df\/wp-json\/wp\/v2\/media?parent=18985"}],"wp:term":[{"taxonomy":"category","embeddable":true,"href":"https:\/\/diariofemenino.com.ar\/df\/wp-json\/wp\/v2\/categories?post=18985"},{"taxonomy":"post_tag","embeddable":true,"href":"https:\/\/diariofemenino.com.ar\/df\/wp-json\/wp\/v2\/tags?post=18985"}],"curies":[{"name":"wp","href":"https:\/\/api.w.org\/{rel}","templated":true}]}}