{"id":18953,"date":"2015-07-24T14:47:29","date_gmt":"2015-07-24T17:47:29","guid":{"rendered":"http:\/\/www.diariofemenino.com.ar\/?p=18953"},"modified":"2015-07-24T14:47:29","modified_gmt":"2015-07-24T17:47:29","slug":"30-de-julio-dia-mundial-contra-la-trata-de-personas","status":"publish","type":"post","link":"https:\/\/diariofemenino.com.ar\/df\/30-de-julio-dia-mundial-contra-la-trata-de-personas\/","title":{"rendered":"30 de Julio, D\u00eda Mundial contra la Trata de Personas"},"content":{"rendered":"<p><span style=\"color: #000000;\"><i><strong>30 de julio &#8211; D\u00eda Mundial contra la Trata de Personas<\/strong><br \/>\n<\/i><\/span><span style=\"text-decoration: underline; color: #000000;\">El arte tambi\u00e9n dice NiUnaMenos<\/span><br \/>\n<figure id=\"attachment_18956\" aria-describedby=\"caption-attachment-18956\" style=\"width: 528px\" class=\"wp-caption alignnone\"><a href=\"http:\/\/www.diariofemenino.com.ar\/wp-content\/uploads\/muestra2015senado.jpg\"><img loading=\"lazy\" decoding=\"async\" class=\"size-full wp-image-18956\" alt=\"30 de julio, D\u00eda Mundial contra la Trata de Personas. Muestra art\u00edstica en el Congreso para concientizar sobre la esclavitud de mujeres\" src=\"http:\/\/www.diariofemenino.com.ar\/wp-content\/uploads\/muestra2015senado.jpg\" width=\"528\" height=\"417\" \/><\/a><figcaption id=\"caption-attachment-18956\" class=\"wp-caption-text\">30 de julio, D\u00eda Mundial contra la Trata de Personas. Muestra art\u00edstica en el Congreso para concientizar sobre la esclavitud de mujeres<\/figcaption><\/figure><\/p>\n<p style=\"text-align: center;\"><strong><span style=\"color: #000000;\">Muestra art\u00edstica en el Congreso para concientizar sobre la esclavitud de mujeres<\/span><\/strong><\/p>\n<p><span style=\"color: #000000;\">\u00a0<\/span><span style=\"color: #000000;\"><i>*Por <strong>Noor Jimenez Abraham<\/strong><\/i><\/span><br \/>\n<span style=\"color: #000000;\"><i>\u00a0<\/i><\/span><span style=\"color: #000000;\">En el contexto del d\u00eda establecido por Naciones Unidas contra la trata de personas \u201cen nombre de la justicia y la dignidad para todos\u201d, las organizaciones Ratt Argentina y Zappa Producciones realizan la exposici\u00f3n \u201cBellas Ellas Artes\u00bb en el Senado de la Naci\u00f3n \u00a0\u2013Hip\u00f3lito Yrigoyen 1849, Ciudad Aut\u00f3noma de Buenos Aires, Sal\u00f3n de las Provincias-, a partir del lunes 27 y hasta el viernes 31, de 10 a 19.<\/span><br \/>\n<span style=\"color: #000000;\">El jueves 30 a las 16 \u00a0se llevar\u00e1 a cabo un panel integrado por la directora ejecutiva de la Asociaci\u00f3n Civil La Casa del Encuentro, Fabiana T\u00fa\u00f1ez; la dra. Marcela Pastore, a cargo de la Direcci\u00f3n Provincial de Lucha contra la Trata de Personas de la prov. de Buenos Aires; la Lic. Noem\u00ed Marconi, vicec\u00f3nsul de Bolivia; y la Lic. Viviana Caminos, presidenta de Ratt Argentina.<\/span><br \/>\n<span style=\"color: #000000;\">En el 2013 Naciones Unidas design\u00f3 el 30 de julio como D\u00eda Mundial contra la Trata y seg\u00fan datos de esa organizaci\u00f3n se estima en 2,5 millones el n\u00famero de personas v\u00edctimas aunque se calcula que por cada una identificada existen otras 20 m\u00e1s sin detectar.<\/span><br \/>\n<span style=\"color: #000000;\">En el informe de Naciones Unidas contra la droga y el delito de 2014 se establece que este crimen afecta a pr\u00e1cticamente todos los pa\u00edses de \u00a0las distintas regiones del mundo. Entre 2010 y 2012 se identificaron v\u00edctimas de 152 nacionalidades diferentes en 124 pa\u00edses.<\/span><br \/>\n<span style=\"color: #000000;\">Con el prop\u00f3sito de disminuir el consenso social que lleva a comercializar el cuerpo de las mujeres como un objeto, la muestra \u201cBellas Ellas Artes\u201d busca compartir con el p\u00fablico visitante expresiones de m\u00e1s de 20 artistas dirigidas a la concientizaci\u00f3n sobre distintas formas de violencia de g\u00e9nero.<\/span><br \/>\n<span style=\"color: #000000;\">En el marco del panel expositivo, las personas creadoras de las piezas de arte compartir\u00e1n sus experiencias en la vinculaci\u00f3n de las obras con la sociedad civil al tiempo que recibir\u00e1n menciones por sus aportes, y se presentar\u00e1 el ballet Danzabismal con una intervenci\u00f3n sobre la tem\u00e1tica.<\/span><br \/>\n<span style=\"color: #000000;\">\u00a0<\/span><br \/>\n<span style=\"color: #000000;\">\u00a0<\/span><br \/>\n<span style=\"color: #000000;\"><i>*<\/i>Prensa y Comunicaci\u00f3n <strong>Ratt Argentina<\/strong><\/span><br \/>\n<span style=\"color: #000000;\">@noor_j_abraham<br \/>\n<strong>Mail de contacto:<\/strong> noor.j.abraham@gmail.com<br \/>\n<\/span><br \/>\n&nbsp;<\/p>\n","protected":false},"excerpt":{"rendered":"<p>30 de julio &#8211; D\u00eda Mundial contra la Trata de Personas El arte tambi\u00e9n dice NiUnaMenos Muestra art\u00edstica en el Congreso para concientizar sobre la esclavitud de mujeres \u00a0*Por Noor Jimenez Abraham \u00a0En el contexto del d\u00eda establecido por Naciones Unidas contra la trata de personas \u201cen nombre de la justicia y la dignidad para [&hellip;]<\/p>\n","protected":false},"author":1,"featured_media":0,"comment_status":"open","ping_status":"open","sticky":false,"template":"","format":"standard","meta":{"iawp_total_views":3,"footnotes":""},"categories":[9,4,21,580,15],"tags":[25,64,29,52],"class_list":["post-18953","post","type-post","status-publish","format-standard","hentry","category-de-esi-si-se-habla","category-medios","category-noticias","category-resistencia-verdevioleta","category-trata-de-personas","tag-activismo","tag-arte","tag-campanas","tag-explotacion-sexual"],"nelio_content":{"autoShareEndMode":"never","automationSources":{"useCustomSentences":false,"customSentences":[]},"efiAlt":"","efiUrl":"","followers":[],"highlights":[],"isAutoShareEnabled":true,"networkImageIds":[],"permalinkQueryArgs":[],"series":[],"suggestedReferences":[]},"yoast_head":"<!-- This site is optimized with the Yoast SEO plugin v27.4 - https:\/\/yoast.com\/product\/yoast-seo-wordpress\/ -->\n<title>30 de Julio, D\u00eda Mundial contra la Trata de Personas - Diario Digital Femenino<\/title>\n<meta name=\"description\" content=\"30 de julio, D\u00eda Mundial contra la Trata de Personas. El arte tambi\u00e9n dice NiUnaMenos.Muestra art\u00edstica en el Congreso\" \/>\n<meta name=\"robots\" content=\"index, follow, max-snippet:-1, max-image-preview:large, max-video-preview:-1\" \/>\n<link rel=\"canonical\" href=\"https:\/\/diariofemenino.com.ar\/df\/30-de-julio-dia-mundial-contra-la-trata-de-personas\/\" \/>\n<meta property=\"og:locale\" content=\"es_ES\" \/>\n<meta property=\"og:type\" content=\"article\" \/>\n<meta property=\"og:title\" content=\"30 de Julio, D\u00eda Mundial contra la Trata de Personas - Diario Digital Femenino\" \/>\n<meta property=\"og:description\" content=\"30 de julio, D\u00eda Mundial contra la Trata de Personas. El arte tambi\u00e9n dice NiUnaMenos.Muestra art\u00edstica en el Congreso\" \/>\n<meta property=\"og:url\" content=\"https:\/\/diariofemenino.com.ar\/df\/30-de-julio-dia-mundial-contra-la-trata-de-personas\/\" \/>\n<meta property=\"og:site_name\" content=\"Diario Digital Femenino\" \/>\n<meta property=\"article:publisher\" content=\"https:\/\/www.facebook.com\/DiarioDigitaFemenino\/\" \/>\n<meta property=\"article:published_time\" content=\"2015-07-24T17:47:29+00:00\" \/>\n<meta property=\"og:image\" content=\"http:\/\/www.diariofemenino.com.ar\/wp-content\/uploads\/muestra2015senado.jpg\" \/>\n<meta name=\"author\" content=\"Admin\" \/>\n<meta name=\"twitter:card\" content=\"summary_large_image\" \/>\n<meta name=\"twitter:creator\" content=\"@DiarioFemenino1\" \/>\n<meta name=\"twitter:site\" content=\"@DiarioFemenino1\" \/>\n<meta name=\"twitter:label1\" content=\"Escrito por\" \/>\n\t<meta name=\"twitter:data1\" content=\"Admin\" \/>\n\t<meta name=\"twitter:label2\" content=\"Tiempo de lectura\" \/>\n\t<meta name=\"twitter:data2\" content=\"2 minutos\" \/>\n<script type=\"application\/ld+json\" class=\"yoast-schema-graph\">{\"@context\":\"https:\\\/\\\/schema.org\",\"@graph\":[{\"@type\":\"Article\",\"@id\":\"https:\\\/\\\/diariofemenino.com.ar\\\/df\\\/30-de-julio-dia-mundial-contra-la-trata-de-personas\\\/#article\",\"isPartOf\":{\"@id\":\"https:\\\/\\\/diariofemenino.com.ar\\\/df\\\/30-de-julio-dia-mundial-contra-la-trata-de-personas\\\/\"},\"author\":{\"name\":\"Admin\",\"@id\":\"https:\\\/\\\/diariofemenino.com.ar\\\/df\\\/#\\\/schema\\\/person\\\/38f54b3bfd13f561de2460ba95c169c6\"},\"headline\":\"30 de Julio, D\u00eda Mundial contra la Trata de Personas\",\"datePublished\":\"2015-07-24T17:47:29+00:00\",\"mainEntityOfPage\":{\"@id\":\"https:\\\/\\\/diariofemenino.com.ar\\\/df\\\/30-de-julio-dia-mundial-contra-la-trata-de-personas\\\/\"},\"wordCount\":426,\"commentCount\":0,\"publisher\":{\"@id\":\"https:\\\/\\\/diariofemenino.com.ar\\\/df\\\/#organization\"},\"image\":{\"@id\":\"https:\\\/\\\/diariofemenino.com.ar\\\/df\\\/30-de-julio-dia-mundial-contra-la-trata-de-personas\\\/#primaryimage\"},\"thumbnailUrl\":\"http:\\\/\\\/www.diariofemenino.com.ar\\\/wp-content\\\/uploads\\\/muestra2015senado.jpg\",\"keywords\":[\"Activismo\",\"Arte\",\"Campa\u00f1as\",\"Explotaci\u00f3n sexual\"],\"articleSection\":[\"De ESI S\u00ed Se Habla\",\"Medios\",\"Noticias\",\"Resistencia VerdeVioleta\",\"Trata de Pers.\"],\"inLanguage\":\"es\",\"potentialAction\":[{\"@type\":\"CommentAction\",\"name\":\"Comment\",\"target\":[\"https:\\\/\\\/diariofemenino.com.ar\\\/df\\\/30-de-julio-dia-mundial-contra-la-trata-de-personas\\\/#respond\"]}]},{\"@type\":\"WebPage\",\"@id\":\"https:\\\/\\\/diariofemenino.com.ar\\\/df\\\/30-de-julio-dia-mundial-contra-la-trata-de-personas\\\/\",\"url\":\"https:\\\/\\\/diariofemenino.com.ar\\\/df\\\/30-de-julio-dia-mundial-contra-la-trata-de-personas\\\/\",\"name\":\"30 de Julio, D\u00eda Mundial contra la Trata de Personas - Diario Digital Femenino\",\"isPartOf\":{\"@id\":\"https:\\\/\\\/diariofemenino.com.ar\\\/df\\\/#website\"},\"primaryImageOfPage\":{\"@id\":\"https:\\\/\\\/diariofemenino.com.ar\\\/df\\\/30-de-julio-dia-mundial-contra-la-trata-de-personas\\\/#primaryimage\"},\"image\":{\"@id\":\"https:\\\/\\\/diariofemenino.com.ar\\\/df\\\/30-de-julio-dia-mundial-contra-la-trata-de-personas\\\/#primaryimage\"},\"thumbnailUrl\":\"http:\\\/\\\/www.diariofemenino.com.ar\\\/wp-content\\\/uploads\\\/muestra2015senado.jpg\",\"datePublished\":\"2015-07-24T17:47:29+00:00\",\"description\":\"30 de julio, D\u00eda Mundial contra la Trata de Personas. El arte tambi\u00e9n dice NiUnaMenos.Muestra art\u00edstica en el Congreso\",\"breadcrumb\":{\"@id\":\"https:\\\/\\\/diariofemenino.com.ar\\\/df\\\/30-de-julio-dia-mundial-contra-la-trata-de-personas\\\/#breadcrumb\"},\"inLanguage\":\"es\",\"potentialAction\":[{\"@type\":\"ReadAction\",\"target\":[\"https:\\\/\\\/diariofemenino.com.ar\\\/df\\\/30-de-julio-dia-mundial-contra-la-trata-de-personas\\\/\"]}]},{\"@type\":\"ImageObject\",\"inLanguage\":\"es\",\"@id\":\"https:\\\/\\\/diariofemenino.com.ar\\\/df\\\/30-de-julio-dia-mundial-contra-la-trata-de-personas\\\/#primaryimage\",\"url\":\"http:\\\/\\\/www.diariofemenino.com.ar\\\/wp-content\\\/uploads\\\/muestra2015senado.jpg\",\"contentUrl\":\"http:\\\/\\\/www.diariofemenino.com.ar\\\/wp-content\\\/uploads\\\/muestra2015senado.jpg\"},{\"@type\":\"BreadcrumbList\",\"@id\":\"https:\\\/\\\/diariofemenino.com.ar\\\/df\\\/30-de-julio-dia-mundial-contra-la-trata-de-personas\\\/#breadcrumb\",\"itemListElement\":[{\"@type\":\"ListItem\",\"position\":1,\"name\":\"Portada\",\"item\":\"https:\\\/\\\/diariofemenino.com.ar\\\/df\\\/\"},{\"@type\":\"ListItem\",\"position\":2,\"name\":\"30 de Julio, D\u00eda Mundial contra la Trata de Personas\"}]},{\"@type\":\"WebSite\",\"@id\":\"https:\\\/\\\/diariofemenino.com.ar\\\/df\\\/#website\",\"url\":\"https:\\\/\\\/diariofemenino.com.ar\\\/df\\\/\",\"name\":\"Diario Digital Femenino\",\"description\":\"Cuesti\u00f3n de G\u00e9nero\",\"publisher\":{\"@id\":\"https:\\\/\\\/diariofemenino.com.ar\\\/df\\\/#organization\"},\"potentialAction\":[{\"@type\":\"SearchAction\",\"target\":{\"@type\":\"EntryPoint\",\"urlTemplate\":\"https:\\\/\\\/diariofemenino.com.ar\\\/df\\\/?s={search_term_string}\"},\"query-input\":{\"@type\":\"PropertyValueSpecification\",\"valueRequired\":true,\"valueName\":\"search_term_string\"}}],\"inLanguage\":\"es\"},{\"@type\":\"Organization\",\"@id\":\"https:\\\/\\\/diariofemenino.com.ar\\\/df\\\/#organization\",\"name\":\"Diario Femenino\",\"url\":\"https:\\\/\\\/diariofemenino.com.ar\\\/df\\\/\",\"logo\":{\"@type\":\"ImageObject\",\"inLanguage\":\"es\",\"@id\":\"https:\\\/\\\/diariofemenino.com.ar\\\/df\\\/#\\\/schema\\\/logo\\\/image\\\/\",\"url\":\"https:\\\/\\\/diariofemenino.com.ar\\\/df\\\/wp-content\\\/uploads\\\/2018\\\/10\\\/logo.png\",\"contentUrl\":\"https:\\\/\\\/diariofemenino.com.ar\\\/df\\\/wp-content\\\/uploads\\\/2018\\\/10\\\/logo.png\",\"width\":500,\"height\":92,\"caption\":\"Diario Femenino\"},\"image\":{\"@id\":\"https:\\\/\\\/diariofemenino.com.ar\\\/df\\\/#\\\/schema\\\/logo\\\/image\\\/\"},\"sameAs\":[\"https:\\\/\\\/www.facebook.com\\\/DiarioDigitaFemenino\\\/\",\"https:\\\/\\\/x.com\\\/DiarioFemenino1\"]},{\"@type\":\"Person\",\"@id\":\"https:\\\/\\\/diariofemenino.com.ar\\\/df\\\/#\\\/schema\\\/person\\\/38f54b3bfd13f561de2460ba95c169c6\",\"name\":\"Admin\",\"image\":{\"@type\":\"ImageObject\",\"inLanguage\":\"es\",\"@id\":\"https:\\\/\\\/diariofemenino.com.ar\\\/df\\\/wp-content\\\/uploads\\\/2018\\\/12\\\/favicon-150x150.jpg\",\"url\":\"https:\\\/\\\/diariofemenino.com.ar\\\/df\\\/wp-content\\\/uploads\\\/2018\\\/12\\\/favicon-150x150.jpg\",\"contentUrl\":\"https:\\\/\\\/diariofemenino.com.ar\\\/df\\\/wp-content\\\/uploads\\\/2018\\\/12\\\/favicon-150x150.jpg\",\"caption\":\"Admin\"},\"url\":\"https:\\\/\\\/diariofemenino.com.ar\\\/df\\\/author\\\/adm18df\\\/\"}]}<\/script>\n<!-- \/ Yoast SEO plugin. -->","yoast_head_json":{"title":"30 de Julio, D\u00eda Mundial contra la Trata de Personas - Diario Digital Femenino","description":"30 de julio, D\u00eda Mundial contra la Trata de Personas. El arte tambi\u00e9n dice NiUnaMenos.Muestra art\u00edstica en el Congreso","robots":{"index":"index","follow":"follow","max-snippet":"max-snippet:-1","max-image-preview":"max-image-preview:large","max-video-preview":"max-video-preview:-1"},"canonical":"https:\/\/diariofemenino.com.ar\/df\/30-de-julio-dia-mundial-contra-la-trata-de-personas\/","og_locale":"es_ES","og_type":"article","og_title":"30 de Julio, D\u00eda Mundial contra la Trata de Personas - Diario Digital Femenino","og_description":"30 de julio, D\u00eda Mundial contra la Trata de Personas. El arte tambi\u00e9n dice NiUnaMenos.Muestra art\u00edstica en el Congreso","og_url":"https:\/\/diariofemenino.com.ar\/df\/30-de-julio-dia-mundial-contra-la-trata-de-personas\/","og_site_name":"Diario Digital Femenino","article_publisher":"https:\/\/www.facebook.com\/DiarioDigitaFemenino\/","article_published_time":"2015-07-24T17:47:29+00:00","og_image":[{"url":"http:\/\/www.diariofemenino.com.ar\/wp-content\/uploads\/muestra2015senado.jpg","type":"","width":"","height":""}],"author":"Admin","twitter_card":"summary_large_image","twitter_creator":"@DiarioFemenino1","twitter_site":"@DiarioFemenino1","twitter_misc":{"Escrito por":"Admin","Tiempo de lectura":"2 minutos"},"schema":{"@context":"https:\/\/schema.org","@graph":[{"@type":"Article","@id":"https:\/\/diariofemenino.com.ar\/df\/30-de-julio-dia-mundial-contra-la-trata-de-personas\/#article","isPartOf":{"@id":"https:\/\/diariofemenino.com.ar\/df\/30-de-julio-dia-mundial-contra-la-trata-de-personas\/"},"author":{"name":"Admin","@id":"https:\/\/diariofemenino.com.ar\/df\/#\/schema\/person\/38f54b3bfd13f561de2460ba95c169c6"},"headline":"30 de Julio, D\u00eda Mundial contra la Trata de Personas","datePublished":"2015-07-24T17:47:29+00:00","mainEntityOfPage":{"@id":"https:\/\/diariofemenino.com.ar\/df\/30-de-julio-dia-mundial-contra-la-trata-de-personas\/"},"wordCount":426,"commentCount":0,"publisher":{"@id":"https:\/\/diariofemenino.com.ar\/df\/#organization"},"image":{"@id":"https:\/\/diariofemenino.com.ar\/df\/30-de-julio-dia-mundial-contra-la-trata-de-personas\/#primaryimage"},"thumbnailUrl":"http:\/\/www.diariofemenino.com.ar\/wp-content\/uploads\/muestra2015senado.jpg","keywords":["Activismo","Arte","Campa\u00f1as","Explotaci\u00f3n sexual"],"articleSection":["De ESI S\u00ed Se Habla","Medios","Noticias","Resistencia VerdeVioleta","Trata de Pers."],"inLanguage":"es","potentialAction":[{"@type":"CommentAction","name":"Comment","target":["https:\/\/diariofemenino.com.ar\/df\/30-de-julio-dia-mundial-contra-la-trata-de-personas\/#respond"]}]},{"@type":"WebPage","@id":"https:\/\/diariofemenino.com.ar\/df\/30-de-julio-dia-mundial-contra-la-trata-de-personas\/","url":"https:\/\/diariofemenino.com.ar\/df\/30-de-julio-dia-mundial-contra-la-trata-de-personas\/","name":"30 de Julio, D\u00eda Mundial contra la Trata de Personas - Diario Digital Femenino","isPartOf":{"@id":"https:\/\/diariofemenino.com.ar\/df\/#website"},"primaryImageOfPage":{"@id":"https:\/\/diariofemenino.com.ar\/df\/30-de-julio-dia-mundial-contra-la-trata-de-personas\/#primaryimage"},"image":{"@id":"https:\/\/diariofemenino.com.ar\/df\/30-de-julio-dia-mundial-contra-la-trata-de-personas\/#primaryimage"},"thumbnailUrl":"http:\/\/www.diariofemenino.com.ar\/wp-content\/uploads\/muestra2015senado.jpg","datePublished":"2015-07-24T17:47:29+00:00","description":"30 de julio, D\u00eda Mundial contra la Trata de Personas. El arte tambi\u00e9n dice NiUnaMenos.Muestra art\u00edstica en el Congreso","breadcrumb":{"@id":"https:\/\/diariofemenino.com.ar\/df\/30-de-julio-dia-mundial-contra-la-trata-de-personas\/#breadcrumb"},"inLanguage":"es","potentialAction":[{"@type":"ReadAction","target":["https:\/\/diariofemenino.com.ar\/df\/30-de-julio-dia-mundial-contra-la-trata-de-personas\/"]}]},{"@type":"ImageObject","inLanguage":"es","@id":"https:\/\/diariofemenino.com.ar\/df\/30-de-julio-dia-mundial-contra-la-trata-de-personas\/#primaryimage","url":"http:\/\/www.diariofemenino.com.ar\/wp-content\/uploads\/muestra2015senado.jpg","contentUrl":"http:\/\/www.diariofemenino.com.ar\/wp-content\/uploads\/muestra2015senado.jpg"},{"@type":"BreadcrumbList","@id":"https:\/\/diariofemenino.com.ar\/df\/30-de-julio-dia-mundial-contra-la-trata-de-personas\/#breadcrumb","itemListElement":[{"@type":"ListItem","position":1,"name":"Portada","item":"https:\/\/diariofemenino.com.ar\/df\/"},{"@type":"ListItem","position":2,"name":"30 de Julio, D\u00eda Mundial contra la Trata de Personas"}]},{"@type":"WebSite","@id":"https:\/\/diariofemenino.com.ar\/df\/#website","url":"https:\/\/diariofemenino.com.ar\/df\/","name":"Diario Digital Femenino","description":"Cuesti\u00f3n de G\u00e9nero","publisher":{"@id":"https:\/\/diariofemenino.com.ar\/df\/#organization"},"potentialAction":[{"@type":"SearchAction","target":{"@type":"EntryPoint","urlTemplate":"https:\/\/diariofemenino.com.ar\/df\/?s={search_term_string}"},"query-input":{"@type":"PropertyValueSpecification","valueRequired":true,"valueName":"search_term_string"}}],"inLanguage":"es"},{"@type":"Organization","@id":"https:\/\/diariofemenino.com.ar\/df\/#organization","name":"Diario Femenino","url":"https:\/\/diariofemenino.com.ar\/df\/","logo":{"@type":"ImageObject","inLanguage":"es","@id":"https:\/\/diariofemenino.com.ar\/df\/#\/schema\/logo\/image\/","url":"https:\/\/diariofemenino.com.ar\/df\/wp-content\/uploads\/2018\/10\/logo.png","contentUrl":"https:\/\/diariofemenino.com.ar\/df\/wp-content\/uploads\/2018\/10\/logo.png","width":500,"height":92,"caption":"Diario Femenino"},"image":{"@id":"https:\/\/diariofemenino.com.ar\/df\/#\/schema\/logo\/image\/"},"sameAs":["https:\/\/www.facebook.com\/DiarioDigitaFemenino\/","https:\/\/x.com\/DiarioFemenino1"]},{"@type":"Person","@id":"https:\/\/diariofemenino.com.ar\/df\/#\/schema\/person\/38f54b3bfd13f561de2460ba95c169c6","name":"Admin","image":{"@type":"ImageObject","inLanguage":"es","@id":"https:\/\/diariofemenino.com.ar\/df\/wp-content\/uploads\/2018\/12\/favicon-150x150.jpg","url":"https:\/\/diariofemenino.com.ar\/df\/wp-content\/uploads\/2018\/12\/favicon-150x150.jpg","contentUrl":"https:\/\/diariofemenino.com.ar\/df\/wp-content\/uploads\/2018\/12\/favicon-150x150.jpg","caption":"Admin"},"url":"https:\/\/diariofemenino.com.ar\/df\/author\/adm18df\/"}]}},"jetpack_featured_media_url":"","jetpack_sharing_enabled":true,"rttpg_featured_image_url":null,"rttpg_author":{"display_name":"Admin","author_link":"https:\/\/diariofemenino.com.ar\/df\/author\/adm18df\/"},"rttpg_comment":0,"rttpg_category":"<a href=\"https:\/\/diariofemenino.com.ar\/df\/category\/de-esi-si-se-habla\/\" rel=\"category tag\">De ESI S\u00ed Se Habla<\/a> <a href=\"https:\/\/diariofemenino.com.ar\/df\/category\/medios\/\" rel=\"category tag\">Medios<\/a> <a href=\"https:\/\/diariofemenino.com.ar\/df\/category\/noticias\/\" rel=\"category tag\">Noticias<\/a> <a href=\"https:\/\/diariofemenino.com.ar\/df\/category\/resistencia-verdevioleta\/\" rel=\"category tag\">Resistencia VerdeVioleta<\/a> <a href=\"https:\/\/diariofemenino.com.ar\/df\/category\/trata-de-personas\/\" rel=\"category tag\">Trata de Pers.<\/a>","rttpg_excerpt":"30 de julio &#8211; D\u00eda Mundial contra la Trata de Personas El arte tambi\u00e9n dice NiUnaMenos Muestra art\u00edstica en el Congreso para concientizar sobre la esclavitud de mujeres \u00a0*Por Noor Jimenez Abraham \u00a0En el contexto del d\u00eda establecido por Naciones Unidas contra la trata de personas \u201cen nombre de la justicia y la dignidad para&hellip;","_links":{"self":[{"href":"https:\/\/diariofemenino.com.ar\/df\/wp-json\/wp\/v2\/posts\/18953","targetHints":{"allow":["GET"]}}],"collection":[{"href":"https:\/\/diariofemenino.com.ar\/df\/wp-json\/wp\/v2\/posts"}],"about":[{"href":"https:\/\/diariofemenino.com.ar\/df\/wp-json\/wp\/v2\/types\/post"}],"author":[{"embeddable":true,"href":"https:\/\/diariofemenino.com.ar\/df\/wp-json\/wp\/v2\/users\/1"}],"replies":[{"embeddable":true,"href":"https:\/\/diariofemenino.com.ar\/df\/wp-json\/wp\/v2\/comments?post=18953"}],"version-history":[{"count":0,"href":"https:\/\/diariofemenino.com.ar\/df\/wp-json\/wp\/v2\/posts\/18953\/revisions"}],"wp:attachment":[{"href":"https:\/\/diariofemenino.com.ar\/df\/wp-json\/wp\/v2\/media?parent=18953"}],"wp:term":[{"taxonomy":"category","embeddable":true,"href":"https:\/\/diariofemenino.com.ar\/df\/wp-json\/wp\/v2\/categories?post=18953"},{"taxonomy":"post_tag","embeddable":true,"href":"https:\/\/diariofemenino.com.ar\/df\/wp-json\/wp\/v2\/tags?post=18953"}],"curies":[{"name":"wp","href":"https:\/\/api.w.org\/{rel}","templated":true}]}}