{"id":18930,"date":"2015-07-23T23:42:31","date_gmt":"2015-07-24T02:42:31","guid":{"rendered":"http:\/\/www.diariofemenino.com.ar\/?p=18930"},"modified":"2015-07-23T23:42:31","modified_gmt":"2015-07-24T02:42:31","slug":"marcelo-della-mora","status":"publish","type":"post","link":"https:\/\/diariofemenino.com.ar\/df\/marcelo-della-mora\/","title":{"rendered":"Marcelo Della Mora, coordinador del ciclo sobre Salud Sexual y Reproductiva"},"content":{"rendered":"<p><strong>Marcelo Della Mora, nuevo coordinador del ciclo sobre Salud Sexual y Reproductiva del Hospital Tobar Garc\u00eda<\/strong><br \/>\n<a href=\"http:\/\/www.diariofemenino.com.ar\/wp-content\/uploads\/Hdg1HhRJ.jpeg\"><img loading=\"lazy\" decoding=\"async\" class=\"size-full wp-image-18931\" alt=\"Marcelo Della Mora\" src=\"http:\/\/www.diariofemenino.com.ar\/wp-content\/uploads\/Hdg1HhRJ.jpeg\" width=\"557\" height=\"557\" \/><\/a><\/p>\n<dl class=\"wp-caption alignleft\" id=\"attachment_18931\" style=\"width: 567px;\">\n<dd class=\"wp-caption-dd\">Marcelo Della Mora<\/dd>\n<\/dl>\n<p>Marcelo Della Mora, profesor de la Licenciatura en Psicolog\u00eda, fue recientemente elegido como encargado de la coordinaci\u00f3n del Ciclo de encuentros sobre Salud Sexual y Reproductiva del Hospital Infanto-Juvenil \u201cCarolina Tobar Garc\u00eda\u201d de la Ciudad Aut\u00f3noma de Buenos Aires.<br \/>\n<strong>Direcci\u00f3n de Comunicaci\u00f3n y Marketing<\/strong><\/p>\n<div id=\"ukDivCuerpo\">\n<div id=\"ctl00_ctl22_g_fc96a7ca_7af0_47cc_83b2_f1058724561a_ctl01_divNoticiaCuerpo\">\n<div>Della Mora coordinar\u00e1 el ciclo de encuentros de informaci\u00f3n sexual \u00abDebates Actuales en Salud Sexual y Reproductiva Infanto-Juvenil\u00bb que se llevar\u00e1 a cabo con entrada libre y gratuita los d\u00edas mi\u00e9rcoles de 9.30 a 11 horas en el Sal\u00f3n Auditorio del hospital situado en Ram\u00f3n Carrillo 315, en el barrio porte\u00f1o de Barracas (agosto, 19 y 26; septiembre, 2, 16, 23 y 30; octubre, 7, 14 y 21).<\/div>\n<div><\/div>\n<div>El psic\u00f3logo organiza los encuentros que abordar\u00e1n temas como la iniciaci\u00f3n y el cuidado en las relaciones sexuales, y que est\u00e1n destinados a equipos de salud, agentes comunitarios, responsables de ONG, docentes, abogados y estudiantes avanzados de carreras conexas.<\/div>\n<div><\/div>\n<div>El nuevo coordinador del Ciclo es profesor Asociado en la carrera de Psicolog\u00eda de la UK, epidemi\u00f3logo, e investigador cient\u00edfico becario en Salud Sexual y Reproductiva Infanto-Juvenil.<\/div>\n<div><\/div>\n<div><\/div>\n<div><\/div>\n<div><\/div>\n<div><\/div>\n<div>Fuente: Universidad Kennedy<\/div>\n<\/div>\n<\/div>\n<p>&nbsp;<\/p>\n","protected":false},"excerpt":{"rendered":"<p>Marcelo Della Mora, nuevo coordinador del ciclo sobre Salud Sexual y Reproductiva del Hospital Tobar Garc\u00eda Marcelo Della Mora Marcelo Della Mora, profesor de la Licenciatura en Psicolog\u00eda, fue recientemente elegido como encargado de la coordinaci\u00f3n del Ciclo de encuentros sobre Salud Sexual y Reproductiva del Hospital Infanto-Juvenil \u201cCarolina Tobar Garc\u00eda\u201d de la Ciudad Aut\u00f3noma [&hellip;]<\/p>\n","protected":false},"author":1,"featured_media":0,"comment_status":"open","ping_status":"open","sticky":false,"template":"","format":"standard","meta":{"iawp_total_views":12,"footnotes":""},"categories":[21,580],"tags":[30,10,18,14],"class_list":["post-18930","post","type-post","status-publish","format-standard","hentry","category-noticias","category-resistencia-verdevioleta","tag-derechos-humanos","tag-derechos-sexuales-y-reproductivos","tag-politicas-publicas","tag-salud-sexual-y-reproductiva"],"nelio_content":{"autoShareEndMode":"never","automationSources":{"useCustomSentences":false,"customSentences":[]},"efiAlt":"","efiUrl":"","followers":[],"highlights":[],"isAutoShareEnabled":true,"networkImageIds":[],"permalinkQueryArgs":[],"series":[],"suggestedReferences":[]},"yoast_head":"<!-- This site is optimized with the Yoast SEO plugin v27.4 - https:\/\/yoast.com\/product\/yoast-seo-wordpress\/ -->\n<title>Marcelo Della Mora, coordinador del ciclo sobre Salud Sexual y Reproductiva - Diario Digital Femenino<\/title>\n<meta name=\"description\" content=\"Marcelo Della Mora, nuevo coordinador del ciclo sobre Salud Sexual y Reproductiva del Hospital Tobar Garc\u00eda\" \/>\n<meta name=\"robots\" content=\"index, follow, max-snippet:-1, max-image-preview:large, max-video-preview:-1\" \/>\n<link rel=\"canonical\" href=\"https:\/\/diariofemenino.com.ar\/df\/marcelo-della-mora\/\" \/>\n<meta property=\"og:locale\" content=\"es_ES\" \/>\n<meta property=\"og:type\" content=\"article\" \/>\n<meta property=\"og:title\" content=\"Marcelo Della Mora, coordinador del ciclo sobre Salud Sexual y Reproductiva - Diario Digital Femenino\" \/>\n<meta property=\"og:description\" content=\"Marcelo Della Mora, nuevo coordinador del ciclo sobre Salud Sexual y Reproductiva del Hospital Tobar Garc\u00eda\" \/>\n<meta property=\"og:url\" content=\"https:\/\/diariofemenino.com.ar\/df\/marcelo-della-mora\/\" \/>\n<meta property=\"og:site_name\" content=\"Diario Digital Femenino\" \/>\n<meta property=\"article:publisher\" content=\"https:\/\/www.facebook.com\/DiarioDigitaFemenino\/\" \/>\n<meta property=\"article:published_time\" content=\"2015-07-24T02:42:31+00:00\" \/>\n<meta property=\"og:image\" content=\"http:\/\/www.diariofemenino.com.ar\/wp-content\/uploads\/Hdg1HhRJ.jpeg\" \/>\n<meta name=\"author\" content=\"Admin\" \/>\n<meta name=\"twitter:card\" content=\"summary_large_image\" \/>\n<meta name=\"twitter:creator\" content=\"@DiarioFemenino1\" \/>\n<meta name=\"twitter:site\" content=\"@DiarioFemenino1\" \/>\n<meta name=\"twitter:label1\" content=\"Escrito por\" \/>\n\t<meta name=\"twitter:data1\" content=\"Admin\" \/>\n\t<meta name=\"twitter:label2\" content=\"Tiempo de lectura\" \/>\n\t<meta name=\"twitter:data2\" content=\"1 minuto\" \/>\n<script type=\"application\/ld+json\" class=\"yoast-schema-graph\">{\"@context\":\"https:\\\/\\\/schema.org\",\"@graph\":[{\"@type\":\"Article\",\"@id\":\"https:\\\/\\\/diariofemenino.com.ar\\\/df\\\/marcelo-della-mora\\\/#article\",\"isPartOf\":{\"@id\":\"https:\\\/\\\/diariofemenino.com.ar\\\/df\\\/marcelo-della-mora\\\/\"},\"author\":{\"name\":\"Admin\",\"@id\":\"https:\\\/\\\/diariofemenino.com.ar\\\/df\\\/#\\\/schema\\\/person\\\/38f54b3bfd13f561de2460ba95c169c6\"},\"headline\":\"Marcelo Della Mora, coordinador del ciclo sobre Salud Sexual y Reproductiva\",\"datePublished\":\"2015-07-24T02:42:31+00:00\",\"mainEntityOfPage\":{\"@id\":\"https:\\\/\\\/diariofemenino.com.ar\\\/df\\\/marcelo-della-mora\\\/\"},\"wordCount\":220,\"commentCount\":0,\"publisher\":{\"@id\":\"https:\\\/\\\/diariofemenino.com.ar\\\/df\\\/#organization\"},\"image\":{\"@id\":\"https:\\\/\\\/diariofemenino.com.ar\\\/df\\\/marcelo-della-mora\\\/#primaryimage\"},\"thumbnailUrl\":\"http:\\\/\\\/www.diariofemenino.com.ar\\\/wp-content\\\/uploads\\\/Hdg1HhRJ.jpeg\",\"keywords\":[\"Derechos Humanos\",\"Derechos sexuales y reproductivos\",\"Pol\u00edticas p\u00fablicas\",\"Salud Sexual y Reproductiva\"],\"articleSection\":[\"Noticias\",\"Resistencia VerdeVioleta\"],\"inLanguage\":\"es\",\"potentialAction\":[{\"@type\":\"CommentAction\",\"name\":\"Comment\",\"target\":[\"https:\\\/\\\/diariofemenino.com.ar\\\/df\\\/marcelo-della-mora\\\/#respond\"]}]},{\"@type\":\"WebPage\",\"@id\":\"https:\\\/\\\/diariofemenino.com.ar\\\/df\\\/marcelo-della-mora\\\/\",\"url\":\"https:\\\/\\\/diariofemenino.com.ar\\\/df\\\/marcelo-della-mora\\\/\",\"name\":\"Marcelo Della Mora, coordinador del ciclo sobre Salud Sexual y Reproductiva - Diario Digital Femenino\",\"isPartOf\":{\"@id\":\"https:\\\/\\\/diariofemenino.com.ar\\\/df\\\/#website\"},\"primaryImageOfPage\":{\"@id\":\"https:\\\/\\\/diariofemenino.com.ar\\\/df\\\/marcelo-della-mora\\\/#primaryimage\"},\"image\":{\"@id\":\"https:\\\/\\\/diariofemenino.com.ar\\\/df\\\/marcelo-della-mora\\\/#primaryimage\"},\"thumbnailUrl\":\"http:\\\/\\\/www.diariofemenino.com.ar\\\/wp-content\\\/uploads\\\/Hdg1HhRJ.jpeg\",\"datePublished\":\"2015-07-24T02:42:31+00:00\",\"description\":\"Marcelo Della Mora, nuevo coordinador del ciclo sobre Salud Sexual y Reproductiva del Hospital Tobar Garc\u00eda\",\"breadcrumb\":{\"@id\":\"https:\\\/\\\/diariofemenino.com.ar\\\/df\\\/marcelo-della-mora\\\/#breadcrumb\"},\"inLanguage\":\"es\",\"potentialAction\":[{\"@type\":\"ReadAction\",\"target\":[\"https:\\\/\\\/diariofemenino.com.ar\\\/df\\\/marcelo-della-mora\\\/\"]}]},{\"@type\":\"ImageObject\",\"inLanguage\":\"es\",\"@id\":\"https:\\\/\\\/diariofemenino.com.ar\\\/df\\\/marcelo-della-mora\\\/#primaryimage\",\"url\":\"http:\\\/\\\/www.diariofemenino.com.ar\\\/wp-content\\\/uploads\\\/Hdg1HhRJ.jpeg\",\"contentUrl\":\"http:\\\/\\\/www.diariofemenino.com.ar\\\/wp-content\\\/uploads\\\/Hdg1HhRJ.jpeg\"},{\"@type\":\"BreadcrumbList\",\"@id\":\"https:\\\/\\\/diariofemenino.com.ar\\\/df\\\/marcelo-della-mora\\\/#breadcrumb\",\"itemListElement\":[{\"@type\":\"ListItem\",\"position\":1,\"name\":\"Portada\",\"item\":\"https:\\\/\\\/diariofemenino.com.ar\\\/df\\\/\"},{\"@type\":\"ListItem\",\"position\":2,\"name\":\"Marcelo Della Mora, coordinador del ciclo sobre Salud Sexual y Reproductiva\"}]},{\"@type\":\"WebSite\",\"@id\":\"https:\\\/\\\/diariofemenino.com.ar\\\/df\\\/#website\",\"url\":\"https:\\\/\\\/diariofemenino.com.ar\\\/df\\\/\",\"name\":\"Diario Digital Femenino\",\"description\":\"Cuesti\u00f3n de G\u00e9nero\",\"publisher\":{\"@id\":\"https:\\\/\\\/diariofemenino.com.ar\\\/df\\\/#organization\"},\"potentialAction\":[{\"@type\":\"SearchAction\",\"target\":{\"@type\":\"EntryPoint\",\"urlTemplate\":\"https:\\\/\\\/diariofemenino.com.ar\\\/df\\\/?s={search_term_string}\"},\"query-input\":{\"@type\":\"PropertyValueSpecification\",\"valueRequired\":true,\"valueName\":\"search_term_string\"}}],\"inLanguage\":\"es\"},{\"@type\":\"Organization\",\"@id\":\"https:\\\/\\\/diariofemenino.com.ar\\\/df\\\/#organization\",\"name\":\"Diario Femenino\",\"url\":\"https:\\\/\\\/diariofemenino.com.ar\\\/df\\\/\",\"logo\":{\"@type\":\"ImageObject\",\"inLanguage\":\"es\",\"@id\":\"https:\\\/\\\/diariofemenino.com.ar\\\/df\\\/#\\\/schema\\\/logo\\\/image\\\/\",\"url\":\"https:\\\/\\\/diariofemenino.com.ar\\\/df\\\/wp-content\\\/uploads\\\/2018\\\/10\\\/logo.png\",\"contentUrl\":\"https:\\\/\\\/diariofemenino.com.ar\\\/df\\\/wp-content\\\/uploads\\\/2018\\\/10\\\/logo.png\",\"width\":500,\"height\":92,\"caption\":\"Diario Femenino\"},\"image\":{\"@id\":\"https:\\\/\\\/diariofemenino.com.ar\\\/df\\\/#\\\/schema\\\/logo\\\/image\\\/\"},\"sameAs\":[\"https:\\\/\\\/www.facebook.com\\\/DiarioDigitaFemenino\\\/\",\"https:\\\/\\\/x.com\\\/DiarioFemenino1\"]},{\"@type\":\"Person\",\"@id\":\"https:\\\/\\\/diariofemenino.com.ar\\\/df\\\/#\\\/schema\\\/person\\\/38f54b3bfd13f561de2460ba95c169c6\",\"name\":\"Admin\",\"image\":{\"@type\":\"ImageObject\",\"inLanguage\":\"es\",\"@id\":\"https:\\\/\\\/diariofemenino.com.ar\\\/df\\\/wp-content\\\/uploads\\\/2018\\\/12\\\/favicon-150x150.jpg\",\"url\":\"https:\\\/\\\/diariofemenino.com.ar\\\/df\\\/wp-content\\\/uploads\\\/2018\\\/12\\\/favicon-150x150.jpg\",\"contentUrl\":\"https:\\\/\\\/diariofemenino.com.ar\\\/df\\\/wp-content\\\/uploads\\\/2018\\\/12\\\/favicon-150x150.jpg\",\"caption\":\"Admin\"},\"url\":\"https:\\\/\\\/diariofemenino.com.ar\\\/df\\\/author\\\/adm18df\\\/\"}]}<\/script>\n<!-- \/ Yoast SEO plugin. -->","yoast_head_json":{"title":"Marcelo Della Mora, coordinador del ciclo sobre Salud Sexual y Reproductiva - Diario Digital Femenino","description":"Marcelo Della Mora, nuevo coordinador del ciclo sobre Salud Sexual y Reproductiva del Hospital Tobar Garc\u00eda","robots":{"index":"index","follow":"follow","max-snippet":"max-snippet:-1","max-image-preview":"max-image-preview:large","max-video-preview":"max-video-preview:-1"},"canonical":"https:\/\/diariofemenino.com.ar\/df\/marcelo-della-mora\/","og_locale":"es_ES","og_type":"article","og_title":"Marcelo Della Mora, coordinador del ciclo sobre Salud Sexual y Reproductiva - Diario Digital Femenino","og_description":"Marcelo Della Mora, nuevo coordinador del ciclo sobre Salud Sexual y Reproductiva del Hospital Tobar Garc\u00eda","og_url":"https:\/\/diariofemenino.com.ar\/df\/marcelo-della-mora\/","og_site_name":"Diario Digital Femenino","article_publisher":"https:\/\/www.facebook.com\/DiarioDigitaFemenino\/","article_published_time":"2015-07-24T02:42:31+00:00","og_image":[{"url":"http:\/\/www.diariofemenino.com.ar\/wp-content\/uploads\/Hdg1HhRJ.jpeg","type":"","width":"","height":""}],"author":"Admin","twitter_card":"summary_large_image","twitter_creator":"@DiarioFemenino1","twitter_site":"@DiarioFemenino1","twitter_misc":{"Escrito por":"Admin","Tiempo de lectura":"1 minuto"},"schema":{"@context":"https:\/\/schema.org","@graph":[{"@type":"Article","@id":"https:\/\/diariofemenino.com.ar\/df\/marcelo-della-mora\/#article","isPartOf":{"@id":"https:\/\/diariofemenino.com.ar\/df\/marcelo-della-mora\/"},"author":{"name":"Admin","@id":"https:\/\/diariofemenino.com.ar\/df\/#\/schema\/person\/38f54b3bfd13f561de2460ba95c169c6"},"headline":"Marcelo Della Mora, coordinador del ciclo sobre Salud Sexual y Reproductiva","datePublished":"2015-07-24T02:42:31+00:00","mainEntityOfPage":{"@id":"https:\/\/diariofemenino.com.ar\/df\/marcelo-della-mora\/"},"wordCount":220,"commentCount":0,"publisher":{"@id":"https:\/\/diariofemenino.com.ar\/df\/#organization"},"image":{"@id":"https:\/\/diariofemenino.com.ar\/df\/marcelo-della-mora\/#primaryimage"},"thumbnailUrl":"http:\/\/www.diariofemenino.com.ar\/wp-content\/uploads\/Hdg1HhRJ.jpeg","keywords":["Derechos Humanos","Derechos sexuales y reproductivos","Pol\u00edticas p\u00fablicas","Salud Sexual y Reproductiva"],"articleSection":["Noticias","Resistencia VerdeVioleta"],"inLanguage":"es","potentialAction":[{"@type":"CommentAction","name":"Comment","target":["https:\/\/diariofemenino.com.ar\/df\/marcelo-della-mora\/#respond"]}]},{"@type":"WebPage","@id":"https:\/\/diariofemenino.com.ar\/df\/marcelo-della-mora\/","url":"https:\/\/diariofemenino.com.ar\/df\/marcelo-della-mora\/","name":"Marcelo Della Mora, coordinador del ciclo sobre Salud Sexual y Reproductiva - Diario Digital Femenino","isPartOf":{"@id":"https:\/\/diariofemenino.com.ar\/df\/#website"},"primaryImageOfPage":{"@id":"https:\/\/diariofemenino.com.ar\/df\/marcelo-della-mora\/#primaryimage"},"image":{"@id":"https:\/\/diariofemenino.com.ar\/df\/marcelo-della-mora\/#primaryimage"},"thumbnailUrl":"http:\/\/www.diariofemenino.com.ar\/wp-content\/uploads\/Hdg1HhRJ.jpeg","datePublished":"2015-07-24T02:42:31+00:00","description":"Marcelo Della Mora, nuevo coordinador del ciclo sobre Salud Sexual y Reproductiva del Hospital Tobar Garc\u00eda","breadcrumb":{"@id":"https:\/\/diariofemenino.com.ar\/df\/marcelo-della-mora\/#breadcrumb"},"inLanguage":"es","potentialAction":[{"@type":"ReadAction","target":["https:\/\/diariofemenino.com.ar\/df\/marcelo-della-mora\/"]}]},{"@type":"ImageObject","inLanguage":"es","@id":"https:\/\/diariofemenino.com.ar\/df\/marcelo-della-mora\/#primaryimage","url":"http:\/\/www.diariofemenino.com.ar\/wp-content\/uploads\/Hdg1HhRJ.jpeg","contentUrl":"http:\/\/www.diariofemenino.com.ar\/wp-content\/uploads\/Hdg1HhRJ.jpeg"},{"@type":"BreadcrumbList","@id":"https:\/\/diariofemenino.com.ar\/df\/marcelo-della-mora\/#breadcrumb","itemListElement":[{"@type":"ListItem","position":1,"name":"Portada","item":"https:\/\/diariofemenino.com.ar\/df\/"},{"@type":"ListItem","position":2,"name":"Marcelo Della Mora, coordinador del ciclo sobre Salud Sexual y Reproductiva"}]},{"@type":"WebSite","@id":"https:\/\/diariofemenino.com.ar\/df\/#website","url":"https:\/\/diariofemenino.com.ar\/df\/","name":"Diario Digital Femenino","description":"Cuesti\u00f3n de G\u00e9nero","publisher":{"@id":"https:\/\/diariofemenino.com.ar\/df\/#organization"},"potentialAction":[{"@type":"SearchAction","target":{"@type":"EntryPoint","urlTemplate":"https:\/\/diariofemenino.com.ar\/df\/?s={search_term_string}"},"query-input":{"@type":"PropertyValueSpecification","valueRequired":true,"valueName":"search_term_string"}}],"inLanguage":"es"},{"@type":"Organization","@id":"https:\/\/diariofemenino.com.ar\/df\/#organization","name":"Diario Femenino","url":"https:\/\/diariofemenino.com.ar\/df\/","logo":{"@type":"ImageObject","inLanguage":"es","@id":"https:\/\/diariofemenino.com.ar\/df\/#\/schema\/logo\/image\/","url":"https:\/\/diariofemenino.com.ar\/df\/wp-content\/uploads\/2018\/10\/logo.png","contentUrl":"https:\/\/diariofemenino.com.ar\/df\/wp-content\/uploads\/2018\/10\/logo.png","width":500,"height":92,"caption":"Diario Femenino"},"image":{"@id":"https:\/\/diariofemenino.com.ar\/df\/#\/schema\/logo\/image\/"},"sameAs":["https:\/\/www.facebook.com\/DiarioDigitaFemenino\/","https:\/\/x.com\/DiarioFemenino1"]},{"@type":"Person","@id":"https:\/\/diariofemenino.com.ar\/df\/#\/schema\/person\/38f54b3bfd13f561de2460ba95c169c6","name":"Admin","image":{"@type":"ImageObject","inLanguage":"es","@id":"https:\/\/diariofemenino.com.ar\/df\/wp-content\/uploads\/2018\/12\/favicon-150x150.jpg","url":"https:\/\/diariofemenino.com.ar\/df\/wp-content\/uploads\/2018\/12\/favicon-150x150.jpg","contentUrl":"https:\/\/diariofemenino.com.ar\/df\/wp-content\/uploads\/2018\/12\/favicon-150x150.jpg","caption":"Admin"},"url":"https:\/\/diariofemenino.com.ar\/df\/author\/adm18df\/"}]}},"jetpack_featured_media_url":"","jetpack_sharing_enabled":true,"rttpg_featured_image_url":null,"rttpg_author":{"display_name":"Admin","author_link":"https:\/\/diariofemenino.com.ar\/df\/author\/adm18df\/"},"rttpg_comment":0,"rttpg_category":"<a href=\"https:\/\/diariofemenino.com.ar\/df\/category\/noticias\/\" rel=\"category tag\">Noticias<\/a> <a href=\"https:\/\/diariofemenino.com.ar\/df\/category\/resistencia-verdevioleta\/\" rel=\"category tag\">Resistencia VerdeVioleta<\/a>","rttpg_excerpt":"Marcelo Della Mora, nuevo coordinador del ciclo sobre Salud Sexual y Reproductiva del Hospital Tobar Garc\u00eda Marcelo Della Mora Marcelo Della Mora, profesor de la Licenciatura en Psicolog\u00eda, fue recientemente elegido como encargado de la coordinaci\u00f3n del Ciclo de encuentros sobre Salud Sexual y Reproductiva del Hospital Infanto-Juvenil \u201cCarolina Tobar Garc\u00eda\u201d de la Ciudad Aut\u00f3noma&hellip;","_links":{"self":[{"href":"https:\/\/diariofemenino.com.ar\/df\/wp-json\/wp\/v2\/posts\/18930","targetHints":{"allow":["GET"]}}],"collection":[{"href":"https:\/\/diariofemenino.com.ar\/df\/wp-json\/wp\/v2\/posts"}],"about":[{"href":"https:\/\/diariofemenino.com.ar\/df\/wp-json\/wp\/v2\/types\/post"}],"author":[{"embeddable":true,"href":"https:\/\/diariofemenino.com.ar\/df\/wp-json\/wp\/v2\/users\/1"}],"replies":[{"embeddable":true,"href":"https:\/\/diariofemenino.com.ar\/df\/wp-json\/wp\/v2\/comments?post=18930"}],"version-history":[{"count":0,"href":"https:\/\/diariofemenino.com.ar\/df\/wp-json\/wp\/v2\/posts\/18930\/revisions"}],"wp:attachment":[{"href":"https:\/\/diariofemenino.com.ar\/df\/wp-json\/wp\/v2\/media?parent=18930"}],"wp:term":[{"taxonomy":"category","embeddable":true,"href":"https:\/\/diariofemenino.com.ar\/df\/wp-json\/wp\/v2\/categories?post=18930"},{"taxonomy":"post_tag","embeddable":true,"href":"https:\/\/diariofemenino.com.ar\/df\/wp-json\/wp\/v2\/tags?post=18930"}],"curies":[{"name":"wp","href":"https:\/\/api.w.org\/{rel}","templated":true}]}}