{"id":18915,"date":"2015-07-23T22:51:18","date_gmt":"2015-07-24T01:51:18","guid":{"rendered":"http:\/\/www.diariofemenino.com.ar\/?p=18915"},"modified":"2015-07-23T22:51:18","modified_gmt":"2015-07-24T01:51:18","slug":"licencia-por-paternidad-la-primera-pareja-que-la-obtuvo-es-neuquina","status":"publish","type":"post","link":"https:\/\/diariofemenino.com.ar\/df\/licencia-por-paternidad-la-primera-pareja-que-la-obtuvo-es-neuquina\/","title":{"rendered":"Licencia por paternidad: La primera pareja que la obtuvo es neuquina"},"content":{"rendered":"<div>\n<figure id=\"attachment_18916\" aria-describedby=\"caption-attachment-18916\" style=\"width: 297px\" class=\"wp-caption alignleft\"><a href=\"http:\/\/www.diariofemenino.com.ar\/wp-content\/uploads\/pareja-hom-297x197.jpg\"><img loading=\"lazy\" decoding=\"async\" class=\"size-full wp-image-18916\" alt=\"Licencia por paternidad: La primera pareja que laa obtuvo es neuquina.\" src=\"http:\/\/www.diariofemenino.com.ar\/wp-content\/uploads\/pareja-hom-297x197.jpg\" width=\"297\" height=\"197\" \/><\/a><figcaption id=\"caption-attachment-18916\" class=\"wp-caption-text\">Licencia por paternidad: La primera pareja que laa obtuvo es neuquina.<\/figcaption><\/figure><br \/>\nL<span style=\"color: #000000;\">uego de la aprobaci\u00f3n del matrimonio igualitario en Argentina, el 5 de junio de este a\u00f1o la Justicia dictamin\u00f3 por primera vez dar la patria potestad a una pareja homoparental en Neuqu\u00e9n. Se trata de Leonel Cortes y Luis Hamada, quienes obtuvieron la guarda preadoptiva de un peque\u00f1o de 8 a\u00f1os. La jueza Marina Comas del Juzgado N\u00b0 4 de Familia otorg\u00f3 esa posibilidad. Leonel es docente y el gremio ATEN le ayud\u00f3 en el pedido de una licencia por 90 d\u00edas, marcando un precedente nacional.<\/span><\/div>\n<div><\/div>\n<div>\n<div><span style=\"color: #000000;\">En las \u00faltimas horas se conoci\u00f3 otro caso en Mar del Plata donde la Justicia otorg\u00f3 una licencia por paternidad al integrante de una pareja gay tras iniciar tr\u00e1mites hace 3 a\u00f1os para adoptar. La jueza del Juzgado de Familia N\u00b05 del Departamento Judicial de Mar del Plata, Clara Alejandra Obligado, emiti\u00f3 una resoluci\u00f3n en la que otorga una licencia por paternidad de 90 d\u00edas a un matrimonio igualitario de hombres, algo a lo que s\u00f3lo acced\u00edan las madres. La licencia de los padres, en cambio, consta de solo dos d\u00edas.<\/span><\/div>\n<\/div>\n<div><\/div>\n<div><span style=\"color: #000000;\"><em><strong>Nota emitida en\u00a0Canal 7 Noticias, Neuqu\u00e9n, sobre la pareja de Leonel y Luis, la Justicia les dio el SI para adoptar el 5 de junio y fueron los primeros en el pa\u00eds en\u00a0lograr la licencia por paternidad, antes que el caso de Mar del Palta difundido hace d\u00edas.<\/strong><\/em><\/span><\/div>\n<div><\/div>\n<p><iframe loading=\"lazy\" src=\"https:\/\/www.youtube.com\/embed\/CsPOb2GH9QA\" height=\"315\" width=\"420\" allowfullscreen=\"\" frameborder=\"0\"><\/iframe><\/p>\n<div>Fuente:\u00a0<strong>KARINA MAUREIRA a <\/strong>trav\u00e9s del Foro Enredados<\/div>\n","protected":false},"excerpt":{"rendered":"<p>Luego de la aprobaci\u00f3n del matrimonio igualitario en Argentina, el 5 de junio de este a\u00f1o la Justicia dictamin\u00f3 por primera vez dar la patria potestad a una pareja homoparental en Neuqu\u00e9n. Se trata de Leonel Cortes y Luis Hamada, quienes obtuvieron la guarda preadoptiva de un peque\u00f1o de 8 a\u00f1os. La jueza Marina Comas [&hellip;]<\/p>\n","protected":false},"author":1,"featured_media":0,"comment_status":"open","ping_status":"open","sticky":false,"template":"","format":"standard","meta":{"iawp_total_views":7,"footnotes":""},"categories":[9,21],"tags":[57,30,69,18],"class_list":["post-18915","post","type-post","status-publish","format-standard","hentry","category-de-esi-si-se-habla","category-noticias","tag-derechos-de-ninxs","tag-derechos-humanos","tag-igualdad-de-genero","tag-politicas-publicas"],"nelio_content":{"autoShareEndMode":"never","automationSources":{"useCustomSentences":false,"customSentences":[]},"efiAlt":"","efiUrl":"","followers":[],"highlights":[],"isAutoShareEnabled":true,"networkImageIds":[],"permalinkQueryArgs":[],"series":[],"suggestedReferences":[]},"yoast_head":"<!-- This site is optimized with the Yoast SEO plugin v27.5 - https:\/\/yoast.com\/product\/yoast-seo-wordpress\/ -->\n<title>Licencia por paternidad: La primera pareja que la obtuvo es neuquina - Diario Digital Femenino<\/title>\n<meta name=\"description\" content=\"Licencia por paternidad. La recibieron los neuquinos Leonel Cortes y Luis Hamada\" \/>\n<meta name=\"robots\" content=\"index, follow, max-snippet:-1, max-image-preview:large, max-video-preview:-1\" \/>\n<link rel=\"canonical\" href=\"https:\/\/diariofemenino.com.ar\/df\/licencia-por-paternidad-la-primera-pareja-que-la-obtuvo-es-neuquina\/\" \/>\n<meta property=\"og:locale\" content=\"es_ES\" \/>\n<meta property=\"og:type\" content=\"article\" \/>\n<meta property=\"og:title\" content=\"Licencia por paternidad: La primera pareja que la obtuvo es neuquina - Diario Digital Femenino\" \/>\n<meta property=\"og:description\" content=\"Licencia por paternidad. La recibieron los neuquinos Leonel Cortes y Luis Hamada\" \/>\n<meta property=\"og:url\" content=\"https:\/\/diariofemenino.com.ar\/df\/licencia-por-paternidad-la-primera-pareja-que-la-obtuvo-es-neuquina\/\" \/>\n<meta property=\"og:site_name\" content=\"Diario Digital Femenino\" \/>\n<meta property=\"article:publisher\" content=\"https:\/\/www.facebook.com\/DiarioDigitaFemenino\/\" \/>\n<meta property=\"article:published_time\" content=\"2015-07-24T01:51:18+00:00\" \/>\n<meta property=\"og:image\" content=\"http:\/\/www.diariofemenino.com.ar\/wp-content\/uploads\/pareja-hom-297x197.jpg\" \/>\n<meta name=\"author\" content=\"Admin\" \/>\n<meta name=\"twitter:card\" content=\"summary_large_image\" \/>\n<meta name=\"twitter:creator\" content=\"@DiarioFemenino1\" \/>\n<meta name=\"twitter:site\" content=\"@DiarioFemenino1\" \/>\n<meta name=\"twitter:label1\" content=\"Escrito por\" \/>\n\t<meta name=\"twitter:data1\" content=\"Admin\" \/>\n\t<meta name=\"twitter:label2\" content=\"Tiempo de lectura\" \/>\n\t<meta name=\"twitter:data2\" content=\"1 minuto\" \/>\n<script type=\"application\/ld+json\" class=\"yoast-schema-graph\">{\"@context\":\"https:\\\/\\\/schema.org\",\"@graph\":[{\"@type\":\"Article\",\"@id\":\"https:\\\/\\\/diariofemenino.com.ar\\\/df\\\/licencia-por-paternidad-la-primera-pareja-que-la-obtuvo-es-neuquina\\\/#article\",\"isPartOf\":{\"@id\":\"https:\\\/\\\/diariofemenino.com.ar\\\/df\\\/licencia-por-paternidad-la-primera-pareja-que-la-obtuvo-es-neuquina\\\/\"},\"author\":{\"name\":\"Admin\",\"@id\":\"https:\\\/\\\/diariofemenino.com.ar\\\/df\\\/#\\\/schema\\\/person\\\/38f54b3bfd13f561de2460ba95c169c6\"},\"headline\":\"Licencia por paternidad: La primera pareja que la obtuvo es neuquina\",\"datePublished\":\"2015-07-24T01:51:18+00:00\",\"mainEntityOfPage\":{\"@id\":\"https:\\\/\\\/diariofemenino.com.ar\\\/df\\\/licencia-por-paternidad-la-primera-pareja-que-la-obtuvo-es-neuquina\\\/\"},\"wordCount\":273,\"commentCount\":0,\"publisher\":{\"@id\":\"https:\\\/\\\/diariofemenino.com.ar\\\/df\\\/#organization\"},\"image\":{\"@id\":\"https:\\\/\\\/diariofemenino.com.ar\\\/df\\\/licencia-por-paternidad-la-primera-pareja-que-la-obtuvo-es-neuquina\\\/#primaryimage\"},\"thumbnailUrl\":\"http:\\\/\\\/www.diariofemenino.com.ar\\\/wp-content\\\/uploads\\\/pareja-hom-297x197.jpg\",\"keywords\":[\"Derechos de ni\u00f1xs\",\"Derechos Humanos\",\"Igualdad de G\u00e9nero\",\"Pol\u00edticas p\u00fablicas\"],\"articleSection\":[\"De ESI S\u00ed Se Habla\",\"Noticias\"],\"inLanguage\":\"es\",\"potentialAction\":[{\"@type\":\"CommentAction\",\"name\":\"Comment\",\"target\":[\"https:\\\/\\\/diariofemenino.com.ar\\\/df\\\/licencia-por-paternidad-la-primera-pareja-que-la-obtuvo-es-neuquina\\\/#respond\"]}]},{\"@type\":\"WebPage\",\"@id\":\"https:\\\/\\\/diariofemenino.com.ar\\\/df\\\/licencia-por-paternidad-la-primera-pareja-que-la-obtuvo-es-neuquina\\\/\",\"url\":\"https:\\\/\\\/diariofemenino.com.ar\\\/df\\\/licencia-por-paternidad-la-primera-pareja-que-la-obtuvo-es-neuquina\\\/\",\"name\":\"Licencia por paternidad: La primera pareja que la obtuvo es neuquina - Diario Digital Femenino\",\"isPartOf\":{\"@id\":\"https:\\\/\\\/diariofemenino.com.ar\\\/df\\\/#website\"},\"primaryImageOfPage\":{\"@id\":\"https:\\\/\\\/diariofemenino.com.ar\\\/df\\\/licencia-por-paternidad-la-primera-pareja-que-la-obtuvo-es-neuquina\\\/#primaryimage\"},\"image\":{\"@id\":\"https:\\\/\\\/diariofemenino.com.ar\\\/df\\\/licencia-por-paternidad-la-primera-pareja-que-la-obtuvo-es-neuquina\\\/#primaryimage\"},\"thumbnailUrl\":\"http:\\\/\\\/www.diariofemenino.com.ar\\\/wp-content\\\/uploads\\\/pareja-hom-297x197.jpg\",\"datePublished\":\"2015-07-24T01:51:18+00:00\",\"description\":\"Licencia por paternidad. La recibieron los neuquinos Leonel Cortes y Luis Hamada\",\"breadcrumb\":{\"@id\":\"https:\\\/\\\/diariofemenino.com.ar\\\/df\\\/licencia-por-paternidad-la-primera-pareja-que-la-obtuvo-es-neuquina\\\/#breadcrumb\"},\"inLanguage\":\"es\",\"potentialAction\":[{\"@type\":\"ReadAction\",\"target\":[\"https:\\\/\\\/diariofemenino.com.ar\\\/df\\\/licencia-por-paternidad-la-primera-pareja-que-la-obtuvo-es-neuquina\\\/\"]}]},{\"@type\":\"ImageObject\",\"inLanguage\":\"es\",\"@id\":\"https:\\\/\\\/diariofemenino.com.ar\\\/df\\\/licencia-por-paternidad-la-primera-pareja-que-la-obtuvo-es-neuquina\\\/#primaryimage\",\"url\":\"http:\\\/\\\/www.diariofemenino.com.ar\\\/wp-content\\\/uploads\\\/pareja-hom-297x197.jpg\",\"contentUrl\":\"http:\\\/\\\/www.diariofemenino.com.ar\\\/wp-content\\\/uploads\\\/pareja-hom-297x197.jpg\"},{\"@type\":\"BreadcrumbList\",\"@id\":\"https:\\\/\\\/diariofemenino.com.ar\\\/df\\\/licencia-por-paternidad-la-primera-pareja-que-la-obtuvo-es-neuquina\\\/#breadcrumb\",\"itemListElement\":[{\"@type\":\"ListItem\",\"position\":1,\"name\":\"Portada\",\"item\":\"https:\\\/\\\/diariofemenino.com.ar\\\/df\\\/\"},{\"@type\":\"ListItem\",\"position\":2,\"name\":\"Licencia por paternidad: La primera pareja que la obtuvo es neuquina\"}]},{\"@type\":\"WebSite\",\"@id\":\"https:\\\/\\\/diariofemenino.com.ar\\\/df\\\/#website\",\"url\":\"https:\\\/\\\/diariofemenino.com.ar\\\/df\\\/\",\"name\":\"Diario Digital Femenino\",\"description\":\"Cuesti\u00f3n de G\u00e9nero\",\"publisher\":{\"@id\":\"https:\\\/\\\/diariofemenino.com.ar\\\/df\\\/#organization\"},\"potentialAction\":[{\"@type\":\"SearchAction\",\"target\":{\"@type\":\"EntryPoint\",\"urlTemplate\":\"https:\\\/\\\/diariofemenino.com.ar\\\/df\\\/?s={search_term_string}\"},\"query-input\":{\"@type\":\"PropertyValueSpecification\",\"valueRequired\":true,\"valueName\":\"search_term_string\"}}],\"inLanguage\":\"es\"},{\"@type\":\"Organization\",\"@id\":\"https:\\\/\\\/diariofemenino.com.ar\\\/df\\\/#organization\",\"name\":\"Diario Femenino\",\"url\":\"https:\\\/\\\/diariofemenino.com.ar\\\/df\\\/\",\"logo\":{\"@type\":\"ImageObject\",\"inLanguage\":\"es\",\"@id\":\"https:\\\/\\\/diariofemenino.com.ar\\\/df\\\/#\\\/schema\\\/logo\\\/image\\\/\",\"url\":\"https:\\\/\\\/diariofemenino.com.ar\\\/df\\\/wp-content\\\/uploads\\\/2018\\\/10\\\/logo.png\",\"contentUrl\":\"https:\\\/\\\/diariofemenino.com.ar\\\/df\\\/wp-content\\\/uploads\\\/2018\\\/10\\\/logo.png\",\"width\":500,\"height\":92,\"caption\":\"Diario Femenino\"},\"image\":{\"@id\":\"https:\\\/\\\/diariofemenino.com.ar\\\/df\\\/#\\\/schema\\\/logo\\\/image\\\/\"},\"sameAs\":[\"https:\\\/\\\/www.facebook.com\\\/DiarioDigitaFemenino\\\/\",\"https:\\\/\\\/x.com\\\/DiarioFemenino1\"]},{\"@type\":\"Person\",\"@id\":\"https:\\\/\\\/diariofemenino.com.ar\\\/df\\\/#\\\/schema\\\/person\\\/38f54b3bfd13f561de2460ba95c169c6\",\"name\":\"Admin\",\"image\":{\"@type\":\"ImageObject\",\"inLanguage\":\"es\",\"@id\":\"https:\\\/\\\/diariofemenino.com.ar\\\/df\\\/wp-content\\\/uploads\\\/2018\\\/12\\\/favicon-150x150.jpg\",\"url\":\"https:\\\/\\\/diariofemenino.com.ar\\\/df\\\/wp-content\\\/uploads\\\/2018\\\/12\\\/favicon-150x150.jpg\",\"contentUrl\":\"https:\\\/\\\/diariofemenino.com.ar\\\/df\\\/wp-content\\\/uploads\\\/2018\\\/12\\\/favicon-150x150.jpg\",\"caption\":\"Admin\"},\"url\":\"https:\\\/\\\/diariofemenino.com.ar\\\/df\\\/author\\\/adm18df\\\/\"}]}<\/script>\n<!-- \/ Yoast SEO plugin. -->","yoast_head_json":{"title":"Licencia por paternidad: La primera pareja que la obtuvo es neuquina - Diario Digital Femenino","description":"Licencia por paternidad. La recibieron los neuquinos Leonel Cortes y Luis Hamada","robots":{"index":"index","follow":"follow","max-snippet":"max-snippet:-1","max-image-preview":"max-image-preview:large","max-video-preview":"max-video-preview:-1"},"canonical":"https:\/\/diariofemenino.com.ar\/df\/licencia-por-paternidad-la-primera-pareja-que-la-obtuvo-es-neuquina\/","og_locale":"es_ES","og_type":"article","og_title":"Licencia por paternidad: La primera pareja que la obtuvo es neuquina - Diario Digital Femenino","og_description":"Licencia por paternidad. La recibieron los neuquinos Leonel Cortes y Luis Hamada","og_url":"https:\/\/diariofemenino.com.ar\/df\/licencia-por-paternidad-la-primera-pareja-que-la-obtuvo-es-neuquina\/","og_site_name":"Diario Digital Femenino","article_publisher":"https:\/\/www.facebook.com\/DiarioDigitaFemenino\/","article_published_time":"2015-07-24T01:51:18+00:00","og_image":[{"url":"http:\/\/www.diariofemenino.com.ar\/wp-content\/uploads\/pareja-hom-297x197.jpg","type":"","width":"","height":""}],"author":"Admin","twitter_card":"summary_large_image","twitter_creator":"@DiarioFemenino1","twitter_site":"@DiarioFemenino1","twitter_misc":{"Escrito por":"Admin","Tiempo de lectura":"1 minuto"},"schema":{"@context":"https:\/\/schema.org","@graph":[{"@type":"Article","@id":"https:\/\/diariofemenino.com.ar\/df\/licencia-por-paternidad-la-primera-pareja-que-la-obtuvo-es-neuquina\/#article","isPartOf":{"@id":"https:\/\/diariofemenino.com.ar\/df\/licencia-por-paternidad-la-primera-pareja-que-la-obtuvo-es-neuquina\/"},"author":{"name":"Admin","@id":"https:\/\/diariofemenino.com.ar\/df\/#\/schema\/person\/38f54b3bfd13f561de2460ba95c169c6"},"headline":"Licencia por paternidad: La primera pareja que la obtuvo es neuquina","datePublished":"2015-07-24T01:51:18+00:00","mainEntityOfPage":{"@id":"https:\/\/diariofemenino.com.ar\/df\/licencia-por-paternidad-la-primera-pareja-que-la-obtuvo-es-neuquina\/"},"wordCount":273,"commentCount":0,"publisher":{"@id":"https:\/\/diariofemenino.com.ar\/df\/#organization"},"image":{"@id":"https:\/\/diariofemenino.com.ar\/df\/licencia-por-paternidad-la-primera-pareja-que-la-obtuvo-es-neuquina\/#primaryimage"},"thumbnailUrl":"http:\/\/www.diariofemenino.com.ar\/wp-content\/uploads\/pareja-hom-297x197.jpg","keywords":["Derechos de ni\u00f1xs","Derechos Humanos","Igualdad de G\u00e9nero","Pol\u00edticas p\u00fablicas"],"articleSection":["De ESI S\u00ed Se Habla","Noticias"],"inLanguage":"es","potentialAction":[{"@type":"CommentAction","name":"Comment","target":["https:\/\/diariofemenino.com.ar\/df\/licencia-por-paternidad-la-primera-pareja-que-la-obtuvo-es-neuquina\/#respond"]}]},{"@type":"WebPage","@id":"https:\/\/diariofemenino.com.ar\/df\/licencia-por-paternidad-la-primera-pareja-que-la-obtuvo-es-neuquina\/","url":"https:\/\/diariofemenino.com.ar\/df\/licencia-por-paternidad-la-primera-pareja-que-la-obtuvo-es-neuquina\/","name":"Licencia por paternidad: La primera pareja que la obtuvo es neuquina - Diario Digital Femenino","isPartOf":{"@id":"https:\/\/diariofemenino.com.ar\/df\/#website"},"primaryImageOfPage":{"@id":"https:\/\/diariofemenino.com.ar\/df\/licencia-por-paternidad-la-primera-pareja-que-la-obtuvo-es-neuquina\/#primaryimage"},"image":{"@id":"https:\/\/diariofemenino.com.ar\/df\/licencia-por-paternidad-la-primera-pareja-que-la-obtuvo-es-neuquina\/#primaryimage"},"thumbnailUrl":"http:\/\/www.diariofemenino.com.ar\/wp-content\/uploads\/pareja-hom-297x197.jpg","datePublished":"2015-07-24T01:51:18+00:00","description":"Licencia por paternidad. La recibieron los neuquinos Leonel Cortes y Luis Hamada","breadcrumb":{"@id":"https:\/\/diariofemenino.com.ar\/df\/licencia-por-paternidad-la-primera-pareja-que-la-obtuvo-es-neuquina\/#breadcrumb"},"inLanguage":"es","potentialAction":[{"@type":"ReadAction","target":["https:\/\/diariofemenino.com.ar\/df\/licencia-por-paternidad-la-primera-pareja-que-la-obtuvo-es-neuquina\/"]}]},{"@type":"ImageObject","inLanguage":"es","@id":"https:\/\/diariofemenino.com.ar\/df\/licencia-por-paternidad-la-primera-pareja-que-la-obtuvo-es-neuquina\/#primaryimage","url":"http:\/\/www.diariofemenino.com.ar\/wp-content\/uploads\/pareja-hom-297x197.jpg","contentUrl":"http:\/\/www.diariofemenino.com.ar\/wp-content\/uploads\/pareja-hom-297x197.jpg"},{"@type":"BreadcrumbList","@id":"https:\/\/diariofemenino.com.ar\/df\/licencia-por-paternidad-la-primera-pareja-que-la-obtuvo-es-neuquina\/#breadcrumb","itemListElement":[{"@type":"ListItem","position":1,"name":"Portada","item":"https:\/\/diariofemenino.com.ar\/df\/"},{"@type":"ListItem","position":2,"name":"Licencia por paternidad: La primera pareja que la obtuvo es neuquina"}]},{"@type":"WebSite","@id":"https:\/\/diariofemenino.com.ar\/df\/#website","url":"https:\/\/diariofemenino.com.ar\/df\/","name":"Diario Digital Femenino","description":"Cuesti\u00f3n de G\u00e9nero","publisher":{"@id":"https:\/\/diariofemenino.com.ar\/df\/#organization"},"potentialAction":[{"@type":"SearchAction","target":{"@type":"EntryPoint","urlTemplate":"https:\/\/diariofemenino.com.ar\/df\/?s={search_term_string}"},"query-input":{"@type":"PropertyValueSpecification","valueRequired":true,"valueName":"search_term_string"}}],"inLanguage":"es"},{"@type":"Organization","@id":"https:\/\/diariofemenino.com.ar\/df\/#organization","name":"Diario Femenino","url":"https:\/\/diariofemenino.com.ar\/df\/","logo":{"@type":"ImageObject","inLanguage":"es","@id":"https:\/\/diariofemenino.com.ar\/df\/#\/schema\/logo\/image\/","url":"https:\/\/diariofemenino.com.ar\/df\/wp-content\/uploads\/2018\/10\/logo.png","contentUrl":"https:\/\/diariofemenino.com.ar\/df\/wp-content\/uploads\/2018\/10\/logo.png","width":500,"height":92,"caption":"Diario Femenino"},"image":{"@id":"https:\/\/diariofemenino.com.ar\/df\/#\/schema\/logo\/image\/"},"sameAs":["https:\/\/www.facebook.com\/DiarioDigitaFemenino\/","https:\/\/x.com\/DiarioFemenino1"]},{"@type":"Person","@id":"https:\/\/diariofemenino.com.ar\/df\/#\/schema\/person\/38f54b3bfd13f561de2460ba95c169c6","name":"Admin","image":{"@type":"ImageObject","inLanguage":"es","@id":"https:\/\/diariofemenino.com.ar\/df\/wp-content\/uploads\/2018\/12\/favicon-150x150.jpg","url":"https:\/\/diariofemenino.com.ar\/df\/wp-content\/uploads\/2018\/12\/favicon-150x150.jpg","contentUrl":"https:\/\/diariofemenino.com.ar\/df\/wp-content\/uploads\/2018\/12\/favicon-150x150.jpg","caption":"Admin"},"url":"https:\/\/diariofemenino.com.ar\/df\/author\/adm18df\/"}]}},"jetpack_featured_media_url":"","jetpack_sharing_enabled":true,"rttpg_featured_image_url":null,"rttpg_author":{"display_name":"Admin","author_link":"https:\/\/diariofemenino.com.ar\/df\/author\/adm18df\/"},"rttpg_comment":0,"rttpg_category":"<a href=\"https:\/\/diariofemenino.com.ar\/df\/category\/de-esi-si-se-habla\/\" rel=\"category tag\">De ESI S\u00ed Se Habla<\/a> <a href=\"https:\/\/diariofemenino.com.ar\/df\/category\/noticias\/\" rel=\"category tag\">Noticias<\/a>","rttpg_excerpt":"Luego de la aprobaci\u00f3n del matrimonio igualitario en Argentina, el 5 de junio de este a\u00f1o la Justicia dictamin\u00f3 por primera vez dar la patria potestad a una pareja homoparental en Neuqu\u00e9n. Se trata de Leonel Cortes y Luis Hamada, quienes obtuvieron la guarda preadoptiva de un peque\u00f1o de 8 a\u00f1os. La jueza Marina Comas&hellip;","_links":{"self":[{"href":"https:\/\/diariofemenino.com.ar\/df\/wp-json\/wp\/v2\/posts\/18915","targetHints":{"allow":["GET"]}}],"collection":[{"href":"https:\/\/diariofemenino.com.ar\/df\/wp-json\/wp\/v2\/posts"}],"about":[{"href":"https:\/\/diariofemenino.com.ar\/df\/wp-json\/wp\/v2\/types\/post"}],"author":[{"embeddable":true,"href":"https:\/\/diariofemenino.com.ar\/df\/wp-json\/wp\/v2\/users\/1"}],"replies":[{"embeddable":true,"href":"https:\/\/diariofemenino.com.ar\/df\/wp-json\/wp\/v2\/comments?post=18915"}],"version-history":[{"count":0,"href":"https:\/\/diariofemenino.com.ar\/df\/wp-json\/wp\/v2\/posts\/18915\/revisions"}],"wp:attachment":[{"href":"https:\/\/diariofemenino.com.ar\/df\/wp-json\/wp\/v2\/media?parent=18915"}],"wp:term":[{"taxonomy":"category","embeddable":true,"href":"https:\/\/diariofemenino.com.ar\/df\/wp-json\/wp\/v2\/categories?post=18915"},{"taxonomy":"post_tag","embeddable":true,"href":"https:\/\/diariofemenino.com.ar\/df\/wp-json\/wp\/v2\/tags?post=18915"}],"curies":[{"name":"wp","href":"https:\/\/api.w.org\/{rel}","templated":true}]}}