{"id":18905,"date":"2015-07-23T18:30:52","date_gmt":"2015-07-23T21:30:52","guid":{"rendered":"http:\/\/www.diariofemenino.com.ar\/?p=18905"},"modified":"2015-07-23T18:30:52","modified_gmt":"2015-07-23T21:30:52","slug":"colectiva-feminista-mala-junta","status":"publish","type":"post","link":"https:\/\/diariofemenino.com.ar\/df\/colectiva-feminista-mala-junta\/","title":{"rendered":"Lanzan Colectiva Feminista en La Pampa"},"content":{"rendered":"<p align=\"center\"><strong><span style=\"color: #000000;\">Se lanza la colectiva Mala Junta en la provincia de La Pampa<\/span><\/strong><\/p>\n<p><figure id=\"attachment_18907\" aria-describedby=\"caption-attachment-18907\" style=\"width: 538px\" class=\"wp-caption alignnone\"><a href=\"http:\/\/www.diariofemenino.com.ar\/wp-content\/uploads\/Colectiva-feminista.jpg\"><img loading=\"lazy\" decoding=\"async\" class=\"size-full wp-image-18907\" alt=\"Colectiva Feminista Mala Junta\" src=\"http:\/\/www.diariofemenino.com.ar\/wp-content\/uploads\/Colectiva-feminista.jpg\" width=\"538\" height=\"404\" \/><\/a><figcaption id=\"caption-attachment-18907\" class=\"wp-caption-text\">Colectiva Feminista Mala Junta<\/figcaption><\/figure><br \/>\n<span style=\"color: #000000;\">El <strong>s\u00e1bado 25 de Julio<\/strong> se realizar\u00e1 el lanzamiento de la <strong><em>Colectiva Feminista Mala Junta<\/em><\/strong>. Ser\u00e1 a las 18 hs. en la Casa Popular Patria Grande, ubicada en la calle <strong>Gonz\u00e1lez N\u00b033.<\/strong> Est\u00e1 prevista una charla abierta sobre \u00abG\u00e9nero y Diversidad Sexual\u00bb, con la idea de comenzar a construir una agenda feminista popular.<\/span><br \/>\n<span style=\"color: #000000;\">Pilar Galende, referente de la Colectiva destaco que Mala Junta \u201cnace del Movimiento Popular Patria Grande, como producto de la lucha feminista, en los colectivos de mujeres y de diversidad sexual. Nuestro feminismo es popular, porque entiende la necesidad de transformar no s\u00f3lo el sistema patriarcal dominante sino tambi\u00e9n al capitalismo, que lo tiene como principal aliado\u201d.<\/span><br \/>\n<span style=\"color: #000000;\">A su vez, enfatiz\u00f3 en que esta organizaci\u00f3n entiende \u201cel feminismo como una pr\u00e1ctica pol\u00edtica transformadora, protagonizada por sujetos m\u00faltiples. No es s\u00f3lo un \u2018problema de mujeres\u2019 e invitamos a pensar la liberaci\u00f3n del sistema patriarcal incluyendo las reivindicaciones de los colectivos LGTTTBIQ\u201d.<\/span><br \/>\n<span style=\"color: #000000;\">Por otra parte, Valeria Alfageme explic\u00f3 la raz\u00f3n del nombre \u201cMala Junta\u201d afirmando que lo que se pretende es \u201cjuntar a todas las identidades que el patriarcado ha buscado silenciar y normativizar: para el sistema, son mala junta. Juntar, reunir, es lo que nos proponemos hacer fundamentalmente\u201d.<\/span><br \/>\n<span style=\"color: #000000;\">Es preciso destacar que el lanzamiento del colectivo Mala Junta se inscribe dentro de las actividades de campa\u00f1a del Movimiento Popular\u00a0 Patria Grande La Pampa de cara a las elecciones de octubre. En ellas, Patria Grande presentar\u00e1 candidatos a gobernador, diputados provinciales e intendentes en General Pico y Santa Rosa.<\/span><br \/>\n&nbsp;<br \/>\n<span style=\"color: #000000;\">Por Contactos para notas:<\/span><br \/>\n<span style=\"color: #000000;\">Consultar a la redacci\u00f3n de<\/span> <strong><span style=\"color: #800080;\">Diario Digital Femenino<\/span><\/strong><br \/>\n<strong><span style=\"text-decoration: underline;\">\u00a0<\/span><\/strong><\/p>\n","protected":false},"excerpt":{"rendered":"<p>Se lanza la colectiva Mala Junta en la provincia de La Pampa El s\u00e1bado 25 de Julio se realizar\u00e1 el lanzamiento de la Colectiva Feminista Mala Junta. Ser\u00e1 a las 18 hs. en la Casa Popular Patria Grande, ubicada en la calle Gonz\u00e1lez N\u00b033. Est\u00e1 prevista una charla abierta sobre \u00abG\u00e9nero y Diversidad Sexual\u00bb, con [&hellip;]<\/p>\n","protected":false},"author":1,"featured_media":0,"comment_status":"open","ping_status":"open","sticky":false,"template":"","format":"standard","meta":{"iawp_total_views":6,"footnotes":""},"categories":[9,4,21],"tags":[25,53,30,26,44],"class_list":["post-18905","post","type-post","status-publish","format-standard","hentry","category-de-esi-si-se-habla","category-medios","category-noticias","tag-activismo","tag-derechos-de-las-mujeres","tag-derechos-humanos","tag-feminismo","tag-politica"],"nelio_content":{"autoShareEndMode":"never","automationSources":{"useCustomSentences":false,"customSentences":[]},"efiAlt":"","efiUrl":"","followers":[],"highlights":[],"isAutoShareEnabled":true,"networkImageIds":[],"permalinkQueryArgs":[],"series":[],"suggestedReferences":[]},"yoast_head":"<!-- This site is optimized with the Yoast SEO plugin v27.5 - https:\/\/yoast.com\/product\/yoast-seo-wordpress\/ -->\n<title>Lanzan Colectiva Feminista en La Pampa - Diario Digital Femenino<\/title>\n<meta name=\"description\" content=\"Colectiva feminista Mala Junta, el pr\u00f3ximo s\u00e1bado 25 de julio a las 17hs se realizar\u00e1 el lanzamiento con una charla sobre &quot;G\u00e9nero y Diversidad Sexual\u00b7\" \/>\n<meta name=\"robots\" content=\"index, follow, max-snippet:-1, max-image-preview:large, max-video-preview:-1\" \/>\n<link rel=\"canonical\" href=\"https:\/\/diariofemenino.com.ar\/df\/colectiva-feminista-mala-junta\/\" \/>\n<meta property=\"og:locale\" content=\"es_ES\" \/>\n<meta property=\"og:type\" content=\"article\" \/>\n<meta property=\"og:title\" content=\"Lanzan Colectiva Feminista en La Pampa - Diario Digital Femenino\" \/>\n<meta property=\"og:description\" content=\"Colectiva feminista Mala Junta, el pr\u00f3ximo s\u00e1bado 25 de julio a las 17hs se realizar\u00e1 el lanzamiento con una charla sobre &quot;G\u00e9nero y Diversidad Sexual\u00b7\" \/>\n<meta property=\"og:url\" content=\"https:\/\/diariofemenino.com.ar\/df\/colectiva-feminista-mala-junta\/\" \/>\n<meta property=\"og:site_name\" content=\"Diario Digital Femenino\" \/>\n<meta property=\"article:publisher\" content=\"https:\/\/www.facebook.com\/DiarioDigitaFemenino\/\" \/>\n<meta property=\"article:published_time\" content=\"2015-07-23T21:30:52+00:00\" \/>\n<meta property=\"og:image\" content=\"http:\/\/www.diariofemenino.com.ar\/wp-content\/uploads\/Colectiva-feminista.jpg\" \/>\n<meta name=\"author\" content=\"Admin\" \/>\n<meta name=\"twitter:card\" content=\"summary_large_image\" \/>\n<meta name=\"twitter:creator\" content=\"@DiarioFemenino1\" \/>\n<meta name=\"twitter:site\" content=\"@DiarioFemenino1\" \/>\n<meta name=\"twitter:label1\" content=\"Escrito por\" \/>\n\t<meta name=\"twitter:data1\" content=\"Admin\" \/>\n\t<meta name=\"twitter:label2\" content=\"Tiempo de lectura\" \/>\n\t<meta name=\"twitter:data2\" content=\"1 minuto\" \/>\n<script type=\"application\/ld+json\" class=\"yoast-schema-graph\">{\"@context\":\"https:\\\/\\\/schema.org\",\"@graph\":[{\"@type\":\"Article\",\"@id\":\"https:\\\/\\\/diariofemenino.com.ar\\\/df\\\/colectiva-feminista-mala-junta\\\/#article\",\"isPartOf\":{\"@id\":\"https:\\\/\\\/diariofemenino.com.ar\\\/df\\\/colectiva-feminista-mala-junta\\\/\"},\"author\":{\"name\":\"Admin\",\"@id\":\"https:\\\/\\\/diariofemenino.com.ar\\\/df\\\/#\\\/schema\\\/person\\\/38f54b3bfd13f561de2460ba95c169c6\"},\"headline\":\"Lanzan Colectiva Feminista en La Pampa\",\"datePublished\":\"2015-07-23T21:30:52+00:00\",\"mainEntityOfPage\":{\"@id\":\"https:\\\/\\\/diariofemenino.com.ar\\\/df\\\/colectiva-feminista-mala-junta\\\/\"},\"wordCount\":304,\"commentCount\":0,\"publisher\":{\"@id\":\"https:\\\/\\\/diariofemenino.com.ar\\\/df\\\/#organization\"},\"image\":{\"@id\":\"https:\\\/\\\/diariofemenino.com.ar\\\/df\\\/colectiva-feminista-mala-junta\\\/#primaryimage\"},\"thumbnailUrl\":\"http:\\\/\\\/www.diariofemenino.com.ar\\\/wp-content\\\/uploads\\\/Colectiva-feminista.jpg\",\"keywords\":[\"Activismo\",\"Derechos de las mujeres\",\"Derechos Humanos\",\"Feminismo\",\"Pol\u00edtica\"],\"articleSection\":[\"De ESI S\u00ed Se Habla\",\"Medios\",\"Noticias\"],\"inLanguage\":\"es\",\"potentialAction\":[{\"@type\":\"CommentAction\",\"name\":\"Comment\",\"target\":[\"https:\\\/\\\/diariofemenino.com.ar\\\/df\\\/colectiva-feminista-mala-junta\\\/#respond\"]}]},{\"@type\":\"WebPage\",\"@id\":\"https:\\\/\\\/diariofemenino.com.ar\\\/df\\\/colectiva-feminista-mala-junta\\\/\",\"url\":\"https:\\\/\\\/diariofemenino.com.ar\\\/df\\\/colectiva-feminista-mala-junta\\\/\",\"name\":\"Lanzan Colectiva Feminista en La Pampa - Diario Digital Femenino\",\"isPartOf\":{\"@id\":\"https:\\\/\\\/diariofemenino.com.ar\\\/df\\\/#website\"},\"primaryImageOfPage\":{\"@id\":\"https:\\\/\\\/diariofemenino.com.ar\\\/df\\\/colectiva-feminista-mala-junta\\\/#primaryimage\"},\"image\":{\"@id\":\"https:\\\/\\\/diariofemenino.com.ar\\\/df\\\/colectiva-feminista-mala-junta\\\/#primaryimage\"},\"thumbnailUrl\":\"http:\\\/\\\/www.diariofemenino.com.ar\\\/wp-content\\\/uploads\\\/Colectiva-feminista.jpg\",\"datePublished\":\"2015-07-23T21:30:52+00:00\",\"description\":\"Colectiva feminista Mala Junta, el pr\u00f3ximo s\u00e1bado 25 de julio a las 17hs se realizar\u00e1 el lanzamiento con una charla sobre \\\"G\u00e9nero y Diversidad Sexual\u00b7\",\"breadcrumb\":{\"@id\":\"https:\\\/\\\/diariofemenino.com.ar\\\/df\\\/colectiva-feminista-mala-junta\\\/#breadcrumb\"},\"inLanguage\":\"es\",\"potentialAction\":[{\"@type\":\"ReadAction\",\"target\":[\"https:\\\/\\\/diariofemenino.com.ar\\\/df\\\/colectiva-feminista-mala-junta\\\/\"]}]},{\"@type\":\"ImageObject\",\"inLanguage\":\"es\",\"@id\":\"https:\\\/\\\/diariofemenino.com.ar\\\/df\\\/colectiva-feminista-mala-junta\\\/#primaryimage\",\"url\":\"http:\\\/\\\/www.diariofemenino.com.ar\\\/wp-content\\\/uploads\\\/Colectiva-feminista.jpg\",\"contentUrl\":\"http:\\\/\\\/www.diariofemenino.com.ar\\\/wp-content\\\/uploads\\\/Colectiva-feminista.jpg\"},{\"@type\":\"BreadcrumbList\",\"@id\":\"https:\\\/\\\/diariofemenino.com.ar\\\/df\\\/colectiva-feminista-mala-junta\\\/#breadcrumb\",\"itemListElement\":[{\"@type\":\"ListItem\",\"position\":1,\"name\":\"Portada\",\"item\":\"https:\\\/\\\/diariofemenino.com.ar\\\/df\\\/\"},{\"@type\":\"ListItem\",\"position\":2,\"name\":\"Lanzan Colectiva Feminista en La Pampa\"}]},{\"@type\":\"WebSite\",\"@id\":\"https:\\\/\\\/diariofemenino.com.ar\\\/df\\\/#website\",\"url\":\"https:\\\/\\\/diariofemenino.com.ar\\\/df\\\/\",\"name\":\"Diario Digital Femenino\",\"description\":\"Cuesti\u00f3n de G\u00e9nero\",\"publisher\":{\"@id\":\"https:\\\/\\\/diariofemenino.com.ar\\\/df\\\/#organization\"},\"potentialAction\":[{\"@type\":\"SearchAction\",\"target\":{\"@type\":\"EntryPoint\",\"urlTemplate\":\"https:\\\/\\\/diariofemenino.com.ar\\\/df\\\/?s={search_term_string}\"},\"query-input\":{\"@type\":\"PropertyValueSpecification\",\"valueRequired\":true,\"valueName\":\"search_term_string\"}}],\"inLanguage\":\"es\"},{\"@type\":\"Organization\",\"@id\":\"https:\\\/\\\/diariofemenino.com.ar\\\/df\\\/#organization\",\"name\":\"Diario Femenino\",\"url\":\"https:\\\/\\\/diariofemenino.com.ar\\\/df\\\/\",\"logo\":{\"@type\":\"ImageObject\",\"inLanguage\":\"es\",\"@id\":\"https:\\\/\\\/diariofemenino.com.ar\\\/df\\\/#\\\/schema\\\/logo\\\/image\\\/\",\"url\":\"https:\\\/\\\/diariofemenino.com.ar\\\/df\\\/wp-content\\\/uploads\\\/2018\\\/10\\\/logo.png\",\"contentUrl\":\"https:\\\/\\\/diariofemenino.com.ar\\\/df\\\/wp-content\\\/uploads\\\/2018\\\/10\\\/logo.png\",\"width\":500,\"height\":92,\"caption\":\"Diario Femenino\"},\"image\":{\"@id\":\"https:\\\/\\\/diariofemenino.com.ar\\\/df\\\/#\\\/schema\\\/logo\\\/image\\\/\"},\"sameAs\":[\"https:\\\/\\\/www.facebook.com\\\/DiarioDigitaFemenino\\\/\",\"https:\\\/\\\/x.com\\\/DiarioFemenino1\"]},{\"@type\":\"Person\",\"@id\":\"https:\\\/\\\/diariofemenino.com.ar\\\/df\\\/#\\\/schema\\\/person\\\/38f54b3bfd13f561de2460ba95c169c6\",\"name\":\"Admin\",\"image\":{\"@type\":\"ImageObject\",\"inLanguage\":\"es\",\"@id\":\"https:\\\/\\\/diariofemenino.com.ar\\\/df\\\/wp-content\\\/uploads\\\/2018\\\/12\\\/favicon-150x150.jpg\",\"url\":\"https:\\\/\\\/diariofemenino.com.ar\\\/df\\\/wp-content\\\/uploads\\\/2018\\\/12\\\/favicon-150x150.jpg\",\"contentUrl\":\"https:\\\/\\\/diariofemenino.com.ar\\\/df\\\/wp-content\\\/uploads\\\/2018\\\/12\\\/favicon-150x150.jpg\",\"caption\":\"Admin\"},\"url\":\"https:\\\/\\\/diariofemenino.com.ar\\\/df\\\/author\\\/adm18df\\\/\"}]}<\/script>\n<!-- \/ Yoast SEO plugin. -->","yoast_head_json":{"title":"Lanzan Colectiva Feminista en La Pampa - Diario Digital Femenino","description":"Colectiva feminista Mala Junta, el pr\u00f3ximo s\u00e1bado 25 de julio a las 17hs se realizar\u00e1 el lanzamiento con una charla sobre \"G\u00e9nero y Diversidad Sexual\u00b7","robots":{"index":"index","follow":"follow","max-snippet":"max-snippet:-1","max-image-preview":"max-image-preview:large","max-video-preview":"max-video-preview:-1"},"canonical":"https:\/\/diariofemenino.com.ar\/df\/colectiva-feminista-mala-junta\/","og_locale":"es_ES","og_type":"article","og_title":"Lanzan Colectiva Feminista en La Pampa - Diario Digital Femenino","og_description":"Colectiva feminista Mala Junta, el pr\u00f3ximo s\u00e1bado 25 de julio a las 17hs se realizar\u00e1 el lanzamiento con una charla sobre \"G\u00e9nero y Diversidad Sexual\u00b7","og_url":"https:\/\/diariofemenino.com.ar\/df\/colectiva-feminista-mala-junta\/","og_site_name":"Diario Digital Femenino","article_publisher":"https:\/\/www.facebook.com\/DiarioDigitaFemenino\/","article_published_time":"2015-07-23T21:30:52+00:00","og_image":[{"url":"http:\/\/www.diariofemenino.com.ar\/wp-content\/uploads\/Colectiva-feminista.jpg","type":"","width":"","height":""}],"author":"Admin","twitter_card":"summary_large_image","twitter_creator":"@DiarioFemenino1","twitter_site":"@DiarioFemenino1","twitter_misc":{"Escrito por":"Admin","Tiempo de lectura":"1 minuto"},"schema":{"@context":"https:\/\/schema.org","@graph":[{"@type":"Article","@id":"https:\/\/diariofemenino.com.ar\/df\/colectiva-feminista-mala-junta\/#article","isPartOf":{"@id":"https:\/\/diariofemenino.com.ar\/df\/colectiva-feminista-mala-junta\/"},"author":{"name":"Admin","@id":"https:\/\/diariofemenino.com.ar\/df\/#\/schema\/person\/38f54b3bfd13f561de2460ba95c169c6"},"headline":"Lanzan Colectiva Feminista en La Pampa","datePublished":"2015-07-23T21:30:52+00:00","mainEntityOfPage":{"@id":"https:\/\/diariofemenino.com.ar\/df\/colectiva-feminista-mala-junta\/"},"wordCount":304,"commentCount":0,"publisher":{"@id":"https:\/\/diariofemenino.com.ar\/df\/#organization"},"image":{"@id":"https:\/\/diariofemenino.com.ar\/df\/colectiva-feminista-mala-junta\/#primaryimage"},"thumbnailUrl":"http:\/\/www.diariofemenino.com.ar\/wp-content\/uploads\/Colectiva-feminista.jpg","keywords":["Activismo","Derechos de las mujeres","Derechos Humanos","Feminismo","Pol\u00edtica"],"articleSection":["De ESI S\u00ed Se Habla","Medios","Noticias"],"inLanguage":"es","potentialAction":[{"@type":"CommentAction","name":"Comment","target":["https:\/\/diariofemenino.com.ar\/df\/colectiva-feminista-mala-junta\/#respond"]}]},{"@type":"WebPage","@id":"https:\/\/diariofemenino.com.ar\/df\/colectiva-feminista-mala-junta\/","url":"https:\/\/diariofemenino.com.ar\/df\/colectiva-feminista-mala-junta\/","name":"Lanzan Colectiva Feminista en La Pampa - Diario Digital Femenino","isPartOf":{"@id":"https:\/\/diariofemenino.com.ar\/df\/#website"},"primaryImageOfPage":{"@id":"https:\/\/diariofemenino.com.ar\/df\/colectiva-feminista-mala-junta\/#primaryimage"},"image":{"@id":"https:\/\/diariofemenino.com.ar\/df\/colectiva-feminista-mala-junta\/#primaryimage"},"thumbnailUrl":"http:\/\/www.diariofemenino.com.ar\/wp-content\/uploads\/Colectiva-feminista.jpg","datePublished":"2015-07-23T21:30:52+00:00","description":"Colectiva feminista Mala Junta, el pr\u00f3ximo s\u00e1bado 25 de julio a las 17hs se realizar\u00e1 el lanzamiento con una charla sobre \"G\u00e9nero y Diversidad Sexual\u00b7","breadcrumb":{"@id":"https:\/\/diariofemenino.com.ar\/df\/colectiva-feminista-mala-junta\/#breadcrumb"},"inLanguage":"es","potentialAction":[{"@type":"ReadAction","target":["https:\/\/diariofemenino.com.ar\/df\/colectiva-feminista-mala-junta\/"]}]},{"@type":"ImageObject","inLanguage":"es","@id":"https:\/\/diariofemenino.com.ar\/df\/colectiva-feminista-mala-junta\/#primaryimage","url":"http:\/\/www.diariofemenino.com.ar\/wp-content\/uploads\/Colectiva-feminista.jpg","contentUrl":"http:\/\/www.diariofemenino.com.ar\/wp-content\/uploads\/Colectiva-feminista.jpg"},{"@type":"BreadcrumbList","@id":"https:\/\/diariofemenino.com.ar\/df\/colectiva-feminista-mala-junta\/#breadcrumb","itemListElement":[{"@type":"ListItem","position":1,"name":"Portada","item":"https:\/\/diariofemenino.com.ar\/df\/"},{"@type":"ListItem","position":2,"name":"Lanzan Colectiva Feminista en La Pampa"}]},{"@type":"WebSite","@id":"https:\/\/diariofemenino.com.ar\/df\/#website","url":"https:\/\/diariofemenino.com.ar\/df\/","name":"Diario Digital Femenino","description":"Cuesti\u00f3n de G\u00e9nero","publisher":{"@id":"https:\/\/diariofemenino.com.ar\/df\/#organization"},"potentialAction":[{"@type":"SearchAction","target":{"@type":"EntryPoint","urlTemplate":"https:\/\/diariofemenino.com.ar\/df\/?s={search_term_string}"},"query-input":{"@type":"PropertyValueSpecification","valueRequired":true,"valueName":"search_term_string"}}],"inLanguage":"es"},{"@type":"Organization","@id":"https:\/\/diariofemenino.com.ar\/df\/#organization","name":"Diario Femenino","url":"https:\/\/diariofemenino.com.ar\/df\/","logo":{"@type":"ImageObject","inLanguage":"es","@id":"https:\/\/diariofemenino.com.ar\/df\/#\/schema\/logo\/image\/","url":"https:\/\/diariofemenino.com.ar\/df\/wp-content\/uploads\/2018\/10\/logo.png","contentUrl":"https:\/\/diariofemenino.com.ar\/df\/wp-content\/uploads\/2018\/10\/logo.png","width":500,"height":92,"caption":"Diario Femenino"},"image":{"@id":"https:\/\/diariofemenino.com.ar\/df\/#\/schema\/logo\/image\/"},"sameAs":["https:\/\/www.facebook.com\/DiarioDigitaFemenino\/","https:\/\/x.com\/DiarioFemenino1"]},{"@type":"Person","@id":"https:\/\/diariofemenino.com.ar\/df\/#\/schema\/person\/38f54b3bfd13f561de2460ba95c169c6","name":"Admin","image":{"@type":"ImageObject","inLanguage":"es","@id":"https:\/\/diariofemenino.com.ar\/df\/wp-content\/uploads\/2018\/12\/favicon-150x150.jpg","url":"https:\/\/diariofemenino.com.ar\/df\/wp-content\/uploads\/2018\/12\/favicon-150x150.jpg","contentUrl":"https:\/\/diariofemenino.com.ar\/df\/wp-content\/uploads\/2018\/12\/favicon-150x150.jpg","caption":"Admin"},"url":"https:\/\/diariofemenino.com.ar\/df\/author\/adm18df\/"}]}},"jetpack_featured_media_url":"","jetpack_sharing_enabled":true,"rttpg_featured_image_url":null,"rttpg_author":{"display_name":"Admin","author_link":"https:\/\/diariofemenino.com.ar\/df\/author\/adm18df\/"},"rttpg_comment":0,"rttpg_category":"<a href=\"https:\/\/diariofemenino.com.ar\/df\/category\/de-esi-si-se-habla\/\" rel=\"category tag\">De ESI S\u00ed Se Habla<\/a> <a href=\"https:\/\/diariofemenino.com.ar\/df\/category\/medios\/\" rel=\"category tag\">Medios<\/a> <a href=\"https:\/\/diariofemenino.com.ar\/df\/category\/noticias\/\" rel=\"category tag\">Noticias<\/a>","rttpg_excerpt":"Se lanza la colectiva Mala Junta en la provincia de La Pampa El s\u00e1bado 25 de Julio se realizar\u00e1 el lanzamiento de la Colectiva Feminista Mala Junta. Ser\u00e1 a las 18 hs. en la Casa Popular Patria Grande, ubicada en la calle Gonz\u00e1lez N\u00b033. Est\u00e1 prevista una charla abierta sobre \u00abG\u00e9nero y Diversidad Sexual\u00bb, con&hellip;","_links":{"self":[{"href":"https:\/\/diariofemenino.com.ar\/df\/wp-json\/wp\/v2\/posts\/18905","targetHints":{"allow":["GET"]}}],"collection":[{"href":"https:\/\/diariofemenino.com.ar\/df\/wp-json\/wp\/v2\/posts"}],"about":[{"href":"https:\/\/diariofemenino.com.ar\/df\/wp-json\/wp\/v2\/types\/post"}],"author":[{"embeddable":true,"href":"https:\/\/diariofemenino.com.ar\/df\/wp-json\/wp\/v2\/users\/1"}],"replies":[{"embeddable":true,"href":"https:\/\/diariofemenino.com.ar\/df\/wp-json\/wp\/v2\/comments?post=18905"}],"version-history":[{"count":0,"href":"https:\/\/diariofemenino.com.ar\/df\/wp-json\/wp\/v2\/posts\/18905\/revisions"}],"wp:attachment":[{"href":"https:\/\/diariofemenino.com.ar\/df\/wp-json\/wp\/v2\/media?parent=18905"}],"wp:term":[{"taxonomy":"category","embeddable":true,"href":"https:\/\/diariofemenino.com.ar\/df\/wp-json\/wp\/v2\/categories?post=18905"},{"taxonomy":"post_tag","embeddable":true,"href":"https:\/\/diariofemenino.com.ar\/df\/wp-json\/wp\/v2\/tags?post=18905"}],"curies":[{"name":"wp","href":"https:\/\/api.w.org\/{rel}","templated":true}]}}