{"id":18891,"date":"2015-07-23T14:01:59","date_gmt":"2015-07-23T17:01:59","guid":{"rendered":"http:\/\/www.diariofemenino.com.ar\/?p=18891"},"modified":"2015-07-23T14:01:59","modified_gmt":"2015-07-23T17:01:59","slug":"una-fiscal-de-genero-denunciada-por-acusar-mujeres-victimas","status":"publish","type":"post","link":"https:\/\/diariofemenino.com.ar\/df\/una-fiscal-de-genero-denunciada-por-acusar-mujeres-victimas\/","title":{"rendered":"Una Fiscal de G\u00e9nero denunciada por acusar a mujeres v\u00edctimas"},"content":{"rendered":"<h5>Una Fiscal de G\u00e9nero: Estar en el lugar equivocado<\/h5>\n<p><figure id=\"attachment_18894\" aria-describedby=\"caption-attachment-18894\" style=\"width: 454px\" class=\"wp-caption alignleft\"><a href=\"http:\/\/www.diariofemenino.com.ar\/wp-content\/uploads\/IMG_2157-630x350.jpg\"><img loading=\"lazy\" decoding=\"async\" class=\" wp-image-18894  \" alt=\"Una Fiscal de G\u00e9nero denunciada por acusar a mujeres v\u00edctimas\" src=\"http:\/\/www.diariofemenino.com.ar\/wp-content\/uploads\/IMG_2157-630x350.jpg\" width=\"454\" height=\"252\" \/><\/a><figcaption id=\"caption-attachment-18894\" class=\"wp-caption-text\">Una Fiscal de G\u00e9nero denunciada por acusar a mujeres v\u00edctimas<\/figcaption><\/figure><br \/>\n<span style=\"color: #000000;\">La fiscal Carolina Carballido Calatayud, a cargo de la Fiscal\u00eda Especializada en G\u00e9nero, de Pilar, fue denunciada en varias ocasiones por haber acusado a mujeres v\u00edctimas de violencia. Mantuvo presa dos a\u00f1os a Yanina Gonz\u00e1lez, sobrese\u00edda luego por el Tribunal.<\/span><br \/>\n&nbsp;<\/p>\n<div id=\"cuerpo\">\n<span style=\"color: #000000;\">Por\u00a0<strong>Carlos Rodr\u00edguez<\/strong><\/span><\/p>\n<div id=\"cuerpo\">\n<span style=\"color: #000000;\">A casi dos a\u00f1os de la muerte de Ludmila (Lul\u00fa), de dos a\u00f1os, hija de Yanina Gonz\u00e1lez, de 23, reci\u00e9n ahora su madre puede presentarse como particular damnificada para ser querellante en una causa que estuvo parada mucho tiempo y que apunta a quien desde el principio fue el sospechoso del crimen: Alejandro Fern\u00e1ndez, el padrastro de la nena. Yanina Gonz\u00e1lez, que tiene un retraso madurativo, estuvo procesada, detenida en una c\u00e1rcel y con prisi\u00f3n domiciliaria desde el 17 de agosto de 2013, el d\u00eda en que muri\u00f3 Lul\u00fa, hasta el 11 de marzo de 2015, cuando fue sobrese\u00edda por el Tribunal Oral 2 de San Isidro. Ese fallo hab\u00eda sido recurrido por la titular de la Fiscal\u00eda Especializada en G\u00e9nero de Pilar, Carolina Carballido Calatayud, responsable de la acusaci\u00f3n por supuesto \u201cabandono de persona\u201d contra Yanina, pero la fiscal de Casaci\u00f3n Daniela Bersi desisti\u00f3 de mantener la acusaci\u00f3n y confirm\u00f3 el fallo del Tribunal Oral 2. Adem\u00e1s del impulso a la causa contra Alejandro Fern\u00e1ndez, la ex pareja de Yanina, que tambi\u00e9n ten\u00eda como fiscal a Carolina Carballido Calatayud, otra de las novedades es que la controvertida titular de la Fiscal\u00eda supuestamente \u201cespecializada en g\u00e9nero\u201d, acept\u00f3 la recusaci\u00f3n presentada en su contra por la abogada Gabriela Conder, que representa a Gonz\u00e1lez. La fiscal Calatayud tambi\u00e9n fue denunciada por la Red por los Derechos de las Personas con Discapacidad (REDI) para que se investigara si incurri\u00f3 \u201cen discriminaci\u00f3n ante Yanina por razones de g\u00e9nero, discapacidad y pobreza\u201d. Por el caso Yanina Gonz\u00e1lez, la fiscal Calatayud fue denunciada por \u201cfraude procesal\u201d por enviar a prisi\u00f3n y sostener, sin prueba suficiente, la acusaci\u00f3n hasta llegar al juicio oral de marzo de este a\u00f1o. Conder consider\u00f3 que \u201cfue lamentable el rol que jug\u00f3 la fiscal (Carballido Calatayud) que fabric\u00f3 una acusaci\u00f3n por supuesto \u2018abandono de persona\u2019, cuando ten\u00eda todos los elementos para acusar a Fern\u00e1ndez porque la nena falleci\u00f3 por los golpes que le hab\u00eda dado este hombre\u201d.<\/span><br \/>\n<span style=\"color: #000000;\">Otro dato que ensombrece a\u00fan m\u00e1s la actuaci\u00f3n de Carballido Calatayud, es el hecho de que diez meses despu\u00e9s de su acusaci\u00f3n contra Yanina Gonz\u00e1lez por el presunto \u201cabandono de persona\u201d de Lul\u00fa, abri\u00f3 otra causa por \u201chomicidio\u201d, por el mismo hecho, contra Alejandro Fern\u00e1ndez. Lo curioso es que en vez de hacer la segunda acusaci\u00f3n en el juzgado de Garant\u00edas 6 de San Isidro, a cargo de Nicol\u00e1s Ceballos, donde tramitaba la imputaci\u00f3n contra Yanina, lo hizo ante el juzgado de Garant\u00edas 7. Al parecer, Ceballos no tuvo conocimiento de la segunda imputaci\u00f3n y por eso la que lleg\u00f3 primero a juicio oral fue Yanina.<\/span><br \/>\n<span style=\"color: #000000;\">El caso Lul\u00fa no es el \u00fanico que marca la tendencia de la fiscal Carolina Carballedo Calatayud a castigar a las v\u00edctimas de violencia de g\u00e9nero. A fines de junio acus\u00f3 a Celina Ben\u00edtez de \u201cabandono de persona\u201d, luego de que su beba muriera v\u00edctima de los golpes que recibi\u00f3 de su padrastro.<\/span><br \/>\n<span style=\"color: #000000;\">El nuevo caso fue denunciado p\u00fablicamente y ante la justicia por la abogada Sabrina Cartabia, de la Coordinadora Feminista Antirrepresiva.<\/span><br \/>\n<span style=\"color: #000000;\">Celina Ben\u00edtez, de 22 a\u00f1os, estuvo detenida m\u00e1s de una semana despu\u00e9s que su pareja abusara y asesinara a su beba de casi dos a\u00f1os mientras ella estaba trabajando. La denuncia p\u00fablica fue hecha a trav\u00e9s de los medios alternativos de comunicaci\u00f3n, como en el caso de Yanina, hasta que el tema fue tomado por algunos medios de prensa nacionales. Cartabia se mostr\u00f3 satisfecha por el hecho de que Calatayud no intervenga m\u00e1s en el caso de Lul\u00fa, pero denunci\u00f3 que todav\u00eda se encuentra al frente de la Fiscal\u00eda especializada y como tal, est\u00e1 a cargo del caso que involucra ahora a Celia Ben\u00edtez, que recuper\u00f3 su libertad pero no fue sobrese\u00edda.<\/span><br \/>\n<span style=\"color: #000000;\">Por esa raz\u00f3n, Cartabia reclam\u00f3 que \u201clos que est\u00e1n al frente de las fiscal\u00edas de g\u00e9nero tengan criterios de idoneidad para investigar como corresponde los casos de las mujeres que sufrimos violencia en la provincia de Buenos Aires\u201d. Para explicar el padecimiento que sufren las mujeres golpeadas, y de manera especial las que no tienen medios econ\u00f3micos para asumir su defensa, record\u00f3 que Yanina Gonz\u00e1lez \u201cempez\u00f3 el proceso con una defensa oficial, gratuita, y estuvo varios meses en la c\u00e1rcel sin saber por qu\u00e9. Era el derecho de Yanina ser informada respecto de qu\u00e9 estaba pasando, pero la defensora no se entrevist\u00f3 con ella y no le prest\u00f3 la atenci\u00f3n necesaria\u201d. Dijo que ahora Celina tambi\u00e9n empez\u00f3 cona una defensa oficial, lo que llev\u00f3 a su organizaci\u00f3n a intervenir para evitar que se repitan los procesos.<\/span><br \/>\n<span style=\"color: #000000;\">En di\u00e1logo con la Red Eco Alternativo, la abogada resalt\u00f3 que se trata de v\u00edctimas que son \u201cmujeres de bajos recursos econ\u00f3micos o ingresos nulos\u201d y en esas condiciones \u201cllevar adelante un juicio y pagar un abogado\u201d es imposible. Ante tal situaci\u00f3n quedan \u201ca la buena voluntad o la militancia de abogados y abogadas que est\u00e1n llenas de causas que tienen que llevar adelante\u201d sin los recursos necesarios.<\/span><br \/>\n&nbsp;<br \/>\n&nbsp;<br \/>\n&nbsp;\n<\/div>\n<p>&nbsp;<br \/>\n<span style=\"color: #000000;\">Fuente: P\u00e1gina12 &#8211; Sociedad<\/span>\n<\/div>\n","protected":false},"excerpt":{"rendered":"<p>Una Fiscal de G\u00e9nero: Estar en el lugar equivocado La fiscal Carolina Carballido Calatayud, a cargo de la Fiscal\u00eda Especializada en G\u00e9nero, de Pilar, fue denunciada en varias ocasiones por haber acusado a mujeres v\u00edctimas de violencia. Mantuvo presa dos a\u00f1os a Yanina Gonz\u00e1lez, sobrese\u00edda luego por el Tribunal. &nbsp; Por\u00a0Carlos Rodr\u00edguez A casi dos [&hellip;]<\/p>\n","protected":false},"author":1,"featured_media":0,"comment_status":"open","ping_status":"open","sticky":false,"template":"","format":"standard","meta":{"iawp_total_views":16,"footnotes":""},"categories":[9,5,4,6,13],"tags":[25,29,57,30,39,16],"class_list":["post-18891","post","type-post","status-publish","format-standard","hentry","category-de-esi-si-se-habla","category-historias-de-vida","category-medios","category-articulos","category-mujeres-sindicalistas","tag-activismo","tag-campanas","tag-derechos-de-ninxs","tag-derechos-humanos","tag-justicia","tag-violencia-de-genero"],"nelio_content":{"autoShareEndMode":"never","automationSources":{"useCustomSentences":false,"customSentences":[]},"efiAlt":"","efiUrl":"","followers":[],"highlights":[],"isAutoShareEnabled":true,"networkImageIds":[],"permalinkQueryArgs":[],"series":[],"suggestedReferences":[]},"yoast_head":"<!-- This site is optimized with the Yoast SEO plugin v27.5 - https:\/\/yoast.com\/product\/yoast-seo-wordpress\/ -->\n<title>Una Fiscal de G\u00e9nero denunciada por acusar a mujeres v\u00edctimas - Diario Digital Femenino<\/title>\n<meta name=\"description\" content=\"Una Fiscal de G\u00e9nero, Carolina Carballido Calatayud, a cargo de la Fiscal\u00eda Especializada en G\u00e9nero, de Pilar, fue denunciada en varias ocasiones\" \/>\n<meta name=\"robots\" content=\"index, follow, max-snippet:-1, max-image-preview:large, max-video-preview:-1\" \/>\n<link rel=\"canonical\" href=\"https:\/\/diariofemenino.com.ar\/df\/una-fiscal-de-genero-denunciada-por-acusar-mujeres-victimas\/\" \/>\n<meta property=\"og:locale\" content=\"es_ES\" \/>\n<meta property=\"og:type\" content=\"article\" \/>\n<meta property=\"og:title\" content=\"Una Fiscal de G\u00e9nero denunciada por acusar a mujeres v\u00edctimas - Diario Digital Femenino\" \/>\n<meta property=\"og:description\" content=\"Una Fiscal de G\u00e9nero, Carolina Carballido Calatayud, a cargo de la Fiscal\u00eda Especializada en G\u00e9nero, de Pilar, fue denunciada en varias ocasiones\" \/>\n<meta property=\"og:url\" content=\"https:\/\/diariofemenino.com.ar\/df\/una-fiscal-de-genero-denunciada-por-acusar-mujeres-victimas\/\" \/>\n<meta property=\"og:site_name\" content=\"Diario Digital Femenino\" \/>\n<meta property=\"article:publisher\" content=\"https:\/\/www.facebook.com\/DiarioDigitaFemenino\/\" \/>\n<meta property=\"article:published_time\" content=\"2015-07-23T17:01:59+00:00\" \/>\n<meta property=\"og:image\" content=\"http:\/\/www.diariofemenino.com.ar\/wp-content\/uploads\/IMG_2157-630x350.jpg\" \/>\n<meta name=\"author\" content=\"Admin\" \/>\n<meta name=\"twitter:card\" content=\"summary_large_image\" \/>\n<meta name=\"twitter:creator\" content=\"@DiarioFemenino1\" \/>\n<meta name=\"twitter:site\" content=\"@DiarioFemenino1\" \/>\n<meta name=\"twitter:label1\" content=\"Escrito por\" \/>\n\t<meta name=\"twitter:data1\" content=\"Admin\" \/>\n\t<meta name=\"twitter:label2\" content=\"Tiempo de lectura\" \/>\n\t<meta name=\"twitter:data2\" content=\"5 minutos\" \/>\n<script type=\"application\/ld+json\" class=\"yoast-schema-graph\">{\"@context\":\"https:\\\/\\\/schema.org\",\"@graph\":[{\"@type\":\"Article\",\"@id\":\"https:\\\/\\\/diariofemenino.com.ar\\\/df\\\/una-fiscal-de-genero-denunciada-por-acusar-mujeres-victimas\\\/#article\",\"isPartOf\":{\"@id\":\"https:\\\/\\\/diariofemenino.com.ar\\\/df\\\/una-fiscal-de-genero-denunciada-por-acusar-mujeres-victimas\\\/\"},\"author\":{\"name\":\"Admin\",\"@id\":\"https:\\\/\\\/diariofemenino.com.ar\\\/df\\\/#\\\/schema\\\/person\\\/38f54b3bfd13f561de2460ba95c169c6\"},\"headline\":\"Una Fiscal de G\u00e9nero denunciada por acusar a mujeres v\u00edctimas\",\"datePublished\":\"2015-07-23T17:01:59+00:00\",\"mainEntityOfPage\":{\"@id\":\"https:\\\/\\\/diariofemenino.com.ar\\\/df\\\/una-fiscal-de-genero-denunciada-por-acusar-mujeres-victimas\\\/\"},\"wordCount\":992,\"commentCount\":0,\"publisher\":{\"@id\":\"https:\\\/\\\/diariofemenino.com.ar\\\/df\\\/#organization\"},\"image\":{\"@id\":\"https:\\\/\\\/diariofemenino.com.ar\\\/df\\\/una-fiscal-de-genero-denunciada-por-acusar-mujeres-victimas\\\/#primaryimage\"},\"thumbnailUrl\":\"http:\\\/\\\/www.diariofemenino.com.ar\\\/wp-content\\\/uploads\\\/IMG_2157-630x350.jpg\",\"keywords\":[\"Activismo\",\"Campa\u00f1as\",\"Derechos de ni\u00f1xs\",\"Derechos Humanos\",\"Justicia\",\"Violencia de g\u00e9nero\"],\"articleSection\":[\"De ESI S\u00ed Se Habla\",\"Historias de vida\",\"Medios\",\"Mujeres en Palabras\",\"Mujeres Sindicalistas\"],\"inLanguage\":\"es\",\"potentialAction\":[{\"@type\":\"CommentAction\",\"name\":\"Comment\",\"target\":[\"https:\\\/\\\/diariofemenino.com.ar\\\/df\\\/una-fiscal-de-genero-denunciada-por-acusar-mujeres-victimas\\\/#respond\"]}]},{\"@type\":\"WebPage\",\"@id\":\"https:\\\/\\\/diariofemenino.com.ar\\\/df\\\/una-fiscal-de-genero-denunciada-por-acusar-mujeres-victimas\\\/\",\"url\":\"https:\\\/\\\/diariofemenino.com.ar\\\/df\\\/una-fiscal-de-genero-denunciada-por-acusar-mujeres-victimas\\\/\",\"name\":\"Una Fiscal de G\u00e9nero denunciada por acusar a mujeres v\u00edctimas - Diario Digital Femenino\",\"isPartOf\":{\"@id\":\"https:\\\/\\\/diariofemenino.com.ar\\\/df\\\/#website\"},\"primaryImageOfPage\":{\"@id\":\"https:\\\/\\\/diariofemenino.com.ar\\\/df\\\/una-fiscal-de-genero-denunciada-por-acusar-mujeres-victimas\\\/#primaryimage\"},\"image\":{\"@id\":\"https:\\\/\\\/diariofemenino.com.ar\\\/df\\\/una-fiscal-de-genero-denunciada-por-acusar-mujeres-victimas\\\/#primaryimage\"},\"thumbnailUrl\":\"http:\\\/\\\/www.diariofemenino.com.ar\\\/wp-content\\\/uploads\\\/IMG_2157-630x350.jpg\",\"datePublished\":\"2015-07-23T17:01:59+00:00\",\"description\":\"Una Fiscal de G\u00e9nero, Carolina Carballido Calatayud, a cargo de la Fiscal\u00eda Especializada en G\u00e9nero, de Pilar, fue denunciada en varias ocasiones\",\"breadcrumb\":{\"@id\":\"https:\\\/\\\/diariofemenino.com.ar\\\/df\\\/una-fiscal-de-genero-denunciada-por-acusar-mujeres-victimas\\\/#breadcrumb\"},\"inLanguage\":\"es\",\"potentialAction\":[{\"@type\":\"ReadAction\",\"target\":[\"https:\\\/\\\/diariofemenino.com.ar\\\/df\\\/una-fiscal-de-genero-denunciada-por-acusar-mujeres-victimas\\\/\"]}]},{\"@type\":\"ImageObject\",\"inLanguage\":\"es\",\"@id\":\"https:\\\/\\\/diariofemenino.com.ar\\\/df\\\/una-fiscal-de-genero-denunciada-por-acusar-mujeres-victimas\\\/#primaryimage\",\"url\":\"http:\\\/\\\/www.diariofemenino.com.ar\\\/wp-content\\\/uploads\\\/IMG_2157-630x350.jpg\",\"contentUrl\":\"http:\\\/\\\/www.diariofemenino.com.ar\\\/wp-content\\\/uploads\\\/IMG_2157-630x350.jpg\"},{\"@type\":\"BreadcrumbList\",\"@id\":\"https:\\\/\\\/diariofemenino.com.ar\\\/df\\\/una-fiscal-de-genero-denunciada-por-acusar-mujeres-victimas\\\/#breadcrumb\",\"itemListElement\":[{\"@type\":\"ListItem\",\"position\":1,\"name\":\"Portada\",\"item\":\"https:\\\/\\\/diariofemenino.com.ar\\\/df\\\/\"},{\"@type\":\"ListItem\",\"position\":2,\"name\":\"Una Fiscal de G\u00e9nero denunciada por acusar a mujeres v\u00edctimas\"}]},{\"@type\":\"WebSite\",\"@id\":\"https:\\\/\\\/diariofemenino.com.ar\\\/df\\\/#website\",\"url\":\"https:\\\/\\\/diariofemenino.com.ar\\\/df\\\/\",\"name\":\"Diario Digital Femenino\",\"description\":\"Cuesti\u00f3n de G\u00e9nero\",\"publisher\":{\"@id\":\"https:\\\/\\\/diariofemenino.com.ar\\\/df\\\/#organization\"},\"potentialAction\":[{\"@type\":\"SearchAction\",\"target\":{\"@type\":\"EntryPoint\",\"urlTemplate\":\"https:\\\/\\\/diariofemenino.com.ar\\\/df\\\/?s={search_term_string}\"},\"query-input\":{\"@type\":\"PropertyValueSpecification\",\"valueRequired\":true,\"valueName\":\"search_term_string\"}}],\"inLanguage\":\"es\"},{\"@type\":\"Organization\",\"@id\":\"https:\\\/\\\/diariofemenino.com.ar\\\/df\\\/#organization\",\"name\":\"Diario Femenino\",\"url\":\"https:\\\/\\\/diariofemenino.com.ar\\\/df\\\/\",\"logo\":{\"@type\":\"ImageObject\",\"inLanguage\":\"es\",\"@id\":\"https:\\\/\\\/diariofemenino.com.ar\\\/df\\\/#\\\/schema\\\/logo\\\/image\\\/\",\"url\":\"https:\\\/\\\/diariofemenino.com.ar\\\/df\\\/wp-content\\\/uploads\\\/2018\\\/10\\\/logo.png\",\"contentUrl\":\"https:\\\/\\\/diariofemenino.com.ar\\\/df\\\/wp-content\\\/uploads\\\/2018\\\/10\\\/logo.png\",\"width\":500,\"height\":92,\"caption\":\"Diario Femenino\"},\"image\":{\"@id\":\"https:\\\/\\\/diariofemenino.com.ar\\\/df\\\/#\\\/schema\\\/logo\\\/image\\\/\"},\"sameAs\":[\"https:\\\/\\\/www.facebook.com\\\/DiarioDigitaFemenino\\\/\",\"https:\\\/\\\/x.com\\\/DiarioFemenino1\"]},{\"@type\":\"Person\",\"@id\":\"https:\\\/\\\/diariofemenino.com.ar\\\/df\\\/#\\\/schema\\\/person\\\/38f54b3bfd13f561de2460ba95c169c6\",\"name\":\"Admin\",\"image\":{\"@type\":\"ImageObject\",\"inLanguage\":\"es\",\"@id\":\"https:\\\/\\\/diariofemenino.com.ar\\\/df\\\/wp-content\\\/uploads\\\/2018\\\/12\\\/favicon-150x150.jpg\",\"url\":\"https:\\\/\\\/diariofemenino.com.ar\\\/df\\\/wp-content\\\/uploads\\\/2018\\\/12\\\/favicon-150x150.jpg\",\"contentUrl\":\"https:\\\/\\\/diariofemenino.com.ar\\\/df\\\/wp-content\\\/uploads\\\/2018\\\/12\\\/favicon-150x150.jpg\",\"caption\":\"Admin\"},\"url\":\"https:\\\/\\\/diariofemenino.com.ar\\\/df\\\/author\\\/adm18df\\\/\"}]}<\/script>\n<!-- \/ Yoast SEO plugin. -->","yoast_head_json":{"title":"Una Fiscal de G\u00e9nero denunciada por acusar a mujeres v\u00edctimas - Diario Digital Femenino","description":"Una Fiscal de G\u00e9nero, Carolina Carballido Calatayud, a cargo de la Fiscal\u00eda Especializada en G\u00e9nero, de Pilar, fue denunciada en varias ocasiones","robots":{"index":"index","follow":"follow","max-snippet":"max-snippet:-1","max-image-preview":"max-image-preview:large","max-video-preview":"max-video-preview:-1"},"canonical":"https:\/\/diariofemenino.com.ar\/df\/una-fiscal-de-genero-denunciada-por-acusar-mujeres-victimas\/","og_locale":"es_ES","og_type":"article","og_title":"Una Fiscal de G\u00e9nero denunciada por acusar a mujeres v\u00edctimas - Diario Digital Femenino","og_description":"Una Fiscal de G\u00e9nero, Carolina Carballido Calatayud, a cargo de la Fiscal\u00eda Especializada en G\u00e9nero, de Pilar, fue denunciada en varias ocasiones","og_url":"https:\/\/diariofemenino.com.ar\/df\/una-fiscal-de-genero-denunciada-por-acusar-mujeres-victimas\/","og_site_name":"Diario Digital Femenino","article_publisher":"https:\/\/www.facebook.com\/DiarioDigitaFemenino\/","article_published_time":"2015-07-23T17:01:59+00:00","og_image":[{"url":"http:\/\/www.diariofemenino.com.ar\/wp-content\/uploads\/IMG_2157-630x350.jpg","type":"","width":"","height":""}],"author":"Admin","twitter_card":"summary_large_image","twitter_creator":"@DiarioFemenino1","twitter_site":"@DiarioFemenino1","twitter_misc":{"Escrito por":"Admin","Tiempo de lectura":"5 minutos"},"schema":{"@context":"https:\/\/schema.org","@graph":[{"@type":"Article","@id":"https:\/\/diariofemenino.com.ar\/df\/una-fiscal-de-genero-denunciada-por-acusar-mujeres-victimas\/#article","isPartOf":{"@id":"https:\/\/diariofemenino.com.ar\/df\/una-fiscal-de-genero-denunciada-por-acusar-mujeres-victimas\/"},"author":{"name":"Admin","@id":"https:\/\/diariofemenino.com.ar\/df\/#\/schema\/person\/38f54b3bfd13f561de2460ba95c169c6"},"headline":"Una Fiscal de G\u00e9nero denunciada por acusar a mujeres v\u00edctimas","datePublished":"2015-07-23T17:01:59+00:00","mainEntityOfPage":{"@id":"https:\/\/diariofemenino.com.ar\/df\/una-fiscal-de-genero-denunciada-por-acusar-mujeres-victimas\/"},"wordCount":992,"commentCount":0,"publisher":{"@id":"https:\/\/diariofemenino.com.ar\/df\/#organization"},"image":{"@id":"https:\/\/diariofemenino.com.ar\/df\/una-fiscal-de-genero-denunciada-por-acusar-mujeres-victimas\/#primaryimage"},"thumbnailUrl":"http:\/\/www.diariofemenino.com.ar\/wp-content\/uploads\/IMG_2157-630x350.jpg","keywords":["Activismo","Campa\u00f1as","Derechos de ni\u00f1xs","Derechos Humanos","Justicia","Violencia de g\u00e9nero"],"articleSection":["De ESI S\u00ed Se Habla","Historias de vida","Medios","Mujeres en Palabras","Mujeres Sindicalistas"],"inLanguage":"es","potentialAction":[{"@type":"CommentAction","name":"Comment","target":["https:\/\/diariofemenino.com.ar\/df\/una-fiscal-de-genero-denunciada-por-acusar-mujeres-victimas\/#respond"]}]},{"@type":"WebPage","@id":"https:\/\/diariofemenino.com.ar\/df\/una-fiscal-de-genero-denunciada-por-acusar-mujeres-victimas\/","url":"https:\/\/diariofemenino.com.ar\/df\/una-fiscal-de-genero-denunciada-por-acusar-mujeres-victimas\/","name":"Una Fiscal de G\u00e9nero denunciada por acusar a mujeres v\u00edctimas - Diario Digital Femenino","isPartOf":{"@id":"https:\/\/diariofemenino.com.ar\/df\/#website"},"primaryImageOfPage":{"@id":"https:\/\/diariofemenino.com.ar\/df\/una-fiscal-de-genero-denunciada-por-acusar-mujeres-victimas\/#primaryimage"},"image":{"@id":"https:\/\/diariofemenino.com.ar\/df\/una-fiscal-de-genero-denunciada-por-acusar-mujeres-victimas\/#primaryimage"},"thumbnailUrl":"http:\/\/www.diariofemenino.com.ar\/wp-content\/uploads\/IMG_2157-630x350.jpg","datePublished":"2015-07-23T17:01:59+00:00","description":"Una Fiscal de G\u00e9nero, Carolina Carballido Calatayud, a cargo de la Fiscal\u00eda Especializada en G\u00e9nero, de Pilar, fue denunciada en varias ocasiones","breadcrumb":{"@id":"https:\/\/diariofemenino.com.ar\/df\/una-fiscal-de-genero-denunciada-por-acusar-mujeres-victimas\/#breadcrumb"},"inLanguage":"es","potentialAction":[{"@type":"ReadAction","target":["https:\/\/diariofemenino.com.ar\/df\/una-fiscal-de-genero-denunciada-por-acusar-mujeres-victimas\/"]}]},{"@type":"ImageObject","inLanguage":"es","@id":"https:\/\/diariofemenino.com.ar\/df\/una-fiscal-de-genero-denunciada-por-acusar-mujeres-victimas\/#primaryimage","url":"http:\/\/www.diariofemenino.com.ar\/wp-content\/uploads\/IMG_2157-630x350.jpg","contentUrl":"http:\/\/www.diariofemenino.com.ar\/wp-content\/uploads\/IMG_2157-630x350.jpg"},{"@type":"BreadcrumbList","@id":"https:\/\/diariofemenino.com.ar\/df\/una-fiscal-de-genero-denunciada-por-acusar-mujeres-victimas\/#breadcrumb","itemListElement":[{"@type":"ListItem","position":1,"name":"Portada","item":"https:\/\/diariofemenino.com.ar\/df\/"},{"@type":"ListItem","position":2,"name":"Una Fiscal de G\u00e9nero denunciada por acusar a mujeres v\u00edctimas"}]},{"@type":"WebSite","@id":"https:\/\/diariofemenino.com.ar\/df\/#website","url":"https:\/\/diariofemenino.com.ar\/df\/","name":"Diario Digital Femenino","description":"Cuesti\u00f3n de G\u00e9nero","publisher":{"@id":"https:\/\/diariofemenino.com.ar\/df\/#organization"},"potentialAction":[{"@type":"SearchAction","target":{"@type":"EntryPoint","urlTemplate":"https:\/\/diariofemenino.com.ar\/df\/?s={search_term_string}"},"query-input":{"@type":"PropertyValueSpecification","valueRequired":true,"valueName":"search_term_string"}}],"inLanguage":"es"},{"@type":"Organization","@id":"https:\/\/diariofemenino.com.ar\/df\/#organization","name":"Diario Femenino","url":"https:\/\/diariofemenino.com.ar\/df\/","logo":{"@type":"ImageObject","inLanguage":"es","@id":"https:\/\/diariofemenino.com.ar\/df\/#\/schema\/logo\/image\/","url":"https:\/\/diariofemenino.com.ar\/df\/wp-content\/uploads\/2018\/10\/logo.png","contentUrl":"https:\/\/diariofemenino.com.ar\/df\/wp-content\/uploads\/2018\/10\/logo.png","width":500,"height":92,"caption":"Diario Femenino"},"image":{"@id":"https:\/\/diariofemenino.com.ar\/df\/#\/schema\/logo\/image\/"},"sameAs":["https:\/\/www.facebook.com\/DiarioDigitaFemenino\/","https:\/\/x.com\/DiarioFemenino1"]},{"@type":"Person","@id":"https:\/\/diariofemenino.com.ar\/df\/#\/schema\/person\/38f54b3bfd13f561de2460ba95c169c6","name":"Admin","image":{"@type":"ImageObject","inLanguage":"es","@id":"https:\/\/diariofemenino.com.ar\/df\/wp-content\/uploads\/2018\/12\/favicon-150x150.jpg","url":"https:\/\/diariofemenino.com.ar\/df\/wp-content\/uploads\/2018\/12\/favicon-150x150.jpg","contentUrl":"https:\/\/diariofemenino.com.ar\/df\/wp-content\/uploads\/2018\/12\/favicon-150x150.jpg","caption":"Admin"},"url":"https:\/\/diariofemenino.com.ar\/df\/author\/adm18df\/"}]}},"jetpack_featured_media_url":"","jetpack_sharing_enabled":true,"rttpg_featured_image_url":null,"rttpg_author":{"display_name":"Admin","author_link":"https:\/\/diariofemenino.com.ar\/df\/author\/adm18df\/"},"rttpg_comment":0,"rttpg_category":"<a href=\"https:\/\/diariofemenino.com.ar\/df\/category\/de-esi-si-se-habla\/\" rel=\"category tag\">De ESI S\u00ed Se Habla<\/a> <a href=\"https:\/\/diariofemenino.com.ar\/df\/category\/historias-de-vida\/\" rel=\"category tag\">Historias de vida<\/a> <a href=\"https:\/\/diariofemenino.com.ar\/df\/category\/medios\/\" rel=\"category tag\">Medios<\/a> <a href=\"https:\/\/diariofemenino.com.ar\/df\/category\/articulos\/\" rel=\"category tag\">Mujeres en Palabras<\/a> <a href=\"https:\/\/diariofemenino.com.ar\/df\/category\/mujeres-sindicalistas\/\" rel=\"category tag\">Mujeres Sindicalistas<\/a>","rttpg_excerpt":"Una Fiscal de G\u00e9nero: Estar en el lugar equivocado La fiscal Carolina Carballido Calatayud, a cargo de la Fiscal\u00eda Especializada en G\u00e9nero, de Pilar, fue denunciada en varias ocasiones por haber acusado a mujeres v\u00edctimas de violencia. Mantuvo presa dos a\u00f1os a Yanina Gonz\u00e1lez, sobrese\u00edda luego por el Tribunal. &nbsp; Por\u00a0Carlos Rodr\u00edguez A casi dos&hellip;","_links":{"self":[{"href":"https:\/\/diariofemenino.com.ar\/df\/wp-json\/wp\/v2\/posts\/18891","targetHints":{"allow":["GET"]}}],"collection":[{"href":"https:\/\/diariofemenino.com.ar\/df\/wp-json\/wp\/v2\/posts"}],"about":[{"href":"https:\/\/diariofemenino.com.ar\/df\/wp-json\/wp\/v2\/types\/post"}],"author":[{"embeddable":true,"href":"https:\/\/diariofemenino.com.ar\/df\/wp-json\/wp\/v2\/users\/1"}],"replies":[{"embeddable":true,"href":"https:\/\/diariofemenino.com.ar\/df\/wp-json\/wp\/v2\/comments?post=18891"}],"version-history":[{"count":0,"href":"https:\/\/diariofemenino.com.ar\/df\/wp-json\/wp\/v2\/posts\/18891\/revisions"}],"wp:attachment":[{"href":"https:\/\/diariofemenino.com.ar\/df\/wp-json\/wp\/v2\/media?parent=18891"}],"wp:term":[{"taxonomy":"category","embeddable":true,"href":"https:\/\/diariofemenino.com.ar\/df\/wp-json\/wp\/v2\/categories?post=18891"},{"taxonomy":"post_tag","embeddable":true,"href":"https:\/\/diariofemenino.com.ar\/df\/wp-json\/wp\/v2\/tags?post=18891"}],"curies":[{"name":"wp","href":"https:\/\/api.w.org\/{rel}","templated":true}]}}