{"id":18867,"date":"2015-07-22T13:37:17","date_gmt":"2015-07-22T16:37:17","guid":{"rendered":"http:\/\/www.diariofemenino.com.ar\/?p=18867"},"modified":"2015-07-22T13:37:17","modified_gmt":"2015-07-22T16:37:17","slug":"libreta-infanto-juvenil-unificada-en-la-pampa","status":"publish","type":"post","link":"https:\/\/diariofemenino.com.ar\/df\/libreta-infanto-juvenil-unificada-en-la-pampa\/","title":{"rendered":"Libreta Infanto Juvenil unificada en La Pampa"},"content":{"rendered":"<p><span style=\"color: #000000;\">Atr\u00e1s quedaron las libretas: rosa para las ni\u00f1as, celeste par a los ni\u00f1os. \u00a0Desde ahora, las libretas con la informaci\u00f3n para las y los chicos ser\u00e1 una sola. Adem\u00e1s se actualiz\u00f3 el Programa de Vacunaci\u00f3n.<\/span><br \/>\n<figure id=\"attachment_18868\" aria-describedby=\"caption-attachment-18868\" style=\"width: 470px\" class=\"wp-caption alignleft\"><img loading=\"lazy\" decoding=\"async\" class=\" wp-image-18868 \" alt=\"An\u00edbal Botegoni,\" src=\"http:\/\/www.diariofemenino.com.ar\/wp-content\/uploads\/LIBRETA-UNICA-INFANTO-JUVENIL.jpg\" width=\"470\" height=\"311\" \/><figcaption id=\"caption-attachment-18868\" class=\"wp-caption-text\"><span style=\"color: #000000;\">An\u00edbal Botegoni: Libreta Infanto Juvenil unificada en La Pampa<\/span><\/figcaption><\/figure><br \/>\n<span style=\"color: #000000;\">El Director de Maternidad e Infancia, An\u00edbal Botegoni, \u00a0del Ministerio de Salud del Gobierno de La Pampa, present\u00f3 la nueva Libreta Sanitaria Infanto Juvenil.explic\u00f3 en declaraciones a la prensa las modificaciones a las nuevas libretas de nacimientos que, desde ahora, tendr\u00e1n un formato unificado.<\/span><br \/>\n<span style=\"color: #000000;\">\u201cEstamos haciendo la presentaci\u00f3n de la nueva libreta Infanto Juvenil, en donde se han unificado la libreta de nena y var\u00f3n en una sola. Ahora, trae la informaci\u00f3n de la libreta de la nena, m\u00e1s la libreta del var\u00f3n y todas las modificaciones del esquema de vacuas que fue ampliado\u201d, expres\u00f3<\/span><br \/>\n<span style=\"color: #000000;\">\u201cLa modificaci\u00f3n principal de esta libreta es la unificaci\u00f3n. Anteriormente, las libretas ten\u00eda una tabla de crecimiento para la nena y hab\u00eda otra con la tabla del var\u00f3n. Esta nueva, tiene las de var\u00f3n y la de la nena, en una misma libreta\u201d, dijo Botegoni.<\/span><br \/>\n<span style=\"color: #000000;\">\u201cOtra novedad, es que se actualizaron los seguimientos de las pruebas sobre agudeza visual y auditivas, para ver si los chicos escuchan o no\u201d, agreg\u00f3.<\/span><br \/>\n<span style=\"color: #000000;\">\u201cT\u00e9cnicamente hablando, esto nos facilita el tema de la confecci\u00f3n, ya que las libretas van por licitaci\u00f3n y como antes se licitaban libretas de varones o de nenas, hab\u00eda desfasajes y faltaban unas o sobraban otras\u201d, dijo.<\/span><br \/>\n<span style=\"color: #000000;\">\u201cAhora, imprimimos 7500 libretas para varones y para nenas. Estas libretas se distribuir\u00e1n en los hospitales de toda la provincia\u201d, agreg\u00f3 el Director de Maternidad e Infancia, An\u00edbal Botegoni.<\/span><br \/>\n<span style=\"color: #000000;\">Por otra parte aclar\u00f3 a las madres que no hace falta cambiar las libretas. \u201cTodas siguen sirviendo, pero desde ahora habr\u00e1 una libreta nueva, unificada\u201d, dijo.<\/span><br \/>\n<span style=\"color: #000000;\"><strong>\u2014\u00bfC\u00f3mo se estiman los nacimientos?<\/strong><\/span><br \/>\n<span style=\"color: #000000;\">\u2014Se estiman en unos 5500, entre establecimientos p\u00fablicos y privados. La libreta es obligatoria por ley. Cuando se hace la licitaci\u00f3n, se hace por un a\u00f1o y medio, para dar tiempo no solo a una nueva licitaci\u00f3n, sino tambi\u00e9n a un nuevo formato y, si se ampl\u00edan las vacunas como es este caso, hay que darle un nuevo formato a la libreta y hacer modificaciones sobre la marcha.<\/span><br \/>\n<span style=\"color: #000000;\">\u201cSeguro que sobre esta misma libreta que presentamos hoy habr\u00e1 que hacer modificaciones que saltar\u00e1n con el uso y se mejorar\u00e1n algunas cosas inc\u00f3modas para llenar, que ser\u00e1n llenadas de otra forma\u201d, explic\u00f3.<\/span><br \/>\n<span style=\"color: #000000;\">\u201cLa libreta tiene el mismo contenido que la anterior: datos del reci\u00e9n nacido, datos antropom\u00e9tricos, los controles, las entregas de leche, se asientan las vacunaciones, los certificados deportivos e informaci\u00f3n sanitaria para la madre, con respecto a cu\u00e1ndo vacunar, c\u00f3mo deben dormir, cu\u00e1ndo o llevarlo a control\u201d, afirm\u00f3.\u00a0<\/span><br \/>\n&nbsp;<br \/>\n&nbsp;<br \/>\nFuente: <strong>Despertando a la Trama &#8211; Radio La Tosca.<\/strong><\/p>\n","protected":false},"excerpt":{"rendered":"<p>Atr\u00e1s quedaron las libretas: rosa para las ni\u00f1as, celeste par a los ni\u00f1os. \u00a0Desde ahora, las libretas con la informaci\u00f3n para las y los chicos ser\u00e1 una sola. Adem\u00e1s se actualiz\u00f3 el Programa de Vacunaci\u00f3n. El Director de Maternidad e Infancia, An\u00edbal Botegoni, \u00a0del Ministerio de Salud del Gobierno de La Pampa, present\u00f3 la nueva [&hellip;]<\/p>\n","protected":false},"author":1,"featured_media":0,"comment_status":"open","ping_status":"open","sticky":false,"template":"","format":"standard","meta":{"iawp_total_views":49,"footnotes":""},"categories":[9,21,580],"tags":[57,30,12,18],"class_list":["post-18867","post","type-post","status-publish","format-standard","hentry","category-de-esi-si-se-habla","category-noticias","category-resistencia-verdevioleta","tag-derechos-de-ninxs","tag-derechos-humanos","tag-infancia-y-adolescencia","tag-politicas-publicas"],"nelio_content":{"autoShareEndMode":"never","automationSources":{"useCustomSentences":false,"customSentences":[]},"efiAlt":"","efiUrl":"","followers":[],"highlights":[],"isAutoShareEnabled":true,"networkImageIds":[],"permalinkQueryArgs":[],"series":[],"suggestedReferences":[]},"yoast_head":"<!-- This site is optimized with the Yoast SEO plugin v27.5 - https:\/\/yoast.com\/product\/yoast-seo-wordpress\/ -->\n<title>Libreta Infanto Juvenil unificada en La Pampa - Diario Digital Femenino<\/title>\n<meta name=\"description\" content=\"Libreta Infanto juvenil unificada - La Pampa. Atr\u00e1s quedaron las libretas: rosa para las ni\u00f1as, celeste para los ni\u00f1os.Desde ahora, la libreta ser\u00e1 una sola\" \/>\n<meta name=\"robots\" content=\"index, follow, max-snippet:-1, max-image-preview:large, max-video-preview:-1\" \/>\n<link rel=\"canonical\" href=\"https:\/\/diariofemenino.com.ar\/df\/libreta-infanto-juvenil-unificada-en-la-pampa\/\" \/>\n<meta property=\"og:locale\" content=\"es_ES\" \/>\n<meta property=\"og:type\" content=\"article\" \/>\n<meta property=\"og:title\" content=\"Libreta Infanto Juvenil unificada en La Pampa - Diario Digital Femenino\" \/>\n<meta property=\"og:description\" content=\"Libreta Infanto juvenil unificada - La Pampa. Atr\u00e1s quedaron las libretas: rosa para las ni\u00f1as, celeste para los ni\u00f1os.Desde ahora, la libreta ser\u00e1 una sola\" \/>\n<meta property=\"og:url\" content=\"https:\/\/diariofemenino.com.ar\/df\/libreta-infanto-juvenil-unificada-en-la-pampa\/\" \/>\n<meta property=\"og:site_name\" content=\"Diario Digital Femenino\" \/>\n<meta property=\"article:publisher\" content=\"https:\/\/www.facebook.com\/DiarioDigitaFemenino\/\" \/>\n<meta property=\"article:published_time\" content=\"2015-07-22T16:37:17+00:00\" \/>\n<meta property=\"og:image\" content=\"http:\/\/www.diariofemenino.com.ar\/wp-content\/uploads\/LIBRETA-UNICA-INFANTO-JUVENIL.jpg\" \/>\n<meta name=\"author\" content=\"Admin\" \/>\n<meta name=\"twitter:card\" content=\"summary_large_image\" \/>\n<meta name=\"twitter:creator\" content=\"@DiarioFemenino1\" \/>\n<meta name=\"twitter:site\" content=\"@DiarioFemenino1\" \/>\n<meta name=\"twitter:label1\" content=\"Escrito por\" \/>\n\t<meta name=\"twitter:data1\" content=\"Admin\" \/>\n\t<meta name=\"twitter:label2\" content=\"Tiempo de lectura\" \/>\n\t<meta name=\"twitter:data2\" content=\"3 minutos\" \/>\n<script type=\"application\/ld+json\" class=\"yoast-schema-graph\">{\"@context\":\"https:\\\/\\\/schema.org\",\"@graph\":[{\"@type\":\"Article\",\"@id\":\"https:\\\/\\\/diariofemenino.com.ar\\\/df\\\/libreta-infanto-juvenil-unificada-en-la-pampa\\\/#article\",\"isPartOf\":{\"@id\":\"https:\\\/\\\/diariofemenino.com.ar\\\/df\\\/libreta-infanto-juvenil-unificada-en-la-pampa\\\/\"},\"author\":{\"name\":\"Admin\",\"@id\":\"https:\\\/\\\/diariofemenino.com.ar\\\/df\\\/#\\\/schema\\\/person\\\/38f54b3bfd13f561de2460ba95c169c6\"},\"headline\":\"Libreta Infanto Juvenil unificada en La Pampa\",\"datePublished\":\"2015-07-22T16:37:17+00:00\",\"mainEntityOfPage\":{\"@id\":\"https:\\\/\\\/diariofemenino.com.ar\\\/df\\\/libreta-infanto-juvenil-unificada-en-la-pampa\\\/\"},\"wordCount\":522,\"commentCount\":0,\"publisher\":{\"@id\":\"https:\\\/\\\/diariofemenino.com.ar\\\/df\\\/#organization\"},\"image\":{\"@id\":\"https:\\\/\\\/diariofemenino.com.ar\\\/df\\\/libreta-infanto-juvenil-unificada-en-la-pampa\\\/#primaryimage\"},\"thumbnailUrl\":\"http:\\\/\\\/www.diariofemenino.com.ar\\\/wp-content\\\/uploads\\\/LIBRETA-UNICA-INFANTO-JUVENIL.jpg\",\"keywords\":[\"Derechos de ni\u00f1xs\",\"Derechos Humanos\",\"Infancia y Adolescencia\",\"Pol\u00edticas p\u00fablicas\"],\"articleSection\":[\"De ESI S\u00ed Se Habla\",\"Noticias\",\"Resistencia VerdeVioleta\"],\"inLanguage\":\"es\",\"potentialAction\":[{\"@type\":\"CommentAction\",\"name\":\"Comment\",\"target\":[\"https:\\\/\\\/diariofemenino.com.ar\\\/df\\\/libreta-infanto-juvenil-unificada-en-la-pampa\\\/#respond\"]}]},{\"@type\":\"WebPage\",\"@id\":\"https:\\\/\\\/diariofemenino.com.ar\\\/df\\\/libreta-infanto-juvenil-unificada-en-la-pampa\\\/\",\"url\":\"https:\\\/\\\/diariofemenino.com.ar\\\/df\\\/libreta-infanto-juvenil-unificada-en-la-pampa\\\/\",\"name\":\"Libreta Infanto Juvenil unificada en La Pampa - Diario Digital Femenino\",\"isPartOf\":{\"@id\":\"https:\\\/\\\/diariofemenino.com.ar\\\/df\\\/#website\"},\"primaryImageOfPage\":{\"@id\":\"https:\\\/\\\/diariofemenino.com.ar\\\/df\\\/libreta-infanto-juvenil-unificada-en-la-pampa\\\/#primaryimage\"},\"image\":{\"@id\":\"https:\\\/\\\/diariofemenino.com.ar\\\/df\\\/libreta-infanto-juvenil-unificada-en-la-pampa\\\/#primaryimage\"},\"thumbnailUrl\":\"http:\\\/\\\/www.diariofemenino.com.ar\\\/wp-content\\\/uploads\\\/LIBRETA-UNICA-INFANTO-JUVENIL.jpg\",\"datePublished\":\"2015-07-22T16:37:17+00:00\",\"description\":\"Libreta Infanto juvenil unificada - La Pampa. Atr\u00e1s quedaron las libretas: rosa para las ni\u00f1as, celeste para los ni\u00f1os.Desde ahora, la libreta ser\u00e1 una sola\",\"breadcrumb\":{\"@id\":\"https:\\\/\\\/diariofemenino.com.ar\\\/df\\\/libreta-infanto-juvenil-unificada-en-la-pampa\\\/#breadcrumb\"},\"inLanguage\":\"es\",\"potentialAction\":[{\"@type\":\"ReadAction\",\"target\":[\"https:\\\/\\\/diariofemenino.com.ar\\\/df\\\/libreta-infanto-juvenil-unificada-en-la-pampa\\\/\"]}]},{\"@type\":\"ImageObject\",\"inLanguage\":\"es\",\"@id\":\"https:\\\/\\\/diariofemenino.com.ar\\\/df\\\/libreta-infanto-juvenil-unificada-en-la-pampa\\\/#primaryimage\",\"url\":\"http:\\\/\\\/www.diariofemenino.com.ar\\\/wp-content\\\/uploads\\\/LIBRETA-UNICA-INFANTO-JUVENIL.jpg\",\"contentUrl\":\"http:\\\/\\\/www.diariofemenino.com.ar\\\/wp-content\\\/uploads\\\/LIBRETA-UNICA-INFANTO-JUVENIL.jpg\"},{\"@type\":\"BreadcrumbList\",\"@id\":\"https:\\\/\\\/diariofemenino.com.ar\\\/df\\\/libreta-infanto-juvenil-unificada-en-la-pampa\\\/#breadcrumb\",\"itemListElement\":[{\"@type\":\"ListItem\",\"position\":1,\"name\":\"Portada\",\"item\":\"https:\\\/\\\/diariofemenino.com.ar\\\/df\\\/\"},{\"@type\":\"ListItem\",\"position\":2,\"name\":\"Libreta Infanto Juvenil unificada en La Pampa\"}]},{\"@type\":\"WebSite\",\"@id\":\"https:\\\/\\\/diariofemenino.com.ar\\\/df\\\/#website\",\"url\":\"https:\\\/\\\/diariofemenino.com.ar\\\/df\\\/\",\"name\":\"Diario Digital Femenino\",\"description\":\"Cuesti\u00f3n de G\u00e9nero\",\"publisher\":{\"@id\":\"https:\\\/\\\/diariofemenino.com.ar\\\/df\\\/#organization\"},\"potentialAction\":[{\"@type\":\"SearchAction\",\"target\":{\"@type\":\"EntryPoint\",\"urlTemplate\":\"https:\\\/\\\/diariofemenino.com.ar\\\/df\\\/?s={search_term_string}\"},\"query-input\":{\"@type\":\"PropertyValueSpecification\",\"valueRequired\":true,\"valueName\":\"search_term_string\"}}],\"inLanguage\":\"es\"},{\"@type\":\"Organization\",\"@id\":\"https:\\\/\\\/diariofemenino.com.ar\\\/df\\\/#organization\",\"name\":\"Diario Femenino\",\"url\":\"https:\\\/\\\/diariofemenino.com.ar\\\/df\\\/\",\"logo\":{\"@type\":\"ImageObject\",\"inLanguage\":\"es\",\"@id\":\"https:\\\/\\\/diariofemenino.com.ar\\\/df\\\/#\\\/schema\\\/logo\\\/image\\\/\",\"url\":\"https:\\\/\\\/diariofemenino.com.ar\\\/df\\\/wp-content\\\/uploads\\\/2018\\\/10\\\/logo.png\",\"contentUrl\":\"https:\\\/\\\/diariofemenino.com.ar\\\/df\\\/wp-content\\\/uploads\\\/2018\\\/10\\\/logo.png\",\"width\":500,\"height\":92,\"caption\":\"Diario Femenino\"},\"image\":{\"@id\":\"https:\\\/\\\/diariofemenino.com.ar\\\/df\\\/#\\\/schema\\\/logo\\\/image\\\/\"},\"sameAs\":[\"https:\\\/\\\/www.facebook.com\\\/DiarioDigitaFemenino\\\/\",\"https:\\\/\\\/x.com\\\/DiarioFemenino1\"]},{\"@type\":\"Person\",\"@id\":\"https:\\\/\\\/diariofemenino.com.ar\\\/df\\\/#\\\/schema\\\/person\\\/38f54b3bfd13f561de2460ba95c169c6\",\"name\":\"Admin\",\"image\":{\"@type\":\"ImageObject\",\"inLanguage\":\"es\",\"@id\":\"https:\\\/\\\/diariofemenino.com.ar\\\/df\\\/wp-content\\\/uploads\\\/2018\\\/12\\\/favicon-150x150.jpg\",\"url\":\"https:\\\/\\\/diariofemenino.com.ar\\\/df\\\/wp-content\\\/uploads\\\/2018\\\/12\\\/favicon-150x150.jpg\",\"contentUrl\":\"https:\\\/\\\/diariofemenino.com.ar\\\/df\\\/wp-content\\\/uploads\\\/2018\\\/12\\\/favicon-150x150.jpg\",\"caption\":\"Admin\"},\"url\":\"https:\\\/\\\/diariofemenino.com.ar\\\/df\\\/author\\\/adm18df\\\/\"}]}<\/script>\n<!-- \/ Yoast SEO plugin. -->","yoast_head_json":{"title":"Libreta Infanto Juvenil unificada en La Pampa - Diario Digital Femenino","description":"Libreta Infanto juvenil unificada - La Pampa. Atr\u00e1s quedaron las libretas: rosa para las ni\u00f1as, celeste para los ni\u00f1os.Desde ahora, la libreta ser\u00e1 una sola","robots":{"index":"index","follow":"follow","max-snippet":"max-snippet:-1","max-image-preview":"max-image-preview:large","max-video-preview":"max-video-preview:-1"},"canonical":"https:\/\/diariofemenino.com.ar\/df\/libreta-infanto-juvenil-unificada-en-la-pampa\/","og_locale":"es_ES","og_type":"article","og_title":"Libreta Infanto Juvenil unificada en La Pampa - Diario Digital Femenino","og_description":"Libreta Infanto juvenil unificada - La Pampa. Atr\u00e1s quedaron las libretas: rosa para las ni\u00f1as, celeste para los ni\u00f1os.Desde ahora, la libreta ser\u00e1 una sola","og_url":"https:\/\/diariofemenino.com.ar\/df\/libreta-infanto-juvenil-unificada-en-la-pampa\/","og_site_name":"Diario Digital Femenino","article_publisher":"https:\/\/www.facebook.com\/DiarioDigitaFemenino\/","article_published_time":"2015-07-22T16:37:17+00:00","og_image":[{"url":"http:\/\/www.diariofemenino.com.ar\/wp-content\/uploads\/LIBRETA-UNICA-INFANTO-JUVENIL.jpg","type":"","width":"","height":""}],"author":"Admin","twitter_card":"summary_large_image","twitter_creator":"@DiarioFemenino1","twitter_site":"@DiarioFemenino1","twitter_misc":{"Escrito por":"Admin","Tiempo de lectura":"3 minutos"},"schema":{"@context":"https:\/\/schema.org","@graph":[{"@type":"Article","@id":"https:\/\/diariofemenino.com.ar\/df\/libreta-infanto-juvenil-unificada-en-la-pampa\/#article","isPartOf":{"@id":"https:\/\/diariofemenino.com.ar\/df\/libreta-infanto-juvenil-unificada-en-la-pampa\/"},"author":{"name":"Admin","@id":"https:\/\/diariofemenino.com.ar\/df\/#\/schema\/person\/38f54b3bfd13f561de2460ba95c169c6"},"headline":"Libreta Infanto Juvenil unificada en La Pampa","datePublished":"2015-07-22T16:37:17+00:00","mainEntityOfPage":{"@id":"https:\/\/diariofemenino.com.ar\/df\/libreta-infanto-juvenil-unificada-en-la-pampa\/"},"wordCount":522,"commentCount":0,"publisher":{"@id":"https:\/\/diariofemenino.com.ar\/df\/#organization"},"image":{"@id":"https:\/\/diariofemenino.com.ar\/df\/libreta-infanto-juvenil-unificada-en-la-pampa\/#primaryimage"},"thumbnailUrl":"http:\/\/www.diariofemenino.com.ar\/wp-content\/uploads\/LIBRETA-UNICA-INFANTO-JUVENIL.jpg","keywords":["Derechos de ni\u00f1xs","Derechos Humanos","Infancia y Adolescencia","Pol\u00edticas p\u00fablicas"],"articleSection":["De ESI S\u00ed Se Habla","Noticias","Resistencia VerdeVioleta"],"inLanguage":"es","potentialAction":[{"@type":"CommentAction","name":"Comment","target":["https:\/\/diariofemenino.com.ar\/df\/libreta-infanto-juvenil-unificada-en-la-pampa\/#respond"]}]},{"@type":"WebPage","@id":"https:\/\/diariofemenino.com.ar\/df\/libreta-infanto-juvenil-unificada-en-la-pampa\/","url":"https:\/\/diariofemenino.com.ar\/df\/libreta-infanto-juvenil-unificada-en-la-pampa\/","name":"Libreta Infanto Juvenil unificada en La Pampa - Diario Digital Femenino","isPartOf":{"@id":"https:\/\/diariofemenino.com.ar\/df\/#website"},"primaryImageOfPage":{"@id":"https:\/\/diariofemenino.com.ar\/df\/libreta-infanto-juvenil-unificada-en-la-pampa\/#primaryimage"},"image":{"@id":"https:\/\/diariofemenino.com.ar\/df\/libreta-infanto-juvenil-unificada-en-la-pampa\/#primaryimage"},"thumbnailUrl":"http:\/\/www.diariofemenino.com.ar\/wp-content\/uploads\/LIBRETA-UNICA-INFANTO-JUVENIL.jpg","datePublished":"2015-07-22T16:37:17+00:00","description":"Libreta Infanto juvenil unificada - La Pampa. Atr\u00e1s quedaron las libretas: rosa para las ni\u00f1as, celeste para los ni\u00f1os.Desde ahora, la libreta ser\u00e1 una sola","breadcrumb":{"@id":"https:\/\/diariofemenino.com.ar\/df\/libreta-infanto-juvenil-unificada-en-la-pampa\/#breadcrumb"},"inLanguage":"es","potentialAction":[{"@type":"ReadAction","target":["https:\/\/diariofemenino.com.ar\/df\/libreta-infanto-juvenil-unificada-en-la-pampa\/"]}]},{"@type":"ImageObject","inLanguage":"es","@id":"https:\/\/diariofemenino.com.ar\/df\/libreta-infanto-juvenil-unificada-en-la-pampa\/#primaryimage","url":"http:\/\/www.diariofemenino.com.ar\/wp-content\/uploads\/LIBRETA-UNICA-INFANTO-JUVENIL.jpg","contentUrl":"http:\/\/www.diariofemenino.com.ar\/wp-content\/uploads\/LIBRETA-UNICA-INFANTO-JUVENIL.jpg"},{"@type":"BreadcrumbList","@id":"https:\/\/diariofemenino.com.ar\/df\/libreta-infanto-juvenil-unificada-en-la-pampa\/#breadcrumb","itemListElement":[{"@type":"ListItem","position":1,"name":"Portada","item":"https:\/\/diariofemenino.com.ar\/df\/"},{"@type":"ListItem","position":2,"name":"Libreta Infanto Juvenil unificada en La Pampa"}]},{"@type":"WebSite","@id":"https:\/\/diariofemenino.com.ar\/df\/#website","url":"https:\/\/diariofemenino.com.ar\/df\/","name":"Diario Digital Femenino","description":"Cuesti\u00f3n de G\u00e9nero","publisher":{"@id":"https:\/\/diariofemenino.com.ar\/df\/#organization"},"potentialAction":[{"@type":"SearchAction","target":{"@type":"EntryPoint","urlTemplate":"https:\/\/diariofemenino.com.ar\/df\/?s={search_term_string}"},"query-input":{"@type":"PropertyValueSpecification","valueRequired":true,"valueName":"search_term_string"}}],"inLanguage":"es"},{"@type":"Organization","@id":"https:\/\/diariofemenino.com.ar\/df\/#organization","name":"Diario Femenino","url":"https:\/\/diariofemenino.com.ar\/df\/","logo":{"@type":"ImageObject","inLanguage":"es","@id":"https:\/\/diariofemenino.com.ar\/df\/#\/schema\/logo\/image\/","url":"https:\/\/diariofemenino.com.ar\/df\/wp-content\/uploads\/2018\/10\/logo.png","contentUrl":"https:\/\/diariofemenino.com.ar\/df\/wp-content\/uploads\/2018\/10\/logo.png","width":500,"height":92,"caption":"Diario Femenino"},"image":{"@id":"https:\/\/diariofemenino.com.ar\/df\/#\/schema\/logo\/image\/"},"sameAs":["https:\/\/www.facebook.com\/DiarioDigitaFemenino\/","https:\/\/x.com\/DiarioFemenino1"]},{"@type":"Person","@id":"https:\/\/diariofemenino.com.ar\/df\/#\/schema\/person\/38f54b3bfd13f561de2460ba95c169c6","name":"Admin","image":{"@type":"ImageObject","inLanguage":"es","@id":"https:\/\/diariofemenino.com.ar\/df\/wp-content\/uploads\/2018\/12\/favicon-150x150.jpg","url":"https:\/\/diariofemenino.com.ar\/df\/wp-content\/uploads\/2018\/12\/favicon-150x150.jpg","contentUrl":"https:\/\/diariofemenino.com.ar\/df\/wp-content\/uploads\/2018\/12\/favicon-150x150.jpg","caption":"Admin"},"url":"https:\/\/diariofemenino.com.ar\/df\/author\/adm18df\/"}]}},"jetpack_featured_media_url":"","jetpack_sharing_enabled":true,"rttpg_featured_image_url":null,"rttpg_author":{"display_name":"Admin","author_link":"https:\/\/diariofemenino.com.ar\/df\/author\/adm18df\/"},"rttpg_comment":0,"rttpg_category":"<a href=\"https:\/\/diariofemenino.com.ar\/df\/category\/de-esi-si-se-habla\/\" rel=\"category tag\">De ESI S\u00ed Se Habla<\/a> <a href=\"https:\/\/diariofemenino.com.ar\/df\/category\/noticias\/\" rel=\"category tag\">Noticias<\/a> <a href=\"https:\/\/diariofemenino.com.ar\/df\/category\/resistencia-verdevioleta\/\" rel=\"category tag\">Resistencia VerdeVioleta<\/a>","rttpg_excerpt":"Atr\u00e1s quedaron las libretas: rosa para las ni\u00f1as, celeste par a los ni\u00f1os. \u00a0Desde ahora, las libretas con la informaci\u00f3n para las y los chicos ser\u00e1 una sola. Adem\u00e1s se actualiz\u00f3 el Programa de Vacunaci\u00f3n. El Director de Maternidad e Infancia, An\u00edbal Botegoni, \u00a0del Ministerio de Salud del Gobierno de La Pampa, present\u00f3 la nueva&hellip;","_links":{"self":[{"href":"https:\/\/diariofemenino.com.ar\/df\/wp-json\/wp\/v2\/posts\/18867","targetHints":{"allow":["GET"]}}],"collection":[{"href":"https:\/\/diariofemenino.com.ar\/df\/wp-json\/wp\/v2\/posts"}],"about":[{"href":"https:\/\/diariofemenino.com.ar\/df\/wp-json\/wp\/v2\/types\/post"}],"author":[{"embeddable":true,"href":"https:\/\/diariofemenino.com.ar\/df\/wp-json\/wp\/v2\/users\/1"}],"replies":[{"embeddable":true,"href":"https:\/\/diariofemenino.com.ar\/df\/wp-json\/wp\/v2\/comments?post=18867"}],"version-history":[{"count":0,"href":"https:\/\/diariofemenino.com.ar\/df\/wp-json\/wp\/v2\/posts\/18867\/revisions"}],"wp:attachment":[{"href":"https:\/\/diariofemenino.com.ar\/df\/wp-json\/wp\/v2\/media?parent=18867"}],"wp:term":[{"taxonomy":"category","embeddable":true,"href":"https:\/\/diariofemenino.com.ar\/df\/wp-json\/wp\/v2\/categories?post=18867"},{"taxonomy":"post_tag","embeddable":true,"href":"https:\/\/diariofemenino.com.ar\/df\/wp-json\/wp\/v2\/tags?post=18867"}],"curies":[{"name":"wp","href":"https:\/\/api.w.org\/{rel}","templated":true}]}}