{"id":18840,"date":"2015-07-19T18:38:53","date_gmt":"2015-07-19T21:38:53","guid":{"rendered":"http:\/\/www.diariofemenino.com.ar\/?p=18840"},"modified":"2015-07-19T18:38:53","modified_gmt":"2015-07-19T21:38:53","slug":"america-latina-violencia-de-genero","status":"publish","type":"post","link":"https:\/\/diariofemenino.com.ar\/df\/america-latina-violencia-de-genero\/","title":{"rendered":"Am\u00e9rica Latina declara la guerra a la violencia de g\u00e9nero"},"content":{"rendered":"<p><span style=\"color: #000000;\">Am\u00e9rica Latina declar\u00f3 la guerra a la violencia de g\u00e9nero el pasado 3 d junio, la lucha sigue en pie, de pie. M\u00e1s fuertes y decididas que nunca.<\/span> &#8211; <strong><span style=\"color: #800080;\">Diario Digital Femenino<\/span><\/strong><br \/>\n<span style=\"color: #000000;\"><em>por <\/em><strong>Mar\u00eda Lekant<\/strong><\/span><br \/>\n<figure id=\"attachment_18845\" aria-describedby=\"caption-attachment-18845\" style=\"width: 525px\" class=\"wp-caption alignnone\"><a href=\"http:\/\/www.diariofemenino.com.ar\/wp-content\/uploads\/5571a99bc46188e1738b4580.jpg\"><img loading=\"lazy\" decoding=\"async\" class=\"size-full wp-image-18845\" alt=\"Am\u00e9rica Latina declara la guerra a la violencia de g\u00e9nero\" src=\"http:\/\/www.diariofemenino.com.ar\/wp-content\/uploads\/5571a99bc46188e1738b4580.jpg\" width=\"525\" height=\"309\" \/><\/a><figcaption id=\"caption-attachment-18845\" class=\"wp-caption-text\">Am\u00e9rica Latina declara la guerra a la violencia de g\u00e9nero<\/figcaption><\/figure><br \/>\n<span style=\"color: #000000;\">88 mujeres asesinadas por sus parejas o exparejas en Colombia; 83 en Per\u00fa, 71 en Rep\u00fablica Dominicana, 46 en El Salvador, 25 en Uruguay, 20 en Paraguay y 17 en Guatemala.<\/span><br \/>\n<span style=\"color: #000000;\">Estas son solo algunas de las espeluznantes cifras presentadas en un informe de la Comisi\u00f3n Econ\u00f3mica para Am\u00e9rica Latina (Cepal) sobre el feminicidio en 2014 que demuestran lo lejos que est\u00e1 de resolverse el problema de la violencia de g\u00e9nero en Am\u00e9rica Latina.<\/span><br \/>\n<span style=\"color: #000000;\">Este mi\u00e9rcoles, miles de ciudadanos de varias ciudades de la regi\u00f3n salieron a las calles para exigir el fin de la violencia contra las mujeres.<\/span><br \/>\n<span style=\"color: #000000;\">Sin embargo, a pesar de las medidas que toman los Gobiernos, a pesar de los esfuerzos de los defensores de los derechos humanos, a pesar de la creciente condena de la sociedad, parece que la batalla contra este\u00a0flagelo social a\u00fan est\u00e1 lejos de terminar.<\/span><\/p>\n<h4><span style=\"color: #000000;\">Argentina se indigna ante la violencia machista: \u00abNi una menos\u00bb<\/span><\/h4>\n<p>&nbsp;<br \/>\n<a href=\"http:\/\/www.diariofemenino.com.ar\/wp-content\/uploads\/55719ae2c46188b1738b4616.jpg\"><img loading=\"lazy\" decoding=\"async\" class=\"alignnone size-full wp-image-18846\" alt=\"55719ae2c46188b1738b4616\" src=\"http:\/\/www.diariofemenino.com.ar\/wp-content\/uploads\/55719ae2c46188b1738b4616.jpg\" width=\"525\" height=\"329\" \/><\/a><\/p>\n<div><\/div>\n<p><span style=\"color: #000000;\">La marcha principal y la m\u00e1s multitudinari<\/span>a\u00a0<a href=\"http:\/\/actualidad.rt.com\/actualidad\/176595-argentina-protesta-masiva-femicidios\" target=\"_blank\">se celebr\u00f3 en Argentina<\/a>,<span style=\"color: #000000;\"> pa\u00eds donde, seg\u00fan las organizaciones de derechos humanos,\u00a0<strong>una mujer muere cada 30 horas por violencia machista<\/strong>.<\/span><br \/>\n<span style=\"color: #000000;\">Frente a las puertas del Congreso, en la capital, se han congregado decenas de miles de personas de todas las edades, mujeres y hombres, representantes del oficialismo y de la oposici\u00f3n. La protesta se celebr\u00f3 tambi\u00e9n en otras ochenta ciudades de Argentina.<\/span><br \/>\n<span style=\"color: #000000;\">Con l\u00e1grimas de sangre pintadas en los rostros, carteles, pancartas y camisetas\u00a0con la leyenda \u00abBasta de feminicidios\u00bb y \u00abNi una menos\u00bb, miles de ciudadanos del pa\u00eds latinoamericano exigieron acabar con la violencia de g\u00e9nero.<\/span><br \/>\n<span style=\"color: #000000;\">\u00ab<strong>No queremos m\u00e1s mujeres muertas por feminicidio.<\/strong>\u00a0Las queremos vivas. A todas. Ni una menos\u00bb, concluy\u00f3 el actor Juan Minuj\u00edn al leer el manifiesto de la movilizaci\u00f3n frente al Parlamento argentino.<\/span><\/p>\n<div>\n<p align=\"left\"><span style=\"color: #000000;\"><img decoding=\"async\" alt=\"\" src=\"http:\/\/actualidad.rt.com\/actualidad\/public_images\/2015.06\/original\/55718eefc461880c4a8b459b.png\" width=\"400px\" height=\"298px\" align=\"left\" hspace=\"8\" \/><\/span><\/p>\n<\/div>\n<p><span style=\"color: #000000;\">Entre las principales demandas de los manifestantes est\u00e1 la aplicaci\u00f3n efectiva de la Ley de Protecci\u00f3n Integral para Prevenir y Erradicar la Violencia contra las Mujeres, sancionada hace m\u00e1s de cinco a\u00f1os, generaci\u00f3n de estad\u00edsticas oficiales sobre violencia machista, creaci\u00f3n de centros de refugio para las v\u00edctimas y el seguimiento de los agresores para que no violen las restricciones de acercamiento, as\u00ed como la inclusi\u00f3n de la tem\u00e1tica de violencia machista en los contenidos educativos de todos los niveles y la prevenci\u00f3n de noviazgos violentos.<\/span><\/p>\n<h4><span style=\"color: #000000;\"><em>La gota que colm\u00f3 el vaso<\/em><\/span><\/h4>\n<p><span style=\"color: #000000;\">Esta semana se dieron a conocer dos nuevos casos de feminicidio en Argentina: el asesinato de una mujer de 53 a\u00f1os y el de una joven de 22 a\u00f1os. En el caso de esta \u00faltima, su pareja la roci\u00f3 con alcohol y le prendi\u00f3 fuego durante una discusi\u00f3n.<\/span><br \/>\n<span style=\"color: #000000;\">Sin embargo, la gota que colm\u00f3 el vaso fue el caso de una\u00a0<strong>joven de 14 a\u00f1os embarazada asesinada a principios de mayo a manos de su novio de 16<\/strong>, quien la enterr\u00f3 en su jard\u00edn.<\/span><br \/>\n<span style=\"color: #000000;\">Chiara P\u00e1ez desapareci\u00f3 la madrugada del 10 mayo en una localidad de la provincia de Sante Fe. Tras d\u00edas de b\u00fasqueda, el presunto asesino le confes\u00f3 el crimen a su padre, agente de polic\u00eda, quien lo detuvo y lo puso a disposici\u00f3n judicial, informa\u00a0<a href=\"http:\/\/www.notimerica.com\/sociedad\/noticia-joven-16-anos-mata-novia-embarazada-14-entierra-jardin-20150512192230.html\" target=\"_blank\"><span style=\"color: #000000;\">Notimerica.com<\/span><\/a>. La autopsia confirm\u00f3 que\u00a0<strong>la chica estaba embarazada desde hac\u00eda poco tiempo<\/strong>.<\/span><br \/>\n<span style=\"color: #000000;\">Se investiga tambi\u00e9n a familiares del sospechoso, que podr\u00edan haber sido c\u00f3mplices del encubrimiento.<\/span><br \/>\n<span style=\"color: #000000;\"><a href=\"http:\/\/www.diariofemenino.com.ar\/wp-content\/uploads\/557178a6c4618813758b45b2.jpg\"><span style=\"color: #000000;\"><img loading=\"lazy\" decoding=\"async\" class=\"alignnone size-full wp-image-18847\" alt=\"557178a6c4618813758b45b2\" src=\"http:\/\/www.diariofemenino.com.ar\/wp-content\/uploads\/557178a6c4618813758b45b2.jpg\" width=\"570\" height=\"382\" \/><\/span><\/a><\/span><br \/>\n<span style=\"color: #000000;\">El caso de Chiara, que indign\u00f3 a la sociedad argentina, es uno de muchos. Los recientes informes de organismos como la ONU, la Organizaci\u00f3n Mundial de la Salud y la Comisi\u00f3n Econ\u00f3mica para Am\u00e9rica Latina y el Caribe (Cepal) han alertado del auge de la violencia contra las mujeres en la regi\u00f3n a pesar de todas las medidas legales que se est\u00e1n tomando.<\/span><\/p>\n<div><center><span style=\"color: #000000;\"><img decoding=\"async\" alt=\"\" src=\"http:\/\/actualidad.rt.com\/actualidad\/public_images\/2015.02\/original\/54e4669571139ed9068b4631.png\" width=\"100%\" height=\"10\" border=\"0\" \/><\/span><\/center><\/p>\n<p align=\"right\"><span style=\"color: #000000;\"><img loading=\"lazy\" decoding=\"async\" alt=\"\" src=\"http:\/\/actualidad.rt.com\/actualidad\/public_images\/2015.04\/original\/55391d40c46188ef088b45dd.png\" width=\"90\" height=\"90\" align=\"left\" hspace=\"8\" \/><i>\u00abEstamos ante una cultura devastadora de lo femenino\u00bb<\/i><\/span><br \/>\n<span style=\"color: #000000;\">Cristina Fern\u00e1ndez de Kirchner, presidenta de Argentina<\/span><\/p>\n<p><center><span style=\"color: #000000;\"><img decoding=\"async\" alt=\"\" src=\"http:\/\/actualidad.rt.com\/actualidad\/public_images\/2015.02\/original\/54e4669571139ed9068b4631.png\" width=\"100%\" height=\"10\" border=\"0\" \/><\/span><\/center><\/div>\n<p><span style=\"color: #000000;\">En la v\u00edspera de la manifestaci\u00f3n, la presidenta argentina, Cristina Fern\u00e1ndez de Kirchner, se sum\u00f3 a la ola de indignaci\u00f3n denunciando, a trav\u00e9s de su cuenta en Twitter, que \u00abestamos ante una cultura devastadora de lo femenino\u00bb.<\/span><br \/>\n<span style=\"color: #000000;\">\u00abMa\u00f1ana, miles de mujeres marchar\u00e1n bajo la consigna #niunamenos contra la violencia de g\u00e9nero\u00bb, destac\u00f3 la mandataria en uno de los tuits.<\/span><br \/>\n<span style=\"color: #000000;\">Seg\u00fan se\u00f1al\u00f3, aunque la violencia de g\u00e9nero \u00abencuentra su m\u00e1xima expresi\u00f3n en la agresi\u00f3n corporal, en la agresi\u00f3n y la muerte\u00bb, hay \u00ab<strong>otras violencias previas, anteriores, que van creando silenciosamente las condiciones del golpe final<\/strong>\u00ab, desde las cosas cotidianas como el piropo, que puede ser \u00abgrosero, soez, bajo\u00bb, hasta otras \u00abm\u00e1s sutiles, miradas y hasta con rating\u00bb.<\/span><\/p>\n<div>\n<p align=\"left\"><span style=\"color: #000000;\"><img decoding=\"async\" alt=\"\" src=\"http:\/\/actualidad.rt.com\/actualidad\/public_images\/2015.06\/original\/55718fffc4618841798b4618.png\" width=\"400px\" height=\"298px\" align=\"left\" hspace=\"8\" \/><\/span><\/p>\n<\/div>\n<p><span style=\"color: #000000;\">\u00abLa mujer convertida en objeto: Y si entonces es solo una cosa, siempre habr\u00e1 alguno que piense que puede romperla si no la tiene\u00bb, denunci\u00f3 la presidenta.<\/span><br \/>\n<span style=\"color: #000000;\">Asimismo, critic\u00f3 el tratamiento de este problema en los medios: \u00ab\u00bfCu\u00e1ntas veces le\u00edste en letra de molde describiendo el asesinato de una joven qu\u00e9 ropa llevaba puesta, o si le gustaba ir a los boliches?\u00bb, escribi\u00f3.<\/span><br \/>\n<span style=\"color: #000000;\">\u00abDe algunos jueces mejor ni hablar: apenas seis meses de condena para un hombre que moli\u00f3 a golpes en la calle a una mujer\u00bb, agreg\u00f3 la jefa de Estado.<\/span><br \/>\n<span style=\"color: #000000;\">Sin embargo, enfatiz\u00f3 que \u00ab<strong>no es solo un problema judicial o policial<\/strong>\u00ab. \u00abEstamos ante una cultura devastadora de lo femenino\u00bb, concluy\u00f3 la presidenta.\u00a0<\/span><\/p>\n<h3><span style=\"color: #000000;\">Uruguay: \u00ab\u00a1Si tocan a una, tocan a todas!\u00bb<\/span><\/h3>\n<p><span style=\"color: #000000;\"><a href=\"http:\/\/www.diariofemenino.com.ar\/wp-content\/uploads\/55719c78c461881f758b46351.jpg\"><span style=\"color: #000000;\"><img loading=\"lazy\" decoding=\"async\" class=\"alignnone size-full wp-image-18848\" alt=\"55719c78c461881f758b46351\" src=\"http:\/\/www.diariofemenino.com.ar\/wp-content\/uploads\/55719c78c461881f758b46351.jpg\" width=\"450\" height=\"302\" \/><\/span><\/a><\/span><\/p>\n<div><\/div>\n<p><span style=\"color: #000000;\">\u00ab\u00a1Si tocan a una, tocan a todas!\u00bb Bajo este lema, Uruguay march\u00f3 este mi\u00e9rcoles contra la violencia de g\u00e9nero. M\u00e1s de 5.000 personas salieron a la principal avenida de Montevideo y adem\u00e1s hubo manifestaciones en otras m\u00e1s de diez ciudades uruguayas.<\/span><br \/>\n<span style=\"color: #000000;\">\u00abSe\u00f1or, se\u00f1ora, no sea indiferente.\u00a0<strong>Se mata las mujeres en la cara de la gente<\/strong>\u00ab, denunciaron los manifestantes, tanto mujeres como hombres o familias enteras con ni\u00f1os.<\/span><br \/>\n<span style=\"color: #000000;\">La movilizaci\u00f3n se ha sumado a unas 15 convocatorias que se han realizado en Montevideo en lo que va de a\u00f1o y ha coincidido con la marcha en Argentina.<\/span><\/p>\n<div>\n<p align=\"left\"><span style=\"color: #000000;\"><img decoding=\"async\" alt=\"\" src=\"http:\/\/actualidad.rt.com\/actualidad\/public_images\/2015.06\/original\/55719393c4618841798b462b.png\" width=\"400px\" height=\"298px\" align=\"left\" hspace=\"8\" \/><\/span><\/p>\n<\/div>\n<p><span style=\"color: #000000;\">\u00abComo nosotras ya venimos con esa propuesta, nos pareci\u00f3 importante aprovechar la fecha para mostrar que\u00a0<strong>es un problema que trasciende las fronteras<\/strong>, no es un problema de cada pa\u00eds, es un problema social\u00bb, explic\u00f3 a la agencia\u00a0<a href=\"http:\/\/www.eldiario.es\/sociedad\/Uruguay-manana-violencia-machista-tocan_0_394411660.html\" target=\"_blank\"><span style=\"color: #000000;\">Efe<\/span><\/a>\u00a0Yanina Azzolina, representante del movimiento Coordinadora de Feminismos de Uruguay.<\/span><br \/>\n<span style=\"color: #000000;\">Esta organizaci\u00f3n, que re\u00fane a feministas e instituciones que luchan por los derechos de las mujeres, naci\u00f3 el a\u00f1o pasado con\u00a0<strong>un objetivo bien definido: movilizarse cada vez que se confirme el feminicidio<\/strong>, la muerte de una mujer por violencia de g\u00e9nero.<\/span><br \/>\n<span style=\"color: #000000;\">\u00abEl primer dato [la muerte de la mujer] lo sacamos desde la prensa y tratamos de confirmar con las fuentes que tenemos si se trata de un feminicidio. Una vez confirmado, lanzamos el alerta y salimos a la calle 48 horas despu\u00e9s\u00bb, detall\u00f3 Azzolina.<\/span><br \/>\n<span style=\"color: #000000;\">Y es que, de acuerdo con un comunicado no oficial que public\u00f3 el movimiento la semana pasada,\u00a0<strong>18 mujeres fueron asesinadas<\/strong>\u00a0v\u00edctimas de la violencia machista en los cinco primeros meses del a\u00f1o en Uruguay. Sin embargo, seg\u00fan denunci\u00f3 Azzolina, desde entonces se han registrado dos nuevos casos.<\/span><\/p>\n<h3><span style=\"color: #000000;\">Y otros pa\u00edses&#8230;<\/span><\/h3>\n<p><span style=\"color: #000000;\"><a href=\"http:\/\/www.diariofemenino.com.ar\/wp-content\/uploads\/5571a281c46188f4708b4569.jpg\"><span style=\"color: #000000;\"><img loading=\"lazy\" decoding=\"async\" class=\"alignnone size-full wp-image-18849\" alt=\"5571a281c46188f4708b4569\" src=\"http:\/\/www.diariofemenino.com.ar\/wp-content\/uploads\/5571a281c46188f4708b4569.jpg\" width=\"525\" height=\"352\" \/><\/span><\/a><\/span><\/p>\n<div><\/div>\n<p><span style=\"color: #000000;\">La movilizaci\u00f3n ciudadana contra la violencia de g\u00e9nero se extendi\u00f3 a otros pa\u00edses latinoamericanos, como\u00a0<strong>Chile, M\u00e9xico o Brasil, que tambi\u00e9n convocaron marchas\u00a0<\/strong>para denunciar estos cr\u00edmenes, exigir m\u00e1s medidas de protecci\u00f3n para las mujeres y combatir la desinformaci\u00f3n medi\u00e1tica y la apat\u00eda social hacia el macabro fen\u00f3meno.<\/span><br \/>\n<span style=\"color: #000000;\">En Chile, un centenar de personas se congreg\u00f3 frente al Palacio de La Moneda, sede del Ejecutivo, para protestar contra el feminicidio bajo el lema \u00abni una mujer menos, ni una muerta m\u00e1s\u00bb.<\/span><\/p>\n<div>\n<p align=\"left\"><span style=\"color: #000000;\"><img decoding=\"async\" alt=\"\" src=\"http:\/\/actualidad.rt.com\/actualidad\/public_images\/2015.06\/original\/5571950dc4618814758b462c.png\" width=\"400px\" height=\"298px\" align=\"left\" hspace=\"8\" \/><\/span><\/p>\n<\/div>\n<p><span style=\"color: #000000;\">Los manifestantes expresaron su condena a la violencia machista con gritos como \u00abBasta de violencia contra las mujeres\u00bb o \u00abPodr\u00eda ser tu madre, podr\u00eda ser tu hija, la que est\u00e1 golpeada, violada y herida\u00bb.<\/span><br \/>\n<span style=\"color: #000000;\">\u00abLa indiferencia, la apat\u00eda, la indolencia de la sociedad, de los medios y del Estado chileno refleja la\u00a0<strong>subvaloraci\u00f3n y el menosprecio de la vida de las mujeres<\/strong>\u00ab, explic\u00f3 la Red Chilena contra la Violencia hacia las Mujeres, citada por &#8216;<a href=\"http:\/\/www.elciudadano.cl\/2015\/06\/03\/170533\/chile-se-moviliza-contra-la-violencia-machista\/\" target=\"_blank\"><span style=\"color: #000000;\">El Ciudadano<\/span><\/a>&#8216;, que denuncia que en los \u00faltimos 10 d\u00edas cinco mujeres han sido asesinadas en Chile por sus maridos, una joven por su pareja, dos ni\u00f1as por su padre y una anciana por su sobrino.<\/span><br \/>\n<span style=\"color: #000000;\">Soledad Rojas, representante de la organizaci\u00f3n, explic\u00f3 a la prensa que la marcha no estuvo orientada a hacer demandas legislativas, sino m\u00e1s bien a \u00absensibilizar a la poblaci\u00f3n\u00bb.<\/span><\/p>\n<div><center><span style=\"color: #000000;\"><img decoding=\"async\" alt=\"\" src=\"http:\/\/actualidad.rt.com\/actualidad\/public_images\/2015.02\/original\/54e4669571139ed9068b4631.png\" width=\"100%\" height=\"10\" border=\"0\" \/><\/span><\/center><\/p>\n<p align=\"right\"><span style=\"color: #000000;\"><img loading=\"lazy\" decoding=\"async\" alt=\"\" src=\"http:\/\/actualidad.rt.com\/actualidad\/public_images\/2015.06\/original\/5571aad4c46188c7708b4590.png\" width=\"90\" height=\"90\" align=\"left\" hspace=\"8\" \/><i>\u00abToda la sociedad es agredida cuando se ataca a una mujer\u00bb<\/i><\/span><br \/>\n<span style=\"color: #000000;\">Dilma Rousseff, presidenta de Brasil<\/span><\/p>\n<p><center><span style=\"color: #000000;\"><img decoding=\"async\" alt=\"\" src=\"http:\/\/actualidad.rt.com\/actualidad\/public_images\/2015.02\/original\/54e4669571139ed9068b4631.png\" width=\"100%\" height=\"10\" border=\"0\" \/><\/span><\/center><\/div>\n<p><span style=\"color: #000000;\">\u00abErradicar el machismo es una tarea que TODOS debemos asumir\u00bb, afirmaron, a su vez, las Juventudes Comunistas de Chile a trav\u00e9s de su cuenta de Twitter.<\/span><br \/>\n<span style=\"color: #000000;\">La presidenta de Brasil, Dilma Rousseff, tambi\u00e9n conden\u00f3 rotundamente este tipo de cr\u00edmenes, afirmando que \u00abtoda la sociedad es agredida cuando se ataca a una mujer\u00bb.<\/span><\/p>\n<div>\n<p align=\"left\"><span style=\"color: #000000;\"><img decoding=\"async\" alt=\"\" src=\"http:\/\/actualidad.rt.com\/actualidad\/public_images\/2015.06\/original\/55719666c4618813758b4614.png\" width=\"400px\" height=\"298px\" align=\"left\" hspace=\"8\" \/><\/span><\/p>\n<\/div>\n<p><span style=\"color: #000000;\">\u00ab<strong>Tolerancia cero contra las agresiones a las mujeres<\/strong>\u00ab, declar\u00f3 la mandataria tras la inauguraci\u00f3n de un centro especializado en la atenci\u00f3n a las v\u00edctimas de la violencia machista en Brasilia.\u00a0<\/span><br \/>\n<span style=\"color: #000000;\">La presidenta brasile\u00f1a inst\u00f3 a \u00abtodos y todas\u00bb a \u00abdenunciar siempre\u00bb cada caso de violencia de g\u00e9nero.<\/span><br \/>\n<span style=\"color: #000000;\">Asimismo se\u00f1al\u00f3 que, de acuerdo con los datos oficiales, entre 2009 y 2011 quince mujeres fueron asesinadas por d\u00eda en Brasil, y reconoci\u00f3 que en 2014 fueron recibidas 114 denuncias diarias de violencia machista, a pesar de los esfuerzos del Gobierno por acabar con estos cr\u00edmenes.<\/span><\/p>\n<h3><span style=\"color: #000000;\">Se refuerza la lucha<\/span><\/h3>\n<p><span style=\"color: #000000;\"><a href=\"http:\/\/www.diariofemenino.com.ar\/wp-content\/uploads\/5571a478c46188c7708b4579.jpg\"><span style=\"color: #000000;\"><img loading=\"lazy\" decoding=\"async\" class=\"alignnone size-full wp-image-18850\" alt=\"5571a478c46188c7708b4579\" src=\"http:\/\/www.diariofemenino.com.ar\/wp-content\/uploads\/5571a478c46188c7708b4579.jpg\" width=\"525\" height=\"352\" \/><\/span><\/a><\/span><\/p>\n<div><\/div>\n<p><span style=\"color: #000000;\">Aparte de las movilizaciones, la lucha contra la violencia machista se refuerza en Am\u00e9rica Latina con la aprobaci\u00f3n de leyes m\u00e1s duras sobre los delitos como el feminicidio, los abusos sexuales, el maltrato e incluso el acoso callejero.<\/span><br \/>\n<span style=\"color: #000000;\">As\u00ed, para hacer frente al problema,\u00a0<strong>el Parlamento de Colombia\u00a0<a href=\"http:\/\/actualidad.rt.com\/actualidad\/176651-colombia-aprueba-ley-mujer-feminicidio\" target=\"_blank\"><span style=\"color: #000000;\">aprob\u00f3<\/span><\/a>\u00a0esta semana una ley que penaliza con condenas de hasta 50 a\u00f1os de c\u00e1rcel<\/strong>\u00a0a quienes cometan un feminicidio. La nueva ley, conocida como &#8216;Ley Rosa Elvira Cely&#8217;, en homenaje p\u00f3stumo a una v\u00edctima de violencia de g\u00e9nero, ha obtenido la aprobaci\u00f3n en la plenaria por 104 votos a favor y 3 en contra, y ahora solo hace falta la firma del presidente Juan Manuel Santos para que entre en vigor.<\/span><br \/>\n<span style=\"color: #000000;\">Adem\u00e1s de reconocer el feminicidio como delito, castiga las agresiones psicol\u00f3gicas, f\u00edsicas, sexuales a las que son sometidas miles de mujeres en el pa\u00eds, seg\u00fan dijo a trav\u00e9s de un comunicado la parlamentaria Lucy Contento Sanz citada por Efe.<\/span><br \/>\n<span style=\"color: #000000;\">Seg\u00fan el diario &#8216;El Tiempo&#8217;, el nuevo reglamento prev\u00e9 penalizar el feminicidio con condenas que van desde los 20 a los 50 a\u00f1os de prisi\u00f3n y no contemplar\u00e1 el derecho a la rebaja de penas.<\/span><br \/>\n<span style=\"color: #000000;\">El Gobierno de\u00a0<strong>Uruguay, a su vez, est\u00e1 preparando un proyecto de ley para tipificar como delito el feminicidio<\/strong>.<\/span><br \/>\n<span style=\"color: #000000;\">Seg\u00fan el Instituto Nacional de Mujeres (Inmujeres) de Uruguay, organismo vinculado al Ministerio de Desarrollo Social, la idea es presentar el proyecto de ley en el marco del D\u00eda Internacional de la Eliminaci\u00f3n de la Violencia contra la Mujer, el 25 de noviembre, o del pr\u00f3ximo D\u00eda Internacional de la Mujer, el 8 de marzo.<\/span><br \/>\n<span style=\"color: #000000;\"><strong>En Brasil,\u00a0<a href=\"http:\/\/actualidad.rt.com\/video\/168122-brasil-ley-penas-feminicidio\" target=\"_blank\"><span style=\"color: #000000;\">se sancion\u00f3<\/span><\/a>\u00a0en marzo la ley que tipifica el feminicidio como &#8216;crimen hediondo&#8217;<\/strong>, endurece penas de entre 12 y 30 a\u00f1os e impide que los acusados sean liberados bajo fianza.<\/span><br \/>\n<span style=\"color: #000000;\">En cuanto a Argentina, en 2009\u00a0<strong>Buenos Aires sancion\u00f3 una ley sobre protecci\u00f3n integral<\/strong>\u00a0para prevenir, sancionar y erradicar la violencia contra las mujeres en los \u00e1mbitos en que desarrollen sus relaciones interpersonales. Una ley que consagra un gran c\u00famulo de derechos que protegen a la mujer contra la violencia de g\u00e9nero.<\/span><br \/>\n<span style=\"color: #000000;\">En 2012 la pena por feminicidio se agrav\u00f3 en el pa\u00eds con cadena perpetua.<\/span><br \/>\n<span style=\"color: #000000;\">Sin embargo, los n\u00fameros muestran que la sola sanci\u00f3n de una ley cargada de derechos y reconocimiento no elimina este flagelo social.<\/span><br \/>\n<span style=\"color: #000000;\">\u00abNo alcanza con la legislaci\u00f3n ni con penalizar, sino que hay que afrontar un cambio cultural y apuntar a la educaci\u00f3n\u00bb, se\u00f1al\u00f3 a la agencia<a href=\"http:\/\/www.afp.com\/en\/news\/brutal-murders-show-violence-women-face-latin-america\" target=\"_blank\"><span style=\"color: #000000;\">AFP<\/span><\/a>\u00a0Gabriela Alegre, diputada de la Ciudad de Buenos Aires, al aplaudir las leyes vigentes.<\/span><br \/>\n<span style=\"color: #000000;\">\u00a0<a href=\"http:\/\/www.diariofemenino.com.ar\/wp-content\/uploads\/5571bcafc46188c7708b45b9.jpg\"><span style=\"color: #000000;\"><img loading=\"lazy\" decoding=\"async\" class=\"alignnone size-full wp-image-18851\" alt=\"5571bcafc46188c7708b45b9\" src=\"http:\/\/www.diariofemenino.com.ar\/wp-content\/uploads\/5571bcafc46188c7708b45b9.jpg\" width=\"525\" height=\"261\" \/><\/span><\/a><\/span><\/p>\n<div><\/div>\n<p><span style=\"color: #000000;\">\u00a0<em>En la elaboraci\u00f3n de este art\u00edculo se han utilizado los archivos multimedia de RT, Reuters, RIA Novosti, freepik.com.<\/em><\/span><br \/>\n<span style=\"color: #000000;\"><em>Fuente: <strong>Sonia Vaccaro<\/strong><br \/>\n<\/em><\/span><span style=\"color: #000000;\"><em>Fuente Original: RT<br \/>\n<\/em><\/span><em id=\"__mceDel\"><span style=\"color: #000000;\"><em>Dise\u00f1o de Iv\u00e1n S\u00e9rbinov<\/em><\/span><\/em><br \/>\n&nbsp;<br \/>\n&nbsp;<br \/>\n&nbsp;<br \/>\n&nbsp;<br \/>\n&nbsp;<\/p>\n","protected":false},"excerpt":{"rendered":"<p>Am\u00e9rica Latina declar\u00f3 la guerra a la violencia de g\u00e9nero el pasado 3 d junio, la lucha sigue en pie, de pie. M\u00e1s fuertes y decididas que nunca. &#8211; Diario Digital Femenino por Mar\u00eda Lekant 88 mujeres asesinadas por sus parejas o exparejas en Colombia; 83 en Per\u00fa, 71 en Rep\u00fablica Dominicana, 46 en El [&hellip;]<\/p>\n","protected":false},"author":1,"featured_media":0,"comment_status":"open","ping_status":"open","sticky":false,"template":"","format":"standard","meta":{"iawp_total_views":1,"footnotes":""},"categories":[19,9,3,5,4,6],"tags":[25,29,30,26,16],"class_list":["post-18840","post","type-post","status-publish","format-standard","hentry","category-biblioteca","category-de-esi-si-se-habla","category-de-la-revolucion-al-reaprendizaje","category-historias-de-vida","category-medios","category-articulos","tag-activismo","tag-campanas","tag-derechos-humanos","tag-feminismo","tag-violencia-de-genero"],"nelio_content":{"autoShareEndMode":"never","automationSources":{"useCustomSentences":false,"customSentences":[]},"efiAlt":"","efiUrl":"","followers":[],"highlights":[],"isAutoShareEnabled":true,"networkImageIds":[],"permalinkQueryArgs":[],"series":[],"suggestedReferences":[]},"yoast_head":"<!-- This site is optimized with the Yoast SEO plugin v27.5 - https:\/\/yoast.com\/product\/yoast-seo-wordpress\/ -->\n<title>Am\u00e9rica Latina declara la guerra a la violencia de g\u00e9nero - Diario Digital Femenino<\/title>\n<meta name=\"description\" content=\"Am\u00e9rica Latina declara la guerra a la violencia de g\u00e9nero. La lucha sigue en pie, de pie. M\u00e1s fuertes y decididas que nunca. - Diario Digital Femenino\" \/>\n<meta name=\"robots\" content=\"index, follow, max-snippet:-1, max-image-preview:large, max-video-preview:-1\" \/>\n<link rel=\"canonical\" href=\"https:\/\/diariofemenino.com.ar\/df\/america-latina-violencia-de-genero\/\" \/>\n<meta property=\"og:locale\" content=\"es_ES\" \/>\n<meta property=\"og:type\" content=\"article\" \/>\n<meta property=\"og:title\" content=\"Am\u00e9rica Latina declara la guerra a la violencia de g\u00e9nero - Diario Digital Femenino\" \/>\n<meta property=\"og:description\" content=\"Am\u00e9rica Latina declara la guerra a la violencia de g\u00e9nero. La lucha sigue en pie, de pie. M\u00e1s fuertes y decididas que nunca. - Diario Digital Femenino\" \/>\n<meta property=\"og:url\" content=\"https:\/\/diariofemenino.com.ar\/df\/america-latina-violencia-de-genero\/\" \/>\n<meta property=\"og:site_name\" content=\"Diario Digital Femenino\" \/>\n<meta property=\"article:publisher\" content=\"https:\/\/www.facebook.com\/DiarioDigitaFemenino\/\" \/>\n<meta property=\"article:published_time\" content=\"2015-07-19T21:38:53+00:00\" \/>\n<meta property=\"og:image\" content=\"http:\/\/www.diariofemenino.com.ar\/wp-content\/uploads\/5571a99bc46188e1738b4580.jpg\" \/>\n<meta name=\"author\" content=\"Admin\" \/>\n<meta name=\"twitter:card\" content=\"summary_large_image\" \/>\n<meta name=\"twitter:creator\" content=\"@DiarioFemenino1\" \/>\n<meta name=\"twitter:site\" content=\"@DiarioFemenino1\" \/>\n<meta name=\"twitter:label1\" content=\"Escrito por\" \/>\n\t<meta name=\"twitter:data1\" content=\"Admin\" \/>\n\t<meta name=\"twitter:label2\" content=\"Tiempo de lectura\" \/>\n\t<meta name=\"twitter:data2\" content=\"11 minutos\" \/>\n<script type=\"application\/ld+json\" class=\"yoast-schema-graph\">{\"@context\":\"https:\\\/\\\/schema.org\",\"@graph\":[{\"@type\":\"Article\",\"@id\":\"https:\\\/\\\/diariofemenino.com.ar\\\/df\\\/america-latina-violencia-de-genero\\\/#article\",\"isPartOf\":{\"@id\":\"https:\\\/\\\/diariofemenino.com.ar\\\/df\\\/america-latina-violencia-de-genero\\\/\"},\"author\":{\"name\":\"Admin\",\"@id\":\"https:\\\/\\\/diariofemenino.com.ar\\\/df\\\/#\\\/schema\\\/person\\\/38f54b3bfd13f561de2460ba95c169c6\"},\"headline\":\"Am\u00e9rica Latina declara la guerra a la violencia de g\u00e9nero\",\"datePublished\":\"2015-07-19T21:38:53+00:00\",\"mainEntityOfPage\":{\"@id\":\"https:\\\/\\\/diariofemenino.com.ar\\\/df\\\/america-latina-violencia-de-genero\\\/\"},\"wordCount\":2180,\"commentCount\":0,\"publisher\":{\"@id\":\"https:\\\/\\\/diariofemenino.com.ar\\\/df\\\/#organization\"},\"image\":{\"@id\":\"https:\\\/\\\/diariofemenino.com.ar\\\/df\\\/america-latina-violencia-de-genero\\\/#primaryimage\"},\"thumbnailUrl\":\"http:\\\/\\\/www.diariofemenino.com.ar\\\/wp-content\\\/uploads\\\/5571a99bc46188e1738b4580.jpg\",\"keywords\":[\"Activismo\",\"Campa\u00f1as\",\"Derechos Humanos\",\"Feminismo\",\"Violencia de g\u00e9nero\"],\"articleSection\":[\"Biblioteca Virtual\",\"De ESI S\u00ed Se Habla\",\"De la Revoluci\u00f3n al Reaprendizaje\",\"Historias de vida\",\"Medios\",\"Mujeres en Palabras\"],\"inLanguage\":\"es\",\"potentialAction\":[{\"@type\":\"CommentAction\",\"name\":\"Comment\",\"target\":[\"https:\\\/\\\/diariofemenino.com.ar\\\/df\\\/america-latina-violencia-de-genero\\\/#respond\"]}]},{\"@type\":\"WebPage\",\"@id\":\"https:\\\/\\\/diariofemenino.com.ar\\\/df\\\/america-latina-violencia-de-genero\\\/\",\"url\":\"https:\\\/\\\/diariofemenino.com.ar\\\/df\\\/america-latina-violencia-de-genero\\\/\",\"name\":\"Am\u00e9rica Latina declara la guerra a la violencia de g\u00e9nero - Diario Digital Femenino\",\"isPartOf\":{\"@id\":\"https:\\\/\\\/diariofemenino.com.ar\\\/df\\\/#website\"},\"primaryImageOfPage\":{\"@id\":\"https:\\\/\\\/diariofemenino.com.ar\\\/df\\\/america-latina-violencia-de-genero\\\/#primaryimage\"},\"image\":{\"@id\":\"https:\\\/\\\/diariofemenino.com.ar\\\/df\\\/america-latina-violencia-de-genero\\\/#primaryimage\"},\"thumbnailUrl\":\"http:\\\/\\\/www.diariofemenino.com.ar\\\/wp-content\\\/uploads\\\/5571a99bc46188e1738b4580.jpg\",\"datePublished\":\"2015-07-19T21:38:53+00:00\",\"description\":\"Am\u00e9rica Latina declara la guerra a la violencia de g\u00e9nero. La lucha sigue en pie, de pie. M\u00e1s fuertes y decididas que nunca. - Diario Digital Femenino\",\"breadcrumb\":{\"@id\":\"https:\\\/\\\/diariofemenino.com.ar\\\/df\\\/america-latina-violencia-de-genero\\\/#breadcrumb\"},\"inLanguage\":\"es\",\"potentialAction\":[{\"@type\":\"ReadAction\",\"target\":[\"https:\\\/\\\/diariofemenino.com.ar\\\/df\\\/america-latina-violencia-de-genero\\\/\"]}]},{\"@type\":\"ImageObject\",\"inLanguage\":\"es\",\"@id\":\"https:\\\/\\\/diariofemenino.com.ar\\\/df\\\/america-latina-violencia-de-genero\\\/#primaryimage\",\"url\":\"http:\\\/\\\/www.diariofemenino.com.ar\\\/wp-content\\\/uploads\\\/5571a99bc46188e1738b4580.jpg\",\"contentUrl\":\"http:\\\/\\\/www.diariofemenino.com.ar\\\/wp-content\\\/uploads\\\/5571a99bc46188e1738b4580.jpg\"},{\"@type\":\"BreadcrumbList\",\"@id\":\"https:\\\/\\\/diariofemenino.com.ar\\\/df\\\/america-latina-violencia-de-genero\\\/#breadcrumb\",\"itemListElement\":[{\"@type\":\"ListItem\",\"position\":1,\"name\":\"Portada\",\"item\":\"https:\\\/\\\/diariofemenino.com.ar\\\/df\\\/\"},{\"@type\":\"ListItem\",\"position\":2,\"name\":\"Am\u00e9rica Latina declara la guerra a la violencia de g\u00e9nero\"}]},{\"@type\":\"WebSite\",\"@id\":\"https:\\\/\\\/diariofemenino.com.ar\\\/df\\\/#website\",\"url\":\"https:\\\/\\\/diariofemenino.com.ar\\\/df\\\/\",\"name\":\"Diario Digital Femenino\",\"description\":\"Cuesti\u00f3n de G\u00e9nero\",\"publisher\":{\"@id\":\"https:\\\/\\\/diariofemenino.com.ar\\\/df\\\/#organization\"},\"potentialAction\":[{\"@type\":\"SearchAction\",\"target\":{\"@type\":\"EntryPoint\",\"urlTemplate\":\"https:\\\/\\\/diariofemenino.com.ar\\\/df\\\/?s={search_term_string}\"},\"query-input\":{\"@type\":\"PropertyValueSpecification\",\"valueRequired\":true,\"valueName\":\"search_term_string\"}}],\"inLanguage\":\"es\"},{\"@type\":\"Organization\",\"@id\":\"https:\\\/\\\/diariofemenino.com.ar\\\/df\\\/#organization\",\"name\":\"Diario Femenino\",\"url\":\"https:\\\/\\\/diariofemenino.com.ar\\\/df\\\/\",\"logo\":{\"@type\":\"ImageObject\",\"inLanguage\":\"es\",\"@id\":\"https:\\\/\\\/diariofemenino.com.ar\\\/df\\\/#\\\/schema\\\/logo\\\/image\\\/\",\"url\":\"https:\\\/\\\/diariofemenino.com.ar\\\/df\\\/wp-content\\\/uploads\\\/2018\\\/10\\\/logo.png\",\"contentUrl\":\"https:\\\/\\\/diariofemenino.com.ar\\\/df\\\/wp-content\\\/uploads\\\/2018\\\/10\\\/logo.png\",\"width\":500,\"height\":92,\"caption\":\"Diario Femenino\"},\"image\":{\"@id\":\"https:\\\/\\\/diariofemenino.com.ar\\\/df\\\/#\\\/schema\\\/logo\\\/image\\\/\"},\"sameAs\":[\"https:\\\/\\\/www.facebook.com\\\/DiarioDigitaFemenino\\\/\",\"https:\\\/\\\/x.com\\\/DiarioFemenino1\"]},{\"@type\":\"Person\",\"@id\":\"https:\\\/\\\/diariofemenino.com.ar\\\/df\\\/#\\\/schema\\\/person\\\/38f54b3bfd13f561de2460ba95c169c6\",\"name\":\"Admin\",\"image\":{\"@type\":\"ImageObject\",\"inLanguage\":\"es\",\"@id\":\"https:\\\/\\\/diariofemenino.com.ar\\\/df\\\/wp-content\\\/uploads\\\/2018\\\/12\\\/favicon-150x150.jpg\",\"url\":\"https:\\\/\\\/diariofemenino.com.ar\\\/df\\\/wp-content\\\/uploads\\\/2018\\\/12\\\/favicon-150x150.jpg\",\"contentUrl\":\"https:\\\/\\\/diariofemenino.com.ar\\\/df\\\/wp-content\\\/uploads\\\/2018\\\/12\\\/favicon-150x150.jpg\",\"caption\":\"Admin\"},\"url\":\"https:\\\/\\\/diariofemenino.com.ar\\\/df\\\/author\\\/adm18df\\\/\"}]}<\/script>\n<!-- \/ Yoast SEO plugin. -->","yoast_head_json":{"title":"Am\u00e9rica Latina declara la guerra a la violencia de g\u00e9nero - Diario Digital Femenino","description":"Am\u00e9rica Latina declara la guerra a la violencia de g\u00e9nero. La lucha sigue en pie, de pie. M\u00e1s fuertes y decididas que nunca. - Diario Digital Femenino","robots":{"index":"index","follow":"follow","max-snippet":"max-snippet:-1","max-image-preview":"max-image-preview:large","max-video-preview":"max-video-preview:-1"},"canonical":"https:\/\/diariofemenino.com.ar\/df\/america-latina-violencia-de-genero\/","og_locale":"es_ES","og_type":"article","og_title":"Am\u00e9rica Latina declara la guerra a la violencia de g\u00e9nero - Diario Digital Femenino","og_description":"Am\u00e9rica Latina declara la guerra a la violencia de g\u00e9nero. La lucha sigue en pie, de pie. M\u00e1s fuertes y decididas que nunca. - Diario Digital Femenino","og_url":"https:\/\/diariofemenino.com.ar\/df\/america-latina-violencia-de-genero\/","og_site_name":"Diario Digital Femenino","article_publisher":"https:\/\/www.facebook.com\/DiarioDigitaFemenino\/","article_published_time":"2015-07-19T21:38:53+00:00","og_image":[{"url":"http:\/\/www.diariofemenino.com.ar\/wp-content\/uploads\/5571a99bc46188e1738b4580.jpg","type":"","width":"","height":""}],"author":"Admin","twitter_card":"summary_large_image","twitter_creator":"@DiarioFemenino1","twitter_site":"@DiarioFemenino1","twitter_misc":{"Escrito por":"Admin","Tiempo de lectura":"11 minutos"},"schema":{"@context":"https:\/\/schema.org","@graph":[{"@type":"Article","@id":"https:\/\/diariofemenino.com.ar\/df\/america-latina-violencia-de-genero\/#article","isPartOf":{"@id":"https:\/\/diariofemenino.com.ar\/df\/america-latina-violencia-de-genero\/"},"author":{"name":"Admin","@id":"https:\/\/diariofemenino.com.ar\/df\/#\/schema\/person\/38f54b3bfd13f561de2460ba95c169c6"},"headline":"Am\u00e9rica Latina declara la guerra a la violencia de g\u00e9nero","datePublished":"2015-07-19T21:38:53+00:00","mainEntityOfPage":{"@id":"https:\/\/diariofemenino.com.ar\/df\/america-latina-violencia-de-genero\/"},"wordCount":2180,"commentCount":0,"publisher":{"@id":"https:\/\/diariofemenino.com.ar\/df\/#organization"},"image":{"@id":"https:\/\/diariofemenino.com.ar\/df\/america-latina-violencia-de-genero\/#primaryimage"},"thumbnailUrl":"http:\/\/www.diariofemenino.com.ar\/wp-content\/uploads\/5571a99bc46188e1738b4580.jpg","keywords":["Activismo","Campa\u00f1as","Derechos Humanos","Feminismo","Violencia de g\u00e9nero"],"articleSection":["Biblioteca Virtual","De ESI S\u00ed Se Habla","De la Revoluci\u00f3n al Reaprendizaje","Historias de vida","Medios","Mujeres en Palabras"],"inLanguage":"es","potentialAction":[{"@type":"CommentAction","name":"Comment","target":["https:\/\/diariofemenino.com.ar\/df\/america-latina-violencia-de-genero\/#respond"]}]},{"@type":"WebPage","@id":"https:\/\/diariofemenino.com.ar\/df\/america-latina-violencia-de-genero\/","url":"https:\/\/diariofemenino.com.ar\/df\/america-latina-violencia-de-genero\/","name":"Am\u00e9rica Latina declara la guerra a la violencia de g\u00e9nero - Diario Digital Femenino","isPartOf":{"@id":"https:\/\/diariofemenino.com.ar\/df\/#website"},"primaryImageOfPage":{"@id":"https:\/\/diariofemenino.com.ar\/df\/america-latina-violencia-de-genero\/#primaryimage"},"image":{"@id":"https:\/\/diariofemenino.com.ar\/df\/america-latina-violencia-de-genero\/#primaryimage"},"thumbnailUrl":"http:\/\/www.diariofemenino.com.ar\/wp-content\/uploads\/5571a99bc46188e1738b4580.jpg","datePublished":"2015-07-19T21:38:53+00:00","description":"Am\u00e9rica Latina declara la guerra a la violencia de g\u00e9nero. La lucha sigue en pie, de pie. M\u00e1s fuertes y decididas que nunca. - Diario Digital Femenino","breadcrumb":{"@id":"https:\/\/diariofemenino.com.ar\/df\/america-latina-violencia-de-genero\/#breadcrumb"},"inLanguage":"es","potentialAction":[{"@type":"ReadAction","target":["https:\/\/diariofemenino.com.ar\/df\/america-latina-violencia-de-genero\/"]}]},{"@type":"ImageObject","inLanguage":"es","@id":"https:\/\/diariofemenino.com.ar\/df\/america-latina-violencia-de-genero\/#primaryimage","url":"http:\/\/www.diariofemenino.com.ar\/wp-content\/uploads\/5571a99bc46188e1738b4580.jpg","contentUrl":"http:\/\/www.diariofemenino.com.ar\/wp-content\/uploads\/5571a99bc46188e1738b4580.jpg"},{"@type":"BreadcrumbList","@id":"https:\/\/diariofemenino.com.ar\/df\/america-latina-violencia-de-genero\/#breadcrumb","itemListElement":[{"@type":"ListItem","position":1,"name":"Portada","item":"https:\/\/diariofemenino.com.ar\/df\/"},{"@type":"ListItem","position":2,"name":"Am\u00e9rica Latina declara la guerra a la violencia de g\u00e9nero"}]},{"@type":"WebSite","@id":"https:\/\/diariofemenino.com.ar\/df\/#website","url":"https:\/\/diariofemenino.com.ar\/df\/","name":"Diario Digital Femenino","description":"Cuesti\u00f3n de G\u00e9nero","publisher":{"@id":"https:\/\/diariofemenino.com.ar\/df\/#organization"},"potentialAction":[{"@type":"SearchAction","target":{"@type":"EntryPoint","urlTemplate":"https:\/\/diariofemenino.com.ar\/df\/?s={search_term_string}"},"query-input":{"@type":"PropertyValueSpecification","valueRequired":true,"valueName":"search_term_string"}}],"inLanguage":"es"},{"@type":"Organization","@id":"https:\/\/diariofemenino.com.ar\/df\/#organization","name":"Diario Femenino","url":"https:\/\/diariofemenino.com.ar\/df\/","logo":{"@type":"ImageObject","inLanguage":"es","@id":"https:\/\/diariofemenino.com.ar\/df\/#\/schema\/logo\/image\/","url":"https:\/\/diariofemenino.com.ar\/df\/wp-content\/uploads\/2018\/10\/logo.png","contentUrl":"https:\/\/diariofemenino.com.ar\/df\/wp-content\/uploads\/2018\/10\/logo.png","width":500,"height":92,"caption":"Diario Femenino"},"image":{"@id":"https:\/\/diariofemenino.com.ar\/df\/#\/schema\/logo\/image\/"},"sameAs":["https:\/\/www.facebook.com\/DiarioDigitaFemenino\/","https:\/\/x.com\/DiarioFemenino1"]},{"@type":"Person","@id":"https:\/\/diariofemenino.com.ar\/df\/#\/schema\/person\/38f54b3bfd13f561de2460ba95c169c6","name":"Admin","image":{"@type":"ImageObject","inLanguage":"es","@id":"https:\/\/diariofemenino.com.ar\/df\/wp-content\/uploads\/2018\/12\/favicon-150x150.jpg","url":"https:\/\/diariofemenino.com.ar\/df\/wp-content\/uploads\/2018\/12\/favicon-150x150.jpg","contentUrl":"https:\/\/diariofemenino.com.ar\/df\/wp-content\/uploads\/2018\/12\/favicon-150x150.jpg","caption":"Admin"},"url":"https:\/\/diariofemenino.com.ar\/df\/author\/adm18df\/"}]}},"jetpack_featured_media_url":"","jetpack_sharing_enabled":true,"rttpg_featured_image_url":null,"rttpg_author":{"display_name":"Admin","author_link":"https:\/\/diariofemenino.com.ar\/df\/author\/adm18df\/"},"rttpg_comment":0,"rttpg_category":"<a href=\"https:\/\/diariofemenino.com.ar\/df\/category\/biblioteca\/\" rel=\"category tag\">Biblioteca Virtual<\/a> <a href=\"https:\/\/diariofemenino.com.ar\/df\/category\/de-esi-si-se-habla\/\" rel=\"category tag\">De ESI S\u00ed Se Habla<\/a> <a href=\"https:\/\/diariofemenino.com.ar\/df\/category\/de-la-revolucion-al-reaprendizaje\/\" rel=\"category tag\">De la Revoluci\u00f3n al Reaprendizaje<\/a> <a href=\"https:\/\/diariofemenino.com.ar\/df\/category\/historias-de-vida\/\" rel=\"category tag\">Historias de vida<\/a> <a href=\"https:\/\/diariofemenino.com.ar\/df\/category\/medios\/\" rel=\"category tag\">Medios<\/a> <a href=\"https:\/\/diariofemenino.com.ar\/df\/category\/articulos\/\" rel=\"category tag\">Mujeres en Palabras<\/a>","rttpg_excerpt":"Am\u00e9rica Latina declar\u00f3 la guerra a la violencia de g\u00e9nero el pasado 3 d junio, la lucha sigue en pie, de pie. M\u00e1s fuertes y decididas que nunca. &#8211; Diario Digital Femenino por Mar\u00eda Lekant 88 mujeres asesinadas por sus parejas o exparejas en Colombia; 83 en Per\u00fa, 71 en Rep\u00fablica Dominicana, 46 en El&hellip;","_links":{"self":[{"href":"https:\/\/diariofemenino.com.ar\/df\/wp-json\/wp\/v2\/posts\/18840","targetHints":{"allow":["GET"]}}],"collection":[{"href":"https:\/\/diariofemenino.com.ar\/df\/wp-json\/wp\/v2\/posts"}],"about":[{"href":"https:\/\/diariofemenino.com.ar\/df\/wp-json\/wp\/v2\/types\/post"}],"author":[{"embeddable":true,"href":"https:\/\/diariofemenino.com.ar\/df\/wp-json\/wp\/v2\/users\/1"}],"replies":[{"embeddable":true,"href":"https:\/\/diariofemenino.com.ar\/df\/wp-json\/wp\/v2\/comments?post=18840"}],"version-history":[{"count":0,"href":"https:\/\/diariofemenino.com.ar\/df\/wp-json\/wp\/v2\/posts\/18840\/revisions"}],"wp:attachment":[{"href":"https:\/\/diariofemenino.com.ar\/df\/wp-json\/wp\/v2\/media?parent=18840"}],"wp:term":[{"taxonomy":"category","embeddable":true,"href":"https:\/\/diariofemenino.com.ar\/df\/wp-json\/wp\/v2\/categories?post=18840"},{"taxonomy":"post_tag","embeddable":true,"href":"https:\/\/diariofemenino.com.ar\/df\/wp-json\/wp\/v2\/tags?post=18840"}],"curies":[{"name":"wp","href":"https:\/\/api.w.org\/{rel}","templated":true}]}}