{"id":18812,"date":"2015-07-19T14:34:08","date_gmt":"2015-07-19T17:34:08","guid":{"rendered":"http:\/\/www.diariofemenino.com.ar\/?p=18812"},"modified":"2015-07-19T14:34:08","modified_gmt":"2015-07-19T17:34:08","slug":"trata-114-personas-rescatadas-en-mendoza","status":"publish","type":"post","link":"https:\/\/diariofemenino.com.ar\/df\/trata-114-personas-rescatadas-en-mendoza\/","title":{"rendered":"Trata: 114 personas rescatadas en Mendoza"},"content":{"rendered":"<p><strong style=\"color: #000000;\">M\u00e1s de un centenar de personas han sido liberadas de la explotaci\u00f3n en la provincia.\u00a0<\/strong><br \/>\n<figure id=\"attachment_18814\" aria-describedby=\"caption-attachment-18814\" style=\"width: 536px\" class=\"wp-caption alignnone\"><a href=\"http:\/\/www.diariofemenino.com.ar\/wp-content\/uploads\/Daniel-Tagarelli.jpg\"><img loading=\"lazy\" decoding=\"async\" class=\"size-full wp-image-18814\" alt=\"Trata: Daniel Tagarelli, subsecretario de DDHH de Mendoza\" src=\"http:\/\/www.diariofemenino.com.ar\/wp-content\/uploads\/Daniel-Tagarelli.jpg\" width=\"536\" height=\"359\" \/><\/a><figcaption id=\"caption-attachment-18814\" class=\"wp-caption-text\">Trata: Daniel Tagarelli, subsecretario de DDHH de Mendoza<\/figcaption><\/figure><br \/>\n<span style=\"color: #000000;\">As\u00ed lo afirm\u00f3 Daniel Tagarelli, subsecretario de Derechos Humanos de la provincia. Al mismo tiempo dijo desconocer el informe del\u00a0Programa Nacional de Rescate y Acompa\u00f1amiento a las Personas Damnificadas por el Delito de Trata del Ministerio de Justicia y Derechos Humanos. Este material indica que m\u00e1s de\u00a0800 v\u00edctimas del delito de trata de personas\u00a0fueron rescatadas en la primera mitad de 2015 en el marco de allanamientos y operativos realizados en diferentes puntos del pa\u00eds.<\/span><br \/>\n<span style=\"color: #000000;\">Tagarelli se\u00f1al\u00f3 que 114 son las personas\u00a0que est\u00e1n siendo abordadas por el\u00a0 equipo interdisciplinario de la Subsecretar\u00eda. Los psic\u00f3logos,\u00a0trabajadores sociales y abogados trabajan de manera conjunta y simult\u00e1nea en la atenci\u00f3n de las v\u00edctimas.<\/span><br \/>\n<span style=\"color: #000000;\">Seg\u00fan los datos oficiales de la provincia, hay 50 casos en tratamiento judicial elevados a compulsa. De ellos, 42 son de trata sexual, lo que se eval\u00faa como un alt\u00edsimo porcentaje. Adem\u00e1s hay ocho casos de explotaci\u00f3n laboral y uno de matrimonio servil.<\/span><br \/>\n<span style=\"color: #000000;\">Adem\u00e1s de esbozar un mapa sobre Mendoza, el subsecretario de DDHH anunci\u00f3 que\u00a0desde el \u00e1rea\u00a0se vienen firmando convenios\u00a0con las empresas de transporte, porque saben a ciencia cierta que el traslado de mujeres se realiza por la Terminal de \u00f3mnibus. Con esta acci\u00f3n buscan capacitar a los choferes y auxiliares a bordo, para que denuncien si detectan alguna irregularidad que se relacione con el tr\u00e1fico de personas.<\/span><br \/>\n<span style=\"color: #000000;\"><strong>Trata: qu\u00e9 dice la Naci\u00f3n<\/strong><\/span><br \/>\n<span style=\"color: #000000;\">El\u00a0Programa Nacional de Rescate y Acompa\u00f1amiento a las Personas Damnificadas por el Delito de Trata del Ministerio de Justicia y Derechos Humanos inform\u00f3\u00a0que m\u00e1s de\u00a0800 v\u00edctimas del delito de trata de personas\u00a0fueron rescatadas en la primera mitad de 2015 en diferentes puntos del pa\u00eds.\u00a0El 75 % de las 819 v\u00edctimas rescatadas fueron mujeres. El 61 % de las damnificadas eran extranjeras (el 52 % es de nacionalidad boliviana;\u00a0el 26 %, paraguaya y el 12 %, dominicana).<\/span><br \/>\n<strong><span style=\"color: #000000;\">Video de la entrevista a\u00a0Daniel Tagarelli, subsecretario de DDHH de Mendoza, sobre la trata de personas<\/span><\/strong><br \/>\n<iframe loading=\"lazy\" src=\"https:\/\/www.youtube.com\/embed\/Rfgc_p-4cBE\" height=\"315\" width=\"560\" allowfullscreen=\"\" frameborder=\"0\"><\/iframe><br \/>\n&nbsp;<br \/>\n&nbsp;<br \/>\n&nbsp;<br \/>\n&nbsp;<br \/>\nFuente: Unidiversidad.com.ar<\/p>\n","protected":false},"excerpt":{"rendered":"<p>M\u00e1s de un centenar de personas han sido liberadas de la explotaci\u00f3n en la provincia.\u00a0 As\u00ed lo afirm\u00f3 Daniel Tagarelli, subsecretario de Derechos Humanos de la provincia. Al mismo tiempo dijo desconocer el informe del\u00a0Programa Nacional de Rescate y Acompa\u00f1amiento a las Personas Damnificadas por el Delito de Trata del Ministerio de Justicia y Derechos [&hellip;]<\/p>\n","protected":false},"author":1,"featured_media":0,"comment_status":"open","ping_status":"open","sticky":false,"template":"","format":"standard","meta":{"iawp_total_views":1,"footnotes":""},"categories":[3,4,21,15],"tags":[30,52,18,36],"class_list":["post-18812","post","type-post","status-publish","format-standard","hentry","category-de-la-revolucion-al-reaprendizaje","category-medios","category-noticias","category-trata-de-personas","tag-derechos-humanos","tag-explotacion-sexual","tag-politicas-publicas","tag-violencia-sexual"],"nelio_content":{"autoShareEndMode":"never","automationSources":{"useCustomSentences":false,"customSentences":[]},"efiAlt":"","efiUrl":"","followers":[],"highlights":[],"isAutoShareEnabled":true,"networkImageIds":[],"permalinkQueryArgs":[],"series":[],"suggestedReferences":[]},"yoast_head":"<!-- This site is optimized with the Yoast SEO plugin v27.4 - https:\/\/yoast.com\/product\/yoast-seo-wordpress\/ -->\n<title>Trata: 114 personas rescatadas en Mendoza - Diario Digital Femenino<\/title>\n<meta name=\"description\" content=\"Trata: 114 personas rescatadas en Mendoza. Daniel Tagarelli, subsecretario de DDHH asegur\u00f3 que hay un alto porcentaje en explotaci\u00f3n sexual.\" \/>\n<meta name=\"robots\" content=\"index, follow, max-snippet:-1, max-image-preview:large, max-video-preview:-1\" \/>\n<link rel=\"canonical\" href=\"https:\/\/diariofemenino.com.ar\/df\/trata-114-personas-rescatadas-en-mendoza\/\" \/>\n<meta property=\"og:locale\" content=\"es_ES\" \/>\n<meta property=\"og:type\" content=\"article\" \/>\n<meta property=\"og:title\" content=\"Trata: 114 personas rescatadas en Mendoza - Diario Digital Femenino\" \/>\n<meta property=\"og:description\" content=\"Trata: 114 personas rescatadas en Mendoza. Daniel Tagarelli, subsecretario de DDHH asegur\u00f3 que hay un alto porcentaje en explotaci\u00f3n sexual.\" \/>\n<meta property=\"og:url\" content=\"https:\/\/diariofemenino.com.ar\/df\/trata-114-personas-rescatadas-en-mendoza\/\" \/>\n<meta property=\"og:site_name\" content=\"Diario Digital Femenino\" \/>\n<meta property=\"article:publisher\" content=\"https:\/\/www.facebook.com\/DiarioDigitaFemenino\/\" \/>\n<meta property=\"article:published_time\" content=\"2015-07-19T17:34:08+00:00\" \/>\n<meta property=\"og:image\" content=\"http:\/\/www.diariofemenino.com.ar\/wp-content\/uploads\/Daniel-Tagarelli.jpg\" \/>\n<meta name=\"author\" content=\"Admin\" \/>\n<meta name=\"twitter:card\" content=\"summary_large_image\" \/>\n<meta name=\"twitter:creator\" content=\"@DiarioFemenino1\" \/>\n<meta name=\"twitter:site\" content=\"@DiarioFemenino1\" \/>\n<meta name=\"twitter:label1\" content=\"Escrito por\" \/>\n\t<meta name=\"twitter:data1\" content=\"Admin\" \/>\n\t<meta name=\"twitter:label2\" content=\"Tiempo de lectura\" \/>\n\t<meta name=\"twitter:data2\" content=\"2 minutos\" \/>\n<script type=\"application\/ld+json\" class=\"yoast-schema-graph\">{\"@context\":\"https:\\\/\\\/schema.org\",\"@graph\":[{\"@type\":\"Article\",\"@id\":\"https:\\\/\\\/diariofemenino.com.ar\\\/df\\\/trata-114-personas-rescatadas-en-mendoza\\\/#article\",\"isPartOf\":{\"@id\":\"https:\\\/\\\/diariofemenino.com.ar\\\/df\\\/trata-114-personas-rescatadas-en-mendoza\\\/\"},\"author\":{\"name\":\"Admin\",\"@id\":\"https:\\\/\\\/diariofemenino.com.ar\\\/df\\\/#\\\/schema\\\/person\\\/38f54b3bfd13f561de2460ba95c169c6\"},\"headline\":\"Trata: 114 personas rescatadas en Mendoza\",\"datePublished\":\"2015-07-19T17:34:08+00:00\",\"mainEntityOfPage\":{\"@id\":\"https:\\\/\\\/diariofemenino.com.ar\\\/df\\\/trata-114-personas-rescatadas-en-mendoza\\\/\"},\"wordCount\":381,\"commentCount\":0,\"publisher\":{\"@id\":\"https:\\\/\\\/diariofemenino.com.ar\\\/df\\\/#organization\"},\"image\":{\"@id\":\"https:\\\/\\\/diariofemenino.com.ar\\\/df\\\/trata-114-personas-rescatadas-en-mendoza\\\/#primaryimage\"},\"thumbnailUrl\":\"http:\\\/\\\/www.diariofemenino.com.ar\\\/wp-content\\\/uploads\\\/Daniel-Tagarelli.jpg\",\"keywords\":[\"Derechos Humanos\",\"Explotaci\u00f3n sexual\",\"Pol\u00edticas p\u00fablicas\",\"Violencia Sexual\"],\"articleSection\":[\"De la Revoluci\u00f3n al Reaprendizaje\",\"Medios\",\"Noticias\",\"Trata de Pers.\"],\"inLanguage\":\"es\",\"potentialAction\":[{\"@type\":\"CommentAction\",\"name\":\"Comment\",\"target\":[\"https:\\\/\\\/diariofemenino.com.ar\\\/df\\\/trata-114-personas-rescatadas-en-mendoza\\\/#respond\"]}]},{\"@type\":\"WebPage\",\"@id\":\"https:\\\/\\\/diariofemenino.com.ar\\\/df\\\/trata-114-personas-rescatadas-en-mendoza\\\/\",\"url\":\"https:\\\/\\\/diariofemenino.com.ar\\\/df\\\/trata-114-personas-rescatadas-en-mendoza\\\/\",\"name\":\"Trata: 114 personas rescatadas en Mendoza - Diario Digital Femenino\",\"isPartOf\":{\"@id\":\"https:\\\/\\\/diariofemenino.com.ar\\\/df\\\/#website\"},\"primaryImageOfPage\":{\"@id\":\"https:\\\/\\\/diariofemenino.com.ar\\\/df\\\/trata-114-personas-rescatadas-en-mendoza\\\/#primaryimage\"},\"image\":{\"@id\":\"https:\\\/\\\/diariofemenino.com.ar\\\/df\\\/trata-114-personas-rescatadas-en-mendoza\\\/#primaryimage\"},\"thumbnailUrl\":\"http:\\\/\\\/www.diariofemenino.com.ar\\\/wp-content\\\/uploads\\\/Daniel-Tagarelli.jpg\",\"datePublished\":\"2015-07-19T17:34:08+00:00\",\"description\":\"Trata: 114 personas rescatadas en Mendoza. Daniel Tagarelli, subsecretario de DDHH asegur\u00f3 que hay un alto porcentaje en explotaci\u00f3n sexual.\",\"breadcrumb\":{\"@id\":\"https:\\\/\\\/diariofemenino.com.ar\\\/df\\\/trata-114-personas-rescatadas-en-mendoza\\\/#breadcrumb\"},\"inLanguage\":\"es\",\"potentialAction\":[{\"@type\":\"ReadAction\",\"target\":[\"https:\\\/\\\/diariofemenino.com.ar\\\/df\\\/trata-114-personas-rescatadas-en-mendoza\\\/\"]}]},{\"@type\":\"ImageObject\",\"inLanguage\":\"es\",\"@id\":\"https:\\\/\\\/diariofemenino.com.ar\\\/df\\\/trata-114-personas-rescatadas-en-mendoza\\\/#primaryimage\",\"url\":\"http:\\\/\\\/www.diariofemenino.com.ar\\\/wp-content\\\/uploads\\\/Daniel-Tagarelli.jpg\",\"contentUrl\":\"http:\\\/\\\/www.diariofemenino.com.ar\\\/wp-content\\\/uploads\\\/Daniel-Tagarelli.jpg\"},{\"@type\":\"BreadcrumbList\",\"@id\":\"https:\\\/\\\/diariofemenino.com.ar\\\/df\\\/trata-114-personas-rescatadas-en-mendoza\\\/#breadcrumb\",\"itemListElement\":[{\"@type\":\"ListItem\",\"position\":1,\"name\":\"Portada\",\"item\":\"https:\\\/\\\/diariofemenino.com.ar\\\/df\\\/\"},{\"@type\":\"ListItem\",\"position\":2,\"name\":\"Trata: 114 personas rescatadas en Mendoza\"}]},{\"@type\":\"WebSite\",\"@id\":\"https:\\\/\\\/diariofemenino.com.ar\\\/df\\\/#website\",\"url\":\"https:\\\/\\\/diariofemenino.com.ar\\\/df\\\/\",\"name\":\"Diario Digital Femenino\",\"description\":\"Cuesti\u00f3n de G\u00e9nero\",\"publisher\":{\"@id\":\"https:\\\/\\\/diariofemenino.com.ar\\\/df\\\/#organization\"},\"potentialAction\":[{\"@type\":\"SearchAction\",\"target\":{\"@type\":\"EntryPoint\",\"urlTemplate\":\"https:\\\/\\\/diariofemenino.com.ar\\\/df\\\/?s={search_term_string}\"},\"query-input\":{\"@type\":\"PropertyValueSpecification\",\"valueRequired\":true,\"valueName\":\"search_term_string\"}}],\"inLanguage\":\"es\"},{\"@type\":\"Organization\",\"@id\":\"https:\\\/\\\/diariofemenino.com.ar\\\/df\\\/#organization\",\"name\":\"Diario Femenino\",\"url\":\"https:\\\/\\\/diariofemenino.com.ar\\\/df\\\/\",\"logo\":{\"@type\":\"ImageObject\",\"inLanguage\":\"es\",\"@id\":\"https:\\\/\\\/diariofemenino.com.ar\\\/df\\\/#\\\/schema\\\/logo\\\/image\\\/\",\"url\":\"https:\\\/\\\/diariofemenino.com.ar\\\/df\\\/wp-content\\\/uploads\\\/2018\\\/10\\\/logo.png\",\"contentUrl\":\"https:\\\/\\\/diariofemenino.com.ar\\\/df\\\/wp-content\\\/uploads\\\/2018\\\/10\\\/logo.png\",\"width\":500,\"height\":92,\"caption\":\"Diario Femenino\"},\"image\":{\"@id\":\"https:\\\/\\\/diariofemenino.com.ar\\\/df\\\/#\\\/schema\\\/logo\\\/image\\\/\"},\"sameAs\":[\"https:\\\/\\\/www.facebook.com\\\/DiarioDigitaFemenino\\\/\",\"https:\\\/\\\/x.com\\\/DiarioFemenino1\"]},{\"@type\":\"Person\",\"@id\":\"https:\\\/\\\/diariofemenino.com.ar\\\/df\\\/#\\\/schema\\\/person\\\/38f54b3bfd13f561de2460ba95c169c6\",\"name\":\"Admin\",\"image\":{\"@type\":\"ImageObject\",\"inLanguage\":\"es\",\"@id\":\"https:\\\/\\\/diariofemenino.com.ar\\\/df\\\/wp-content\\\/uploads\\\/2018\\\/12\\\/favicon-150x150.jpg\",\"url\":\"https:\\\/\\\/diariofemenino.com.ar\\\/df\\\/wp-content\\\/uploads\\\/2018\\\/12\\\/favicon-150x150.jpg\",\"contentUrl\":\"https:\\\/\\\/diariofemenino.com.ar\\\/df\\\/wp-content\\\/uploads\\\/2018\\\/12\\\/favicon-150x150.jpg\",\"caption\":\"Admin\"},\"url\":\"https:\\\/\\\/diariofemenino.com.ar\\\/df\\\/author\\\/adm18df\\\/\"}]}<\/script>\n<!-- \/ Yoast SEO plugin. -->","yoast_head_json":{"title":"Trata: 114 personas rescatadas en Mendoza - Diario Digital Femenino","description":"Trata: 114 personas rescatadas en Mendoza. Daniel Tagarelli, subsecretario de DDHH asegur\u00f3 que hay un alto porcentaje en explotaci\u00f3n sexual.","robots":{"index":"index","follow":"follow","max-snippet":"max-snippet:-1","max-image-preview":"max-image-preview:large","max-video-preview":"max-video-preview:-1"},"canonical":"https:\/\/diariofemenino.com.ar\/df\/trata-114-personas-rescatadas-en-mendoza\/","og_locale":"es_ES","og_type":"article","og_title":"Trata: 114 personas rescatadas en Mendoza - Diario Digital Femenino","og_description":"Trata: 114 personas rescatadas en Mendoza. Daniel Tagarelli, subsecretario de DDHH asegur\u00f3 que hay un alto porcentaje en explotaci\u00f3n sexual.","og_url":"https:\/\/diariofemenino.com.ar\/df\/trata-114-personas-rescatadas-en-mendoza\/","og_site_name":"Diario Digital Femenino","article_publisher":"https:\/\/www.facebook.com\/DiarioDigitaFemenino\/","article_published_time":"2015-07-19T17:34:08+00:00","og_image":[{"url":"http:\/\/www.diariofemenino.com.ar\/wp-content\/uploads\/Daniel-Tagarelli.jpg","type":"","width":"","height":""}],"author":"Admin","twitter_card":"summary_large_image","twitter_creator":"@DiarioFemenino1","twitter_site":"@DiarioFemenino1","twitter_misc":{"Escrito por":"Admin","Tiempo de lectura":"2 minutos"},"schema":{"@context":"https:\/\/schema.org","@graph":[{"@type":"Article","@id":"https:\/\/diariofemenino.com.ar\/df\/trata-114-personas-rescatadas-en-mendoza\/#article","isPartOf":{"@id":"https:\/\/diariofemenino.com.ar\/df\/trata-114-personas-rescatadas-en-mendoza\/"},"author":{"name":"Admin","@id":"https:\/\/diariofemenino.com.ar\/df\/#\/schema\/person\/38f54b3bfd13f561de2460ba95c169c6"},"headline":"Trata: 114 personas rescatadas en Mendoza","datePublished":"2015-07-19T17:34:08+00:00","mainEntityOfPage":{"@id":"https:\/\/diariofemenino.com.ar\/df\/trata-114-personas-rescatadas-en-mendoza\/"},"wordCount":381,"commentCount":0,"publisher":{"@id":"https:\/\/diariofemenino.com.ar\/df\/#organization"},"image":{"@id":"https:\/\/diariofemenino.com.ar\/df\/trata-114-personas-rescatadas-en-mendoza\/#primaryimage"},"thumbnailUrl":"http:\/\/www.diariofemenino.com.ar\/wp-content\/uploads\/Daniel-Tagarelli.jpg","keywords":["Derechos Humanos","Explotaci\u00f3n sexual","Pol\u00edticas p\u00fablicas","Violencia Sexual"],"articleSection":["De la Revoluci\u00f3n al Reaprendizaje","Medios","Noticias","Trata de Pers."],"inLanguage":"es","potentialAction":[{"@type":"CommentAction","name":"Comment","target":["https:\/\/diariofemenino.com.ar\/df\/trata-114-personas-rescatadas-en-mendoza\/#respond"]}]},{"@type":"WebPage","@id":"https:\/\/diariofemenino.com.ar\/df\/trata-114-personas-rescatadas-en-mendoza\/","url":"https:\/\/diariofemenino.com.ar\/df\/trata-114-personas-rescatadas-en-mendoza\/","name":"Trata: 114 personas rescatadas en Mendoza - Diario Digital Femenino","isPartOf":{"@id":"https:\/\/diariofemenino.com.ar\/df\/#website"},"primaryImageOfPage":{"@id":"https:\/\/diariofemenino.com.ar\/df\/trata-114-personas-rescatadas-en-mendoza\/#primaryimage"},"image":{"@id":"https:\/\/diariofemenino.com.ar\/df\/trata-114-personas-rescatadas-en-mendoza\/#primaryimage"},"thumbnailUrl":"http:\/\/www.diariofemenino.com.ar\/wp-content\/uploads\/Daniel-Tagarelli.jpg","datePublished":"2015-07-19T17:34:08+00:00","description":"Trata: 114 personas rescatadas en Mendoza. Daniel Tagarelli, subsecretario de DDHH asegur\u00f3 que hay un alto porcentaje en explotaci\u00f3n sexual.","breadcrumb":{"@id":"https:\/\/diariofemenino.com.ar\/df\/trata-114-personas-rescatadas-en-mendoza\/#breadcrumb"},"inLanguage":"es","potentialAction":[{"@type":"ReadAction","target":["https:\/\/diariofemenino.com.ar\/df\/trata-114-personas-rescatadas-en-mendoza\/"]}]},{"@type":"ImageObject","inLanguage":"es","@id":"https:\/\/diariofemenino.com.ar\/df\/trata-114-personas-rescatadas-en-mendoza\/#primaryimage","url":"http:\/\/www.diariofemenino.com.ar\/wp-content\/uploads\/Daniel-Tagarelli.jpg","contentUrl":"http:\/\/www.diariofemenino.com.ar\/wp-content\/uploads\/Daniel-Tagarelli.jpg"},{"@type":"BreadcrumbList","@id":"https:\/\/diariofemenino.com.ar\/df\/trata-114-personas-rescatadas-en-mendoza\/#breadcrumb","itemListElement":[{"@type":"ListItem","position":1,"name":"Portada","item":"https:\/\/diariofemenino.com.ar\/df\/"},{"@type":"ListItem","position":2,"name":"Trata: 114 personas rescatadas en Mendoza"}]},{"@type":"WebSite","@id":"https:\/\/diariofemenino.com.ar\/df\/#website","url":"https:\/\/diariofemenino.com.ar\/df\/","name":"Diario Digital Femenino","description":"Cuesti\u00f3n de G\u00e9nero","publisher":{"@id":"https:\/\/diariofemenino.com.ar\/df\/#organization"},"potentialAction":[{"@type":"SearchAction","target":{"@type":"EntryPoint","urlTemplate":"https:\/\/diariofemenino.com.ar\/df\/?s={search_term_string}"},"query-input":{"@type":"PropertyValueSpecification","valueRequired":true,"valueName":"search_term_string"}}],"inLanguage":"es"},{"@type":"Organization","@id":"https:\/\/diariofemenino.com.ar\/df\/#organization","name":"Diario Femenino","url":"https:\/\/diariofemenino.com.ar\/df\/","logo":{"@type":"ImageObject","inLanguage":"es","@id":"https:\/\/diariofemenino.com.ar\/df\/#\/schema\/logo\/image\/","url":"https:\/\/diariofemenino.com.ar\/df\/wp-content\/uploads\/2018\/10\/logo.png","contentUrl":"https:\/\/diariofemenino.com.ar\/df\/wp-content\/uploads\/2018\/10\/logo.png","width":500,"height":92,"caption":"Diario Femenino"},"image":{"@id":"https:\/\/diariofemenino.com.ar\/df\/#\/schema\/logo\/image\/"},"sameAs":["https:\/\/www.facebook.com\/DiarioDigitaFemenino\/","https:\/\/x.com\/DiarioFemenino1"]},{"@type":"Person","@id":"https:\/\/diariofemenino.com.ar\/df\/#\/schema\/person\/38f54b3bfd13f561de2460ba95c169c6","name":"Admin","image":{"@type":"ImageObject","inLanguage":"es","@id":"https:\/\/diariofemenino.com.ar\/df\/wp-content\/uploads\/2018\/12\/favicon-150x150.jpg","url":"https:\/\/diariofemenino.com.ar\/df\/wp-content\/uploads\/2018\/12\/favicon-150x150.jpg","contentUrl":"https:\/\/diariofemenino.com.ar\/df\/wp-content\/uploads\/2018\/12\/favicon-150x150.jpg","caption":"Admin"},"url":"https:\/\/diariofemenino.com.ar\/df\/author\/adm18df\/"}]}},"jetpack_featured_media_url":"","jetpack_sharing_enabled":true,"rttpg_featured_image_url":null,"rttpg_author":{"display_name":"Admin","author_link":"https:\/\/diariofemenino.com.ar\/df\/author\/adm18df\/"},"rttpg_comment":0,"rttpg_category":"<a href=\"https:\/\/diariofemenino.com.ar\/df\/category\/de-la-revolucion-al-reaprendizaje\/\" rel=\"category tag\">De la Revoluci\u00f3n al Reaprendizaje<\/a> <a href=\"https:\/\/diariofemenino.com.ar\/df\/category\/medios\/\" rel=\"category tag\">Medios<\/a> <a href=\"https:\/\/diariofemenino.com.ar\/df\/category\/noticias\/\" rel=\"category tag\">Noticias<\/a> <a href=\"https:\/\/diariofemenino.com.ar\/df\/category\/trata-de-personas\/\" rel=\"category tag\">Trata de Pers.<\/a>","rttpg_excerpt":"M\u00e1s de un centenar de personas han sido liberadas de la explotaci\u00f3n en la provincia.\u00a0 As\u00ed lo afirm\u00f3 Daniel Tagarelli, subsecretario de Derechos Humanos de la provincia. Al mismo tiempo dijo desconocer el informe del\u00a0Programa Nacional de Rescate y Acompa\u00f1amiento a las Personas Damnificadas por el Delito de Trata del Ministerio de Justicia y Derechos&hellip;","_links":{"self":[{"href":"https:\/\/diariofemenino.com.ar\/df\/wp-json\/wp\/v2\/posts\/18812","targetHints":{"allow":["GET"]}}],"collection":[{"href":"https:\/\/diariofemenino.com.ar\/df\/wp-json\/wp\/v2\/posts"}],"about":[{"href":"https:\/\/diariofemenino.com.ar\/df\/wp-json\/wp\/v2\/types\/post"}],"author":[{"embeddable":true,"href":"https:\/\/diariofemenino.com.ar\/df\/wp-json\/wp\/v2\/users\/1"}],"replies":[{"embeddable":true,"href":"https:\/\/diariofemenino.com.ar\/df\/wp-json\/wp\/v2\/comments?post=18812"}],"version-history":[{"count":0,"href":"https:\/\/diariofemenino.com.ar\/df\/wp-json\/wp\/v2\/posts\/18812\/revisions"}],"wp:attachment":[{"href":"https:\/\/diariofemenino.com.ar\/df\/wp-json\/wp\/v2\/media?parent=18812"}],"wp:term":[{"taxonomy":"category","embeddable":true,"href":"https:\/\/diariofemenino.com.ar\/df\/wp-json\/wp\/v2\/categories?post=18812"},{"taxonomy":"post_tag","embeddable":true,"href":"https:\/\/diariofemenino.com.ar\/df\/wp-json\/wp\/v2\/tags?post=18812"}],"curies":[{"name":"wp","href":"https:\/\/api.w.org\/{rel}","templated":true}]}}