{"id":18662,"date":"2015-07-08T16:34:33","date_gmt":"2015-07-08T19:34:33","guid":{"rendered":"http:\/\/www.diariofemenino.com.ar\/?p=18662"},"modified":"2015-07-08T16:34:33","modified_gmt":"2015-07-08T19:34:33","slug":"guia-sobre-lenguaje-igualitario-de-la-hcdn","status":"publish","type":"post","link":"https:\/\/diariofemenino.com.ar\/df\/guia-sobre-lenguaje-igualitario-de-la-hcdn\/","title":{"rendered":"Gu\u00eda sobre lenguaje igualitario de la HCDN"},"content":{"rendered":"<p><strong>Presentaci\u00f3n. <\/strong>(Click en la Portda para Descargar<strong>)<\/strong><br \/>\n<figure id=\"attachment_18663\" aria-describedby=\"caption-attachment-18663\" style=\"width: 385px\" class=\"wp-caption alignleft\"><a href=\"https:\/\/diariofemenino.com.ar\/documentos\/guia_lenguaje_igualitario.pdf\"><img loading=\"lazy\" decoding=\"async\" class=\"size-full wp-image-18663\" alt=\"Gu\u00eda sobre lenguaje igualitario de la HCDN\" src=\"http:\/\/www.diariofemenino.com.ar\/wp-content\/uploads\/Portada-Guia.jpg\" width=\"385\" height=\"570\" \/><\/a><figcaption id=\"caption-attachment-18663\" class=\"wp-caption-text\">Gu\u00eda sobre lenguaje igualitario de la HCDN<\/figcaption><\/figure><br \/>\nLa gu\u00eda para el uso del lenguaje igualitario se enmarca en el entramado de estrategias y acciones previstas por el Programa de Modernizaci\u00f3n Parlamentaria 2012-2015 impulsado por el presidente de la HCDN, Dr. Juli\u00e1n Andr\u00e9s Dom\u00ednguez, con acuerdo de todos los bloques pol\u00edticos que integran el cuerpo legislativo.<br \/>\nCon esa visi\u00f3n, desde la Secretar\u00eda Parlamentaria, encausamos iniciativas de modernizaci\u00f3n en todas las \u00e1reas de servicio y de apoyo a la tarea legislativa, referenciando algunos hitos: la conformaci\u00f3n de una estructura organizacional adecuada para desarrollar el Digesto Jur\u00eddico Argentino; la creaci\u00f3n de la Direcci\u00f3n de Servicios Digitales Parlamentarios; la creaci\u00f3n y puesta en marcha de la Diplomatura en Gesti\u00f3n Legislativa; la articulaci\u00f3n con otros espacios legislativos; y la apertura y vinculaci\u00f3n de la HCDN con la comunidad y la ciudadan\u00eda en general a trav\u00e9s de diferentes actividades e iniciativas.<br \/>\nEsta gu\u00eda constituye una propuesta did\u00e1ctica para promover una comunicaci\u00f3n m\u00e1s democr\u00e1tica y adecuada a las reformas legislativas propiciadas en los \u00faltimos a\u00f1os en materia de igualdad de g\u00e9nero.<br \/>\nEl lenguaje en s\u00ed mismo no es masculino ni femenino. El lenguaje, a priori, no es sexista ni excluyente, pero s\u00ed el uso que hacemos las personas del mismo. En \u00e9l se proyectan estereotipos aprendidos que responden a la construcci\u00f3n de modelos culturales androc\u00e9ntricos que sit\u00faan la mirada masculina como universal y generalizable a toda la humanidad.<br \/>\nEl tipo de lenguaje que usamos no es inocente. Si usamos un lenguaje que toma como norma y medida de la humanidad solo a una parte de ella (lo masculino), ayudamos a que persista en el imaginario colectivo la percepci\u00f3n de que las mujeres son subsidiarias, secundarias y prescindibles. A ese uso llamamos uso sexista del lenguaje. Se entiende por lenguaje inclusivo entonces, o por lenguaje no sexista, aquel que ni oculte, ni subordine, ni excluya a ninguno de los g\u00e9neros y sea responsable al considerar, respetar y hacer visible a todas las personas, reconociendo la diversidad sexual y de g\u00e9nero. Cambiar el uso del lenguaje implica tambi\u00e9n un cambio cultural, y nos convoca a construir otro sistema de valores, otra forma de entender, de pensar y de representar al mundo.<br \/>\nLa propuesta de utilizar un lenguaje no sexista o lenguaje igualitario en cuanto al g\u00e9nero se orienta a evitar opciones 11 l\u00e9xicas que en este \u00e1mbito puedan interpretarse como sesgadas, discriminatorias o excluyentes. Principalmente en la producci\u00f3n legislativa y la redacci\u00f3n de aquellas normas que regir\u00e1n para el conjunto de la ciudadan\u00eda.<br \/>\nLa \u00fanica verdad es la realidad. La conquista de la igualdad y el reconocimiento de los derechos de las personas que habitan nuestro pa\u00eds constituyen luchas de larga data. En ese sentido podemos mencionar hitos del siglo XX tales como el voto femenino, la patria potestad compartida, el divorcio y el cupo femenino en el \u00e1mbito legislativo.<br \/>\nEsto se expresa en la proporci\u00f3n de legisladoras en la HCDN que ascendi\u00f3 al 40% en el a\u00f1o 2008. El crecimiento porcentual en Senado fue mayor: se pas\u00f3 del 3% al 37% en la primera elecci\u00f3n directa del 2001. La presencia de legisladoras inst\u00f3 a promover la perspectiva de g\u00e9nero en la agenda legislativa. Entre 1989 y 2007 fueron introducidas por legisladoras el 79% de los proyectos sobre cuotas de g\u00e9nero; y el 69% de las propuestas en materia de violencia de g\u00e9nero. El trabajo de las legisladoras fue fundamental para la aprobaci\u00f3n de leyes que ampl\u00edan los derechos de la mujer: Cupo Sindical Femenino, Salud Sexual y Procreaci\u00f3n Responsable, Protecci\u00f3n integral de los derechos de las ni\u00f1as, ni\u00f1os y adolescentes, etc. Tambi\u00e9n en los \u00faltimos diez a\u00f1os, la disputa por el reconocimiento, en sentido m\u00e1s amplio, de los derechos de quienes integran nuestro pueblo ha celebrado el logro de reconocimientos muy importantes en el plano legislativo como las leyes de matrimonio igualitario (Ley 26.618), de 12 identidad de g\u00e9nero (Ley 26.743) y la reciente Ley 26.994 que reforma el C\u00f3digo Civil argentino.<br \/>\nQuienes creemos que el valor sustantivo de la democracia es el respeto por las diferencias y la igualdad de voces y participaci\u00f3n en los procesos sociales, culturales y pol\u00ed- ticos que nos involucran celebramos estas conquistas y vemos estos hitos como puntos de partida para hacer realidad esos textos en cada acci\u00f3n concreta.<br \/>\nEl Estado, en tanto sujeto de los vaivenes de la pol\u00edtica, no est\u00e1 exento de la responsabilidad de sancionar medidas equitativas e inclusivas para toda la poblaci\u00f3n y de garantizar su cumplimiento en todos los planos involucrados en ese paradigma. En ese sentido, se hace imprescindible expresarse coherentemente con las leyes que ha sancionado el Parlamento en plena democracia y para ello se torna necesario deconstruir la formulaci\u00f3n hist\u00f3rica del lenguaje. Dicho de otra manera, es imprescindible que los textos producidos en el \u00e1mbito legislativo expresen sus contenidos desde una perspectiva igualitaria y de equidad de g\u00e9nero. Usar un lenguaje discriminatorio, ya sea por h\u00e1bito o por tradici\u00f3n, ser\u00eda contradecir aquellos derechos reconocidos por ley. El uso del lenguaje igualitario que proponemos en este material, y que sabemos excede el mero uso de una gu\u00eda, pretende fomentar y concientizar sobre una comunicaci\u00f3n m\u00e1s igualitaria.<br \/>\nEl objetivo de esta gu\u00eda es entonces proponer una serie de herramientas que permitan incorporar un lenguaje oral 13 y escrito que construya, represente, describa y exprese la igualdad de oportunidades para la diversidad de g\u00e9neros con enfoque de derechos en la gesti\u00f3n parlamentaria.<br \/>\nel uso de un lenguaje igualitario y no sexista tendr\u00eda que tender a ser la norma, en lugar de ser la excepci\u00f3n en los documentos parlamentarios. comunicaciones internas, reglamentaciones, proyectos legislativos, dict\u00e1menes, resoluciones, convenios, publicaciones. todas las comunicaciones internas y externas producidas en la Hcdn deber\u00edan dar cuenta de esto. en ambos casos el lenguaje deber\u00eda transmitir y expresar principios como la igualdad de derechos, de oportunidades y de reconocimiento que la sociedad y la ley exigen.<br \/>\nAfortunadamente sabemos que el lenguaje no es algo fi jo y est\u00e1tico. el lenguaje se aprende. esta gu\u00eda es una propuesta de aprendizaje que, en sinton\u00eda con un marco jur\u00eddico claro en materia de igualdad, insta y justifi ca, sin lugar a dudas, la utilizaci\u00f3n de un lenguaje no sexista. en tanto las sociedades avanzan en democracia, al comp\u00e1s, la lengua debe adaptarse.<br \/>\n<a href=\"http:\/\/www.diariofemenino.com.ar\/wp-content\/uploads\/Firma1.jpg\"><img loading=\"lazy\" decoding=\"async\" class=\"alignright size-full wp-image-18664\" alt=\"Firma\" src=\"http:\/\/www.diariofemenino.com.ar\/wp-content\/uploads\/Firma1.jpg\" width=\"228\" height=\"113\" \/><\/a><br \/>\n&nbsp;<br \/>\n&nbsp;<br \/>\n&nbsp;<br \/>\n&nbsp;<br \/>\n&nbsp;<br \/>\n&nbsp;<br \/>\nIm\u00e1genes del Acto de presentaci\u00f3n de la Gu\u00eda ayer, martes 7 de julio de 2015, \u00a0en la Honorable C\u00e1mara de Diputados de la Naci\u00f3n.<br \/>\n<a href=\"http:\/\/www.diariofemenino.com.ar\/wp-content\/uploads\/Presentaci\u00f3n-de-la-Gu\u00eda.jpg\"><img loading=\"lazy\" decoding=\"async\" class=\"alignnone size-full wp-image-18668\" alt=\"Presentaci\u00f3n de la Gu\u00eda\" src=\"http:\/\/www.diariofemenino.com.ar\/wp-content\/uploads\/Presentaci\u00f3n-de-la-Gu\u00eda.jpg\" width=\"565\" height=\"420\" \/><\/a><br \/>\n&nbsp;<br \/>\n<a href=\"http:\/\/www.diariofemenino.com.ar\/wp-content\/uploads\/Presentaci\u00f3n-de-la-Gu\u00eda1.jpg\"><img loading=\"lazy\" decoding=\"async\" class=\"alignnone size-full wp-image-18669\" alt=\"Presentaci\u00f3n de la Gu\u00eda1\" src=\"http:\/\/www.diariofemenino.com.ar\/wp-content\/uploads\/Presentaci\u00f3n-de-la-Gu\u00eda1.jpg\" width=\"600\" height=\"353\" \/><\/a><br \/>\n&nbsp;<br \/>\n<a href=\"http:\/\/www.diariofemenino.com.ar\/wp-content\/uploads\/Presentaci\u00f3n-de-la-Gu\u00eda2.jpg\"><img loading=\"lazy\" decoding=\"async\" class=\"alignnone size-full wp-image-18670\" alt=\"Presentaci\u00f3n de la Gu\u00eda2\" src=\"http:\/\/www.diariofemenino.com.ar\/wp-content\/uploads\/Presentaci\u00f3n-de-la-Gu\u00eda2.jpg\" width=\"395\" height=\"420\" \/><\/a><\/p>\n","protected":false},"excerpt":{"rendered":"<p>Presentaci\u00f3n. (Click en la Portda para Descargar) La gu\u00eda para el uso del lenguaje igualitario se enmarca en el entramado de estrategias y acciones previstas por el Programa de Modernizaci\u00f3n Parlamentaria 2012-2015 impulsado por el presidente de la HCDN, Dr. Juli\u00e1n Andr\u00e9s Dom\u00ednguez, con acuerdo de todos los bloques pol\u00edticos que integran el cuerpo legislativo. [&hellip;]<\/p>\n","protected":false},"author":1,"featured_media":0,"comment_status":"open","ping_status":"open","sticky":false,"template":"","format":"standard","meta":{"iawp_total_views":2,"footnotes":""},"categories":[19,9,21],"tags":[62,18],"class_list":["post-18662","post","type-post","status-publish","format-standard","hentry","category-biblioteca","category-de-esi-si-se-habla","category-noticias","tag-lenguaje","tag-politicas-publicas"],"nelio_content":{"autoShareEndMode":"never","automationSources":{"useCustomSentences":false,"customSentences":[]},"efiAlt":"","efiUrl":"","followers":[],"highlights":[],"isAutoShareEnabled":true,"networkImageIds":[],"permalinkQueryArgs":[],"series":[],"suggestedReferences":[]},"yoast_head":"<!-- This site is optimized with the Yoast SEO plugin v27.5 - https:\/\/yoast.com\/product\/yoast-seo-wordpress\/ -->\n<title>Gu\u00eda sobre lenguaje igualitario de la HCDN - Diario Digital Femenino<\/title>\n<meta name=\"description\" content=\"Gu\u00eda sobre lenguaje igualitario que fuera presentada, tal como inform\u00e1ramos la pasada semana, en el Honorable C\u00e1mara de Diputados de la Naci\u00f3n. Descargar\" \/>\n<meta name=\"robots\" content=\"index, follow, max-snippet:-1, max-image-preview:large, max-video-preview:-1\" \/>\n<link rel=\"canonical\" href=\"https:\/\/diariofemenino.com.ar\/df\/guia-sobre-lenguaje-igualitario-de-la-hcdn\/\" \/>\n<meta property=\"og:locale\" content=\"es_ES\" \/>\n<meta property=\"og:type\" content=\"article\" \/>\n<meta property=\"og:title\" content=\"Gu\u00eda sobre lenguaje igualitario de la HCDN - Diario Digital Femenino\" \/>\n<meta property=\"og:description\" content=\"Gu\u00eda sobre lenguaje igualitario que fuera presentada, tal como inform\u00e1ramos la pasada semana, en el Honorable C\u00e1mara de Diputados de la Naci\u00f3n. Descargar\" \/>\n<meta property=\"og:url\" content=\"https:\/\/diariofemenino.com.ar\/df\/guia-sobre-lenguaje-igualitario-de-la-hcdn\/\" \/>\n<meta property=\"og:site_name\" content=\"Diario Digital Femenino\" \/>\n<meta property=\"article:publisher\" content=\"https:\/\/www.facebook.com\/DiarioDigitaFemenino\/\" \/>\n<meta property=\"article:published_time\" content=\"2015-07-08T19:34:33+00:00\" \/>\n<meta property=\"og:image\" content=\"http:\/\/www.diariofemenino.com.ar\/wp-content\/uploads\/Portada-Guia.jpg\" \/>\n<meta name=\"author\" content=\"Admin\" \/>\n<meta name=\"twitter:card\" content=\"summary_large_image\" \/>\n<meta name=\"twitter:creator\" content=\"@DiarioFemenino1\" \/>\n<meta name=\"twitter:site\" content=\"@DiarioFemenino1\" \/>\n<meta name=\"twitter:label1\" content=\"Escrito por\" \/>\n\t<meta name=\"twitter:data1\" content=\"Admin\" \/>\n\t<meta name=\"twitter:label2\" content=\"Tiempo de lectura\" \/>\n\t<meta name=\"twitter:data2\" content=\"6 minutos\" \/>\n<script type=\"application\/ld+json\" class=\"yoast-schema-graph\">{\"@context\":\"https:\\\/\\\/schema.org\",\"@graph\":[{\"@type\":\"Article\",\"@id\":\"https:\\\/\\\/diariofemenino.com.ar\\\/df\\\/guia-sobre-lenguaje-igualitario-de-la-hcdn\\\/#article\",\"isPartOf\":{\"@id\":\"https:\\\/\\\/diariofemenino.com.ar\\\/df\\\/guia-sobre-lenguaje-igualitario-de-la-hcdn\\\/\"},\"author\":{\"name\":\"Admin\",\"@id\":\"https:\\\/\\\/diariofemenino.com.ar\\\/df\\\/#\\\/schema\\\/person\\\/38f54b3bfd13f561de2460ba95c169c6\"},\"headline\":\"Gu\u00eda sobre lenguaje igualitario de la HCDN\",\"datePublished\":\"2015-07-08T19:34:33+00:00\",\"mainEntityOfPage\":{\"@id\":\"https:\\\/\\\/diariofemenino.com.ar\\\/df\\\/guia-sobre-lenguaje-igualitario-de-la-hcdn\\\/\"},\"wordCount\":1164,\"commentCount\":0,\"publisher\":{\"@id\":\"https:\\\/\\\/diariofemenino.com.ar\\\/df\\\/#organization\"},\"image\":{\"@id\":\"https:\\\/\\\/diariofemenino.com.ar\\\/df\\\/guia-sobre-lenguaje-igualitario-de-la-hcdn\\\/#primaryimage\"},\"thumbnailUrl\":\"http:\\\/\\\/www.diariofemenino.com.ar\\\/wp-content\\\/uploads\\\/Portada-Guia.jpg\",\"keywords\":[\"Lenguaje\",\"Pol\u00edticas p\u00fablicas\"],\"articleSection\":[\"Biblioteca Virtual\",\"De ESI S\u00ed Se Habla\",\"Noticias\"],\"inLanguage\":\"es\",\"potentialAction\":[{\"@type\":\"CommentAction\",\"name\":\"Comment\",\"target\":[\"https:\\\/\\\/diariofemenino.com.ar\\\/df\\\/guia-sobre-lenguaje-igualitario-de-la-hcdn\\\/#respond\"]}]},{\"@type\":\"WebPage\",\"@id\":\"https:\\\/\\\/diariofemenino.com.ar\\\/df\\\/guia-sobre-lenguaje-igualitario-de-la-hcdn\\\/\",\"url\":\"https:\\\/\\\/diariofemenino.com.ar\\\/df\\\/guia-sobre-lenguaje-igualitario-de-la-hcdn\\\/\",\"name\":\"Gu\u00eda sobre lenguaje igualitario de la HCDN - Diario Digital Femenino\",\"isPartOf\":{\"@id\":\"https:\\\/\\\/diariofemenino.com.ar\\\/df\\\/#website\"},\"primaryImageOfPage\":{\"@id\":\"https:\\\/\\\/diariofemenino.com.ar\\\/df\\\/guia-sobre-lenguaje-igualitario-de-la-hcdn\\\/#primaryimage\"},\"image\":{\"@id\":\"https:\\\/\\\/diariofemenino.com.ar\\\/df\\\/guia-sobre-lenguaje-igualitario-de-la-hcdn\\\/#primaryimage\"},\"thumbnailUrl\":\"http:\\\/\\\/www.diariofemenino.com.ar\\\/wp-content\\\/uploads\\\/Portada-Guia.jpg\",\"datePublished\":\"2015-07-08T19:34:33+00:00\",\"description\":\"Gu\u00eda sobre lenguaje igualitario que fuera presentada, tal como inform\u00e1ramos la pasada semana, en el Honorable C\u00e1mara de Diputados de la Naci\u00f3n. Descargar\",\"breadcrumb\":{\"@id\":\"https:\\\/\\\/diariofemenino.com.ar\\\/df\\\/guia-sobre-lenguaje-igualitario-de-la-hcdn\\\/#breadcrumb\"},\"inLanguage\":\"es\",\"potentialAction\":[{\"@type\":\"ReadAction\",\"target\":[\"https:\\\/\\\/diariofemenino.com.ar\\\/df\\\/guia-sobre-lenguaje-igualitario-de-la-hcdn\\\/\"]}]},{\"@type\":\"ImageObject\",\"inLanguage\":\"es\",\"@id\":\"https:\\\/\\\/diariofemenino.com.ar\\\/df\\\/guia-sobre-lenguaje-igualitario-de-la-hcdn\\\/#primaryimage\",\"url\":\"http:\\\/\\\/www.diariofemenino.com.ar\\\/wp-content\\\/uploads\\\/Portada-Guia.jpg\",\"contentUrl\":\"http:\\\/\\\/www.diariofemenino.com.ar\\\/wp-content\\\/uploads\\\/Portada-Guia.jpg\"},{\"@type\":\"BreadcrumbList\",\"@id\":\"https:\\\/\\\/diariofemenino.com.ar\\\/df\\\/guia-sobre-lenguaje-igualitario-de-la-hcdn\\\/#breadcrumb\",\"itemListElement\":[{\"@type\":\"ListItem\",\"position\":1,\"name\":\"Portada\",\"item\":\"https:\\\/\\\/diariofemenino.com.ar\\\/df\\\/\"},{\"@type\":\"ListItem\",\"position\":2,\"name\":\"Gu\u00eda sobre lenguaje igualitario de la HCDN\"}]},{\"@type\":\"WebSite\",\"@id\":\"https:\\\/\\\/diariofemenino.com.ar\\\/df\\\/#website\",\"url\":\"https:\\\/\\\/diariofemenino.com.ar\\\/df\\\/\",\"name\":\"Diario Digital Femenino\",\"description\":\"Cuesti\u00f3n de G\u00e9nero\",\"publisher\":{\"@id\":\"https:\\\/\\\/diariofemenino.com.ar\\\/df\\\/#organization\"},\"potentialAction\":[{\"@type\":\"SearchAction\",\"target\":{\"@type\":\"EntryPoint\",\"urlTemplate\":\"https:\\\/\\\/diariofemenino.com.ar\\\/df\\\/?s={search_term_string}\"},\"query-input\":{\"@type\":\"PropertyValueSpecification\",\"valueRequired\":true,\"valueName\":\"search_term_string\"}}],\"inLanguage\":\"es\"},{\"@type\":\"Organization\",\"@id\":\"https:\\\/\\\/diariofemenino.com.ar\\\/df\\\/#organization\",\"name\":\"Diario Femenino\",\"url\":\"https:\\\/\\\/diariofemenino.com.ar\\\/df\\\/\",\"logo\":{\"@type\":\"ImageObject\",\"inLanguage\":\"es\",\"@id\":\"https:\\\/\\\/diariofemenino.com.ar\\\/df\\\/#\\\/schema\\\/logo\\\/image\\\/\",\"url\":\"https:\\\/\\\/diariofemenino.com.ar\\\/df\\\/wp-content\\\/uploads\\\/2018\\\/10\\\/logo.png\",\"contentUrl\":\"https:\\\/\\\/diariofemenino.com.ar\\\/df\\\/wp-content\\\/uploads\\\/2018\\\/10\\\/logo.png\",\"width\":500,\"height\":92,\"caption\":\"Diario Femenino\"},\"image\":{\"@id\":\"https:\\\/\\\/diariofemenino.com.ar\\\/df\\\/#\\\/schema\\\/logo\\\/image\\\/\"},\"sameAs\":[\"https:\\\/\\\/www.facebook.com\\\/DiarioDigitaFemenino\\\/\",\"https:\\\/\\\/x.com\\\/DiarioFemenino1\"]},{\"@type\":\"Person\",\"@id\":\"https:\\\/\\\/diariofemenino.com.ar\\\/df\\\/#\\\/schema\\\/person\\\/38f54b3bfd13f561de2460ba95c169c6\",\"name\":\"Admin\",\"image\":{\"@type\":\"ImageObject\",\"inLanguage\":\"es\",\"@id\":\"https:\\\/\\\/diariofemenino.com.ar\\\/df\\\/wp-content\\\/uploads\\\/2018\\\/12\\\/favicon-150x150.jpg\",\"url\":\"https:\\\/\\\/diariofemenino.com.ar\\\/df\\\/wp-content\\\/uploads\\\/2018\\\/12\\\/favicon-150x150.jpg\",\"contentUrl\":\"https:\\\/\\\/diariofemenino.com.ar\\\/df\\\/wp-content\\\/uploads\\\/2018\\\/12\\\/favicon-150x150.jpg\",\"caption\":\"Admin\"},\"url\":\"https:\\\/\\\/diariofemenino.com.ar\\\/df\\\/author\\\/adm18df\\\/\"}]}<\/script>\n<!-- \/ Yoast SEO plugin. -->","yoast_head_json":{"title":"Gu\u00eda sobre lenguaje igualitario de la HCDN - Diario Digital Femenino","description":"Gu\u00eda sobre lenguaje igualitario que fuera presentada, tal como inform\u00e1ramos la pasada semana, en el Honorable C\u00e1mara de Diputados de la Naci\u00f3n. Descargar","robots":{"index":"index","follow":"follow","max-snippet":"max-snippet:-1","max-image-preview":"max-image-preview:large","max-video-preview":"max-video-preview:-1"},"canonical":"https:\/\/diariofemenino.com.ar\/df\/guia-sobre-lenguaje-igualitario-de-la-hcdn\/","og_locale":"es_ES","og_type":"article","og_title":"Gu\u00eda sobre lenguaje igualitario de la HCDN - Diario Digital Femenino","og_description":"Gu\u00eda sobre lenguaje igualitario que fuera presentada, tal como inform\u00e1ramos la pasada semana, en el Honorable C\u00e1mara de Diputados de la Naci\u00f3n. Descargar","og_url":"https:\/\/diariofemenino.com.ar\/df\/guia-sobre-lenguaje-igualitario-de-la-hcdn\/","og_site_name":"Diario Digital Femenino","article_publisher":"https:\/\/www.facebook.com\/DiarioDigitaFemenino\/","article_published_time":"2015-07-08T19:34:33+00:00","og_image":[{"url":"http:\/\/www.diariofemenino.com.ar\/wp-content\/uploads\/Portada-Guia.jpg","type":"","width":"","height":""}],"author":"Admin","twitter_card":"summary_large_image","twitter_creator":"@DiarioFemenino1","twitter_site":"@DiarioFemenino1","twitter_misc":{"Escrito por":"Admin","Tiempo de lectura":"6 minutos"},"schema":{"@context":"https:\/\/schema.org","@graph":[{"@type":"Article","@id":"https:\/\/diariofemenino.com.ar\/df\/guia-sobre-lenguaje-igualitario-de-la-hcdn\/#article","isPartOf":{"@id":"https:\/\/diariofemenino.com.ar\/df\/guia-sobre-lenguaje-igualitario-de-la-hcdn\/"},"author":{"name":"Admin","@id":"https:\/\/diariofemenino.com.ar\/df\/#\/schema\/person\/38f54b3bfd13f561de2460ba95c169c6"},"headline":"Gu\u00eda sobre lenguaje igualitario de la HCDN","datePublished":"2015-07-08T19:34:33+00:00","mainEntityOfPage":{"@id":"https:\/\/diariofemenino.com.ar\/df\/guia-sobre-lenguaje-igualitario-de-la-hcdn\/"},"wordCount":1164,"commentCount":0,"publisher":{"@id":"https:\/\/diariofemenino.com.ar\/df\/#organization"},"image":{"@id":"https:\/\/diariofemenino.com.ar\/df\/guia-sobre-lenguaje-igualitario-de-la-hcdn\/#primaryimage"},"thumbnailUrl":"http:\/\/www.diariofemenino.com.ar\/wp-content\/uploads\/Portada-Guia.jpg","keywords":["Lenguaje","Pol\u00edticas p\u00fablicas"],"articleSection":["Biblioteca Virtual","De ESI S\u00ed Se Habla","Noticias"],"inLanguage":"es","potentialAction":[{"@type":"CommentAction","name":"Comment","target":["https:\/\/diariofemenino.com.ar\/df\/guia-sobre-lenguaje-igualitario-de-la-hcdn\/#respond"]}]},{"@type":"WebPage","@id":"https:\/\/diariofemenino.com.ar\/df\/guia-sobre-lenguaje-igualitario-de-la-hcdn\/","url":"https:\/\/diariofemenino.com.ar\/df\/guia-sobre-lenguaje-igualitario-de-la-hcdn\/","name":"Gu\u00eda sobre lenguaje igualitario de la HCDN - Diario Digital Femenino","isPartOf":{"@id":"https:\/\/diariofemenino.com.ar\/df\/#website"},"primaryImageOfPage":{"@id":"https:\/\/diariofemenino.com.ar\/df\/guia-sobre-lenguaje-igualitario-de-la-hcdn\/#primaryimage"},"image":{"@id":"https:\/\/diariofemenino.com.ar\/df\/guia-sobre-lenguaje-igualitario-de-la-hcdn\/#primaryimage"},"thumbnailUrl":"http:\/\/www.diariofemenino.com.ar\/wp-content\/uploads\/Portada-Guia.jpg","datePublished":"2015-07-08T19:34:33+00:00","description":"Gu\u00eda sobre lenguaje igualitario que fuera presentada, tal como inform\u00e1ramos la pasada semana, en el Honorable C\u00e1mara de Diputados de la Naci\u00f3n. Descargar","breadcrumb":{"@id":"https:\/\/diariofemenino.com.ar\/df\/guia-sobre-lenguaje-igualitario-de-la-hcdn\/#breadcrumb"},"inLanguage":"es","potentialAction":[{"@type":"ReadAction","target":["https:\/\/diariofemenino.com.ar\/df\/guia-sobre-lenguaje-igualitario-de-la-hcdn\/"]}]},{"@type":"ImageObject","inLanguage":"es","@id":"https:\/\/diariofemenino.com.ar\/df\/guia-sobre-lenguaje-igualitario-de-la-hcdn\/#primaryimage","url":"http:\/\/www.diariofemenino.com.ar\/wp-content\/uploads\/Portada-Guia.jpg","contentUrl":"http:\/\/www.diariofemenino.com.ar\/wp-content\/uploads\/Portada-Guia.jpg"},{"@type":"BreadcrumbList","@id":"https:\/\/diariofemenino.com.ar\/df\/guia-sobre-lenguaje-igualitario-de-la-hcdn\/#breadcrumb","itemListElement":[{"@type":"ListItem","position":1,"name":"Portada","item":"https:\/\/diariofemenino.com.ar\/df\/"},{"@type":"ListItem","position":2,"name":"Gu\u00eda sobre lenguaje igualitario de la HCDN"}]},{"@type":"WebSite","@id":"https:\/\/diariofemenino.com.ar\/df\/#website","url":"https:\/\/diariofemenino.com.ar\/df\/","name":"Diario Digital Femenino","description":"Cuesti\u00f3n de G\u00e9nero","publisher":{"@id":"https:\/\/diariofemenino.com.ar\/df\/#organization"},"potentialAction":[{"@type":"SearchAction","target":{"@type":"EntryPoint","urlTemplate":"https:\/\/diariofemenino.com.ar\/df\/?s={search_term_string}"},"query-input":{"@type":"PropertyValueSpecification","valueRequired":true,"valueName":"search_term_string"}}],"inLanguage":"es"},{"@type":"Organization","@id":"https:\/\/diariofemenino.com.ar\/df\/#organization","name":"Diario Femenino","url":"https:\/\/diariofemenino.com.ar\/df\/","logo":{"@type":"ImageObject","inLanguage":"es","@id":"https:\/\/diariofemenino.com.ar\/df\/#\/schema\/logo\/image\/","url":"https:\/\/diariofemenino.com.ar\/df\/wp-content\/uploads\/2018\/10\/logo.png","contentUrl":"https:\/\/diariofemenino.com.ar\/df\/wp-content\/uploads\/2018\/10\/logo.png","width":500,"height":92,"caption":"Diario Femenino"},"image":{"@id":"https:\/\/diariofemenino.com.ar\/df\/#\/schema\/logo\/image\/"},"sameAs":["https:\/\/www.facebook.com\/DiarioDigitaFemenino\/","https:\/\/x.com\/DiarioFemenino1"]},{"@type":"Person","@id":"https:\/\/diariofemenino.com.ar\/df\/#\/schema\/person\/38f54b3bfd13f561de2460ba95c169c6","name":"Admin","image":{"@type":"ImageObject","inLanguage":"es","@id":"https:\/\/diariofemenino.com.ar\/df\/wp-content\/uploads\/2018\/12\/favicon-150x150.jpg","url":"https:\/\/diariofemenino.com.ar\/df\/wp-content\/uploads\/2018\/12\/favicon-150x150.jpg","contentUrl":"https:\/\/diariofemenino.com.ar\/df\/wp-content\/uploads\/2018\/12\/favicon-150x150.jpg","caption":"Admin"},"url":"https:\/\/diariofemenino.com.ar\/df\/author\/adm18df\/"}]}},"jetpack_featured_media_url":"","jetpack_sharing_enabled":true,"rttpg_featured_image_url":null,"rttpg_author":{"display_name":"Admin","author_link":"https:\/\/diariofemenino.com.ar\/df\/author\/adm18df\/"},"rttpg_comment":0,"rttpg_category":"<a href=\"https:\/\/diariofemenino.com.ar\/df\/category\/biblioteca\/\" rel=\"category tag\">Biblioteca Virtual<\/a> <a href=\"https:\/\/diariofemenino.com.ar\/df\/category\/de-esi-si-se-habla\/\" rel=\"category tag\">De ESI S\u00ed Se Habla<\/a> <a href=\"https:\/\/diariofemenino.com.ar\/df\/category\/noticias\/\" rel=\"category tag\">Noticias<\/a>","rttpg_excerpt":"Presentaci\u00f3n. (Click en la Portda para Descargar) La gu\u00eda para el uso del lenguaje igualitario se enmarca en el entramado de estrategias y acciones previstas por el Programa de Modernizaci\u00f3n Parlamentaria 2012-2015 impulsado por el presidente de la HCDN, Dr. Juli\u00e1n Andr\u00e9s Dom\u00ednguez, con acuerdo de todos los bloques pol\u00edticos que integran el cuerpo legislativo.&hellip;","_links":{"self":[{"href":"https:\/\/diariofemenino.com.ar\/df\/wp-json\/wp\/v2\/posts\/18662","targetHints":{"allow":["GET"]}}],"collection":[{"href":"https:\/\/diariofemenino.com.ar\/df\/wp-json\/wp\/v2\/posts"}],"about":[{"href":"https:\/\/diariofemenino.com.ar\/df\/wp-json\/wp\/v2\/types\/post"}],"author":[{"embeddable":true,"href":"https:\/\/diariofemenino.com.ar\/df\/wp-json\/wp\/v2\/users\/1"}],"replies":[{"embeddable":true,"href":"https:\/\/diariofemenino.com.ar\/df\/wp-json\/wp\/v2\/comments?post=18662"}],"version-history":[{"count":0,"href":"https:\/\/diariofemenino.com.ar\/df\/wp-json\/wp\/v2\/posts\/18662\/revisions"}],"wp:attachment":[{"href":"https:\/\/diariofemenino.com.ar\/df\/wp-json\/wp\/v2\/media?parent=18662"}],"wp:term":[{"taxonomy":"category","embeddable":true,"href":"https:\/\/diariofemenino.com.ar\/df\/wp-json\/wp\/v2\/categories?post=18662"},{"taxonomy":"post_tag","embeddable":true,"href":"https:\/\/diariofemenino.com.ar\/df\/wp-json\/wp\/v2\/tags?post=18662"}],"curies":[{"name":"wp","href":"https:\/\/api.w.org\/{rel}","templated":true}]}}