{"id":18650,"date":"2015-07-06T10:17:42","date_gmt":"2015-07-06T13:17:42","guid":{"rendered":"http:\/\/www.diariofemenino.com.ar\/?p=18650"},"modified":"2015-07-06T10:17:42","modified_gmt":"2015-07-06T13:17:42","slug":"guia-para-el-uso-de-un-lenguaje-sexista-e-igualitario","status":"publish","type":"post","link":"https:\/\/diariofemenino.com.ar\/df\/guia-para-el-uso-de-un-lenguaje-sexista-e-igualitario\/","title":{"rendered":"Gu\u00eda para el Uso de un Lenguaje No Sexista e Igualitario"},"content":{"rendered":"<p>Ma\u00f1ana martes 7 de julio de 15 a 17hs, en el Sal\u00f3n Delia Parodi de la Honorable C\u00e1mara de Diputados de la Naci\u00f3n (acceso por Av. Rivadavia 1864, CABA) Se realizar\u00e1 la presentaci\u00f3n de la<strong><em> \u00abGu\u00eda para el Uso de un Lenguaje No Sexista e Igualitario en la HCDN\u00bb\u00a0<\/em><\/strong>-Hacia un uso del lenguaje m\u00e1s igualitario y no sexista-<br \/>\n<figure id=\"attachment_18651\" aria-describedby=\"caption-attachment-18651\" style=\"width: 600px\" class=\"wp-caption alignnone\"><a href=\"http:\/\/www.diariofemenino.com.ar\/wp-content\/uploads\/Lenguaje-No-sexista.jpg\"><img loading=\"lazy\" decoding=\"async\" class=\"size-full wp-image-18651\" alt=\"&quot;Gu\u00eda para el Uso de un Lenguaje No Sexista e Igualitario en la HCDN&quot;\" src=\"http:\/\/www.diariofemenino.com.ar\/wp-content\/uploads\/Lenguaje-No-sexista.jpg\" width=\"600\" height=\"463\" \/><\/a><figcaption id=\"caption-attachment-18651\" class=\"wp-caption-text\">\u00abGu\u00eda para el Uso de un Lenguaje No Sexista e Igualitario en la HCDN\u00bb<\/figcaption><\/figure><br \/>\nSe solicita CONFIRMAR ASISTENCIA A: rcomunidad.sparl@hcdn.gob.ar\u00a0\/ 011 4127 7376<br \/>\n<b>Programa.<\/b><br \/>\n<figure id=\"attachment_18654\" aria-describedby=\"caption-attachment-18654\" style=\"width: 620px\" class=\"wp-caption alignnone\"><a href=\"http:\/\/www.diariofemenino.com.ar\/wp-content\/uploads\/Presentaci\u00f3n-Gu\u00eda-de-Lenguage-No-Sexista_Programa.jpg\"><img loading=\"lazy\" decoding=\"async\" class=\"size-full wp-image-18654\" alt=\"Gu\u00eda de Lenguaje No Sexista. Programa\" src=\"http:\/\/www.diariofemenino.com.ar\/wp-content\/uploads\/Presentaci\u00f3n-Gu\u00eda-de-Lenguage-No-Sexista_Programa.jpg\" width=\"620\" height=\"415\" \/><\/a><figcaption id=\"caption-attachment-18654\" class=\"wp-caption-text\">Gu\u00eda de Lenguaje No Sexista. Programa<\/figcaption><\/figure><\/p>\n","protected":false},"excerpt":{"rendered":"<p>Ma\u00f1ana martes 7 de julio de 15 a 17hs, en el Sal\u00f3n Delia Parodi de la Honorable C\u00e1mara de Diputados de la Naci\u00f3n (acceso por Av. Rivadavia 1864, CABA) Se realizar\u00e1 la presentaci\u00f3n de la \u00abGu\u00eda para el Uso de un Lenguaje No Sexista e Igualitario en la HCDN\u00bb\u00a0-Hacia un uso del lenguaje m\u00e1s igualitario [&hellip;]<\/p>\n","protected":false},"author":1,"featured_media":0,"comment_status":"open","ping_status":"open","sticky":false,"template":"","format":"standard","meta":{"iawp_total_views":5,"footnotes":""},"categories":[7,9,4],"tags":[30,62,18],"class_list":["post-18650","post","type-post","status-publish","format-standard","hentry","category-actividades","category-de-esi-si-se-habla","category-medios","tag-derechos-humanos","tag-lenguaje","tag-politicas-publicas"],"nelio_content":{"autoShareEndMode":"never","automationSources":{"useCustomSentences":false,"customSentences":[]},"efiAlt":"","efiUrl":"","followers":[],"highlights":[],"isAutoShareEnabled":true,"networkImageIds":[],"permalinkQueryArgs":[],"series":[],"suggestedReferences":[]},"yoast_head":"<!-- This site is optimized with the Yoast SEO plugin v27.4 - https:\/\/yoast.com\/product\/yoast-seo-wordpress\/ -->\n<title>Gu\u00eda para el Uso de un Lenguaje No Sexista e Igualitario - Diario Digital Femenino<\/title>\n<meta name=\"description\" content=\"&quot;Gu\u00eda para el Uso de un Lenguaje No Sexista e Igualitario en la HCDN&quot; Presentan Ma\u00f1ana martes 7 de julio de 15 a 17hs, en el Sal\u00f3n Delia Parodi de la HCDN.\" \/>\n<meta name=\"robots\" content=\"index, follow, max-snippet:-1, max-image-preview:large, max-video-preview:-1\" \/>\n<link rel=\"canonical\" href=\"https:\/\/diariofemenino.com.ar\/df\/guia-para-el-uso-de-un-lenguaje-sexista-e-igualitario\/\" \/>\n<meta property=\"og:locale\" content=\"es_ES\" \/>\n<meta property=\"og:type\" content=\"article\" \/>\n<meta property=\"og:title\" content=\"Gu\u00eda para el Uso de un Lenguaje No Sexista e Igualitario - Diario Digital Femenino\" \/>\n<meta property=\"og:description\" content=\"&quot;Gu\u00eda para el Uso de un Lenguaje No Sexista e Igualitario en la HCDN&quot; Presentan Ma\u00f1ana martes 7 de julio de 15 a 17hs, en el Sal\u00f3n Delia Parodi de la HCDN.\" \/>\n<meta property=\"og:url\" content=\"https:\/\/diariofemenino.com.ar\/df\/guia-para-el-uso-de-un-lenguaje-sexista-e-igualitario\/\" \/>\n<meta property=\"og:site_name\" content=\"Diario Digital Femenino\" \/>\n<meta property=\"article:publisher\" content=\"https:\/\/www.facebook.com\/DiarioDigitaFemenino\/\" \/>\n<meta property=\"article:published_time\" content=\"2015-07-06T13:17:42+00:00\" \/>\n<meta property=\"og:image\" content=\"http:\/\/www.diariofemenino.com.ar\/wp-content\/uploads\/Lenguaje-No-sexista.jpg\" \/>\n<meta name=\"author\" content=\"Admin\" \/>\n<meta name=\"twitter:card\" content=\"summary_large_image\" \/>\n<meta name=\"twitter:creator\" content=\"@DiarioFemenino1\" \/>\n<meta name=\"twitter:site\" content=\"@DiarioFemenino1\" \/>\n<meta name=\"twitter:label1\" content=\"Escrito por\" \/>\n\t<meta name=\"twitter:data1\" content=\"Admin\" \/>\n\t<meta name=\"twitter:label2\" content=\"Tiempo de lectura\" \/>\n\t<meta name=\"twitter:data2\" content=\"1 minuto\" \/>\n<script type=\"application\/ld+json\" class=\"yoast-schema-graph\">{\"@context\":\"https:\\\/\\\/schema.org\",\"@graph\":[{\"@type\":\"Article\",\"@id\":\"https:\\\/\\\/diariofemenino.com.ar\\\/df\\\/guia-para-el-uso-de-un-lenguaje-sexista-e-igualitario\\\/#article\",\"isPartOf\":{\"@id\":\"https:\\\/\\\/diariofemenino.com.ar\\\/df\\\/guia-para-el-uso-de-un-lenguaje-sexista-e-igualitario\\\/\"},\"author\":{\"name\":\"Admin\",\"@id\":\"https:\\\/\\\/diariofemenino.com.ar\\\/df\\\/#\\\/schema\\\/person\\\/38f54b3bfd13f561de2460ba95c169c6\"},\"headline\":\"Gu\u00eda para el Uso de un Lenguaje No Sexista e Igualitario\",\"datePublished\":\"2015-07-06T13:17:42+00:00\",\"mainEntityOfPage\":{\"@id\":\"https:\\\/\\\/diariofemenino.com.ar\\\/df\\\/guia-para-el-uso-de-un-lenguaje-sexista-e-igualitario\\\/\"},\"wordCount\":122,\"commentCount\":0,\"publisher\":{\"@id\":\"https:\\\/\\\/diariofemenino.com.ar\\\/df\\\/#organization\"},\"image\":{\"@id\":\"https:\\\/\\\/diariofemenino.com.ar\\\/df\\\/guia-para-el-uso-de-un-lenguaje-sexista-e-igualitario\\\/#primaryimage\"},\"thumbnailUrl\":\"http:\\\/\\\/www.diariofemenino.com.ar\\\/wp-content\\\/uploads\\\/Lenguaje-No-sexista.jpg\",\"keywords\":[\"Derechos Humanos\",\"Lenguaje\",\"Pol\u00edticas p\u00fablicas\"],\"articleSection\":[\"Actividades\",\"De ESI S\u00ed Se Habla\",\"Medios\"],\"inLanguage\":\"es\",\"potentialAction\":[{\"@type\":\"CommentAction\",\"name\":\"Comment\",\"target\":[\"https:\\\/\\\/diariofemenino.com.ar\\\/df\\\/guia-para-el-uso-de-un-lenguaje-sexista-e-igualitario\\\/#respond\"]}]},{\"@type\":\"WebPage\",\"@id\":\"https:\\\/\\\/diariofemenino.com.ar\\\/df\\\/guia-para-el-uso-de-un-lenguaje-sexista-e-igualitario\\\/\",\"url\":\"https:\\\/\\\/diariofemenino.com.ar\\\/df\\\/guia-para-el-uso-de-un-lenguaje-sexista-e-igualitario\\\/\",\"name\":\"Gu\u00eda para el Uso de un Lenguaje No Sexista e Igualitario - Diario Digital Femenino\",\"isPartOf\":{\"@id\":\"https:\\\/\\\/diariofemenino.com.ar\\\/df\\\/#website\"},\"primaryImageOfPage\":{\"@id\":\"https:\\\/\\\/diariofemenino.com.ar\\\/df\\\/guia-para-el-uso-de-un-lenguaje-sexista-e-igualitario\\\/#primaryimage\"},\"image\":{\"@id\":\"https:\\\/\\\/diariofemenino.com.ar\\\/df\\\/guia-para-el-uso-de-un-lenguaje-sexista-e-igualitario\\\/#primaryimage\"},\"thumbnailUrl\":\"http:\\\/\\\/www.diariofemenino.com.ar\\\/wp-content\\\/uploads\\\/Lenguaje-No-sexista.jpg\",\"datePublished\":\"2015-07-06T13:17:42+00:00\",\"description\":\"\\\"Gu\u00eda para el Uso de un Lenguaje No Sexista e Igualitario en la HCDN\\\" Presentan Ma\u00f1ana martes 7 de julio de 15 a 17hs, en el Sal\u00f3n Delia Parodi de la HCDN.\",\"breadcrumb\":{\"@id\":\"https:\\\/\\\/diariofemenino.com.ar\\\/df\\\/guia-para-el-uso-de-un-lenguaje-sexista-e-igualitario\\\/#breadcrumb\"},\"inLanguage\":\"es\",\"potentialAction\":[{\"@type\":\"ReadAction\",\"target\":[\"https:\\\/\\\/diariofemenino.com.ar\\\/df\\\/guia-para-el-uso-de-un-lenguaje-sexista-e-igualitario\\\/\"]}]},{\"@type\":\"ImageObject\",\"inLanguage\":\"es\",\"@id\":\"https:\\\/\\\/diariofemenino.com.ar\\\/df\\\/guia-para-el-uso-de-un-lenguaje-sexista-e-igualitario\\\/#primaryimage\",\"url\":\"http:\\\/\\\/www.diariofemenino.com.ar\\\/wp-content\\\/uploads\\\/Lenguaje-No-sexista.jpg\",\"contentUrl\":\"http:\\\/\\\/www.diariofemenino.com.ar\\\/wp-content\\\/uploads\\\/Lenguaje-No-sexista.jpg\"},{\"@type\":\"BreadcrumbList\",\"@id\":\"https:\\\/\\\/diariofemenino.com.ar\\\/df\\\/guia-para-el-uso-de-un-lenguaje-sexista-e-igualitario\\\/#breadcrumb\",\"itemListElement\":[{\"@type\":\"ListItem\",\"position\":1,\"name\":\"Portada\",\"item\":\"https:\\\/\\\/diariofemenino.com.ar\\\/df\\\/\"},{\"@type\":\"ListItem\",\"position\":2,\"name\":\"Gu\u00eda para el Uso de un Lenguaje No Sexista e Igualitario\"}]},{\"@type\":\"WebSite\",\"@id\":\"https:\\\/\\\/diariofemenino.com.ar\\\/df\\\/#website\",\"url\":\"https:\\\/\\\/diariofemenino.com.ar\\\/df\\\/\",\"name\":\"Diario Digital Femenino\",\"description\":\"Cuesti\u00f3n de G\u00e9nero\",\"publisher\":{\"@id\":\"https:\\\/\\\/diariofemenino.com.ar\\\/df\\\/#organization\"},\"potentialAction\":[{\"@type\":\"SearchAction\",\"target\":{\"@type\":\"EntryPoint\",\"urlTemplate\":\"https:\\\/\\\/diariofemenino.com.ar\\\/df\\\/?s={search_term_string}\"},\"query-input\":{\"@type\":\"PropertyValueSpecification\",\"valueRequired\":true,\"valueName\":\"search_term_string\"}}],\"inLanguage\":\"es\"},{\"@type\":\"Organization\",\"@id\":\"https:\\\/\\\/diariofemenino.com.ar\\\/df\\\/#organization\",\"name\":\"Diario Femenino\",\"url\":\"https:\\\/\\\/diariofemenino.com.ar\\\/df\\\/\",\"logo\":{\"@type\":\"ImageObject\",\"inLanguage\":\"es\",\"@id\":\"https:\\\/\\\/diariofemenino.com.ar\\\/df\\\/#\\\/schema\\\/logo\\\/image\\\/\",\"url\":\"https:\\\/\\\/diariofemenino.com.ar\\\/df\\\/wp-content\\\/uploads\\\/2018\\\/10\\\/logo.png\",\"contentUrl\":\"https:\\\/\\\/diariofemenino.com.ar\\\/df\\\/wp-content\\\/uploads\\\/2018\\\/10\\\/logo.png\",\"width\":500,\"height\":92,\"caption\":\"Diario Femenino\"},\"image\":{\"@id\":\"https:\\\/\\\/diariofemenino.com.ar\\\/df\\\/#\\\/schema\\\/logo\\\/image\\\/\"},\"sameAs\":[\"https:\\\/\\\/www.facebook.com\\\/DiarioDigitaFemenino\\\/\",\"https:\\\/\\\/x.com\\\/DiarioFemenino1\"]},{\"@type\":\"Person\",\"@id\":\"https:\\\/\\\/diariofemenino.com.ar\\\/df\\\/#\\\/schema\\\/person\\\/38f54b3bfd13f561de2460ba95c169c6\",\"name\":\"Admin\",\"image\":{\"@type\":\"ImageObject\",\"inLanguage\":\"es\",\"@id\":\"https:\\\/\\\/diariofemenino.com.ar\\\/df\\\/wp-content\\\/uploads\\\/2018\\\/12\\\/favicon-150x150.jpg\",\"url\":\"https:\\\/\\\/diariofemenino.com.ar\\\/df\\\/wp-content\\\/uploads\\\/2018\\\/12\\\/favicon-150x150.jpg\",\"contentUrl\":\"https:\\\/\\\/diariofemenino.com.ar\\\/df\\\/wp-content\\\/uploads\\\/2018\\\/12\\\/favicon-150x150.jpg\",\"caption\":\"Admin\"},\"url\":\"https:\\\/\\\/diariofemenino.com.ar\\\/df\\\/author\\\/adm18df\\\/\"}]}<\/script>\n<!-- \/ Yoast SEO plugin. -->","yoast_head_json":{"title":"Gu\u00eda para el Uso de un Lenguaje No Sexista e Igualitario - Diario Digital Femenino","description":"\"Gu\u00eda para el Uso de un Lenguaje No Sexista e Igualitario en la HCDN\" Presentan Ma\u00f1ana martes 7 de julio de 15 a 17hs, en el Sal\u00f3n Delia Parodi de la HCDN.","robots":{"index":"index","follow":"follow","max-snippet":"max-snippet:-1","max-image-preview":"max-image-preview:large","max-video-preview":"max-video-preview:-1"},"canonical":"https:\/\/diariofemenino.com.ar\/df\/guia-para-el-uso-de-un-lenguaje-sexista-e-igualitario\/","og_locale":"es_ES","og_type":"article","og_title":"Gu\u00eda para el Uso de un Lenguaje No Sexista e Igualitario - Diario Digital Femenino","og_description":"\"Gu\u00eda para el Uso de un Lenguaje No Sexista e Igualitario en la HCDN\" Presentan Ma\u00f1ana martes 7 de julio de 15 a 17hs, en el Sal\u00f3n Delia Parodi de la HCDN.","og_url":"https:\/\/diariofemenino.com.ar\/df\/guia-para-el-uso-de-un-lenguaje-sexista-e-igualitario\/","og_site_name":"Diario Digital Femenino","article_publisher":"https:\/\/www.facebook.com\/DiarioDigitaFemenino\/","article_published_time":"2015-07-06T13:17:42+00:00","og_image":[{"url":"http:\/\/www.diariofemenino.com.ar\/wp-content\/uploads\/Lenguaje-No-sexista.jpg","type":"","width":"","height":""}],"author":"Admin","twitter_card":"summary_large_image","twitter_creator":"@DiarioFemenino1","twitter_site":"@DiarioFemenino1","twitter_misc":{"Escrito por":"Admin","Tiempo de lectura":"1 minuto"},"schema":{"@context":"https:\/\/schema.org","@graph":[{"@type":"Article","@id":"https:\/\/diariofemenino.com.ar\/df\/guia-para-el-uso-de-un-lenguaje-sexista-e-igualitario\/#article","isPartOf":{"@id":"https:\/\/diariofemenino.com.ar\/df\/guia-para-el-uso-de-un-lenguaje-sexista-e-igualitario\/"},"author":{"name":"Admin","@id":"https:\/\/diariofemenino.com.ar\/df\/#\/schema\/person\/38f54b3bfd13f561de2460ba95c169c6"},"headline":"Gu\u00eda para el Uso de un Lenguaje No Sexista e Igualitario","datePublished":"2015-07-06T13:17:42+00:00","mainEntityOfPage":{"@id":"https:\/\/diariofemenino.com.ar\/df\/guia-para-el-uso-de-un-lenguaje-sexista-e-igualitario\/"},"wordCount":122,"commentCount":0,"publisher":{"@id":"https:\/\/diariofemenino.com.ar\/df\/#organization"},"image":{"@id":"https:\/\/diariofemenino.com.ar\/df\/guia-para-el-uso-de-un-lenguaje-sexista-e-igualitario\/#primaryimage"},"thumbnailUrl":"http:\/\/www.diariofemenino.com.ar\/wp-content\/uploads\/Lenguaje-No-sexista.jpg","keywords":["Derechos Humanos","Lenguaje","Pol\u00edticas p\u00fablicas"],"articleSection":["Actividades","De ESI S\u00ed Se Habla","Medios"],"inLanguage":"es","potentialAction":[{"@type":"CommentAction","name":"Comment","target":["https:\/\/diariofemenino.com.ar\/df\/guia-para-el-uso-de-un-lenguaje-sexista-e-igualitario\/#respond"]}]},{"@type":"WebPage","@id":"https:\/\/diariofemenino.com.ar\/df\/guia-para-el-uso-de-un-lenguaje-sexista-e-igualitario\/","url":"https:\/\/diariofemenino.com.ar\/df\/guia-para-el-uso-de-un-lenguaje-sexista-e-igualitario\/","name":"Gu\u00eda para el Uso de un Lenguaje No Sexista e Igualitario - Diario Digital Femenino","isPartOf":{"@id":"https:\/\/diariofemenino.com.ar\/df\/#website"},"primaryImageOfPage":{"@id":"https:\/\/diariofemenino.com.ar\/df\/guia-para-el-uso-de-un-lenguaje-sexista-e-igualitario\/#primaryimage"},"image":{"@id":"https:\/\/diariofemenino.com.ar\/df\/guia-para-el-uso-de-un-lenguaje-sexista-e-igualitario\/#primaryimage"},"thumbnailUrl":"http:\/\/www.diariofemenino.com.ar\/wp-content\/uploads\/Lenguaje-No-sexista.jpg","datePublished":"2015-07-06T13:17:42+00:00","description":"\"Gu\u00eda para el Uso de un Lenguaje No Sexista e Igualitario en la HCDN\" Presentan Ma\u00f1ana martes 7 de julio de 15 a 17hs, en el Sal\u00f3n Delia Parodi de la HCDN.","breadcrumb":{"@id":"https:\/\/diariofemenino.com.ar\/df\/guia-para-el-uso-de-un-lenguaje-sexista-e-igualitario\/#breadcrumb"},"inLanguage":"es","potentialAction":[{"@type":"ReadAction","target":["https:\/\/diariofemenino.com.ar\/df\/guia-para-el-uso-de-un-lenguaje-sexista-e-igualitario\/"]}]},{"@type":"ImageObject","inLanguage":"es","@id":"https:\/\/diariofemenino.com.ar\/df\/guia-para-el-uso-de-un-lenguaje-sexista-e-igualitario\/#primaryimage","url":"http:\/\/www.diariofemenino.com.ar\/wp-content\/uploads\/Lenguaje-No-sexista.jpg","contentUrl":"http:\/\/www.diariofemenino.com.ar\/wp-content\/uploads\/Lenguaje-No-sexista.jpg"},{"@type":"BreadcrumbList","@id":"https:\/\/diariofemenino.com.ar\/df\/guia-para-el-uso-de-un-lenguaje-sexista-e-igualitario\/#breadcrumb","itemListElement":[{"@type":"ListItem","position":1,"name":"Portada","item":"https:\/\/diariofemenino.com.ar\/df\/"},{"@type":"ListItem","position":2,"name":"Gu\u00eda para el Uso de un Lenguaje No Sexista e Igualitario"}]},{"@type":"WebSite","@id":"https:\/\/diariofemenino.com.ar\/df\/#website","url":"https:\/\/diariofemenino.com.ar\/df\/","name":"Diario Digital Femenino","description":"Cuesti\u00f3n de G\u00e9nero","publisher":{"@id":"https:\/\/diariofemenino.com.ar\/df\/#organization"},"potentialAction":[{"@type":"SearchAction","target":{"@type":"EntryPoint","urlTemplate":"https:\/\/diariofemenino.com.ar\/df\/?s={search_term_string}"},"query-input":{"@type":"PropertyValueSpecification","valueRequired":true,"valueName":"search_term_string"}}],"inLanguage":"es"},{"@type":"Organization","@id":"https:\/\/diariofemenino.com.ar\/df\/#organization","name":"Diario Femenino","url":"https:\/\/diariofemenino.com.ar\/df\/","logo":{"@type":"ImageObject","inLanguage":"es","@id":"https:\/\/diariofemenino.com.ar\/df\/#\/schema\/logo\/image\/","url":"https:\/\/diariofemenino.com.ar\/df\/wp-content\/uploads\/2018\/10\/logo.png","contentUrl":"https:\/\/diariofemenino.com.ar\/df\/wp-content\/uploads\/2018\/10\/logo.png","width":500,"height":92,"caption":"Diario Femenino"},"image":{"@id":"https:\/\/diariofemenino.com.ar\/df\/#\/schema\/logo\/image\/"},"sameAs":["https:\/\/www.facebook.com\/DiarioDigitaFemenino\/","https:\/\/x.com\/DiarioFemenino1"]},{"@type":"Person","@id":"https:\/\/diariofemenino.com.ar\/df\/#\/schema\/person\/38f54b3bfd13f561de2460ba95c169c6","name":"Admin","image":{"@type":"ImageObject","inLanguage":"es","@id":"https:\/\/diariofemenino.com.ar\/df\/wp-content\/uploads\/2018\/12\/favicon-150x150.jpg","url":"https:\/\/diariofemenino.com.ar\/df\/wp-content\/uploads\/2018\/12\/favicon-150x150.jpg","contentUrl":"https:\/\/diariofemenino.com.ar\/df\/wp-content\/uploads\/2018\/12\/favicon-150x150.jpg","caption":"Admin"},"url":"https:\/\/diariofemenino.com.ar\/df\/author\/adm18df\/"}]}},"jetpack_featured_media_url":"","jetpack_sharing_enabled":true,"rttpg_featured_image_url":null,"rttpg_author":{"display_name":"Admin","author_link":"https:\/\/diariofemenino.com.ar\/df\/author\/adm18df\/"},"rttpg_comment":0,"rttpg_category":"<a href=\"https:\/\/diariofemenino.com.ar\/df\/category\/actividades\/\" rel=\"category tag\">Actividades<\/a> <a href=\"https:\/\/diariofemenino.com.ar\/df\/category\/de-esi-si-se-habla\/\" rel=\"category tag\">De ESI S\u00ed Se Habla<\/a> <a href=\"https:\/\/diariofemenino.com.ar\/df\/category\/medios\/\" rel=\"category tag\">Medios<\/a>","rttpg_excerpt":"Ma\u00f1ana martes 7 de julio de 15 a 17hs, en el Sal\u00f3n Delia Parodi de la Honorable C\u00e1mara de Diputados de la Naci\u00f3n (acceso por Av. Rivadavia 1864, CABA) Se realizar\u00e1 la presentaci\u00f3n de la \u00abGu\u00eda para el Uso de un Lenguaje No Sexista e Igualitario en la HCDN\u00bb\u00a0-Hacia un uso del lenguaje m\u00e1s igualitario&hellip;","_links":{"self":[{"href":"https:\/\/diariofemenino.com.ar\/df\/wp-json\/wp\/v2\/posts\/18650","targetHints":{"allow":["GET"]}}],"collection":[{"href":"https:\/\/diariofemenino.com.ar\/df\/wp-json\/wp\/v2\/posts"}],"about":[{"href":"https:\/\/diariofemenino.com.ar\/df\/wp-json\/wp\/v2\/types\/post"}],"author":[{"embeddable":true,"href":"https:\/\/diariofemenino.com.ar\/df\/wp-json\/wp\/v2\/users\/1"}],"replies":[{"embeddable":true,"href":"https:\/\/diariofemenino.com.ar\/df\/wp-json\/wp\/v2\/comments?post=18650"}],"version-history":[{"count":0,"href":"https:\/\/diariofemenino.com.ar\/df\/wp-json\/wp\/v2\/posts\/18650\/revisions"}],"wp:attachment":[{"href":"https:\/\/diariofemenino.com.ar\/df\/wp-json\/wp\/v2\/media?parent=18650"}],"wp:term":[{"taxonomy":"category","embeddable":true,"href":"https:\/\/diariofemenino.com.ar\/df\/wp-json\/wp\/v2\/categories?post=18650"},{"taxonomy":"post_tag","embeddable":true,"href":"https:\/\/diariofemenino.com.ar\/df\/wp-json\/wp\/v2\/tags?post=18650"}],"curies":[{"name":"wp","href":"https:\/\/api.w.org\/{rel}","templated":true}]}}