{"id":18643,"date":"2015-07-05T21:04:33","date_gmt":"2015-07-06T00:04:33","guid":{"rendered":"http:\/\/www.diariofemenino.com.ar\/?p=18643"},"modified":"2015-07-05T21:04:33","modified_gmt":"2015-07-06T00:04:33","slug":"las-masculinidades-en-varones-adolescentes-jornada","status":"publish","type":"post","link":"https:\/\/diariofemenino.com.ar\/df\/las-masculinidades-en-varones-adolescentes-jornada\/","title":{"rendered":"Las masculinidades en varones adolescentes. Jornada"},"content":{"rendered":"<p><strong>Las masculinidades en varones adolescentes. Salud Mental y\u00a0Consumos Problem\u00e1ticos.<\/strong><br \/>\n<figure id=\"attachment_18646\" aria-describedby=\"caption-attachment-18646\" style=\"width: 409px\" class=\"wp-caption alignnone\"><a href=\"http:\/\/www.diariofemenino.com.ar\/wp-content\/uploads\/mochilas.jpg\"><img loading=\"lazy\" decoding=\"async\" class=\"size-full wp-image-18646\" alt=\"Las masculinidades en varones adolescentes. Salud Mental y Consumos Problem\u00e1ticos.\" src=\"http:\/\/www.diariofemenino.com.ar\/wp-content\/uploads\/mochilas.jpg\" width=\"409\" height=\"306\" \/><\/a><figcaption id=\"caption-attachment-18646\" class=\"wp-caption-text\">Las masculinidades en varones adolescentes. Salud Mental y Consumos Problem\u00e1ticos.<\/figcaption><\/figure><br \/>\nEl pr\u00f3ximo lunes 6 de julio desde las 9am en el Hospital Eva Per\u00f3n de Tucum\u00e1n , se<br \/>\nrealizar\u00e1 la jornada \u201cPertenecer: las masculinidades en varones<br \/>\nadolescentes. Salud Mental y Consumos Problem\u00e1ticos\u201d. El objetivo de<br \/>\nla jornada es el intercambio con profesionales que atiendan salud<br \/>\nmental y consumos problem\u00e1ticos, para abordar con ellos la<br \/>\nadolescencia en varones desde una perspectiva de construcci\u00f3n de la<br \/>\nmasculinidad.<br \/>\nLa jornada es organizada por el INADI con la participaci\u00f3n del<br \/>\nPrograma Integrado de Salud (PRIS); el Hospital Eva Per\u00f3n; el Centro<br \/>\nde Estudios Hist\u00f3ricos e Interdisciplinarios de la Mujer (CEHIM) de la<br \/>\nUniversidad Nacional de Tucum\u00e1n (UNT) y la Direcci\u00f3n de J\u00f3venes del<br \/>\nMinisterio de Desarrollo Social de la provincia.<br \/>\n\u201cLa propuesta es un abordaje cr\u00edtico de las masculinidades<br \/>\ntradicionales, para analizar la construcci\u00f3n identitaria de<br \/>\nadolescentes varones y el arraigo de malas pr\u00e1cticas\u201d, explica el<br \/>\n<strong>delegado del INADI<\/strong> en Tucum\u00e1n, <strong>Gustavo Diaz Fernandez<\/strong>, y agrega \u201cLas<br \/>\ncausas de accidentes, incidentes e incluso muerte, son distintas en<br \/>\nlas mujeres y ello no se explica por diferencias fisiol\u00f3gicas sino por<br \/>\nprocesos de aprendizaje social diferenciados\u201d.<br \/>\nLa explicaci\u00f3n del porque los varones se relacionan con sus cuerpos<br \/>\ndesde ese \u201cno autocuidado de los mismos\u201d, encuentra su respuesta en<br \/>\n\u201cel mito del h\u00e9roe\u201d, el cual es aprehendido desde ni\u00f1os. Muchos<br \/>\nvarones aprenden que para poder legitimarse como tales deben ser<br \/>\nh\u00e9roes y tener historias que contar.<br \/>\nEl v\u00ednculo entre masculinidad tradicional y consumos problem\u00e1ticos es<br \/>\nmucho m\u00e1s directo del que suponemos, y el modo en que acciona en los<br \/>\nvarones adolescentes es parte del ritual de construcci\u00f3n del ser<br \/>\n\u201chombre\u00bb. El objetivo, es entonces, identificar los procesos de<br \/>\naprendizaje social, para poder replantearnos la promoci\u00f3n de las<br \/>\nnuevas masculinidades desde la perspectiva de la Salud Mental. Para<br \/>\nesto es ineludible visibilizar la masculinidad tradicional y descifrar<br \/>\nlas razones que han llevado a mantenerla a lo largo del tiempo.<br \/>\nLa jornada durante la ma\u00f1ana constar\u00e1 de mesas paneles y una<br \/>\nperformance a cargo de Fernando Rios y con la direcci\u00f2n de Tiziano<br \/>\nCruz.<br \/>\nEntre los panelistas estar\u00e0n la Lic Analia Sanchez de la Direcci\u00f2n de<br \/>\nJovenes del Ministerio de Desarrollo Social de la provincia; Gustavo<br \/>\nSalvatierra del CEHIM; el Dr. Juan Carlos Escobar, del Ministerio de<br \/>\nSalud de la Naci\u00f3n; la Dra. Alicia Mar\u00eda Saad, Referente Programa<br \/>\nProvincial de Salud Integral del Adolescente; el Dr Javier Fabrissin<br \/>\nReferente del Programa Provincial de Adicciones y la Lic. Irma Thomas<br \/>\nReferente del Programa Provincial de Conducta Suicida.<br \/>\nLa actividad luego continuar\u00e1 con un taller interno para los\/as<br \/>\nprofesionales del SIPROSA, como as\u00ed tambi\u00e9n de quienes integrar\u00e1n los<br \/>\nservicios de atenci\u00f3n en salud mental y tratamiento de las adicciones<br \/>\ninfantojuvenil que funcionar\u00e1 pr\u00f3ximamente en el Hospital Eva Per\u00f3n.<br \/>\nDESPIECE<br \/>\nEn relaci\u00f3n a los consumos problem\u00e1ticos, el panorama es complejo<br \/>\ncuando analizamos las formas en que muchos varones (ni\u00f1os y<br \/>\nadolescentes) viven su relaci\u00f3n con el proceso de salud-enfermedad y<br \/>\nc\u00f3mo aprenden a cuidar o descuidar su cuerpo (y otros cuerpos) con los<br \/>\nque tienen v\u00ednculos cotidianos. De acuerdo con estudios sobre causas<br \/>\nde morbilidad y muerte de los varones (adolescentes y j\u00f3venes) de<br \/>\nmuchos grupos sociales y de diferentes contextos provinciales, a<br \/>\npartir de la adolescencia emergen como principales causas de muerte de<br \/>\nlos varones los accidentes, los homicidios, la cirrosis hep\u00e1tica, el<br \/>\nVIH\/sida en algunos contextos, por mencionar algunos. Estas causas<br \/>\nantes se\u00f1aladas, tienen una gran vinculaci\u00f3n con el consumo<br \/>\nproblem\u00e1tico de diversas sustancia pero principalmente con el consumo<br \/>\nproblem\u00e1tico de alcohol. Con lo que la alcoholizaci\u00f3n resultar\u00eda ser<br \/>\nel elemento aglutinante de todas ellas y surge como resultante de un<br \/>\nestereotipo de la masculinidad.<br \/>\nEl alcoholismo no es natural en los varones ni se asocia obviamente a<br \/>\nlos mismos, sino que podr\u00edamos clasificarlo como una epidemia<br \/>\nsimb\u00f3lica, en la medida en que los varones aprenden y aceptan que s\u00f3lo<br \/>\nmediante la alcoholizaci\u00f3n pueden vivir situaciones de riesgo que los<br \/>\nlegitiman como varones, aunque en el proceso puedan encontrar su<br \/>\npropia muerte. Esto nos lleva a la visi\u00f3n tradicional de la<br \/>\nmasculinidad como factor de riesgo, ya que se aprende a usar el cuerpo<br \/>\ncomo una herramienta, minimizando su cuidado e incluso calificando<br \/>\ncomo una muestra de debilidad y de fragilidad cualquier atenci\u00f3n hacia<br \/>\ns\u00ed mismo.<\/p>\n","protected":false},"excerpt":{"rendered":"<p>Las masculinidades en varones adolescentes. Salud Mental y\u00a0Consumos Problem\u00e1ticos. El pr\u00f3ximo lunes 6 de julio desde las 9am en el Hospital Eva Per\u00f3n de Tucum\u00e1n , se realizar\u00e1 la jornada \u201cPertenecer: las masculinidades en varones adolescentes. Salud Mental y Consumos Problem\u00e1ticos\u201d. El objetivo de la jornada es el intercambio con profesionales que atiendan salud mental [&hellip;]<\/p>\n","protected":false},"author":1,"featured_media":0,"comment_status":"open","ping_status":"open","sticky":false,"template":"","format":"standard","meta":{"iawp_total_views":6,"footnotes":""},"categories":[4,21,580],"tags":[25,12,37,73],"class_list":["post-18643","post","type-post","status-publish","format-standard","hentry","category-medios","category-noticias","category-resistencia-verdevioleta","tag-activismo","tag-infancia-y-adolescencia","tag-juventud","tag-masculinidades"],"nelio_content":{"autoShareEndMode":"never","automationSources":{"useCustomSentences":false,"customSentences":[]},"efiAlt":"","efiUrl":"","followers":[],"highlights":[],"isAutoShareEnabled":true,"networkImageIds":[],"permalinkQueryArgs":[],"series":[],"suggestedReferences":[]},"yoast_head":"<!-- This site is optimized with the Yoast SEO plugin v27.4 - https:\/\/yoast.com\/product\/yoast-seo-wordpress\/ -->\n<title>Las masculinidades en varones adolescentes. Jornada - Diario Digital Femenino<\/title>\n<meta name=\"description\" content=\"Las masculinidades en varones adolescentes.. Salud Mental y Consumos Problem\u00e1ticos. Jornadas organizada por INADI en el Hospital Eva Per\u00f3n de Tucum\u00e1n\" \/>\n<meta name=\"robots\" content=\"index, follow, max-snippet:-1, max-image-preview:large, max-video-preview:-1\" \/>\n<link rel=\"canonical\" href=\"https:\/\/diariofemenino.com.ar\/df\/las-masculinidades-en-varones-adolescentes-jornada\/\" \/>\n<meta property=\"og:locale\" content=\"es_ES\" \/>\n<meta property=\"og:type\" content=\"article\" \/>\n<meta property=\"og:title\" content=\"Las masculinidades en varones adolescentes. Jornada - Diario Digital Femenino\" \/>\n<meta property=\"og:description\" content=\"Las masculinidades en varones adolescentes.. Salud Mental y Consumos Problem\u00e1ticos. Jornadas organizada por INADI en el Hospital Eva Per\u00f3n de Tucum\u00e1n\" \/>\n<meta property=\"og:url\" content=\"https:\/\/diariofemenino.com.ar\/df\/las-masculinidades-en-varones-adolescentes-jornada\/\" \/>\n<meta property=\"og:site_name\" content=\"Diario Digital Femenino\" \/>\n<meta property=\"article:publisher\" content=\"https:\/\/www.facebook.com\/DiarioDigitaFemenino\/\" \/>\n<meta property=\"article:published_time\" content=\"2015-07-06T00:04:33+00:00\" \/>\n<meta property=\"og:image\" content=\"http:\/\/www.diariofemenino.com.ar\/wp-content\/uploads\/mochilas.jpg\" \/>\n<meta name=\"author\" content=\"Admin\" \/>\n<meta name=\"twitter:card\" content=\"summary_large_image\" \/>\n<meta name=\"twitter:creator\" content=\"@DiarioFemenino1\" \/>\n<meta name=\"twitter:site\" content=\"@DiarioFemenino1\" \/>\n<meta name=\"twitter:label1\" content=\"Escrito por\" \/>\n\t<meta name=\"twitter:data1\" content=\"Admin\" \/>\n\t<meta name=\"twitter:label2\" content=\"Tiempo de lectura\" \/>\n\t<meta name=\"twitter:data2\" content=\"4 minutos\" \/>\n<script type=\"application\/ld+json\" class=\"yoast-schema-graph\">{\"@context\":\"https:\\\/\\\/schema.org\",\"@graph\":[{\"@type\":\"Article\",\"@id\":\"https:\\\/\\\/diariofemenino.com.ar\\\/df\\\/las-masculinidades-en-varones-adolescentes-jornada\\\/#article\",\"isPartOf\":{\"@id\":\"https:\\\/\\\/diariofemenino.com.ar\\\/df\\\/las-masculinidades-en-varones-adolescentes-jornada\\\/\"},\"author\":{\"name\":\"Admin\",\"@id\":\"https:\\\/\\\/diariofemenino.com.ar\\\/df\\\/#\\\/schema\\\/person\\\/38f54b3bfd13f561de2460ba95c169c6\"},\"headline\":\"Las masculinidades en varones adolescentes. Jornada\",\"datePublished\":\"2015-07-06T00:04:33+00:00\",\"mainEntityOfPage\":{\"@id\":\"https:\\\/\\\/diariofemenino.com.ar\\\/df\\\/las-masculinidades-en-varones-adolescentes-jornada\\\/\"},\"wordCount\":788,\"commentCount\":0,\"publisher\":{\"@id\":\"https:\\\/\\\/diariofemenino.com.ar\\\/df\\\/#organization\"},\"image\":{\"@id\":\"https:\\\/\\\/diariofemenino.com.ar\\\/df\\\/las-masculinidades-en-varones-adolescentes-jornada\\\/#primaryimage\"},\"thumbnailUrl\":\"http:\\\/\\\/www.diariofemenino.com.ar\\\/wp-content\\\/uploads\\\/mochilas.jpg\",\"keywords\":[\"Activismo\",\"Infancia y Adolescencia\",\"Juventud\",\"Masculinidades\"],\"articleSection\":[\"Medios\",\"Noticias\",\"Resistencia VerdeVioleta\"],\"inLanguage\":\"es\",\"potentialAction\":[{\"@type\":\"CommentAction\",\"name\":\"Comment\",\"target\":[\"https:\\\/\\\/diariofemenino.com.ar\\\/df\\\/las-masculinidades-en-varones-adolescentes-jornada\\\/#respond\"]}]},{\"@type\":\"WebPage\",\"@id\":\"https:\\\/\\\/diariofemenino.com.ar\\\/df\\\/las-masculinidades-en-varones-adolescentes-jornada\\\/\",\"url\":\"https:\\\/\\\/diariofemenino.com.ar\\\/df\\\/las-masculinidades-en-varones-adolescentes-jornada\\\/\",\"name\":\"Las masculinidades en varones adolescentes. Jornada - Diario Digital Femenino\",\"isPartOf\":{\"@id\":\"https:\\\/\\\/diariofemenino.com.ar\\\/df\\\/#website\"},\"primaryImageOfPage\":{\"@id\":\"https:\\\/\\\/diariofemenino.com.ar\\\/df\\\/las-masculinidades-en-varones-adolescentes-jornada\\\/#primaryimage\"},\"image\":{\"@id\":\"https:\\\/\\\/diariofemenino.com.ar\\\/df\\\/las-masculinidades-en-varones-adolescentes-jornada\\\/#primaryimage\"},\"thumbnailUrl\":\"http:\\\/\\\/www.diariofemenino.com.ar\\\/wp-content\\\/uploads\\\/mochilas.jpg\",\"datePublished\":\"2015-07-06T00:04:33+00:00\",\"description\":\"Las masculinidades en varones adolescentes.. Salud Mental y Consumos Problem\u00e1ticos. Jornadas organizada por INADI en el Hospital Eva Per\u00f3n de Tucum\u00e1n\",\"breadcrumb\":{\"@id\":\"https:\\\/\\\/diariofemenino.com.ar\\\/df\\\/las-masculinidades-en-varones-adolescentes-jornada\\\/#breadcrumb\"},\"inLanguage\":\"es\",\"potentialAction\":[{\"@type\":\"ReadAction\",\"target\":[\"https:\\\/\\\/diariofemenino.com.ar\\\/df\\\/las-masculinidades-en-varones-adolescentes-jornada\\\/\"]}]},{\"@type\":\"ImageObject\",\"inLanguage\":\"es\",\"@id\":\"https:\\\/\\\/diariofemenino.com.ar\\\/df\\\/las-masculinidades-en-varones-adolescentes-jornada\\\/#primaryimage\",\"url\":\"http:\\\/\\\/www.diariofemenino.com.ar\\\/wp-content\\\/uploads\\\/mochilas.jpg\",\"contentUrl\":\"http:\\\/\\\/www.diariofemenino.com.ar\\\/wp-content\\\/uploads\\\/mochilas.jpg\"},{\"@type\":\"BreadcrumbList\",\"@id\":\"https:\\\/\\\/diariofemenino.com.ar\\\/df\\\/las-masculinidades-en-varones-adolescentes-jornada\\\/#breadcrumb\",\"itemListElement\":[{\"@type\":\"ListItem\",\"position\":1,\"name\":\"Portada\",\"item\":\"https:\\\/\\\/diariofemenino.com.ar\\\/df\\\/\"},{\"@type\":\"ListItem\",\"position\":2,\"name\":\"Las masculinidades en varones adolescentes. Jornada\"}]},{\"@type\":\"WebSite\",\"@id\":\"https:\\\/\\\/diariofemenino.com.ar\\\/df\\\/#website\",\"url\":\"https:\\\/\\\/diariofemenino.com.ar\\\/df\\\/\",\"name\":\"Diario Digital Femenino\",\"description\":\"Cuesti\u00f3n de G\u00e9nero\",\"publisher\":{\"@id\":\"https:\\\/\\\/diariofemenino.com.ar\\\/df\\\/#organization\"},\"potentialAction\":[{\"@type\":\"SearchAction\",\"target\":{\"@type\":\"EntryPoint\",\"urlTemplate\":\"https:\\\/\\\/diariofemenino.com.ar\\\/df\\\/?s={search_term_string}\"},\"query-input\":{\"@type\":\"PropertyValueSpecification\",\"valueRequired\":true,\"valueName\":\"search_term_string\"}}],\"inLanguage\":\"es\"},{\"@type\":\"Organization\",\"@id\":\"https:\\\/\\\/diariofemenino.com.ar\\\/df\\\/#organization\",\"name\":\"Diario Femenino\",\"url\":\"https:\\\/\\\/diariofemenino.com.ar\\\/df\\\/\",\"logo\":{\"@type\":\"ImageObject\",\"inLanguage\":\"es\",\"@id\":\"https:\\\/\\\/diariofemenino.com.ar\\\/df\\\/#\\\/schema\\\/logo\\\/image\\\/\",\"url\":\"https:\\\/\\\/diariofemenino.com.ar\\\/df\\\/wp-content\\\/uploads\\\/2018\\\/10\\\/logo.png\",\"contentUrl\":\"https:\\\/\\\/diariofemenino.com.ar\\\/df\\\/wp-content\\\/uploads\\\/2018\\\/10\\\/logo.png\",\"width\":500,\"height\":92,\"caption\":\"Diario Femenino\"},\"image\":{\"@id\":\"https:\\\/\\\/diariofemenino.com.ar\\\/df\\\/#\\\/schema\\\/logo\\\/image\\\/\"},\"sameAs\":[\"https:\\\/\\\/www.facebook.com\\\/DiarioDigitaFemenino\\\/\",\"https:\\\/\\\/x.com\\\/DiarioFemenino1\"]},{\"@type\":\"Person\",\"@id\":\"https:\\\/\\\/diariofemenino.com.ar\\\/df\\\/#\\\/schema\\\/person\\\/38f54b3bfd13f561de2460ba95c169c6\",\"name\":\"Admin\",\"image\":{\"@type\":\"ImageObject\",\"inLanguage\":\"es\",\"@id\":\"https:\\\/\\\/diariofemenino.com.ar\\\/df\\\/wp-content\\\/uploads\\\/2018\\\/12\\\/favicon-150x150.jpg\",\"url\":\"https:\\\/\\\/diariofemenino.com.ar\\\/df\\\/wp-content\\\/uploads\\\/2018\\\/12\\\/favicon-150x150.jpg\",\"contentUrl\":\"https:\\\/\\\/diariofemenino.com.ar\\\/df\\\/wp-content\\\/uploads\\\/2018\\\/12\\\/favicon-150x150.jpg\",\"caption\":\"Admin\"},\"url\":\"https:\\\/\\\/diariofemenino.com.ar\\\/df\\\/author\\\/adm18df\\\/\"}]}<\/script>\n<!-- \/ Yoast SEO plugin. -->","yoast_head_json":{"title":"Las masculinidades en varones adolescentes. Jornada - Diario Digital Femenino","description":"Las masculinidades en varones adolescentes.. Salud Mental y Consumos Problem\u00e1ticos. Jornadas organizada por INADI en el Hospital Eva Per\u00f3n de Tucum\u00e1n","robots":{"index":"index","follow":"follow","max-snippet":"max-snippet:-1","max-image-preview":"max-image-preview:large","max-video-preview":"max-video-preview:-1"},"canonical":"https:\/\/diariofemenino.com.ar\/df\/las-masculinidades-en-varones-adolescentes-jornada\/","og_locale":"es_ES","og_type":"article","og_title":"Las masculinidades en varones adolescentes. Jornada - Diario Digital Femenino","og_description":"Las masculinidades en varones adolescentes.. Salud Mental y Consumos Problem\u00e1ticos. Jornadas organizada por INADI en el Hospital Eva Per\u00f3n de Tucum\u00e1n","og_url":"https:\/\/diariofemenino.com.ar\/df\/las-masculinidades-en-varones-adolescentes-jornada\/","og_site_name":"Diario Digital Femenino","article_publisher":"https:\/\/www.facebook.com\/DiarioDigitaFemenino\/","article_published_time":"2015-07-06T00:04:33+00:00","og_image":[{"url":"http:\/\/www.diariofemenino.com.ar\/wp-content\/uploads\/mochilas.jpg","type":"","width":"","height":""}],"author":"Admin","twitter_card":"summary_large_image","twitter_creator":"@DiarioFemenino1","twitter_site":"@DiarioFemenino1","twitter_misc":{"Escrito por":"Admin","Tiempo de lectura":"4 minutos"},"schema":{"@context":"https:\/\/schema.org","@graph":[{"@type":"Article","@id":"https:\/\/diariofemenino.com.ar\/df\/las-masculinidades-en-varones-adolescentes-jornada\/#article","isPartOf":{"@id":"https:\/\/diariofemenino.com.ar\/df\/las-masculinidades-en-varones-adolescentes-jornada\/"},"author":{"name":"Admin","@id":"https:\/\/diariofemenino.com.ar\/df\/#\/schema\/person\/38f54b3bfd13f561de2460ba95c169c6"},"headline":"Las masculinidades en varones adolescentes. Jornada","datePublished":"2015-07-06T00:04:33+00:00","mainEntityOfPage":{"@id":"https:\/\/diariofemenino.com.ar\/df\/las-masculinidades-en-varones-adolescentes-jornada\/"},"wordCount":788,"commentCount":0,"publisher":{"@id":"https:\/\/diariofemenino.com.ar\/df\/#organization"},"image":{"@id":"https:\/\/diariofemenino.com.ar\/df\/las-masculinidades-en-varones-adolescentes-jornada\/#primaryimage"},"thumbnailUrl":"http:\/\/www.diariofemenino.com.ar\/wp-content\/uploads\/mochilas.jpg","keywords":["Activismo","Infancia y Adolescencia","Juventud","Masculinidades"],"articleSection":["Medios","Noticias","Resistencia VerdeVioleta"],"inLanguage":"es","potentialAction":[{"@type":"CommentAction","name":"Comment","target":["https:\/\/diariofemenino.com.ar\/df\/las-masculinidades-en-varones-adolescentes-jornada\/#respond"]}]},{"@type":"WebPage","@id":"https:\/\/diariofemenino.com.ar\/df\/las-masculinidades-en-varones-adolescentes-jornada\/","url":"https:\/\/diariofemenino.com.ar\/df\/las-masculinidades-en-varones-adolescentes-jornada\/","name":"Las masculinidades en varones adolescentes. Jornada - Diario Digital Femenino","isPartOf":{"@id":"https:\/\/diariofemenino.com.ar\/df\/#website"},"primaryImageOfPage":{"@id":"https:\/\/diariofemenino.com.ar\/df\/las-masculinidades-en-varones-adolescentes-jornada\/#primaryimage"},"image":{"@id":"https:\/\/diariofemenino.com.ar\/df\/las-masculinidades-en-varones-adolescentes-jornada\/#primaryimage"},"thumbnailUrl":"http:\/\/www.diariofemenino.com.ar\/wp-content\/uploads\/mochilas.jpg","datePublished":"2015-07-06T00:04:33+00:00","description":"Las masculinidades en varones adolescentes.. Salud Mental y Consumos Problem\u00e1ticos. Jornadas organizada por INADI en el Hospital Eva Per\u00f3n de Tucum\u00e1n","breadcrumb":{"@id":"https:\/\/diariofemenino.com.ar\/df\/las-masculinidades-en-varones-adolescentes-jornada\/#breadcrumb"},"inLanguage":"es","potentialAction":[{"@type":"ReadAction","target":["https:\/\/diariofemenino.com.ar\/df\/las-masculinidades-en-varones-adolescentes-jornada\/"]}]},{"@type":"ImageObject","inLanguage":"es","@id":"https:\/\/diariofemenino.com.ar\/df\/las-masculinidades-en-varones-adolescentes-jornada\/#primaryimage","url":"http:\/\/www.diariofemenino.com.ar\/wp-content\/uploads\/mochilas.jpg","contentUrl":"http:\/\/www.diariofemenino.com.ar\/wp-content\/uploads\/mochilas.jpg"},{"@type":"BreadcrumbList","@id":"https:\/\/diariofemenino.com.ar\/df\/las-masculinidades-en-varones-adolescentes-jornada\/#breadcrumb","itemListElement":[{"@type":"ListItem","position":1,"name":"Portada","item":"https:\/\/diariofemenino.com.ar\/df\/"},{"@type":"ListItem","position":2,"name":"Las masculinidades en varones adolescentes. Jornada"}]},{"@type":"WebSite","@id":"https:\/\/diariofemenino.com.ar\/df\/#website","url":"https:\/\/diariofemenino.com.ar\/df\/","name":"Diario Digital Femenino","description":"Cuesti\u00f3n de G\u00e9nero","publisher":{"@id":"https:\/\/diariofemenino.com.ar\/df\/#organization"},"potentialAction":[{"@type":"SearchAction","target":{"@type":"EntryPoint","urlTemplate":"https:\/\/diariofemenino.com.ar\/df\/?s={search_term_string}"},"query-input":{"@type":"PropertyValueSpecification","valueRequired":true,"valueName":"search_term_string"}}],"inLanguage":"es"},{"@type":"Organization","@id":"https:\/\/diariofemenino.com.ar\/df\/#organization","name":"Diario Femenino","url":"https:\/\/diariofemenino.com.ar\/df\/","logo":{"@type":"ImageObject","inLanguage":"es","@id":"https:\/\/diariofemenino.com.ar\/df\/#\/schema\/logo\/image\/","url":"https:\/\/diariofemenino.com.ar\/df\/wp-content\/uploads\/2018\/10\/logo.png","contentUrl":"https:\/\/diariofemenino.com.ar\/df\/wp-content\/uploads\/2018\/10\/logo.png","width":500,"height":92,"caption":"Diario Femenino"},"image":{"@id":"https:\/\/diariofemenino.com.ar\/df\/#\/schema\/logo\/image\/"},"sameAs":["https:\/\/www.facebook.com\/DiarioDigitaFemenino\/","https:\/\/x.com\/DiarioFemenino1"]},{"@type":"Person","@id":"https:\/\/diariofemenino.com.ar\/df\/#\/schema\/person\/38f54b3bfd13f561de2460ba95c169c6","name":"Admin","image":{"@type":"ImageObject","inLanguage":"es","@id":"https:\/\/diariofemenino.com.ar\/df\/wp-content\/uploads\/2018\/12\/favicon-150x150.jpg","url":"https:\/\/diariofemenino.com.ar\/df\/wp-content\/uploads\/2018\/12\/favicon-150x150.jpg","contentUrl":"https:\/\/diariofemenino.com.ar\/df\/wp-content\/uploads\/2018\/12\/favicon-150x150.jpg","caption":"Admin"},"url":"https:\/\/diariofemenino.com.ar\/df\/author\/adm18df\/"}]}},"jetpack_featured_media_url":"","jetpack_sharing_enabled":true,"rttpg_featured_image_url":null,"rttpg_author":{"display_name":"Admin","author_link":"https:\/\/diariofemenino.com.ar\/df\/author\/adm18df\/"},"rttpg_comment":0,"rttpg_category":"<a href=\"https:\/\/diariofemenino.com.ar\/df\/category\/medios\/\" rel=\"category tag\">Medios<\/a> <a href=\"https:\/\/diariofemenino.com.ar\/df\/category\/noticias\/\" rel=\"category tag\">Noticias<\/a> <a href=\"https:\/\/diariofemenino.com.ar\/df\/category\/resistencia-verdevioleta\/\" rel=\"category tag\">Resistencia VerdeVioleta<\/a>","rttpg_excerpt":"Las masculinidades en varones adolescentes. Salud Mental y\u00a0Consumos Problem\u00e1ticos. El pr\u00f3ximo lunes 6 de julio desde las 9am en el Hospital Eva Per\u00f3n de Tucum\u00e1n , se realizar\u00e1 la jornada \u201cPertenecer: las masculinidades en varones adolescentes. Salud Mental y Consumos Problem\u00e1ticos\u201d. El objetivo de la jornada es el intercambio con profesionales que atiendan salud mental&hellip;","_links":{"self":[{"href":"https:\/\/diariofemenino.com.ar\/df\/wp-json\/wp\/v2\/posts\/18643","targetHints":{"allow":["GET"]}}],"collection":[{"href":"https:\/\/diariofemenino.com.ar\/df\/wp-json\/wp\/v2\/posts"}],"about":[{"href":"https:\/\/diariofemenino.com.ar\/df\/wp-json\/wp\/v2\/types\/post"}],"author":[{"embeddable":true,"href":"https:\/\/diariofemenino.com.ar\/df\/wp-json\/wp\/v2\/users\/1"}],"replies":[{"embeddable":true,"href":"https:\/\/diariofemenino.com.ar\/df\/wp-json\/wp\/v2\/comments?post=18643"}],"version-history":[{"count":0,"href":"https:\/\/diariofemenino.com.ar\/df\/wp-json\/wp\/v2\/posts\/18643\/revisions"}],"wp:attachment":[{"href":"https:\/\/diariofemenino.com.ar\/df\/wp-json\/wp\/v2\/media?parent=18643"}],"wp:term":[{"taxonomy":"category","embeddable":true,"href":"https:\/\/diariofemenino.com.ar\/df\/wp-json\/wp\/v2\/categories?post=18643"},{"taxonomy":"post_tag","embeddable":true,"href":"https:\/\/diariofemenino.com.ar\/df\/wp-json\/wp\/v2\/tags?post=18643"}],"curies":[{"name":"wp","href":"https:\/\/api.w.org\/{rel}","templated":true}]}}