{"id":18635,"date":"2015-07-05T11:42:01","date_gmt":"2015-07-05T14:42:01","guid":{"rendered":"http:\/\/www.diariofemenino.com.ar\/?p=18635"},"modified":"2015-07-05T11:42:01","modified_gmt":"2015-07-05T14:42:01","slug":"v-jornadas-abolicionistas-santa-fe","status":"publish","type":"post","link":"https:\/\/diariofemenino.com.ar\/df\/v-jornadas-abolicionistas-santa-fe\/","title":{"rendered":"V Jornadas Abolicionistas &#8211; Santa Fe"},"content":{"rendered":"<p>Las compa\u00f1eras de la Campa\u00f1a Abolicionista en la convocatoria dec\u00edan: \u201cEn esta nueva convocatoria Abolicionista queremos reconocer una vez m\u00e1s el d\u00eda en que la Asamblea General de las Naciones Unidas aprobara el \u201cConvenio para la Represi\u00f3n de la Trata de Personas y de la Explotaci\u00f3n de la Prostituci\u00f3n Ajena\u201d (resoluci\u00f3n 317 IV), el 2 de diciembre de 1949\u00a0PROPONEMOS, desde las Primeras Jornadas Nacionales Abolicionistas \u2013 2009, que el 2 de diciembre sea recordado como: \u201cD\u00eda de la Abolici\u00f3n del Sistema Prostituyente\u201d.<br \/>\nEstas Jornadas Nacionales Abolicionistas 2015, hemos acordado realizarlas en la Provincia de Santa Fe, en apoyo a la lucha por la abolici\u00f3n del sistema prostituyente que est\u00e1n llevando adelante nuestras compa\u00f1eras en esta Provincia.<br \/>\nPara nosotras la articulaci\u00f3n con la sociedad y con las colectivas o grupos que trabajan estos temas en las diferentes regiones es muy importante. En ese camino realizamos m\u00faltiples actividades tales como reflexiones te\u00f3ricas, talleres, mesas debates, Acciones p\u00fablicas, apoyo a familiares de v\u00edctimas de trata. Sin duda la concreci\u00f3n de Jornadas Abolicionistas Nacionales y Regionales a lo largo de todo el pa\u00eds durante los \u00faltimos 6 a\u00f1os, son el mayor esfuerzo de organizaci\u00f3n, y ha sido posible gracias a las voluntades mancomunadas de nuestras compa\u00f1eras de otros lugares, en este caso las compa\u00f1eras de Campa\u00f1a Abolicionista Santa Fe.<br \/>\nLas ponencias estar\u00e1n subidas a:\u00a0<a title=\"V Jornadas Abolicionistas Santa Fe\" href=\"http:\/\/jorabsantafe.blogspot.com.ar\/\">click aqu\u00ed<\/a><\/p>\n<div id=\"gallery\">\n<ul>\n<li><a title=\"V Jornadas Abolicionistas Santa Fe\" href=\"http:\/\/kasandrxs.radioteca.net\/media\/uploads\/images\/pictures\/jornadas-abolicionistas-sta-fe-2015_big.jpg\"><img decoding=\"async\" alt=\"V Jornadas Abolicionistas Santa Fe\" src=\"http:\/\/kasandrxs.radioteca.net\/media\/uploads\/images\/pictures\/jornadas-abolicionistas-sta-fe-2015_big.jpg\" \/><\/a>V Jornadas Abolicionistas Santa Fe<\/li>\n<\/ul>\n<\/div>\n<div>\n01-NIDIA,\u00a0SILVINA, ANAL\u00cdA Y\u00a0MARILINA.<br \/>\nEntrevistamos a las compa\u00f1eras abolicionistas, organizadoras de las Jornadas e integrantes de la \u201cCampa\u00f1a Abolicionista, \u201cNi una mujer mas v\u00edctima de las redes de prostituci\u00f3n\u201d, de la ciudad de Santa Fe, provincia del mismo nombre, Argentina.<br \/>\n<iframe loading=\"lazy\" src=\"http:\/\/radioteca.net\/media\/cyclope\/mediaelement\/media_player_embed.html?media_url=\/media\/uploads\/audios\/%25Y_%25m\/01-kasandrxs-nidia-silvina-analia-marilina.mp3&amp;file_type=mp3&amp;radioteca_url=http:\/\/radioteca.net\/\/audio\/01-nidia-silvina-analia-y-marilina\/\" height=\"50\" width=\"325\"><\/iframe><br \/>\n02-ADRIANA\u00a0LONGONI<br \/>\nEntrevistamos a Adriana, Locutora, Abolicionista, particip\u00f3 de las Jornadas con su ponencia que titul\u00f3: \u201cIntersecci\u00f3n de opresiones en la prostituci\u00f3n\u201d.<br \/>\n<iframe loading=\"lazy\" src=\"http:\/\/radioteca.net\/media\/cyclope\/mediaelement\/media_player_embed.html?media_url=\/media\/uploads\/audios\/%25Y_%25m\/02-kasandrxs-adriana%20longoni.mp3&amp;file_type=mp3&amp;radioteca_url=http:\/\/radioteca.net\/\/audio\/02-adriana-longoni\/\" height=\"50\" width=\"325\"><\/iframe><br \/>\n03-RAQUEL\u00a0DISENFELD<br \/>\nEntrevistamos a Raquel, compa\u00f1era y hermana de ideas, abolicionista, psic\u00f3loga, creadora de Liberatorias. Titul\u00f3 su ponencia \u201cSin preservativo pago doble: ellas eligen. Reflexionando sobre prostituyentes, proxenetismo encubierto, autonom\u00eda y colog\u00eda social\u201d.<br \/>\n<iframe loading=\"lazy\" src=\"http:\/\/radioteca.net\/media\/cyclope\/mediaelement\/media_player_embed.html?media_url=\/media\/uploads\/audios\/%25Y_%25m\/03-kasandrxs-raqueldisenfeld.mp3&amp;file_type=mp3&amp;radioteca_url=http:\/\/radioteca.net\/\/audio\/03-raquel-disenfeld\/\" height=\"50\" width=\"325\"><\/iframe><br \/>\n04-ELENA\u00a0MONCADA<br \/>\nEntrevistamos a Elena, sobreviviente de la prostituci\u00f3n, autora del libro \u201cYo elijo contar mi historia\u201d.<br \/>\n<iframe loading=\"lazy\" src=\"http:\/\/radioteca.net\/media\/cyclope\/mediaelement\/media_player_embed.html?media_url=\/media\/uploads\/audios\/%25Y_%25m\/04-kasandrxs-elenamoncada.mp3&amp;file_type=mp3&amp;radioteca_url=http:\/\/radioteca.net\/\/audio\/04-elena-moncada\/\" height=\"50\" width=\"325\"><\/iframe><br \/>\n05-LEONOR\u00a0NU\u00d1EZ<br \/>\nEntrevistamos a Leonor, Psic\u00f3loga, integrande de la Asamblea Permanente por los Derechos Humanos. Titul\u00f3 su ponencia \u201cPrevenir la prostituci\u00f3n, prevenir la violencia\u201d.<br \/>\n<iframe loading=\"lazy\" src=\"http:\/\/radioteca.net\/media\/cyclope\/mediaelement\/media_player_embed.html?media_url=\/media\/uploads\/audios\/%25Y_%25m\/05-kasandrxs-leonornu%C3%B1ez.mp3&amp;file_type=mp3&amp;radioteca_url=http:\/\/radioteca.net\/\/audio\/05-leonor-nunez\/\" height=\"50\" width=\"325\"><\/iframe><br \/>\n06-MARTA\u00a0VASALLO<br \/>\nEntrevistamos a Marta, abolicionista, escribi\u00f3 durante muchos a\u00f1os para Le Monde Diplomatique, titul\u00f3 su ponencia \u201cContractualismo y Neoliberalismo\u201d.<br \/>\n<iframe loading=\"lazy\" src=\"http:\/\/radioteca.net\/media\/cyclope\/mediaelement\/media_player_embed.html?media_url=\/media\/uploads\/audios\/%25Y_%25m\/06-kasandrxs-martavasallo.mp3&amp;file_type=mp3&amp;radioteca_url=http:\/\/radioteca.net\/\/audio\/06-marta-vasallo\/\" height=\"50\" width=\"325\"><\/iframe><br \/>\n07-MARTA\u00a0FONTENLA<br \/>\nEntrevistamos a Marta, abolicionista, una de las creadoras de la Campa\u00f1a Abolicionista \u201cNi una mujer mas v\u00edctima de las redes de prostituci\u00f3n\u201d. su ponencia la titul\u00f3 \u201cSistemas legales en realci\u00f3n a la prostituci\u00f3n y la trata: aspectos jur\u00eddicos, ideol\u00f3gicos y pol\u00edticos\u201d.<br \/>\n<iframe loading=\"lazy\" src=\"http:\/\/radioteca.net\/media\/cyclope\/mediaelement\/media_player_embed.html?media_url=\/media\/uploads\/audios\/%25Y_%25m\/07-kasandrxs-martafontenla.mp3&amp;file_type=mp3&amp;radioteca_url=http:\/\/radioteca.net\/\/audio\/07-marta-fontenla\/\" height=\"50\" width=\"325\"><\/iframe><br \/>\n08-MARGARITA\u00a0PERALTA<br \/>\nMargarita es la presidenta de la Asociaci\u00f3n de Mujeres Argentinas por los Derechos Humanos.<br \/>\n<iframe loading=\"lazy\" src=\"http:\/\/radioteca.net\/media\/cyclope\/mediaelement\/media_player_embed.html?media_url=\/media\/uploads\/audios\/%25Y_%25m\/08-kasandrxs-margaritaperalta-pdtaamadh_w7OCn7i.mp3&amp;file_type=mp3&amp;radioteca_url=http:\/\/radioteca.net\/\/audio\/08-margarita-peralta-2\/\" height=\"50\" width=\"325\"><\/iframe><br \/>\n09-MAGUI\u00a0BELLOTTI<br \/>\nEntrevistamos a Magui, abolicionista, una de las creadoras de la Campa\u00f1a Abolicionista \u201cNi una mujer mas v\u00edctima de las redes de prostituci\u00f3n\u201d. Titul\u00f3 su ponecia \u201cDerechos civiles, Econ\u00f3micos, sociales y culturales y acceso a la justicia de Personas Victimizadas por los Delitos de explotaci\u00f3n y Trata\u201d.<br \/>\n<iframe loading=\"lazy\" src=\"http:\/\/radioteca.net\/media\/cyclope\/mediaelement\/media_player_embed.html?media_url=\/media\/uploads\/audios\/%25Y_%25m\/09-kasandrxs-maguibellotti.mp3&amp;file_type=mp3&amp;radioteca_url=http:\/\/radioteca.net\/\/audio\/09-magui-bellotti\/\" height=\"50\" width=\"325\"><\/iframe><br \/>\n10-SILVINA\u00a0SIERRA<br \/>\nEntrevistamos a Silvina, una de las organizadoras de las jornadas e integrante de la Campa\u00f1a Abolicionista \u201cNi una mujer m\u00e1s v\u00edctima de las redes de prostituci\u00f3n\u201d. Titul\u00f3 su ponencia \u201cLa sexualidad en la prostituci\u00f3n\u201d. Gracias compa\u00f1era por tu calidez y compromiso!.<br \/>\n<iframe loading=\"lazy\" src=\"http:\/\/radioteca.net\/media\/cyclope\/mediaelement\/media_player_embed.html?media_url=\/media\/uploads\/audios\/%25Y_%25m\/10-kasandrxs-silvinasierra.mp3&amp;file_type=mp3&amp;radioteca_url=http:\/\/radioteca.net\/\/audio\/10-silvina-sierra\/\" height=\"50\" width=\"325\"><\/iframe><br \/>\n11-ALBERTO\u00a0ILIEFF<br \/>\nEntrevistamos a Alberto, creador y coordinador de la Red Abolicionista de la prostituci\u00f3n y trata de personas. Titul\u00f3 su ponencia \u201c\u00bfEl cliente siempre tiene raz\u00f3n?\u201d.<br \/>\n<iframe loading=\"lazy\" src=\"http:\/\/radioteca.net\/media\/cyclope\/mediaelement\/media_player_embed.html?media_url=\/media\/uploads\/audios\/%25Y_%25m\/11-kasandrxs-albertoilieff.mp3&amp;file_type=mp3&amp;radioteca_url=http:\/\/radioteca.net\/\/audio\/11-alberto-ilieff\/\" height=\"50\" width=\"325\"><\/iframe><br \/>\n12-EMANUEL\u00a0ABINZANO<br \/>\nEntrevistamos a Emanuel, abolicionista, titul\u00f3 su ponencia \u201cRelatoria del caso emblem\u00e1tico de la trata Gamarra\/Ojeda\u201d.<br \/>\n<iframe loading=\"lazy\" src=\"http:\/\/radioteca.net\/media\/cyclope\/mediaelement\/media_player_embed.html?media_url=\/media\/uploads\/audios\/%25Y_%25m\/12-kasandrxs-emanuelabinzano.mp3&amp;file_type=mp3&amp;radioteca_url=http:\/\/radioteca.net\/\/audio\/12-emanuel-abinzano\/\" height=\"50\" width=\"325\"><\/iframe><br \/>\n13-ANGELES\u00a0ANCHOU<br \/>\nEntrevistamos a Angeles, integrante del grupo Pepita Guerra. titul\u00f3 su ponencia \u201cLos prostituyentes en foco.Desandando la met\u00e1fora del \u201cconsumo\u201d.<br \/>\n<iframe loading=\"lazy\" src=\"http:\/\/radioteca.net\/media\/cyclope\/mediaelement\/media_player_embed.html?media_url=\/media\/uploads\/audios\/%25Y_%25m\/13-kasandrxs-angelesanchou.mp3&amp;file_type=mp3&amp;radioteca_url=http:\/\/radioteca.net\/\/audio\/13-angeles-anchou\/\" height=\"50\" width=\"325\"><\/iframe><br \/>\n14-MONICA\u00a0MOLINA\u00a0\/\u00a0MARIA\u00a0ZERBINO<br \/>\nEntrevistamos a M\u00f3nica y Maria, ambas abolicionistas. M\u00f3nica titul\u00f3 su ponencia \u201cPol\u00edticas p\u00fablicas para desarticular el sistema prostituyente\u201d. Mar\u00eda es la conductora del programa radial \u201cTu Tiempo Mujer\u201d. Tanto Maria como Monica integran el grupo Mujeres por la solidaridad, de la ciudad de Santa Rosa, La Pampa, Argentina.<br \/>\n<iframe loading=\"lazy\" src=\"http:\/\/radioteca.net\/media\/cyclope\/mediaelement\/media_player_embed.html?media_url=\/media\/uploads\/audios\/%25Y_%25m\/14-kasandrxs-monicamolina-mariazerbino.mp3&amp;file_type=mp3&amp;radioteca_url=http:\/\/radioteca.net\/\/audio\/14-monica-molina-maria-zerbino\/\" height=\"50\" width=\"325\"><\/iframe><br \/>\n15-MIRTA\u00a0FIORUCCI<br \/>\nEntrevistamos a Mirta, abolicionista, Profesora en Matem\u00e1tica y F\u00edsica UNLaPam. Especialista en evaluaci\u00f3n UNLaPam. Agente de prevenci\u00f3n de Violencia Familiar y Escolar (UNLaPam). Titul\u00f3 su ponencia \u201cLuchas y resistencias frente al sistema prostituyente y la trata para la explotaci\u00f3n sexual: experiencias de organizaciones de mujeres, sociales y de familiares. Desde Mujeres por la Solidaridad de Santa Rosa, La Pampa, grupo que integra acompa\u00f1a a Julia Ferreyra, mam\u00e1 de Andrea Lopez que est\u00e1 desaparecida.<br \/>\n<iframe loading=\"lazy\" src=\"http:\/\/radioteca.net\/media\/cyclope\/mediaelement\/media_player_embed.html?media_url=\/media\/uploads\/audios\/%25Y_%25m\/15-kasandrxs-mirtafiorucci.mp3&amp;file_type=mp3&amp;radioteca_url=http:\/\/radioteca.net\/\/audio\/15-mirta-fiorucci\/\" height=\"50\" width=\"325\"><\/iframe><br \/>\n16-JULIA\u00a0FERREYRA<br \/>\nEntrevistamos a Julia, mam\u00e1 Andrea Lopez, que ten\u00eda 24 a\u00f1os cuando \u201cdesapareci\u00f3\u201d de su casa el 10 de febrero del a\u00f1o 2004. Desde entonces no se supo de ella. Julia, acompa\u00f1ada por Mujeres por la Solidaridad de Santa Rosa, La Pampa, efectu\u00f3 despu\u00e9s de 10 d\u00edas de desaparecida la denuncia en la polic\u00eda y se abre una causa por desaparici\u00f3n de persona, adem\u00e1s denunci\u00f3 al boxeador Victor Purreta, pareja de Andrea por facilitamiento de la prostituci\u00f3n.<br \/>\n<iframe loading=\"lazy\" src=\"http:\/\/radioteca.net\/media\/cyclope\/mediaelement\/media_player_embed.html?media_url=\/media\/uploads\/audios\/%25Y_%25m\/16-kasandrxs-juliaferreyra.mp3&amp;file_type=mp3&amp;radioteca_url=http:\/\/radioteca.net\/\/audio\/16-julia-ferreyra\/\" height=\"50\" width=\"325\"><\/iframe><br \/>\n&nbsp;<br \/>\n&nbsp;<br \/>\n&nbsp;<br \/>\nFuente: <a href=\"http:\/\/kasandrxs.radioteca.net\/\">Kasandrxs<\/a>\n<\/div>\n","protected":false},"excerpt":{"rendered":"<p>Las compa\u00f1eras de la Campa\u00f1a Abolicionista en la convocatoria dec\u00edan: \u201cEn esta nueva convocatoria Abolicionista queremos reconocer una vez m\u00e1s el d\u00eda en que la Asamblea General de las Naciones Unidas aprobara el \u201cConvenio para la Represi\u00f3n de la Trata de Personas y de la Explotaci\u00f3n de la Prostituci\u00f3n Ajena\u201d (resoluci\u00f3n 317 IV), el 2 [&hellip;]<\/p>\n","protected":false},"author":1,"featured_media":0,"comment_status":"open","ping_status":"open","sticky":false,"template":"","format":"standard","meta":{"iawp_total_views":2,"footnotes":""},"categories":[7,19,9,3,8,15],"tags":[79,25,30],"class_list":["post-18635","post","type-post","status-publish","format-standard","hentry","category-actividades","category-biblioteca","category-de-esi-si-se-habla","category-de-la-revolucion-al-reaprendizaje","category-entrevistas","category-trata-de-personas","tag-abolicionismo","tag-activismo","tag-derechos-humanos"],"nelio_content":{"autoShareEndMode":"never","automationSources":{"useCustomSentences":false,"customSentences":[]},"efiAlt":"","efiUrl":"","followers":[],"highlights":[],"isAutoShareEnabled":true,"networkImageIds":[],"permalinkQueryArgs":[],"series":[],"suggestedReferences":[]},"yoast_head":"<!-- This site is optimized with the Yoast SEO plugin v27.4 - https:\/\/yoast.com\/product\/yoast-seo-wordpress\/ -->\n<title>V Jornadas Abolicionistas - Santa Fe - Diario Digital Femenino<\/title>\n<meta name=\"description\" content=\"V Jornadas Abolicionistas Santa Fe 27 y 28 de Junio 2015. Audios de Entrevistas realizadas por el equipo de Kasandrxs.radioteca.net\" \/>\n<meta name=\"robots\" content=\"index, follow, max-snippet:-1, max-image-preview:large, max-video-preview:-1\" \/>\n<link rel=\"canonical\" href=\"https:\/\/diariofemenino.com.ar\/df\/v-jornadas-abolicionistas-santa-fe\/\" \/>\n<meta property=\"og:locale\" content=\"es_ES\" \/>\n<meta property=\"og:type\" content=\"article\" \/>\n<meta property=\"og:title\" content=\"V Jornadas Abolicionistas - Santa Fe - Diario Digital Femenino\" \/>\n<meta property=\"og:description\" content=\"V Jornadas Abolicionistas Santa Fe 27 y 28 de Junio 2015. Audios de Entrevistas realizadas por el equipo de Kasandrxs.radioteca.net\" \/>\n<meta property=\"og:url\" content=\"https:\/\/diariofemenino.com.ar\/df\/v-jornadas-abolicionistas-santa-fe\/\" \/>\n<meta property=\"og:site_name\" content=\"Diario Digital Femenino\" \/>\n<meta property=\"article:publisher\" content=\"https:\/\/www.facebook.com\/DiarioDigitaFemenino\/\" \/>\n<meta property=\"article:published_time\" content=\"2015-07-05T14:42:01+00:00\" \/>\n<meta property=\"og:image\" content=\"http:\/\/kasandrxs.radioteca.net\/media\/uploads\/images\/pictures\/jornadas-abolicionistas-sta-fe-2015_big.jpg\" \/>\n<meta name=\"author\" content=\"Admin\" \/>\n<meta name=\"twitter:card\" content=\"summary_large_image\" \/>\n<meta name=\"twitter:creator\" content=\"@DiarioFemenino1\" \/>\n<meta name=\"twitter:site\" content=\"@DiarioFemenino1\" \/>\n<meta name=\"twitter:label1\" content=\"Escrito por\" \/>\n\t<meta name=\"twitter:data1\" content=\"Admin\" \/>\n\t<meta name=\"twitter:label2\" content=\"Tiempo de lectura\" \/>\n\t<meta name=\"twitter:data2\" content=\"4 minutos\" \/>\n<script type=\"application\/ld+json\" class=\"yoast-schema-graph\">{\"@context\":\"https:\\\/\\\/schema.org\",\"@graph\":[{\"@type\":\"Article\",\"@id\":\"https:\\\/\\\/diariofemenino.com.ar\\\/df\\\/v-jornadas-abolicionistas-santa-fe\\\/#article\",\"isPartOf\":{\"@id\":\"https:\\\/\\\/diariofemenino.com.ar\\\/df\\\/v-jornadas-abolicionistas-santa-fe\\\/\"},\"author\":{\"name\":\"Admin\",\"@id\":\"https:\\\/\\\/diariofemenino.com.ar\\\/df\\\/#\\\/schema\\\/person\\\/38f54b3bfd13f561de2460ba95c169c6\"},\"headline\":\"V Jornadas Abolicionistas &#8211; Santa Fe\",\"datePublished\":\"2015-07-05T14:42:01+00:00\",\"mainEntityOfPage\":{\"@id\":\"https:\\\/\\\/diariofemenino.com.ar\\\/df\\\/v-jornadas-abolicionistas-santa-fe\\\/\"},\"wordCount\":894,\"commentCount\":0,\"publisher\":{\"@id\":\"https:\\\/\\\/diariofemenino.com.ar\\\/df\\\/#organization\"},\"image\":{\"@id\":\"https:\\\/\\\/diariofemenino.com.ar\\\/df\\\/v-jornadas-abolicionistas-santa-fe\\\/#primaryimage\"},\"thumbnailUrl\":\"http:\\\/\\\/kasandrxs.radioteca.net\\\/media\\\/uploads\\\/images\\\/pictures\\\/jornadas-abolicionistas-sta-fe-2015_big.jpg\",\"keywords\":[\"Abolicionismo\",\"Activismo\",\"Derechos Humanos\"],\"articleSection\":[\"Actividades\",\"Biblioteca Virtual\",\"De ESI S\u00ed Se Habla\",\"De la Revoluci\u00f3n al Reaprendizaje\",\"Entrevistas\",\"Trata de Pers.\"],\"inLanguage\":\"es\",\"potentialAction\":[{\"@type\":\"CommentAction\",\"name\":\"Comment\",\"target\":[\"https:\\\/\\\/diariofemenino.com.ar\\\/df\\\/v-jornadas-abolicionistas-santa-fe\\\/#respond\"]}]},{\"@type\":\"WebPage\",\"@id\":\"https:\\\/\\\/diariofemenino.com.ar\\\/df\\\/v-jornadas-abolicionistas-santa-fe\\\/\",\"url\":\"https:\\\/\\\/diariofemenino.com.ar\\\/df\\\/v-jornadas-abolicionistas-santa-fe\\\/\",\"name\":\"V Jornadas Abolicionistas - Santa Fe - Diario Digital Femenino\",\"isPartOf\":{\"@id\":\"https:\\\/\\\/diariofemenino.com.ar\\\/df\\\/#website\"},\"primaryImageOfPage\":{\"@id\":\"https:\\\/\\\/diariofemenino.com.ar\\\/df\\\/v-jornadas-abolicionistas-santa-fe\\\/#primaryimage\"},\"image\":{\"@id\":\"https:\\\/\\\/diariofemenino.com.ar\\\/df\\\/v-jornadas-abolicionistas-santa-fe\\\/#primaryimage\"},\"thumbnailUrl\":\"http:\\\/\\\/kasandrxs.radioteca.net\\\/media\\\/uploads\\\/images\\\/pictures\\\/jornadas-abolicionistas-sta-fe-2015_big.jpg\",\"datePublished\":\"2015-07-05T14:42:01+00:00\",\"description\":\"V Jornadas Abolicionistas Santa Fe 27 y 28 de Junio 2015. Audios de Entrevistas realizadas por el equipo de Kasandrxs.radioteca.net\",\"breadcrumb\":{\"@id\":\"https:\\\/\\\/diariofemenino.com.ar\\\/df\\\/v-jornadas-abolicionistas-santa-fe\\\/#breadcrumb\"},\"inLanguage\":\"es\",\"potentialAction\":[{\"@type\":\"ReadAction\",\"target\":[\"https:\\\/\\\/diariofemenino.com.ar\\\/df\\\/v-jornadas-abolicionistas-santa-fe\\\/\"]}]},{\"@type\":\"ImageObject\",\"inLanguage\":\"es\",\"@id\":\"https:\\\/\\\/diariofemenino.com.ar\\\/df\\\/v-jornadas-abolicionistas-santa-fe\\\/#primaryimage\",\"url\":\"http:\\\/\\\/kasandrxs.radioteca.net\\\/media\\\/uploads\\\/images\\\/pictures\\\/jornadas-abolicionistas-sta-fe-2015_big.jpg\",\"contentUrl\":\"http:\\\/\\\/kasandrxs.radioteca.net\\\/media\\\/uploads\\\/images\\\/pictures\\\/jornadas-abolicionistas-sta-fe-2015_big.jpg\"},{\"@type\":\"BreadcrumbList\",\"@id\":\"https:\\\/\\\/diariofemenino.com.ar\\\/df\\\/v-jornadas-abolicionistas-santa-fe\\\/#breadcrumb\",\"itemListElement\":[{\"@type\":\"ListItem\",\"position\":1,\"name\":\"Portada\",\"item\":\"https:\\\/\\\/diariofemenino.com.ar\\\/df\\\/\"},{\"@type\":\"ListItem\",\"position\":2,\"name\":\"V Jornadas Abolicionistas &#8211; Santa Fe\"}]},{\"@type\":\"WebSite\",\"@id\":\"https:\\\/\\\/diariofemenino.com.ar\\\/df\\\/#website\",\"url\":\"https:\\\/\\\/diariofemenino.com.ar\\\/df\\\/\",\"name\":\"Diario Digital Femenino\",\"description\":\"Cuesti\u00f3n de G\u00e9nero\",\"publisher\":{\"@id\":\"https:\\\/\\\/diariofemenino.com.ar\\\/df\\\/#organization\"},\"potentialAction\":[{\"@type\":\"SearchAction\",\"target\":{\"@type\":\"EntryPoint\",\"urlTemplate\":\"https:\\\/\\\/diariofemenino.com.ar\\\/df\\\/?s={search_term_string}\"},\"query-input\":{\"@type\":\"PropertyValueSpecification\",\"valueRequired\":true,\"valueName\":\"search_term_string\"}}],\"inLanguage\":\"es\"},{\"@type\":\"Organization\",\"@id\":\"https:\\\/\\\/diariofemenino.com.ar\\\/df\\\/#organization\",\"name\":\"Diario Femenino\",\"url\":\"https:\\\/\\\/diariofemenino.com.ar\\\/df\\\/\",\"logo\":{\"@type\":\"ImageObject\",\"inLanguage\":\"es\",\"@id\":\"https:\\\/\\\/diariofemenino.com.ar\\\/df\\\/#\\\/schema\\\/logo\\\/image\\\/\",\"url\":\"https:\\\/\\\/diariofemenino.com.ar\\\/df\\\/wp-content\\\/uploads\\\/2018\\\/10\\\/logo.png\",\"contentUrl\":\"https:\\\/\\\/diariofemenino.com.ar\\\/df\\\/wp-content\\\/uploads\\\/2018\\\/10\\\/logo.png\",\"width\":500,\"height\":92,\"caption\":\"Diario Femenino\"},\"image\":{\"@id\":\"https:\\\/\\\/diariofemenino.com.ar\\\/df\\\/#\\\/schema\\\/logo\\\/image\\\/\"},\"sameAs\":[\"https:\\\/\\\/www.facebook.com\\\/DiarioDigitaFemenino\\\/\",\"https:\\\/\\\/x.com\\\/DiarioFemenino1\"]},{\"@type\":\"Person\",\"@id\":\"https:\\\/\\\/diariofemenino.com.ar\\\/df\\\/#\\\/schema\\\/person\\\/38f54b3bfd13f561de2460ba95c169c6\",\"name\":\"Admin\",\"image\":{\"@type\":\"ImageObject\",\"inLanguage\":\"es\",\"@id\":\"https:\\\/\\\/diariofemenino.com.ar\\\/df\\\/wp-content\\\/uploads\\\/2018\\\/12\\\/favicon-150x150.jpg\",\"url\":\"https:\\\/\\\/diariofemenino.com.ar\\\/df\\\/wp-content\\\/uploads\\\/2018\\\/12\\\/favicon-150x150.jpg\",\"contentUrl\":\"https:\\\/\\\/diariofemenino.com.ar\\\/df\\\/wp-content\\\/uploads\\\/2018\\\/12\\\/favicon-150x150.jpg\",\"caption\":\"Admin\"},\"url\":\"https:\\\/\\\/diariofemenino.com.ar\\\/df\\\/author\\\/adm18df\\\/\"}]}<\/script>\n<!-- \/ Yoast SEO plugin. -->","yoast_head_json":{"title":"V Jornadas Abolicionistas - Santa Fe - Diario Digital Femenino","description":"V Jornadas Abolicionistas Santa Fe 27 y 28 de Junio 2015. Audios de Entrevistas realizadas por el equipo de Kasandrxs.radioteca.net","robots":{"index":"index","follow":"follow","max-snippet":"max-snippet:-1","max-image-preview":"max-image-preview:large","max-video-preview":"max-video-preview:-1"},"canonical":"https:\/\/diariofemenino.com.ar\/df\/v-jornadas-abolicionistas-santa-fe\/","og_locale":"es_ES","og_type":"article","og_title":"V Jornadas Abolicionistas - Santa Fe - Diario Digital Femenino","og_description":"V Jornadas Abolicionistas Santa Fe 27 y 28 de Junio 2015. Audios de Entrevistas realizadas por el equipo de Kasandrxs.radioteca.net","og_url":"https:\/\/diariofemenino.com.ar\/df\/v-jornadas-abolicionistas-santa-fe\/","og_site_name":"Diario Digital Femenino","article_publisher":"https:\/\/www.facebook.com\/DiarioDigitaFemenino\/","article_published_time":"2015-07-05T14:42:01+00:00","og_image":[{"url":"http:\/\/kasandrxs.radioteca.net\/media\/uploads\/images\/pictures\/jornadas-abolicionistas-sta-fe-2015_big.jpg","type":"","width":"","height":""}],"author":"Admin","twitter_card":"summary_large_image","twitter_creator":"@DiarioFemenino1","twitter_site":"@DiarioFemenino1","twitter_misc":{"Escrito por":"Admin","Tiempo de lectura":"4 minutos"},"schema":{"@context":"https:\/\/schema.org","@graph":[{"@type":"Article","@id":"https:\/\/diariofemenino.com.ar\/df\/v-jornadas-abolicionistas-santa-fe\/#article","isPartOf":{"@id":"https:\/\/diariofemenino.com.ar\/df\/v-jornadas-abolicionistas-santa-fe\/"},"author":{"name":"Admin","@id":"https:\/\/diariofemenino.com.ar\/df\/#\/schema\/person\/38f54b3bfd13f561de2460ba95c169c6"},"headline":"V Jornadas Abolicionistas &#8211; Santa Fe","datePublished":"2015-07-05T14:42:01+00:00","mainEntityOfPage":{"@id":"https:\/\/diariofemenino.com.ar\/df\/v-jornadas-abolicionistas-santa-fe\/"},"wordCount":894,"commentCount":0,"publisher":{"@id":"https:\/\/diariofemenino.com.ar\/df\/#organization"},"image":{"@id":"https:\/\/diariofemenino.com.ar\/df\/v-jornadas-abolicionistas-santa-fe\/#primaryimage"},"thumbnailUrl":"http:\/\/kasandrxs.radioteca.net\/media\/uploads\/images\/pictures\/jornadas-abolicionistas-sta-fe-2015_big.jpg","keywords":["Abolicionismo","Activismo","Derechos Humanos"],"articleSection":["Actividades","Biblioteca Virtual","De ESI S\u00ed Se Habla","De la Revoluci\u00f3n al Reaprendizaje","Entrevistas","Trata de Pers."],"inLanguage":"es","potentialAction":[{"@type":"CommentAction","name":"Comment","target":["https:\/\/diariofemenino.com.ar\/df\/v-jornadas-abolicionistas-santa-fe\/#respond"]}]},{"@type":"WebPage","@id":"https:\/\/diariofemenino.com.ar\/df\/v-jornadas-abolicionistas-santa-fe\/","url":"https:\/\/diariofemenino.com.ar\/df\/v-jornadas-abolicionistas-santa-fe\/","name":"V Jornadas Abolicionistas - Santa Fe - Diario Digital Femenino","isPartOf":{"@id":"https:\/\/diariofemenino.com.ar\/df\/#website"},"primaryImageOfPage":{"@id":"https:\/\/diariofemenino.com.ar\/df\/v-jornadas-abolicionistas-santa-fe\/#primaryimage"},"image":{"@id":"https:\/\/diariofemenino.com.ar\/df\/v-jornadas-abolicionistas-santa-fe\/#primaryimage"},"thumbnailUrl":"http:\/\/kasandrxs.radioteca.net\/media\/uploads\/images\/pictures\/jornadas-abolicionistas-sta-fe-2015_big.jpg","datePublished":"2015-07-05T14:42:01+00:00","description":"V Jornadas Abolicionistas Santa Fe 27 y 28 de Junio 2015. Audios de Entrevistas realizadas por el equipo de Kasandrxs.radioteca.net","breadcrumb":{"@id":"https:\/\/diariofemenino.com.ar\/df\/v-jornadas-abolicionistas-santa-fe\/#breadcrumb"},"inLanguage":"es","potentialAction":[{"@type":"ReadAction","target":["https:\/\/diariofemenino.com.ar\/df\/v-jornadas-abolicionistas-santa-fe\/"]}]},{"@type":"ImageObject","inLanguage":"es","@id":"https:\/\/diariofemenino.com.ar\/df\/v-jornadas-abolicionistas-santa-fe\/#primaryimage","url":"http:\/\/kasandrxs.radioteca.net\/media\/uploads\/images\/pictures\/jornadas-abolicionistas-sta-fe-2015_big.jpg","contentUrl":"http:\/\/kasandrxs.radioteca.net\/media\/uploads\/images\/pictures\/jornadas-abolicionistas-sta-fe-2015_big.jpg"},{"@type":"BreadcrumbList","@id":"https:\/\/diariofemenino.com.ar\/df\/v-jornadas-abolicionistas-santa-fe\/#breadcrumb","itemListElement":[{"@type":"ListItem","position":1,"name":"Portada","item":"https:\/\/diariofemenino.com.ar\/df\/"},{"@type":"ListItem","position":2,"name":"V Jornadas Abolicionistas &#8211; Santa Fe"}]},{"@type":"WebSite","@id":"https:\/\/diariofemenino.com.ar\/df\/#website","url":"https:\/\/diariofemenino.com.ar\/df\/","name":"Diario Digital Femenino","description":"Cuesti\u00f3n de G\u00e9nero","publisher":{"@id":"https:\/\/diariofemenino.com.ar\/df\/#organization"},"potentialAction":[{"@type":"SearchAction","target":{"@type":"EntryPoint","urlTemplate":"https:\/\/diariofemenino.com.ar\/df\/?s={search_term_string}"},"query-input":{"@type":"PropertyValueSpecification","valueRequired":true,"valueName":"search_term_string"}}],"inLanguage":"es"},{"@type":"Organization","@id":"https:\/\/diariofemenino.com.ar\/df\/#organization","name":"Diario Femenino","url":"https:\/\/diariofemenino.com.ar\/df\/","logo":{"@type":"ImageObject","inLanguage":"es","@id":"https:\/\/diariofemenino.com.ar\/df\/#\/schema\/logo\/image\/","url":"https:\/\/diariofemenino.com.ar\/df\/wp-content\/uploads\/2018\/10\/logo.png","contentUrl":"https:\/\/diariofemenino.com.ar\/df\/wp-content\/uploads\/2018\/10\/logo.png","width":500,"height":92,"caption":"Diario Femenino"},"image":{"@id":"https:\/\/diariofemenino.com.ar\/df\/#\/schema\/logo\/image\/"},"sameAs":["https:\/\/www.facebook.com\/DiarioDigitaFemenino\/","https:\/\/x.com\/DiarioFemenino1"]},{"@type":"Person","@id":"https:\/\/diariofemenino.com.ar\/df\/#\/schema\/person\/38f54b3bfd13f561de2460ba95c169c6","name":"Admin","image":{"@type":"ImageObject","inLanguage":"es","@id":"https:\/\/diariofemenino.com.ar\/df\/wp-content\/uploads\/2018\/12\/favicon-150x150.jpg","url":"https:\/\/diariofemenino.com.ar\/df\/wp-content\/uploads\/2018\/12\/favicon-150x150.jpg","contentUrl":"https:\/\/diariofemenino.com.ar\/df\/wp-content\/uploads\/2018\/12\/favicon-150x150.jpg","caption":"Admin"},"url":"https:\/\/diariofemenino.com.ar\/df\/author\/adm18df\/"}]}},"jetpack_featured_media_url":"","jetpack_sharing_enabled":true,"rttpg_featured_image_url":null,"rttpg_author":{"display_name":"Admin","author_link":"https:\/\/diariofemenino.com.ar\/df\/author\/adm18df\/"},"rttpg_comment":0,"rttpg_category":"<a href=\"https:\/\/diariofemenino.com.ar\/df\/category\/actividades\/\" rel=\"category tag\">Actividades<\/a> <a href=\"https:\/\/diariofemenino.com.ar\/df\/category\/biblioteca\/\" rel=\"category tag\">Biblioteca Virtual<\/a> <a href=\"https:\/\/diariofemenino.com.ar\/df\/category\/de-esi-si-se-habla\/\" rel=\"category tag\">De ESI S\u00ed Se Habla<\/a> <a href=\"https:\/\/diariofemenino.com.ar\/df\/category\/de-la-revolucion-al-reaprendizaje\/\" rel=\"category tag\">De la Revoluci\u00f3n al Reaprendizaje<\/a> <a href=\"https:\/\/diariofemenino.com.ar\/df\/category\/entrevistas\/\" rel=\"category tag\">Entrevistas<\/a> <a href=\"https:\/\/diariofemenino.com.ar\/df\/category\/trata-de-personas\/\" rel=\"category tag\">Trata de Pers.<\/a>","rttpg_excerpt":"Las compa\u00f1eras de la Campa\u00f1a Abolicionista en la convocatoria dec\u00edan: \u201cEn esta nueva convocatoria Abolicionista queremos reconocer una vez m\u00e1s el d\u00eda en que la Asamblea General de las Naciones Unidas aprobara el \u201cConvenio para la Represi\u00f3n de la Trata de Personas y de la Explotaci\u00f3n de la Prostituci\u00f3n Ajena\u201d (resoluci\u00f3n 317 IV), el 2&hellip;","_links":{"self":[{"href":"https:\/\/diariofemenino.com.ar\/df\/wp-json\/wp\/v2\/posts\/18635","targetHints":{"allow":["GET"]}}],"collection":[{"href":"https:\/\/diariofemenino.com.ar\/df\/wp-json\/wp\/v2\/posts"}],"about":[{"href":"https:\/\/diariofemenino.com.ar\/df\/wp-json\/wp\/v2\/types\/post"}],"author":[{"embeddable":true,"href":"https:\/\/diariofemenino.com.ar\/df\/wp-json\/wp\/v2\/users\/1"}],"replies":[{"embeddable":true,"href":"https:\/\/diariofemenino.com.ar\/df\/wp-json\/wp\/v2\/comments?post=18635"}],"version-history":[{"count":0,"href":"https:\/\/diariofemenino.com.ar\/df\/wp-json\/wp\/v2\/posts\/18635\/revisions"}],"wp:attachment":[{"href":"https:\/\/diariofemenino.com.ar\/df\/wp-json\/wp\/v2\/media?parent=18635"}],"wp:term":[{"taxonomy":"category","embeddable":true,"href":"https:\/\/diariofemenino.com.ar\/df\/wp-json\/wp\/v2\/categories?post=18635"},{"taxonomy":"post_tag","embeddable":true,"href":"https:\/\/diariofemenino.com.ar\/df\/wp-json\/wp\/v2\/tags?post=18635"}],"curies":[{"name":"wp","href":"https:\/\/api.w.org\/{rel}","templated":true}]}}