{"id":18627,"date":"2015-07-01T22:37:18","date_gmt":"2015-07-02T01:37:18","guid":{"rendered":"http:\/\/www.diariofemenino.com.ar\/?p=18627"},"modified":"2015-07-01T22:37:18","modified_gmt":"2015-07-02T01:37:18","slug":"claves-para-hablar-de-la-primera-infancia-en-los-medios-de-comunicacion","status":"publish","type":"post","link":"https:\/\/diariofemenino.com.ar\/df\/claves-para-hablar-de-la-primera-infancia-en-los-medios-de-comunicacion\/","title":{"rendered":"Claves para hablar de la primera infancia en los medios de comunicaci\u00f3n"},"content":{"rendered":"<p><span style=\"color: #000000;\"><b>Claves para hablar de la primera infancia en los medios de comunicaci\u00f3n<\/b><\/span><br \/>\n<strong>Descargar<\/strong><br \/>\n<figure id=\"attachment_18628\" aria-describedby=\"caption-attachment-18628\" style=\"width: 399px\" class=\"wp-caption alignleft\"><a href=\"https:\/\/diariofemenino.com.ar\/documentos\/manual-comunicacion-primera-infancia.pdf\"><img loading=\"lazy\" decoding=\"async\" class=\"size-full wp-image-18628\" alt=\"Claves para hablar de la primera infancia en los medios de comunicaci\u00f3n\" src=\"http:\/\/www.diariofemenino.com.ar\/wp-content\/uploads\/Portada-Claves.jpg\" width=\"399\" height=\"553\" \/><\/a><figcaption id=\"caption-attachment-18628\" class=\"wp-caption-text\">Claves para hablar de la primera infancia en los medios de comunicaci\u00f3n<\/figcaption><\/figure><br \/>\n<span style=\"color: #000000;\">Este manual busca que comunicadores sociales y periodistas puedan informar a la comunidad adecuada, eficiente y oportunamente sobre la primera infancia como sujeto de derechos. Fue producido como parte del proyecto \u201cExpansi\u00f3n y compromiso hemisf\u00e9rico con la educaci\u00f3n temprana a trav\u00e9s de la tecnolog\u00eda y las redes de comunicaci\u00f3n\u201d, implementado por la Organizaci\u00f3n de Estados Americanos OEA en 2009.<\/span><br \/>\n<span style=\"color: #000000;\">Propone criterios b\u00e1sicos para el cubrimiento informativo de los temas de infancia para afianzar, modificar o innovar pr\u00e1cticas del oficio de informar, que permitan hacer avances importantes en el desarrollo de la comunicaci\u00f3n y un periodismo cada vez m\u00e1s consciente de su responsabilidad y de las condiciones concretas del entorno social, pol\u00edtico y econ\u00f3mico de cada pa\u00eds.\u00a0El material sirve de gu\u00eda para transformar informaci\u00f3n cient\u00edfica en textos \u00e1giles y de f\u00e1cil compresi\u00f3n, adem\u00e1s proporciona algunas claves para que los periodistas encuentren elementos que les sirvan de pauta sobre la primera infancia.<\/span><br \/>\n&nbsp;<br \/>\n<strong><span style=\"color: #000000;\">Resumen ejecutivo<\/span><\/strong><br \/>\nLos medios de comunicaci\u00f3n son el principal aliado con que cuentan los especialistas para poder difundir informaci\u00f3n que permita tener una mirada real de la situaci\u00f3n de la primera infancia en los pa\u00edses de Am\u00e9rica latina y el caribe. Concebir que la l\u00f3gica comercial de los medios de comunicaci\u00f3n determina la publicaci\u00f3n de las informaciones period\u00edsticas sobre ni\u00f1ez, que la velocidad e inmediatez noticiosa no permiten la rigurosidad en la construcci\u00f3n y tratamiento informativo y que la l\u00f3gica medi\u00e1tica se divorcia de la perspectiva de derechos de la ni\u00f1ez, es partir de una serie de premisas que no permitir\u00edan generar cambios en los escenarios sociales en donde la primera infancia es la preocupaci\u00f3n prioritaria. Este manual propone recomendaciones para la elaboraci\u00f3n de productos medi\u00e1ticos que no le hagan eco a estas premisas pues los periodistas, comunicadores sociales y especialistas en primera infancia deben constituirse en grupos de trabajo que logren conocer las l\u00f3gicas medi\u00e1ticas, la jurisprudencia, los hallazgos cient\u00edficos y teor\u00edas referidas a la primera infancia con el fin de lograr insumos para producir informaci\u00f3n desde una perspectiva diferente, rigurosa y argumentativa que tenga eco en los medios masivos de comunicaci\u00f3n y que contribuyan a consolidar im\u00e1genes de ni\u00f1ez sujeto de derechos y no de ni\u00f1ez objeto informativo.<br \/>\nEste manual sobre transformaci\u00f3n de la informaci\u00f3n periodista en primera infancia con perspectiva de derechos denominado \u2018Claves para hablar de la primera infancia en los medios de comunicaci\u00f3n\u2019 parte de principios conceptuales de la comunicaci\u00f3n, los medios de comunicaci\u00f3n, las l\u00f3gicas en el tratamiento informativo y el rol que juega la informaci\u00f3n en el proceso de transformaci\u00f3n social que permiten abordar la tem\u00e1tica desde un soporte te\u00f3rico pr\u00e1ctico que es determinante para poder elaborar una propuesta de transformaci\u00f3n.<br \/>\nSe da inicio considerando que la producci\u00f3n period\u00edstica\u00a0es el acto de construir la representaci\u00f3n de la realidad misma, m\u00e1s que una imagen de esta. Por ello el ser humano, sus relaciones, la construcci\u00f3n de la realidad y la vida cotidiana en la dimensi\u00f3n de la cultura como horizonte de significaci\u00f3n ; es lo que consolida una propuesta que concilia esas formas comerciales con las necesidades informativas sobre primera infancia con perspectiva de derechos; aqu\u00ed se retoma la comunicaci\u00f3n desde una dimensi\u00f3n cultural, se aborda la manera de c\u00f3mo se puede ser efectivo en la comunicaci\u00f3n, c\u00f3mo ser comprendido, c\u00f3mo ser claro, c\u00f3mo usa la gente los medios, c\u00f3mo pueden entenderse entre las naciones, c\u00f3mo puede usar la sociedad los medios de comunicaci\u00f3n con mayores ventajas y, en general, c\u00f3mo trabaja el proceso b\u00e1sico de comunicaci\u00f3n . En otras palabras, se trata del reconocimiento de la hibridaci\u00f3n como un modo de construcci\u00f3n cultural. Una concepci\u00f3n de cultura\u00a0como construcci\u00f3n social de la realidad, como formas a partir de las cuales la gente crea sentido e interact\u00faa socialmente.<br \/>\nPara abordar los medios de comunicaci\u00f3n se parte no s\u00f3lo del instrumento en si mismo sino de los seres humanos (periodistas) que conocen las l\u00f3gicas, los lenguajes, los tiempos y las din\u00e1micas del oficio period\u00edstico para construir informaci\u00f3n, y a la vez se hace \u00e9nfasis en la responsabilidad social que tienen los periodistas frente a los receptores, pues las informaciones period\u00edsticas que se observan hoy en d\u00eda sobre primera infancia est\u00e1n marcadas por priorizar el hecho noticioso informativo y no por establecer la perspectiva de derechos.<br \/>\nLa ni\u00f1ez vulnerada, victimizada, asistencialista, sin identificaci\u00f3n y sin voz son algunas de las reiteraciones sem\u00e1nticas y semi\u00f3ticas que d\u00eda a d\u00eda se pueden apreciar en los medios de comunicaci\u00f3n. Para lograr pasar a una ni\u00f1ez sujeto de derechos es necesario contar con periodistas y comunicadores sensibles, con intenci\u00f3n de servicio en relaci\u00f3n al mundo que los rodea, abarcando su bagaje cultural, contando con su capacidad de cambio como agente transformador de la sociedad<br \/>\nEste manual imprime especial inter\u00e9s\u00a0a la importancia de la relaci\u00f3n que se establece entre la fuente y el periodista como una relaci\u00f3n complementaria. La mirada permanente referida al c\u00f3mo y el qu\u00e9 de los hechos, en la vida cotidiana, en la representaci\u00f3n noticiosa, en las actuaciones y relaciones que se establecen entre seres humanos, la relaci\u00f3n con los productos medi\u00e1ticos, el adentrarse en el sentir y las emociones del otro, es lo que este manual pretende resaltar pues la propuesta noticiosa surge de la vida cotidiana, se recrea en el tejido social y se entrelaza con el acervo cultural de cada individuo . En este contexto la responsabilidad social informativa va m\u00e1s all\u00e1 del simple cubrimiento period\u00edstico: es toda la dimensi\u00f3n cultural y social puesta en evidencia a trav\u00e9s de textos medi\u00e1ticos.<br \/>\n&nbsp;<br \/>\n&nbsp;<br \/>\n&nbsp;<br \/>\n&nbsp;<br \/>\nFuente: enredados.org.ar<\/p>\n","protected":false},"excerpt":{"rendered":"<p>Claves para hablar de la primera infancia en los medios de comunicaci\u00f3n Descargar Este manual busca que comunicadores sociales y periodistas puedan informar a la comunidad adecuada, eficiente y oportunamente sobre la primera infancia como sujeto de derechos. Fue producido como parte del proyecto \u201cExpansi\u00f3n y compromiso hemisf\u00e9rico con la educaci\u00f3n temprana a trav\u00e9s de [&hellip;]<\/p>\n","protected":false},"author":1,"featured_media":0,"comment_status":"open","ping_status":"open","sticky":false,"template":"","format":"standard","meta":{"iawp_total_views":3,"footnotes":""},"categories":[19],"tags":[57,12,28],"class_list":["post-18627","post","type-post","status-publish","format-standard","hentry","category-biblioteca","tag-derechos-de-ninxs","tag-infancia-y-adolescencia","tag-periodismo"],"nelio_content":{"autoShareEndMode":"never","automationSources":{"useCustomSentences":false,"customSentences":[]},"efiAlt":"","efiUrl":"","followers":[],"highlights":[],"isAutoShareEnabled":true,"networkImageIds":[],"permalinkQueryArgs":[],"series":[],"suggestedReferences":[]},"yoast_head":"<!-- This site is optimized with the Yoast SEO plugin v27.4 - https:\/\/yoast.com\/product\/yoast-seo-wordpress\/ -->\n<title>Claves para hablar de la primera infancia en los medios de comunicaci\u00f3n - Diario Digital Femenino<\/title>\n<meta name=\"description\" content=\"Claves para hablar de la primera infancia en los medios de comunicaci\u00f3n. Este manual es una valiosa herramienta para comunicadores y periodistas. Descargar\" \/>\n<meta name=\"robots\" content=\"index, follow, max-snippet:-1, max-image-preview:large, max-video-preview:-1\" \/>\n<link rel=\"canonical\" href=\"https:\/\/diariofemenino.com.ar\/df\/claves-para-hablar-de-la-primera-infancia-en-los-medios-de-comunicacion\/\" \/>\n<meta property=\"og:locale\" content=\"es_ES\" \/>\n<meta property=\"og:type\" content=\"article\" \/>\n<meta property=\"og:title\" content=\"Claves para hablar de la primera infancia en los medios de comunicaci\u00f3n - Diario Digital Femenino\" \/>\n<meta property=\"og:description\" content=\"Claves para hablar de la primera infancia en los medios de comunicaci\u00f3n. Este manual es una valiosa herramienta para comunicadores y periodistas. Descargar\" \/>\n<meta property=\"og:url\" content=\"https:\/\/diariofemenino.com.ar\/df\/claves-para-hablar-de-la-primera-infancia-en-los-medios-de-comunicacion\/\" \/>\n<meta property=\"og:site_name\" content=\"Diario Digital Femenino\" \/>\n<meta property=\"article:publisher\" content=\"https:\/\/www.facebook.com\/DiarioDigitaFemenino\/\" \/>\n<meta property=\"article:published_time\" content=\"2015-07-02T01:37:18+00:00\" \/>\n<meta property=\"og:image\" content=\"http:\/\/www.diariofemenino.com.ar\/wp-content\/uploads\/Portada-Claves.jpg\" \/>\n<meta name=\"author\" content=\"Admin\" \/>\n<meta name=\"twitter:card\" content=\"summary_large_image\" \/>\n<meta name=\"twitter:creator\" content=\"@DiarioFemenino1\" \/>\n<meta name=\"twitter:site\" content=\"@DiarioFemenino1\" \/>\n<meta name=\"twitter:label1\" content=\"Escrito por\" \/>\n\t<meta name=\"twitter:data1\" content=\"Admin\" \/>\n\t<meta name=\"twitter:label2\" content=\"Tiempo de lectura\" \/>\n\t<meta name=\"twitter:data2\" content=\"5 minutos\" \/>\n<script type=\"application\/ld+json\" class=\"yoast-schema-graph\">{\"@context\":\"https:\\\/\\\/schema.org\",\"@graph\":[{\"@type\":\"Article\",\"@id\":\"https:\\\/\\\/diariofemenino.com.ar\\\/df\\\/claves-para-hablar-de-la-primera-infancia-en-los-medios-de-comunicacion\\\/#article\",\"isPartOf\":{\"@id\":\"https:\\\/\\\/diariofemenino.com.ar\\\/df\\\/claves-para-hablar-de-la-primera-infancia-en-los-medios-de-comunicacion\\\/\"},\"author\":{\"name\":\"Admin\",\"@id\":\"https:\\\/\\\/diariofemenino.com.ar\\\/df\\\/#\\\/schema\\\/person\\\/38f54b3bfd13f561de2460ba95c169c6\"},\"headline\":\"Claves para hablar de la primera infancia en los medios de comunicaci\u00f3n\",\"datePublished\":\"2015-07-02T01:37:18+00:00\",\"mainEntityOfPage\":{\"@id\":\"https:\\\/\\\/diariofemenino.com.ar\\\/df\\\/claves-para-hablar-de-la-primera-infancia-en-los-medios-de-comunicacion\\\/\"},\"wordCount\":1076,\"commentCount\":0,\"publisher\":{\"@id\":\"https:\\\/\\\/diariofemenino.com.ar\\\/df\\\/#organization\"},\"image\":{\"@id\":\"https:\\\/\\\/diariofemenino.com.ar\\\/df\\\/claves-para-hablar-de-la-primera-infancia-en-los-medios-de-comunicacion\\\/#primaryimage\"},\"thumbnailUrl\":\"http:\\\/\\\/www.diariofemenino.com.ar\\\/wp-content\\\/uploads\\\/Portada-Claves.jpg\",\"keywords\":[\"Derechos de ni\u00f1xs\",\"Infancia y Adolescencia\",\"Periodismo\"],\"articleSection\":[\"Biblioteca Virtual\"],\"inLanguage\":\"es\",\"potentialAction\":[{\"@type\":\"CommentAction\",\"name\":\"Comment\",\"target\":[\"https:\\\/\\\/diariofemenino.com.ar\\\/df\\\/claves-para-hablar-de-la-primera-infancia-en-los-medios-de-comunicacion\\\/#respond\"]}]},{\"@type\":\"WebPage\",\"@id\":\"https:\\\/\\\/diariofemenino.com.ar\\\/df\\\/claves-para-hablar-de-la-primera-infancia-en-los-medios-de-comunicacion\\\/\",\"url\":\"https:\\\/\\\/diariofemenino.com.ar\\\/df\\\/claves-para-hablar-de-la-primera-infancia-en-los-medios-de-comunicacion\\\/\",\"name\":\"Claves para hablar de la primera infancia en los medios de comunicaci\u00f3n - Diario Digital Femenino\",\"isPartOf\":{\"@id\":\"https:\\\/\\\/diariofemenino.com.ar\\\/df\\\/#website\"},\"primaryImageOfPage\":{\"@id\":\"https:\\\/\\\/diariofemenino.com.ar\\\/df\\\/claves-para-hablar-de-la-primera-infancia-en-los-medios-de-comunicacion\\\/#primaryimage\"},\"image\":{\"@id\":\"https:\\\/\\\/diariofemenino.com.ar\\\/df\\\/claves-para-hablar-de-la-primera-infancia-en-los-medios-de-comunicacion\\\/#primaryimage\"},\"thumbnailUrl\":\"http:\\\/\\\/www.diariofemenino.com.ar\\\/wp-content\\\/uploads\\\/Portada-Claves.jpg\",\"datePublished\":\"2015-07-02T01:37:18+00:00\",\"description\":\"Claves para hablar de la primera infancia en los medios de comunicaci\u00f3n. Este manual es una valiosa herramienta para comunicadores y periodistas. Descargar\",\"breadcrumb\":{\"@id\":\"https:\\\/\\\/diariofemenino.com.ar\\\/df\\\/claves-para-hablar-de-la-primera-infancia-en-los-medios-de-comunicacion\\\/#breadcrumb\"},\"inLanguage\":\"es\",\"potentialAction\":[{\"@type\":\"ReadAction\",\"target\":[\"https:\\\/\\\/diariofemenino.com.ar\\\/df\\\/claves-para-hablar-de-la-primera-infancia-en-los-medios-de-comunicacion\\\/\"]}]},{\"@type\":\"ImageObject\",\"inLanguage\":\"es\",\"@id\":\"https:\\\/\\\/diariofemenino.com.ar\\\/df\\\/claves-para-hablar-de-la-primera-infancia-en-los-medios-de-comunicacion\\\/#primaryimage\",\"url\":\"http:\\\/\\\/www.diariofemenino.com.ar\\\/wp-content\\\/uploads\\\/Portada-Claves.jpg\",\"contentUrl\":\"http:\\\/\\\/www.diariofemenino.com.ar\\\/wp-content\\\/uploads\\\/Portada-Claves.jpg\"},{\"@type\":\"BreadcrumbList\",\"@id\":\"https:\\\/\\\/diariofemenino.com.ar\\\/df\\\/claves-para-hablar-de-la-primera-infancia-en-los-medios-de-comunicacion\\\/#breadcrumb\",\"itemListElement\":[{\"@type\":\"ListItem\",\"position\":1,\"name\":\"Portada\",\"item\":\"https:\\\/\\\/diariofemenino.com.ar\\\/df\\\/\"},{\"@type\":\"ListItem\",\"position\":2,\"name\":\"Claves para hablar de la primera infancia en los medios de comunicaci\u00f3n\"}]},{\"@type\":\"WebSite\",\"@id\":\"https:\\\/\\\/diariofemenino.com.ar\\\/df\\\/#website\",\"url\":\"https:\\\/\\\/diariofemenino.com.ar\\\/df\\\/\",\"name\":\"Diario Digital Femenino\",\"description\":\"Cuesti\u00f3n de G\u00e9nero\",\"publisher\":{\"@id\":\"https:\\\/\\\/diariofemenino.com.ar\\\/df\\\/#organization\"},\"potentialAction\":[{\"@type\":\"SearchAction\",\"target\":{\"@type\":\"EntryPoint\",\"urlTemplate\":\"https:\\\/\\\/diariofemenino.com.ar\\\/df\\\/?s={search_term_string}\"},\"query-input\":{\"@type\":\"PropertyValueSpecification\",\"valueRequired\":true,\"valueName\":\"search_term_string\"}}],\"inLanguage\":\"es\"},{\"@type\":\"Organization\",\"@id\":\"https:\\\/\\\/diariofemenino.com.ar\\\/df\\\/#organization\",\"name\":\"Diario Femenino\",\"url\":\"https:\\\/\\\/diariofemenino.com.ar\\\/df\\\/\",\"logo\":{\"@type\":\"ImageObject\",\"inLanguage\":\"es\",\"@id\":\"https:\\\/\\\/diariofemenino.com.ar\\\/df\\\/#\\\/schema\\\/logo\\\/image\\\/\",\"url\":\"https:\\\/\\\/diariofemenino.com.ar\\\/df\\\/wp-content\\\/uploads\\\/2018\\\/10\\\/logo.png\",\"contentUrl\":\"https:\\\/\\\/diariofemenino.com.ar\\\/df\\\/wp-content\\\/uploads\\\/2018\\\/10\\\/logo.png\",\"width\":500,\"height\":92,\"caption\":\"Diario Femenino\"},\"image\":{\"@id\":\"https:\\\/\\\/diariofemenino.com.ar\\\/df\\\/#\\\/schema\\\/logo\\\/image\\\/\"},\"sameAs\":[\"https:\\\/\\\/www.facebook.com\\\/DiarioDigitaFemenino\\\/\",\"https:\\\/\\\/x.com\\\/DiarioFemenino1\"]},{\"@type\":\"Person\",\"@id\":\"https:\\\/\\\/diariofemenino.com.ar\\\/df\\\/#\\\/schema\\\/person\\\/38f54b3bfd13f561de2460ba95c169c6\",\"name\":\"Admin\",\"image\":{\"@type\":\"ImageObject\",\"inLanguage\":\"es\",\"@id\":\"https:\\\/\\\/diariofemenino.com.ar\\\/df\\\/wp-content\\\/uploads\\\/2018\\\/12\\\/favicon-150x150.jpg\",\"url\":\"https:\\\/\\\/diariofemenino.com.ar\\\/df\\\/wp-content\\\/uploads\\\/2018\\\/12\\\/favicon-150x150.jpg\",\"contentUrl\":\"https:\\\/\\\/diariofemenino.com.ar\\\/df\\\/wp-content\\\/uploads\\\/2018\\\/12\\\/favicon-150x150.jpg\",\"caption\":\"Admin\"},\"url\":\"https:\\\/\\\/diariofemenino.com.ar\\\/df\\\/author\\\/adm18df\\\/\"}]}<\/script>\n<!-- \/ Yoast SEO plugin. -->","yoast_head_json":{"title":"Claves para hablar de la primera infancia en los medios de comunicaci\u00f3n - Diario Digital Femenino","description":"Claves para hablar de la primera infancia en los medios de comunicaci\u00f3n. Este manual es una valiosa herramienta para comunicadores y periodistas. Descargar","robots":{"index":"index","follow":"follow","max-snippet":"max-snippet:-1","max-image-preview":"max-image-preview:large","max-video-preview":"max-video-preview:-1"},"canonical":"https:\/\/diariofemenino.com.ar\/df\/claves-para-hablar-de-la-primera-infancia-en-los-medios-de-comunicacion\/","og_locale":"es_ES","og_type":"article","og_title":"Claves para hablar de la primera infancia en los medios de comunicaci\u00f3n - Diario Digital Femenino","og_description":"Claves para hablar de la primera infancia en los medios de comunicaci\u00f3n. Este manual es una valiosa herramienta para comunicadores y periodistas. Descargar","og_url":"https:\/\/diariofemenino.com.ar\/df\/claves-para-hablar-de-la-primera-infancia-en-los-medios-de-comunicacion\/","og_site_name":"Diario Digital Femenino","article_publisher":"https:\/\/www.facebook.com\/DiarioDigitaFemenino\/","article_published_time":"2015-07-02T01:37:18+00:00","og_image":[{"url":"http:\/\/www.diariofemenino.com.ar\/wp-content\/uploads\/Portada-Claves.jpg","type":"","width":"","height":""}],"author":"Admin","twitter_card":"summary_large_image","twitter_creator":"@DiarioFemenino1","twitter_site":"@DiarioFemenino1","twitter_misc":{"Escrito por":"Admin","Tiempo de lectura":"5 minutos"},"schema":{"@context":"https:\/\/schema.org","@graph":[{"@type":"Article","@id":"https:\/\/diariofemenino.com.ar\/df\/claves-para-hablar-de-la-primera-infancia-en-los-medios-de-comunicacion\/#article","isPartOf":{"@id":"https:\/\/diariofemenino.com.ar\/df\/claves-para-hablar-de-la-primera-infancia-en-los-medios-de-comunicacion\/"},"author":{"name":"Admin","@id":"https:\/\/diariofemenino.com.ar\/df\/#\/schema\/person\/38f54b3bfd13f561de2460ba95c169c6"},"headline":"Claves para hablar de la primera infancia en los medios de comunicaci\u00f3n","datePublished":"2015-07-02T01:37:18+00:00","mainEntityOfPage":{"@id":"https:\/\/diariofemenino.com.ar\/df\/claves-para-hablar-de-la-primera-infancia-en-los-medios-de-comunicacion\/"},"wordCount":1076,"commentCount":0,"publisher":{"@id":"https:\/\/diariofemenino.com.ar\/df\/#organization"},"image":{"@id":"https:\/\/diariofemenino.com.ar\/df\/claves-para-hablar-de-la-primera-infancia-en-los-medios-de-comunicacion\/#primaryimage"},"thumbnailUrl":"http:\/\/www.diariofemenino.com.ar\/wp-content\/uploads\/Portada-Claves.jpg","keywords":["Derechos de ni\u00f1xs","Infancia y Adolescencia","Periodismo"],"articleSection":["Biblioteca Virtual"],"inLanguage":"es","potentialAction":[{"@type":"CommentAction","name":"Comment","target":["https:\/\/diariofemenino.com.ar\/df\/claves-para-hablar-de-la-primera-infancia-en-los-medios-de-comunicacion\/#respond"]}]},{"@type":"WebPage","@id":"https:\/\/diariofemenino.com.ar\/df\/claves-para-hablar-de-la-primera-infancia-en-los-medios-de-comunicacion\/","url":"https:\/\/diariofemenino.com.ar\/df\/claves-para-hablar-de-la-primera-infancia-en-los-medios-de-comunicacion\/","name":"Claves para hablar de la primera infancia en los medios de comunicaci\u00f3n - Diario Digital Femenino","isPartOf":{"@id":"https:\/\/diariofemenino.com.ar\/df\/#website"},"primaryImageOfPage":{"@id":"https:\/\/diariofemenino.com.ar\/df\/claves-para-hablar-de-la-primera-infancia-en-los-medios-de-comunicacion\/#primaryimage"},"image":{"@id":"https:\/\/diariofemenino.com.ar\/df\/claves-para-hablar-de-la-primera-infancia-en-los-medios-de-comunicacion\/#primaryimage"},"thumbnailUrl":"http:\/\/www.diariofemenino.com.ar\/wp-content\/uploads\/Portada-Claves.jpg","datePublished":"2015-07-02T01:37:18+00:00","description":"Claves para hablar de la primera infancia en los medios de comunicaci\u00f3n. Este manual es una valiosa herramienta para comunicadores y periodistas. Descargar","breadcrumb":{"@id":"https:\/\/diariofemenino.com.ar\/df\/claves-para-hablar-de-la-primera-infancia-en-los-medios-de-comunicacion\/#breadcrumb"},"inLanguage":"es","potentialAction":[{"@type":"ReadAction","target":["https:\/\/diariofemenino.com.ar\/df\/claves-para-hablar-de-la-primera-infancia-en-los-medios-de-comunicacion\/"]}]},{"@type":"ImageObject","inLanguage":"es","@id":"https:\/\/diariofemenino.com.ar\/df\/claves-para-hablar-de-la-primera-infancia-en-los-medios-de-comunicacion\/#primaryimage","url":"http:\/\/www.diariofemenino.com.ar\/wp-content\/uploads\/Portada-Claves.jpg","contentUrl":"http:\/\/www.diariofemenino.com.ar\/wp-content\/uploads\/Portada-Claves.jpg"},{"@type":"BreadcrumbList","@id":"https:\/\/diariofemenino.com.ar\/df\/claves-para-hablar-de-la-primera-infancia-en-los-medios-de-comunicacion\/#breadcrumb","itemListElement":[{"@type":"ListItem","position":1,"name":"Portada","item":"https:\/\/diariofemenino.com.ar\/df\/"},{"@type":"ListItem","position":2,"name":"Claves para hablar de la primera infancia en los medios de comunicaci\u00f3n"}]},{"@type":"WebSite","@id":"https:\/\/diariofemenino.com.ar\/df\/#website","url":"https:\/\/diariofemenino.com.ar\/df\/","name":"Diario Digital Femenino","description":"Cuesti\u00f3n de G\u00e9nero","publisher":{"@id":"https:\/\/diariofemenino.com.ar\/df\/#organization"},"potentialAction":[{"@type":"SearchAction","target":{"@type":"EntryPoint","urlTemplate":"https:\/\/diariofemenino.com.ar\/df\/?s={search_term_string}"},"query-input":{"@type":"PropertyValueSpecification","valueRequired":true,"valueName":"search_term_string"}}],"inLanguage":"es"},{"@type":"Organization","@id":"https:\/\/diariofemenino.com.ar\/df\/#organization","name":"Diario Femenino","url":"https:\/\/diariofemenino.com.ar\/df\/","logo":{"@type":"ImageObject","inLanguage":"es","@id":"https:\/\/diariofemenino.com.ar\/df\/#\/schema\/logo\/image\/","url":"https:\/\/diariofemenino.com.ar\/df\/wp-content\/uploads\/2018\/10\/logo.png","contentUrl":"https:\/\/diariofemenino.com.ar\/df\/wp-content\/uploads\/2018\/10\/logo.png","width":500,"height":92,"caption":"Diario Femenino"},"image":{"@id":"https:\/\/diariofemenino.com.ar\/df\/#\/schema\/logo\/image\/"},"sameAs":["https:\/\/www.facebook.com\/DiarioDigitaFemenino\/","https:\/\/x.com\/DiarioFemenino1"]},{"@type":"Person","@id":"https:\/\/diariofemenino.com.ar\/df\/#\/schema\/person\/38f54b3bfd13f561de2460ba95c169c6","name":"Admin","image":{"@type":"ImageObject","inLanguage":"es","@id":"https:\/\/diariofemenino.com.ar\/df\/wp-content\/uploads\/2018\/12\/favicon-150x150.jpg","url":"https:\/\/diariofemenino.com.ar\/df\/wp-content\/uploads\/2018\/12\/favicon-150x150.jpg","contentUrl":"https:\/\/diariofemenino.com.ar\/df\/wp-content\/uploads\/2018\/12\/favicon-150x150.jpg","caption":"Admin"},"url":"https:\/\/diariofemenino.com.ar\/df\/author\/adm18df\/"}]}},"jetpack_featured_media_url":"","jetpack_sharing_enabled":true,"rttpg_featured_image_url":null,"rttpg_author":{"display_name":"Admin","author_link":"https:\/\/diariofemenino.com.ar\/df\/author\/adm18df\/"},"rttpg_comment":0,"rttpg_category":"<a href=\"https:\/\/diariofemenino.com.ar\/df\/category\/biblioteca\/\" rel=\"category tag\">Biblioteca Virtual<\/a>","rttpg_excerpt":"Claves para hablar de la primera infancia en los medios de comunicaci\u00f3n Descargar Este manual busca que comunicadores sociales y periodistas puedan informar a la comunidad adecuada, eficiente y oportunamente sobre la primera infancia como sujeto de derechos. Fue producido como parte del proyecto \u201cExpansi\u00f3n y compromiso hemisf\u00e9rico con la educaci\u00f3n temprana a trav\u00e9s de&hellip;","_links":{"self":[{"href":"https:\/\/diariofemenino.com.ar\/df\/wp-json\/wp\/v2\/posts\/18627","targetHints":{"allow":["GET"]}}],"collection":[{"href":"https:\/\/diariofemenino.com.ar\/df\/wp-json\/wp\/v2\/posts"}],"about":[{"href":"https:\/\/diariofemenino.com.ar\/df\/wp-json\/wp\/v2\/types\/post"}],"author":[{"embeddable":true,"href":"https:\/\/diariofemenino.com.ar\/df\/wp-json\/wp\/v2\/users\/1"}],"replies":[{"embeddable":true,"href":"https:\/\/diariofemenino.com.ar\/df\/wp-json\/wp\/v2\/comments?post=18627"}],"version-history":[{"count":0,"href":"https:\/\/diariofemenino.com.ar\/df\/wp-json\/wp\/v2\/posts\/18627\/revisions"}],"wp:attachment":[{"href":"https:\/\/diariofemenino.com.ar\/df\/wp-json\/wp\/v2\/media?parent=18627"}],"wp:term":[{"taxonomy":"category","embeddable":true,"href":"https:\/\/diariofemenino.com.ar\/df\/wp-json\/wp\/v2\/categories?post=18627"},{"taxonomy":"post_tag","embeddable":true,"href":"https:\/\/diariofemenino.com.ar\/df\/wp-json\/wp\/v2\/tags?post=18627"}],"curies":[{"name":"wp","href":"https:\/\/api.w.org\/{rel}","templated":true}]}}