{"id":18615,"date":"2015-07-01T22:05:56","date_gmt":"2015-07-02T01:05:56","guid":{"rendered":"http:\/\/www.diariofemenino.com.ar\/?p=18615"},"modified":"2015-07-01T22:05:56","modified_gmt":"2015-07-02T01:05:56","slug":"derechos-de-la-infancia-y-derecho-la-comunicacion","status":"publish","type":"post","link":"https:\/\/diariofemenino.com.ar\/df\/derechos-de-la-infancia-y-derecho-la-comunicacion\/","title":{"rendered":"Derechos de la infancia y derecho a la comunicaci\u00f3n"},"content":{"rendered":"<p><strong><span style=\"color: #000000;\">Derechos de la infancia y derecho a la comunicaci\u00f3n &#8211; Para Descargar<\/span><\/strong><br \/>\n<figure id=\"attachment_18616\" aria-describedby=\"caption-attachment-18616\" style=\"width: 377px\" class=\"wp-caption alignleft\"><a href=\"https:\/\/diariofemenino.com.ar\/documentos\/infancia_y_comunicacion.pdf\"><img loading=\"lazy\" decoding=\"async\" class=\" wp-image-18616 \" alt=\"Derechos de la infancia y derecho a la comunicaci\u00f3n\" src=\"http:\/\/www.diariofemenino.com.ar\/wp-content\/uploads\/Portada-Derechos.jpg\" width=\"377\" height=\"528\" \/><\/a><figcaption id=\"caption-attachment-18616\" class=\"wp-caption-text\">Derechos de la infancia y derecho a la comunicaci\u00f3n<\/figcaption><\/figure><br \/>\n<span style=\"color: #000000;\">La presente publicaci\u00f3n \u201cDerechos de la infancia y derecho a la comunicaci\u00f3n:\u00a0Fortaleciendo convergencias en los\u00a0marcos legales y en las pol\u00edticas p\u00fablicas\u201d, es una\u00a0realidad gracias a la colaboraci\u00f3n con Petrobras,\u00a0est\u00e1 basada en el libro Inf\u00e2ncia e Comunica\u00e7\u00e3o: Refer\u00eancias para o\u00a0marco legal e as pol\u00edticas p\u00fablicas brasileiras, elaborado por ANDI \u2013 Comunicaci\u00f3n\u00a0y Derechos, de manera conjunta con la Secretar\u00eda de Derechos\u00a0Humanos de la Presidencia de la Rep\u00fablica Federativa de Brasil (SDH\/PR).<\/span><br \/>\n<span style=\"color: #000000;\">La obra da continuidad a los esfuerzos de ANDI y de las agencias que forman\u00a0parte de la Red ANDI Brasil y de la Red ANDI Am\u00e9rica Latina, por\u00a0contribuir al avance de la relaci\u00f3n entre el campo medi\u00e1tico y los derechos\u00a0de la infancia y la adolescencia.<\/span><br \/>\n&nbsp;<br \/>\n&nbsp;<br \/>\n<strong>Presentaci\u00f3n:<\/strong><br \/>\n<span style=\"color: #000000;\">A lo largo del a\u00f1o 2008, ANDI y la Red ANDI Am\u00e9rica Latina, en colaboraci\u00f3n con Save the Children Suecia, desarrollaron una investigaci\u00f3n que indic\u00f3 graves deficiencias en los marcos legales de la comunicaci\u00f3n de todo el continente cuando el foco se situaba en el p\u00fablico infantil y juvenil. El estudio, titulado La Regulaci\u00f3n de los Medios de Comunicaci\u00f3n y los Derechos de los Ni\u00f1os, Ni\u00f1as y Adolescentes: un an\u00e1lisis del marco legal de 14 pa\u00edses latinoamericanos, desde la perspectiva de la promoci\u00f3n y protecci\u00f3n, abord\u00f3 tanto la legislaci\u00f3n vigente como los proyectos de ley en tramitaci\u00f3n en los parlamentos de las naciones que se analizaron.<\/span><br \/>\n<span style=\"color: #000000;\">\u00a0Una de las principales conclusiones fue que, de manera general, los dispositivos existentes para organizar el ecosistema medi\u00e1tico en relaci\u00f3n a las necesidades de estos segmentos etarios, padecen de poca consistencia desde un punto de vista t\u00e9cnico, adem\u00e1s de no emular la evoluci\u00f3n ocurrida en pa\u00edses en los que desde hace varias d\u00e9cadas, se le ha concedido prioridad a esta tem\u00e1tica \u2014entre otros, Inglaterra, Alemania, Francia, Suecia, Canad\u00e1 o Australia\u2014.<\/span><br \/>\n<span style=\"color: #000000;\">No es dif\u00edcil entender las razones de este escenario. En Am\u00e9rica Latina, los vestigios de un pasado colonial, sumados a la herencia de los reg\u00edmenes autoritarios que se multiplicaron en la regi\u00f3n durante las d\u00e9cadas de 1970 y 1980, crearon grandes desaf\u00edos para el establecimiento de democracias estables y duraderas.<\/span><br \/>\n<span style=\"color: #000000;\">En consecuencia, esta particularidad tambi\u00e9n interfiere fuertemente en la estructuraci\u00f3n de los sistemas democr\u00e1ticos de medios de comunicaci\u00f3n fundamentados en las ideas de pluralismo y diversidad. En el continente y de manera cotidiana, ya sea por la interferencia del Estado o por la presi\u00f3n de grandes grupos econ\u00f3micos, la libertad de expresi\u00f3n, en cuanto derecho fundamental, a\u00fan precisa ser promovida y defendida.<\/span><br \/>\n<span style=\"color: #000000;\">Sin embargo, durante los \u00faltimos a\u00f1os y gracias primordialmente a una intensa movilizaci\u00f3n de las organizaciones de la sociedad civil y a los procesos de consolidaci\u00f3n democr\u00e1tica de algunos pa\u00edses, han comenzado a extenderse espacios de demanda con respecto a los marcos regulatorios y a las pol\u00edticas p\u00fablicas de comunicaci\u00f3n. Estas cuestiones, que permanec\u00edan ocultas en el debate p\u00fablico \u2014en gran medida, a causa de las restricciones de las propias corporaciones de medios de comunicaci\u00f3n y de los actores pol\u00edticos que se benefician del status quo\u2014 han pasado a entrar en la agenda y a configurarse como importantes tem\u00e1ticas.<\/span><br \/>\n<span style=\"color: #000000;\">La presente publicaci\u00f3n, una realidad gracias a la colaboraci\u00f3n con Petrobras, est\u00e1 basada en el libro Inf\u00e2ncia e Comunica\u00e7\u00e3o: Refer\u00eancias para o marco legal e as pol\u00edticas p\u00fablicas brasileiras, elaborado por ANDI \u2013 Comunicaci\u00f3n y Derechos, de manera conjunta con la Secretar\u00eda de Derechos Humanos de la Presidencia de la Rep\u00fablica Federativa de Brasil (SDH\/PR). La obra da continuidad a los esfuerzos de ANDI y de las agencias que forman parte de la Red ANDI Brasil y de la Red ANDI Am\u00e9rica Latina, por contribuir al avance de la relaci\u00f3n entre el campo medi\u00e1tico y los derechos de la infancia y la adolescencia.<\/span><br \/>\n<span style=\"color: #000000;\">\u00a0Los textos originales fueron actualizados y tambi\u00e9n se a\u00f1adieron informaciones adicionales centradas en el escenario latinoamericano, incluyendo un cap\u00edtulo acerca de las acciones de la Red ANDI Am\u00e9rica Latina, que en el 2013, completa diez a\u00f1os de actividad \u2014lo cual ampl\u00eda la relevancia de la edici\u00f3n, al proporcionar aportaciones para que la sociedad de la regi\u00f3n pueda evaluar los mejores medios para hacer frente al d\u00e9ficit democr\u00e1tico en este extenso y complejo escenario, construyendo marcos legales articulados y pol\u00edticas p\u00fablicas de alcance efectivo\u2014.<\/span><br \/>\n<span style=\"color: #000000;\"><b>\u00a0Carlos<\/b> <b>Mamani Jim\u00e9nez Mario Chamorro Marta Ben\u00edtez Veet Vivarta<\/b> <\/span><br \/>\n<span style=\"color: #000000;\"> Miembros del Consejo Coordinador de la Red ANDI Am\u00e9rica Latina<\/span><br \/>\n&nbsp;<br \/>\n&nbsp;<br \/>\nFuente: enredados.org.ar<\/p>\n","protected":false},"excerpt":{"rendered":"<p>Derechos de la infancia y derecho a la comunicaci\u00f3n &#8211; Para Descargar La presente publicaci\u00f3n \u201cDerechos de la infancia y derecho a la comunicaci\u00f3n:\u00a0Fortaleciendo convergencias en los\u00a0marcos legales y en las pol\u00edticas p\u00fablicas\u201d, es una\u00a0realidad gracias a la colaboraci\u00f3n con Petrobras,\u00a0est\u00e1 basada en el libro Inf\u00e2ncia e Comunica\u00e7\u00e3o: Refer\u00eancias para o\u00a0marco legal e as pol\u00edticas [&hellip;]<\/p>\n","protected":false},"author":1,"featured_media":0,"comment_status":"open","ping_status":"open","sticky":false,"template":"","format":"standard","meta":{"iawp_total_views":4,"footnotes":""},"categories":[19],"tags":[57,12,28,18],"class_list":["post-18615","post","type-post","status-publish","format-standard","hentry","category-biblioteca","tag-derechos-de-ninxs","tag-infancia-y-adolescencia","tag-periodismo","tag-politicas-publicas"],"nelio_content":{"autoShareEndMode":"never","automationSources":{"useCustomSentences":false,"customSentences":[]},"efiAlt":"","efiUrl":"","followers":[],"highlights":[],"isAutoShareEnabled":true,"networkImageIds":[],"permalinkQueryArgs":[],"series":[],"suggestedReferences":[]},"yoast_head":"<!-- This site is optimized with the Yoast SEO plugin v27.5 - https:\/\/yoast.com\/product\/yoast-seo-wordpress\/ -->\n<title>Derechos de la infancia y derecho a la comunicaci\u00f3n - Diario Digital Femenino<\/title>\n<meta name=\"description\" content=\"Derechos de la infancia y derecho a la comunicaci\u00f3n;: Fortaleciendo convergencias en los marcos legales y en las pol\u00edticas p\u00fablicas\u201d Para Descargar\" \/>\n<meta name=\"robots\" content=\"index, follow, max-snippet:-1, max-image-preview:large, max-video-preview:-1\" \/>\n<link rel=\"canonical\" href=\"https:\/\/diariofemenino.com.ar\/df\/derechos-de-la-infancia-y-derecho-la-comunicacion\/\" \/>\n<meta property=\"og:locale\" content=\"es_ES\" \/>\n<meta property=\"og:type\" content=\"article\" \/>\n<meta property=\"og:title\" content=\"Derechos de la infancia y derecho a la comunicaci\u00f3n - Diario Digital Femenino\" \/>\n<meta property=\"og:description\" content=\"Derechos de la infancia y derecho a la comunicaci\u00f3n;: Fortaleciendo convergencias en los marcos legales y en las pol\u00edticas p\u00fablicas\u201d Para Descargar\" \/>\n<meta property=\"og:url\" content=\"https:\/\/diariofemenino.com.ar\/df\/derechos-de-la-infancia-y-derecho-la-comunicacion\/\" \/>\n<meta property=\"og:site_name\" content=\"Diario Digital Femenino\" \/>\n<meta property=\"article:publisher\" content=\"https:\/\/www.facebook.com\/DiarioDigitaFemenino\/\" \/>\n<meta property=\"article:published_time\" content=\"2015-07-02T01:05:56+00:00\" \/>\n<meta property=\"og:image\" content=\"http:\/\/www.diariofemenino.com.ar\/wp-content\/uploads\/Portada-Derechos.jpg\" \/>\n<meta name=\"author\" content=\"Admin\" \/>\n<meta name=\"twitter:card\" content=\"summary_large_image\" \/>\n<meta name=\"twitter:creator\" content=\"@DiarioFemenino1\" \/>\n<meta name=\"twitter:site\" content=\"@DiarioFemenino1\" \/>\n<meta name=\"twitter:label1\" content=\"Escrito por\" \/>\n\t<meta name=\"twitter:data1\" content=\"Admin\" \/>\n\t<meta name=\"twitter:label2\" content=\"Tiempo de lectura\" \/>\n\t<meta name=\"twitter:data2\" content=\"4 minutos\" \/>\n<script type=\"application\/ld+json\" class=\"yoast-schema-graph\">{\"@context\":\"https:\\\/\\\/schema.org\",\"@graph\":[{\"@type\":\"Article\",\"@id\":\"https:\\\/\\\/diariofemenino.com.ar\\\/df\\\/derechos-de-la-infancia-y-derecho-la-comunicacion\\\/#article\",\"isPartOf\":{\"@id\":\"https:\\\/\\\/diariofemenino.com.ar\\\/df\\\/derechos-de-la-infancia-y-derecho-la-comunicacion\\\/\"},\"author\":{\"name\":\"Admin\",\"@id\":\"https:\\\/\\\/diariofemenino.com.ar\\\/df\\\/#\\\/schema\\\/person\\\/38f54b3bfd13f561de2460ba95c169c6\"},\"headline\":\"Derechos de la infancia y derecho a la comunicaci\u00f3n\",\"datePublished\":\"2015-07-02T01:05:56+00:00\",\"mainEntityOfPage\":{\"@id\":\"https:\\\/\\\/diariofemenino.com.ar\\\/df\\\/derechos-de-la-infancia-y-derecho-la-comunicacion\\\/\"},\"wordCount\":856,\"commentCount\":0,\"publisher\":{\"@id\":\"https:\\\/\\\/diariofemenino.com.ar\\\/df\\\/#organization\"},\"image\":{\"@id\":\"https:\\\/\\\/diariofemenino.com.ar\\\/df\\\/derechos-de-la-infancia-y-derecho-la-comunicacion\\\/#primaryimage\"},\"thumbnailUrl\":\"http:\\\/\\\/www.diariofemenino.com.ar\\\/wp-content\\\/uploads\\\/Portada-Derechos.jpg\",\"keywords\":[\"Derechos de ni\u00f1xs\",\"Infancia y Adolescencia\",\"Periodismo\",\"Pol\u00edticas p\u00fablicas\"],\"articleSection\":[\"Biblioteca Virtual\"],\"inLanguage\":\"es\",\"potentialAction\":[{\"@type\":\"CommentAction\",\"name\":\"Comment\",\"target\":[\"https:\\\/\\\/diariofemenino.com.ar\\\/df\\\/derechos-de-la-infancia-y-derecho-la-comunicacion\\\/#respond\"]}]},{\"@type\":\"WebPage\",\"@id\":\"https:\\\/\\\/diariofemenino.com.ar\\\/df\\\/derechos-de-la-infancia-y-derecho-la-comunicacion\\\/\",\"url\":\"https:\\\/\\\/diariofemenino.com.ar\\\/df\\\/derechos-de-la-infancia-y-derecho-la-comunicacion\\\/\",\"name\":\"Derechos de la infancia y derecho a la comunicaci\u00f3n - Diario Digital Femenino\",\"isPartOf\":{\"@id\":\"https:\\\/\\\/diariofemenino.com.ar\\\/df\\\/#website\"},\"primaryImageOfPage\":{\"@id\":\"https:\\\/\\\/diariofemenino.com.ar\\\/df\\\/derechos-de-la-infancia-y-derecho-la-comunicacion\\\/#primaryimage\"},\"image\":{\"@id\":\"https:\\\/\\\/diariofemenino.com.ar\\\/df\\\/derechos-de-la-infancia-y-derecho-la-comunicacion\\\/#primaryimage\"},\"thumbnailUrl\":\"http:\\\/\\\/www.diariofemenino.com.ar\\\/wp-content\\\/uploads\\\/Portada-Derechos.jpg\",\"datePublished\":\"2015-07-02T01:05:56+00:00\",\"description\":\"Derechos de la infancia y derecho a la comunicaci\u00f3n;: Fortaleciendo convergencias en los marcos legales y en las pol\u00edticas p\u00fablicas\u201d Para Descargar\",\"breadcrumb\":{\"@id\":\"https:\\\/\\\/diariofemenino.com.ar\\\/df\\\/derechos-de-la-infancia-y-derecho-la-comunicacion\\\/#breadcrumb\"},\"inLanguage\":\"es\",\"potentialAction\":[{\"@type\":\"ReadAction\",\"target\":[\"https:\\\/\\\/diariofemenino.com.ar\\\/df\\\/derechos-de-la-infancia-y-derecho-la-comunicacion\\\/\"]}]},{\"@type\":\"ImageObject\",\"inLanguage\":\"es\",\"@id\":\"https:\\\/\\\/diariofemenino.com.ar\\\/df\\\/derechos-de-la-infancia-y-derecho-la-comunicacion\\\/#primaryimage\",\"url\":\"http:\\\/\\\/www.diariofemenino.com.ar\\\/wp-content\\\/uploads\\\/Portada-Derechos.jpg\",\"contentUrl\":\"http:\\\/\\\/www.diariofemenino.com.ar\\\/wp-content\\\/uploads\\\/Portada-Derechos.jpg\"},{\"@type\":\"BreadcrumbList\",\"@id\":\"https:\\\/\\\/diariofemenino.com.ar\\\/df\\\/derechos-de-la-infancia-y-derecho-la-comunicacion\\\/#breadcrumb\",\"itemListElement\":[{\"@type\":\"ListItem\",\"position\":1,\"name\":\"Portada\",\"item\":\"https:\\\/\\\/diariofemenino.com.ar\\\/df\\\/\"},{\"@type\":\"ListItem\",\"position\":2,\"name\":\"Derechos de la infancia y derecho a la comunicaci\u00f3n\"}]},{\"@type\":\"WebSite\",\"@id\":\"https:\\\/\\\/diariofemenino.com.ar\\\/df\\\/#website\",\"url\":\"https:\\\/\\\/diariofemenino.com.ar\\\/df\\\/\",\"name\":\"Diario Digital Femenino\",\"description\":\"Cuesti\u00f3n de G\u00e9nero\",\"publisher\":{\"@id\":\"https:\\\/\\\/diariofemenino.com.ar\\\/df\\\/#organization\"},\"potentialAction\":[{\"@type\":\"SearchAction\",\"target\":{\"@type\":\"EntryPoint\",\"urlTemplate\":\"https:\\\/\\\/diariofemenino.com.ar\\\/df\\\/?s={search_term_string}\"},\"query-input\":{\"@type\":\"PropertyValueSpecification\",\"valueRequired\":true,\"valueName\":\"search_term_string\"}}],\"inLanguage\":\"es\"},{\"@type\":\"Organization\",\"@id\":\"https:\\\/\\\/diariofemenino.com.ar\\\/df\\\/#organization\",\"name\":\"Diario Femenino\",\"url\":\"https:\\\/\\\/diariofemenino.com.ar\\\/df\\\/\",\"logo\":{\"@type\":\"ImageObject\",\"inLanguage\":\"es\",\"@id\":\"https:\\\/\\\/diariofemenino.com.ar\\\/df\\\/#\\\/schema\\\/logo\\\/image\\\/\",\"url\":\"https:\\\/\\\/diariofemenino.com.ar\\\/df\\\/wp-content\\\/uploads\\\/2018\\\/10\\\/logo.png\",\"contentUrl\":\"https:\\\/\\\/diariofemenino.com.ar\\\/df\\\/wp-content\\\/uploads\\\/2018\\\/10\\\/logo.png\",\"width\":500,\"height\":92,\"caption\":\"Diario Femenino\"},\"image\":{\"@id\":\"https:\\\/\\\/diariofemenino.com.ar\\\/df\\\/#\\\/schema\\\/logo\\\/image\\\/\"},\"sameAs\":[\"https:\\\/\\\/www.facebook.com\\\/DiarioDigitaFemenino\\\/\",\"https:\\\/\\\/x.com\\\/DiarioFemenino1\"]},{\"@type\":\"Person\",\"@id\":\"https:\\\/\\\/diariofemenino.com.ar\\\/df\\\/#\\\/schema\\\/person\\\/38f54b3bfd13f561de2460ba95c169c6\",\"name\":\"Admin\",\"image\":{\"@type\":\"ImageObject\",\"inLanguage\":\"es\",\"@id\":\"https:\\\/\\\/diariofemenino.com.ar\\\/df\\\/wp-content\\\/uploads\\\/2018\\\/12\\\/favicon-150x150.jpg\",\"url\":\"https:\\\/\\\/diariofemenino.com.ar\\\/df\\\/wp-content\\\/uploads\\\/2018\\\/12\\\/favicon-150x150.jpg\",\"contentUrl\":\"https:\\\/\\\/diariofemenino.com.ar\\\/df\\\/wp-content\\\/uploads\\\/2018\\\/12\\\/favicon-150x150.jpg\",\"caption\":\"Admin\"},\"url\":\"https:\\\/\\\/diariofemenino.com.ar\\\/df\\\/author\\\/adm18df\\\/\"}]}<\/script>\n<!-- \/ Yoast SEO plugin. -->","yoast_head_json":{"title":"Derechos de la infancia y derecho a la comunicaci\u00f3n - Diario Digital Femenino","description":"Derechos de la infancia y derecho a la comunicaci\u00f3n;: Fortaleciendo convergencias en los marcos legales y en las pol\u00edticas p\u00fablicas\u201d Para Descargar","robots":{"index":"index","follow":"follow","max-snippet":"max-snippet:-1","max-image-preview":"max-image-preview:large","max-video-preview":"max-video-preview:-1"},"canonical":"https:\/\/diariofemenino.com.ar\/df\/derechos-de-la-infancia-y-derecho-la-comunicacion\/","og_locale":"es_ES","og_type":"article","og_title":"Derechos de la infancia y derecho a la comunicaci\u00f3n - Diario Digital Femenino","og_description":"Derechos de la infancia y derecho a la comunicaci\u00f3n;: Fortaleciendo convergencias en los marcos legales y en las pol\u00edticas p\u00fablicas\u201d Para Descargar","og_url":"https:\/\/diariofemenino.com.ar\/df\/derechos-de-la-infancia-y-derecho-la-comunicacion\/","og_site_name":"Diario Digital Femenino","article_publisher":"https:\/\/www.facebook.com\/DiarioDigitaFemenino\/","article_published_time":"2015-07-02T01:05:56+00:00","og_image":[{"url":"http:\/\/www.diariofemenino.com.ar\/wp-content\/uploads\/Portada-Derechos.jpg","type":"","width":"","height":""}],"author":"Admin","twitter_card":"summary_large_image","twitter_creator":"@DiarioFemenino1","twitter_site":"@DiarioFemenino1","twitter_misc":{"Escrito por":"Admin","Tiempo de lectura":"4 minutos"},"schema":{"@context":"https:\/\/schema.org","@graph":[{"@type":"Article","@id":"https:\/\/diariofemenino.com.ar\/df\/derechos-de-la-infancia-y-derecho-la-comunicacion\/#article","isPartOf":{"@id":"https:\/\/diariofemenino.com.ar\/df\/derechos-de-la-infancia-y-derecho-la-comunicacion\/"},"author":{"name":"Admin","@id":"https:\/\/diariofemenino.com.ar\/df\/#\/schema\/person\/38f54b3bfd13f561de2460ba95c169c6"},"headline":"Derechos de la infancia y derecho a la comunicaci\u00f3n","datePublished":"2015-07-02T01:05:56+00:00","mainEntityOfPage":{"@id":"https:\/\/diariofemenino.com.ar\/df\/derechos-de-la-infancia-y-derecho-la-comunicacion\/"},"wordCount":856,"commentCount":0,"publisher":{"@id":"https:\/\/diariofemenino.com.ar\/df\/#organization"},"image":{"@id":"https:\/\/diariofemenino.com.ar\/df\/derechos-de-la-infancia-y-derecho-la-comunicacion\/#primaryimage"},"thumbnailUrl":"http:\/\/www.diariofemenino.com.ar\/wp-content\/uploads\/Portada-Derechos.jpg","keywords":["Derechos de ni\u00f1xs","Infancia y Adolescencia","Periodismo","Pol\u00edticas p\u00fablicas"],"articleSection":["Biblioteca Virtual"],"inLanguage":"es","potentialAction":[{"@type":"CommentAction","name":"Comment","target":["https:\/\/diariofemenino.com.ar\/df\/derechos-de-la-infancia-y-derecho-la-comunicacion\/#respond"]}]},{"@type":"WebPage","@id":"https:\/\/diariofemenino.com.ar\/df\/derechos-de-la-infancia-y-derecho-la-comunicacion\/","url":"https:\/\/diariofemenino.com.ar\/df\/derechos-de-la-infancia-y-derecho-la-comunicacion\/","name":"Derechos de la infancia y derecho a la comunicaci\u00f3n - Diario Digital Femenino","isPartOf":{"@id":"https:\/\/diariofemenino.com.ar\/df\/#website"},"primaryImageOfPage":{"@id":"https:\/\/diariofemenino.com.ar\/df\/derechos-de-la-infancia-y-derecho-la-comunicacion\/#primaryimage"},"image":{"@id":"https:\/\/diariofemenino.com.ar\/df\/derechos-de-la-infancia-y-derecho-la-comunicacion\/#primaryimage"},"thumbnailUrl":"http:\/\/www.diariofemenino.com.ar\/wp-content\/uploads\/Portada-Derechos.jpg","datePublished":"2015-07-02T01:05:56+00:00","description":"Derechos de la infancia y derecho a la comunicaci\u00f3n;: Fortaleciendo convergencias en los marcos legales y en las pol\u00edticas p\u00fablicas\u201d Para Descargar","breadcrumb":{"@id":"https:\/\/diariofemenino.com.ar\/df\/derechos-de-la-infancia-y-derecho-la-comunicacion\/#breadcrumb"},"inLanguage":"es","potentialAction":[{"@type":"ReadAction","target":["https:\/\/diariofemenino.com.ar\/df\/derechos-de-la-infancia-y-derecho-la-comunicacion\/"]}]},{"@type":"ImageObject","inLanguage":"es","@id":"https:\/\/diariofemenino.com.ar\/df\/derechos-de-la-infancia-y-derecho-la-comunicacion\/#primaryimage","url":"http:\/\/www.diariofemenino.com.ar\/wp-content\/uploads\/Portada-Derechos.jpg","contentUrl":"http:\/\/www.diariofemenino.com.ar\/wp-content\/uploads\/Portada-Derechos.jpg"},{"@type":"BreadcrumbList","@id":"https:\/\/diariofemenino.com.ar\/df\/derechos-de-la-infancia-y-derecho-la-comunicacion\/#breadcrumb","itemListElement":[{"@type":"ListItem","position":1,"name":"Portada","item":"https:\/\/diariofemenino.com.ar\/df\/"},{"@type":"ListItem","position":2,"name":"Derechos de la infancia y derecho a la comunicaci\u00f3n"}]},{"@type":"WebSite","@id":"https:\/\/diariofemenino.com.ar\/df\/#website","url":"https:\/\/diariofemenino.com.ar\/df\/","name":"Diario Digital Femenino","description":"Cuesti\u00f3n de G\u00e9nero","publisher":{"@id":"https:\/\/diariofemenino.com.ar\/df\/#organization"},"potentialAction":[{"@type":"SearchAction","target":{"@type":"EntryPoint","urlTemplate":"https:\/\/diariofemenino.com.ar\/df\/?s={search_term_string}"},"query-input":{"@type":"PropertyValueSpecification","valueRequired":true,"valueName":"search_term_string"}}],"inLanguage":"es"},{"@type":"Organization","@id":"https:\/\/diariofemenino.com.ar\/df\/#organization","name":"Diario Femenino","url":"https:\/\/diariofemenino.com.ar\/df\/","logo":{"@type":"ImageObject","inLanguage":"es","@id":"https:\/\/diariofemenino.com.ar\/df\/#\/schema\/logo\/image\/","url":"https:\/\/diariofemenino.com.ar\/df\/wp-content\/uploads\/2018\/10\/logo.png","contentUrl":"https:\/\/diariofemenino.com.ar\/df\/wp-content\/uploads\/2018\/10\/logo.png","width":500,"height":92,"caption":"Diario Femenino"},"image":{"@id":"https:\/\/diariofemenino.com.ar\/df\/#\/schema\/logo\/image\/"},"sameAs":["https:\/\/www.facebook.com\/DiarioDigitaFemenino\/","https:\/\/x.com\/DiarioFemenino1"]},{"@type":"Person","@id":"https:\/\/diariofemenino.com.ar\/df\/#\/schema\/person\/38f54b3bfd13f561de2460ba95c169c6","name":"Admin","image":{"@type":"ImageObject","inLanguage":"es","@id":"https:\/\/diariofemenino.com.ar\/df\/wp-content\/uploads\/2018\/12\/favicon-150x150.jpg","url":"https:\/\/diariofemenino.com.ar\/df\/wp-content\/uploads\/2018\/12\/favicon-150x150.jpg","contentUrl":"https:\/\/diariofemenino.com.ar\/df\/wp-content\/uploads\/2018\/12\/favicon-150x150.jpg","caption":"Admin"},"url":"https:\/\/diariofemenino.com.ar\/df\/author\/adm18df\/"}]}},"jetpack_featured_media_url":"","jetpack_sharing_enabled":true,"rttpg_featured_image_url":null,"rttpg_author":{"display_name":"Admin","author_link":"https:\/\/diariofemenino.com.ar\/df\/author\/adm18df\/"},"rttpg_comment":0,"rttpg_category":"<a href=\"https:\/\/diariofemenino.com.ar\/df\/category\/biblioteca\/\" rel=\"category tag\">Biblioteca Virtual<\/a>","rttpg_excerpt":"Derechos de la infancia y derecho a la comunicaci\u00f3n &#8211; Para Descargar La presente publicaci\u00f3n \u201cDerechos de la infancia y derecho a la comunicaci\u00f3n:\u00a0Fortaleciendo convergencias en los\u00a0marcos legales y en las pol\u00edticas p\u00fablicas\u201d, es una\u00a0realidad gracias a la colaboraci\u00f3n con Petrobras,\u00a0est\u00e1 basada en el libro Inf\u00e2ncia e Comunica\u00e7\u00e3o: Refer\u00eancias para o\u00a0marco legal e as pol\u00edticas&hellip;","_links":{"self":[{"href":"https:\/\/diariofemenino.com.ar\/df\/wp-json\/wp\/v2\/posts\/18615","targetHints":{"allow":["GET"]}}],"collection":[{"href":"https:\/\/diariofemenino.com.ar\/df\/wp-json\/wp\/v2\/posts"}],"about":[{"href":"https:\/\/diariofemenino.com.ar\/df\/wp-json\/wp\/v2\/types\/post"}],"author":[{"embeddable":true,"href":"https:\/\/diariofemenino.com.ar\/df\/wp-json\/wp\/v2\/users\/1"}],"replies":[{"embeddable":true,"href":"https:\/\/diariofemenino.com.ar\/df\/wp-json\/wp\/v2\/comments?post=18615"}],"version-history":[{"count":0,"href":"https:\/\/diariofemenino.com.ar\/df\/wp-json\/wp\/v2\/posts\/18615\/revisions"}],"wp:attachment":[{"href":"https:\/\/diariofemenino.com.ar\/df\/wp-json\/wp\/v2\/media?parent=18615"}],"wp:term":[{"taxonomy":"category","embeddable":true,"href":"https:\/\/diariofemenino.com.ar\/df\/wp-json\/wp\/v2\/categories?post=18615"},{"taxonomy":"post_tag","embeddable":true,"href":"https:\/\/diariofemenino.com.ar\/df\/wp-json\/wp\/v2\/tags?post=18615"}],"curies":[{"name":"wp","href":"https:\/\/api.w.org\/{rel}","templated":true}]}}