{"id":1823,"date":"2012-06-07T17:33:09","date_gmt":"2012-06-07T20:33:09","guid":{"rendered":"http:\/\/www.diariofemenino.com.ar\/?p=1823"},"modified":"2012-06-07T17:33:09","modified_gmt":"2012-06-07T20:33:09","slug":"el-periodismo-le-dice-basta-a-la-violencia-de-genero-en-el-obelisco","status":"publish","type":"post","link":"https:\/\/diariofemenino.com.ar\/df\/el-periodismo-le-dice-basta-a-la-violencia-de-genero-en-el-obelisco\/","title":{"rendered":"El Periodismo le dice Basta a la Violencia de G\u00e9nero, en el Obelisco"},"content":{"rendered":"<p>&nbsp;<br \/>\n&nbsp;<br \/>\nHoy es el d\u00eda del periodista, y no es casual que este haya sido el d\u00eda elegido para la convocatoria que Red PAR program\u00f3 en el Obelisco. Bajo el lema \u201cel periodismo le dice BASTA a la violencia de g\u00e9nero\u201d un grupo de colegas de distintos medios gr\u00e1ficos, digitales, televisivos y radiales dijeron PRESENTE.<br \/>\n<a href=\"http:\/\/www.diariofemenino.com.ar\/wp-content\/uploads\/CAM-0771.jpg\"><img loading=\"lazy\" decoding=\"async\" class=\"alignnone size-full wp-image-1828\" title=\"CAM 0771\" src=\"http:\/\/www.diariofemenino.com.ar\/wp-content\/uploads\/CAM-0771.jpg\" alt=\"\" width=\"500\" height=\"667\" \/><\/a><br \/>\nLa cita era para hoy a partir de las 14, aunque se empezaron a ver caras conocidas, pasadas las 15. Entre ellas, Silvina Molina,<strong> <\/strong>periodista en T\u00e9lam, Co- fundadora de la Red PAR, redactora de dos Manuales de\u00a0Periodismo de G\u00e9nero y esposa del gran periodista de G\u00e9nero &#8211; ya fallecido- \u00a0Luis Mar\u00eda Otero. Entre las presentes, tambi\u00e9n estaba Liliana Hendel, psic\u00f3loga y periodista, qui\u00e9n tambi\u00e9n es Co- fundadora de la Red PAR.<br \/>\nPudimos charlar con Liliana, y nos coment\u00f3 que uno de los objetivos de hoy era llamar la atenci\u00f3n de la gente, pero adem\u00e1s agreg\u00f3: \u201cPara nosotros es importante convocar a colegas y hacer que los medios levanten esta reuni\u00f3n por lo que es: un d\u00eda de importancia para el periodismo en general pero tambi\u00e9n un d\u00eda de importancia para esta \u201cespecialidad\u201d que tiene que ver con iluminar las zonas oscuras que hacen que queden sin importancia todas las noticias que tienen que ver con el g\u00e9nero, es decir, con todas las violencias contra las mujeres\u201d .<br \/>\nLa psic\u00f3loga y periodista, remarc\u00f3 la importancia de que todos, desde nuestro lugar, debemos hacernos cargo de difundir y luchar por estas tem\u00e1ticas y adem\u00e1s, puso en claro que tiene la esperanza de que las pr\u00f3ximas generaciones de periodistas no tengan que discutir si hay que hablar en femenino o masculino y o si el delito de femicidio va a ser tratado como una cuesti\u00f3n amorosa\/pasional.<br \/>\nLiliana Hendel nos comunic\u00f3 que este s\u00e1bado habr\u00e1 una jornada interna de capacitaci\u00f3n y debate en la Universidad de las Madres de Plaza de Mayo. Agreg\u00f3 que el objetivo de esta jornada es seguir aportando herramientas para profundizar el debate y destac\u00f3 \u00abel periodismo comprometido debe capacitarse permanentemente\u00bb.<br \/>\n&nbsp;<br \/>\nAngie Pagnotta<br \/>\n<a href=\"http:\/\/www.diariofemenino.com.ar\/wp-content\/uploads\/securedownload.jpg\"><img loading=\"lazy\" decoding=\"async\" class=\"aligncenter size-full wp-image-1831\" title=\"securedownload\" src=\"http:\/\/www.diariofemenino.com.ar\/wp-content\/uploads\/securedownload.jpg\" alt=\"\" width=\"640\" height=\"478\" \/><\/a><br \/>\n&nbsp;<br \/>\n<a href=\"http:\/\/www.diariofemenino.com.ar\/wp-content\/uploads\/securedownload-8.jpg\"><img loading=\"lazy\" decoding=\"async\" class=\"aligncenter size-full wp-image-1830\" title=\"securedownload (8)\" src=\"http:\/\/www.diariofemenino.com.ar\/wp-content\/uploads\/securedownload-8.jpg\" alt=\"\" width=\"640\" height=\"478\" \/><\/a><\/p>\n","protected":false},"excerpt":{"rendered":"<p>&nbsp; &nbsp; Hoy es el d\u00eda del periodista, y no es casual que este haya sido el d\u00eda elegido para la convocatoria que Red PAR program\u00f3 en el Obelisco. Bajo el lema \u201cel periodismo le dice BASTA a la violencia de g\u00e9nero\u201d un grupo de colegas de distintos medios gr\u00e1ficos, digitales, televisivos y radiales dijeron [&hellip;]<\/p>\n","protected":false},"author":1,"featured_media":0,"comment_status":"open","ping_status":"open","sticky":false,"template":"","format":"standard","meta":{"iawp_total_views":0,"footnotes":""},"categories":[4,21],"tags":[],"class_list":["post-1823","post","type-post","status-publish","format-standard","hentry","category-medios","category-noticias"],"nelio_content":{"autoShareEndMode":"never","automationSources":{"useCustomSentences":false,"customSentences":[]},"efiAlt":"","efiUrl":"","followers":[],"highlights":[],"isAutoShareEnabled":true,"networkImageIds":[],"permalinkQueryArgs":[],"series":[],"suggestedReferences":[]},"yoast_head":"<!-- This site is optimized with the Yoast SEO plugin v27.5 - https:\/\/yoast.com\/product\/yoast-seo-wordpress\/ -->\n<title>El Periodismo le dice Basta a la Violencia de G\u00e9nero, en el Obelisco - Diario Digital Femenino<\/title>\n<meta name=\"robots\" content=\"index, follow, max-snippet:-1, max-image-preview:large, max-video-preview:-1\" \/>\n<link rel=\"canonical\" href=\"https:\/\/diariofemenino.com.ar\/df\/el-periodismo-le-dice-basta-a-la-violencia-de-genero-en-el-obelisco\/\" \/>\n<meta property=\"og:locale\" content=\"es_ES\" \/>\n<meta property=\"og:type\" content=\"article\" \/>\n<meta property=\"og:title\" content=\"El Periodismo le dice Basta a la Violencia de G\u00e9nero, en el Obelisco - Diario Digital Femenino\" \/>\n<meta property=\"og:description\" content=\"&nbsp; &nbsp; Hoy es el d\u00eda del periodista, y no es casual que este haya sido el d\u00eda elegido para la convocatoria que Red PAR program\u00f3 en el Obelisco. Bajo el lema \u201cel periodismo le dice BASTA a la violencia de g\u00e9nero\u201d un grupo de colegas de distintos medios gr\u00e1ficos, digitales, televisivos y radiales dijeron [&hellip;]\" \/>\n<meta property=\"og:url\" content=\"https:\/\/diariofemenino.com.ar\/df\/el-periodismo-le-dice-basta-a-la-violencia-de-genero-en-el-obelisco\/\" \/>\n<meta property=\"og:site_name\" content=\"Diario Digital Femenino\" \/>\n<meta property=\"article:publisher\" content=\"https:\/\/www.facebook.com\/DiarioDigitaFemenino\/\" \/>\n<meta property=\"article:published_time\" content=\"2012-06-07T20:33:09+00:00\" \/>\n<meta property=\"og:image\" content=\"http:\/\/www.diariofemenino.com.ar\/wp-content\/uploads\/CAM-0771.jpg\" \/>\n<meta name=\"author\" content=\"Admin\" \/>\n<meta name=\"twitter:card\" content=\"summary_large_image\" \/>\n<meta name=\"twitter:creator\" content=\"@DiarioFemenino1\" \/>\n<meta name=\"twitter:site\" content=\"@DiarioFemenino1\" \/>\n<meta name=\"twitter:label1\" content=\"Escrito por\" \/>\n\t<meta name=\"twitter:data1\" content=\"Admin\" \/>\n\t<meta name=\"twitter:label2\" content=\"Tiempo de lectura\" \/>\n\t<meta name=\"twitter:data2\" content=\"2 minutos\" \/>\n<script type=\"application\/ld+json\" class=\"yoast-schema-graph\">{\"@context\":\"https:\\\/\\\/schema.org\",\"@graph\":[{\"@type\":\"Article\",\"@id\":\"https:\\\/\\\/diariofemenino.com.ar\\\/df\\\/el-periodismo-le-dice-basta-a-la-violencia-de-genero-en-el-obelisco\\\/#article\",\"isPartOf\":{\"@id\":\"https:\\\/\\\/diariofemenino.com.ar\\\/df\\\/el-periodismo-le-dice-basta-a-la-violencia-de-genero-en-el-obelisco\\\/\"},\"author\":{\"name\":\"Admin\",\"@id\":\"https:\\\/\\\/diariofemenino.com.ar\\\/df\\\/#\\\/schema\\\/person\\\/38f54b3bfd13f561de2460ba95c169c6\"},\"headline\":\"El Periodismo le dice Basta a la Violencia de G\u00e9nero, en el Obelisco\",\"datePublished\":\"2012-06-07T20:33:09+00:00\",\"mainEntityOfPage\":{\"@id\":\"https:\\\/\\\/diariofemenino.com.ar\\\/df\\\/el-periodismo-le-dice-basta-a-la-violencia-de-genero-en-el-obelisco\\\/\"},\"wordCount\":381,\"commentCount\":0,\"publisher\":{\"@id\":\"https:\\\/\\\/diariofemenino.com.ar\\\/df\\\/#organization\"},\"image\":{\"@id\":\"https:\\\/\\\/diariofemenino.com.ar\\\/df\\\/el-periodismo-le-dice-basta-a-la-violencia-de-genero-en-el-obelisco\\\/#primaryimage\"},\"thumbnailUrl\":\"http:\\\/\\\/www.diariofemenino.com.ar\\\/wp-content\\\/uploads\\\/CAM-0771.jpg\",\"articleSection\":[\"Medios\",\"Noticias\"],\"inLanguage\":\"es\",\"potentialAction\":[{\"@type\":\"CommentAction\",\"name\":\"Comment\",\"target\":[\"https:\\\/\\\/diariofemenino.com.ar\\\/df\\\/el-periodismo-le-dice-basta-a-la-violencia-de-genero-en-el-obelisco\\\/#respond\"]}]},{\"@type\":\"WebPage\",\"@id\":\"https:\\\/\\\/diariofemenino.com.ar\\\/df\\\/el-periodismo-le-dice-basta-a-la-violencia-de-genero-en-el-obelisco\\\/\",\"url\":\"https:\\\/\\\/diariofemenino.com.ar\\\/df\\\/el-periodismo-le-dice-basta-a-la-violencia-de-genero-en-el-obelisco\\\/\",\"name\":\"El Periodismo le dice Basta a la Violencia de G\u00e9nero, en el Obelisco - Diario Digital Femenino\",\"isPartOf\":{\"@id\":\"https:\\\/\\\/diariofemenino.com.ar\\\/df\\\/#website\"},\"primaryImageOfPage\":{\"@id\":\"https:\\\/\\\/diariofemenino.com.ar\\\/df\\\/el-periodismo-le-dice-basta-a-la-violencia-de-genero-en-el-obelisco\\\/#primaryimage\"},\"image\":{\"@id\":\"https:\\\/\\\/diariofemenino.com.ar\\\/df\\\/el-periodismo-le-dice-basta-a-la-violencia-de-genero-en-el-obelisco\\\/#primaryimage\"},\"thumbnailUrl\":\"http:\\\/\\\/www.diariofemenino.com.ar\\\/wp-content\\\/uploads\\\/CAM-0771.jpg\",\"datePublished\":\"2012-06-07T20:33:09+00:00\",\"breadcrumb\":{\"@id\":\"https:\\\/\\\/diariofemenino.com.ar\\\/df\\\/el-periodismo-le-dice-basta-a-la-violencia-de-genero-en-el-obelisco\\\/#breadcrumb\"},\"inLanguage\":\"es\",\"potentialAction\":[{\"@type\":\"ReadAction\",\"target\":[\"https:\\\/\\\/diariofemenino.com.ar\\\/df\\\/el-periodismo-le-dice-basta-a-la-violencia-de-genero-en-el-obelisco\\\/\"]}]},{\"@type\":\"ImageObject\",\"inLanguage\":\"es\",\"@id\":\"https:\\\/\\\/diariofemenino.com.ar\\\/df\\\/el-periodismo-le-dice-basta-a-la-violencia-de-genero-en-el-obelisco\\\/#primaryimage\",\"url\":\"http:\\\/\\\/www.diariofemenino.com.ar\\\/wp-content\\\/uploads\\\/CAM-0771.jpg\",\"contentUrl\":\"http:\\\/\\\/www.diariofemenino.com.ar\\\/wp-content\\\/uploads\\\/CAM-0771.jpg\"},{\"@type\":\"BreadcrumbList\",\"@id\":\"https:\\\/\\\/diariofemenino.com.ar\\\/df\\\/el-periodismo-le-dice-basta-a-la-violencia-de-genero-en-el-obelisco\\\/#breadcrumb\",\"itemListElement\":[{\"@type\":\"ListItem\",\"position\":1,\"name\":\"Portada\",\"item\":\"https:\\\/\\\/diariofemenino.com.ar\\\/df\\\/\"},{\"@type\":\"ListItem\",\"position\":2,\"name\":\"El Periodismo le dice Basta a la Violencia de G\u00e9nero, en el Obelisco\"}]},{\"@type\":\"WebSite\",\"@id\":\"https:\\\/\\\/diariofemenino.com.ar\\\/df\\\/#website\",\"url\":\"https:\\\/\\\/diariofemenino.com.ar\\\/df\\\/\",\"name\":\"Diario Digital Femenino\",\"description\":\"Cuesti\u00f3n de G\u00e9nero\",\"publisher\":{\"@id\":\"https:\\\/\\\/diariofemenino.com.ar\\\/df\\\/#organization\"},\"potentialAction\":[{\"@type\":\"SearchAction\",\"target\":{\"@type\":\"EntryPoint\",\"urlTemplate\":\"https:\\\/\\\/diariofemenino.com.ar\\\/df\\\/?s={search_term_string}\"},\"query-input\":{\"@type\":\"PropertyValueSpecification\",\"valueRequired\":true,\"valueName\":\"search_term_string\"}}],\"inLanguage\":\"es\"},{\"@type\":\"Organization\",\"@id\":\"https:\\\/\\\/diariofemenino.com.ar\\\/df\\\/#organization\",\"name\":\"Diario Femenino\",\"url\":\"https:\\\/\\\/diariofemenino.com.ar\\\/df\\\/\",\"logo\":{\"@type\":\"ImageObject\",\"inLanguage\":\"es\",\"@id\":\"https:\\\/\\\/diariofemenino.com.ar\\\/df\\\/#\\\/schema\\\/logo\\\/image\\\/\",\"url\":\"https:\\\/\\\/diariofemenino.com.ar\\\/df\\\/wp-content\\\/uploads\\\/2018\\\/10\\\/logo.png\",\"contentUrl\":\"https:\\\/\\\/diariofemenino.com.ar\\\/df\\\/wp-content\\\/uploads\\\/2018\\\/10\\\/logo.png\",\"width\":500,\"height\":92,\"caption\":\"Diario Femenino\"},\"image\":{\"@id\":\"https:\\\/\\\/diariofemenino.com.ar\\\/df\\\/#\\\/schema\\\/logo\\\/image\\\/\"},\"sameAs\":[\"https:\\\/\\\/www.facebook.com\\\/DiarioDigitaFemenino\\\/\",\"https:\\\/\\\/x.com\\\/DiarioFemenino1\"]},{\"@type\":\"Person\",\"@id\":\"https:\\\/\\\/diariofemenino.com.ar\\\/df\\\/#\\\/schema\\\/person\\\/38f54b3bfd13f561de2460ba95c169c6\",\"name\":\"Admin\",\"image\":{\"@type\":\"ImageObject\",\"inLanguage\":\"es\",\"@id\":\"https:\\\/\\\/diariofemenino.com.ar\\\/df\\\/wp-content\\\/uploads\\\/2018\\\/12\\\/favicon-150x150.jpg\",\"url\":\"https:\\\/\\\/diariofemenino.com.ar\\\/df\\\/wp-content\\\/uploads\\\/2018\\\/12\\\/favicon-150x150.jpg\",\"contentUrl\":\"https:\\\/\\\/diariofemenino.com.ar\\\/df\\\/wp-content\\\/uploads\\\/2018\\\/12\\\/favicon-150x150.jpg\",\"caption\":\"Admin\"},\"url\":\"https:\\\/\\\/diariofemenino.com.ar\\\/df\\\/author\\\/adm18df\\\/\"}]}<\/script>\n<!-- \/ Yoast SEO plugin. -->","yoast_head_json":{"title":"El Periodismo le dice Basta a la Violencia de G\u00e9nero, en el Obelisco - Diario Digital Femenino","robots":{"index":"index","follow":"follow","max-snippet":"max-snippet:-1","max-image-preview":"max-image-preview:large","max-video-preview":"max-video-preview:-1"},"canonical":"https:\/\/diariofemenino.com.ar\/df\/el-periodismo-le-dice-basta-a-la-violencia-de-genero-en-el-obelisco\/","og_locale":"es_ES","og_type":"article","og_title":"El Periodismo le dice Basta a la Violencia de G\u00e9nero, en el Obelisco - Diario Digital Femenino","og_description":"&nbsp; &nbsp; Hoy es el d\u00eda del periodista, y no es casual que este haya sido el d\u00eda elegido para la convocatoria que Red PAR program\u00f3 en el Obelisco. Bajo el lema \u201cel periodismo le dice BASTA a la violencia de g\u00e9nero\u201d un grupo de colegas de distintos medios gr\u00e1ficos, digitales, televisivos y radiales dijeron [&hellip;]","og_url":"https:\/\/diariofemenino.com.ar\/df\/el-periodismo-le-dice-basta-a-la-violencia-de-genero-en-el-obelisco\/","og_site_name":"Diario Digital Femenino","article_publisher":"https:\/\/www.facebook.com\/DiarioDigitaFemenino\/","article_published_time":"2012-06-07T20:33:09+00:00","og_image":[{"url":"http:\/\/www.diariofemenino.com.ar\/wp-content\/uploads\/CAM-0771.jpg","type":"","width":"","height":""}],"author":"Admin","twitter_card":"summary_large_image","twitter_creator":"@DiarioFemenino1","twitter_site":"@DiarioFemenino1","twitter_misc":{"Escrito por":"Admin","Tiempo de lectura":"2 minutos"},"schema":{"@context":"https:\/\/schema.org","@graph":[{"@type":"Article","@id":"https:\/\/diariofemenino.com.ar\/df\/el-periodismo-le-dice-basta-a-la-violencia-de-genero-en-el-obelisco\/#article","isPartOf":{"@id":"https:\/\/diariofemenino.com.ar\/df\/el-periodismo-le-dice-basta-a-la-violencia-de-genero-en-el-obelisco\/"},"author":{"name":"Admin","@id":"https:\/\/diariofemenino.com.ar\/df\/#\/schema\/person\/38f54b3bfd13f561de2460ba95c169c6"},"headline":"El Periodismo le dice Basta a la Violencia de G\u00e9nero, en el Obelisco","datePublished":"2012-06-07T20:33:09+00:00","mainEntityOfPage":{"@id":"https:\/\/diariofemenino.com.ar\/df\/el-periodismo-le-dice-basta-a-la-violencia-de-genero-en-el-obelisco\/"},"wordCount":381,"commentCount":0,"publisher":{"@id":"https:\/\/diariofemenino.com.ar\/df\/#organization"},"image":{"@id":"https:\/\/diariofemenino.com.ar\/df\/el-periodismo-le-dice-basta-a-la-violencia-de-genero-en-el-obelisco\/#primaryimage"},"thumbnailUrl":"http:\/\/www.diariofemenino.com.ar\/wp-content\/uploads\/CAM-0771.jpg","articleSection":["Medios","Noticias"],"inLanguage":"es","potentialAction":[{"@type":"CommentAction","name":"Comment","target":["https:\/\/diariofemenino.com.ar\/df\/el-periodismo-le-dice-basta-a-la-violencia-de-genero-en-el-obelisco\/#respond"]}]},{"@type":"WebPage","@id":"https:\/\/diariofemenino.com.ar\/df\/el-periodismo-le-dice-basta-a-la-violencia-de-genero-en-el-obelisco\/","url":"https:\/\/diariofemenino.com.ar\/df\/el-periodismo-le-dice-basta-a-la-violencia-de-genero-en-el-obelisco\/","name":"El Periodismo le dice Basta a la Violencia de G\u00e9nero, en el Obelisco - Diario Digital Femenino","isPartOf":{"@id":"https:\/\/diariofemenino.com.ar\/df\/#website"},"primaryImageOfPage":{"@id":"https:\/\/diariofemenino.com.ar\/df\/el-periodismo-le-dice-basta-a-la-violencia-de-genero-en-el-obelisco\/#primaryimage"},"image":{"@id":"https:\/\/diariofemenino.com.ar\/df\/el-periodismo-le-dice-basta-a-la-violencia-de-genero-en-el-obelisco\/#primaryimage"},"thumbnailUrl":"http:\/\/www.diariofemenino.com.ar\/wp-content\/uploads\/CAM-0771.jpg","datePublished":"2012-06-07T20:33:09+00:00","breadcrumb":{"@id":"https:\/\/diariofemenino.com.ar\/df\/el-periodismo-le-dice-basta-a-la-violencia-de-genero-en-el-obelisco\/#breadcrumb"},"inLanguage":"es","potentialAction":[{"@type":"ReadAction","target":["https:\/\/diariofemenino.com.ar\/df\/el-periodismo-le-dice-basta-a-la-violencia-de-genero-en-el-obelisco\/"]}]},{"@type":"ImageObject","inLanguage":"es","@id":"https:\/\/diariofemenino.com.ar\/df\/el-periodismo-le-dice-basta-a-la-violencia-de-genero-en-el-obelisco\/#primaryimage","url":"http:\/\/www.diariofemenino.com.ar\/wp-content\/uploads\/CAM-0771.jpg","contentUrl":"http:\/\/www.diariofemenino.com.ar\/wp-content\/uploads\/CAM-0771.jpg"},{"@type":"BreadcrumbList","@id":"https:\/\/diariofemenino.com.ar\/df\/el-periodismo-le-dice-basta-a-la-violencia-de-genero-en-el-obelisco\/#breadcrumb","itemListElement":[{"@type":"ListItem","position":1,"name":"Portada","item":"https:\/\/diariofemenino.com.ar\/df\/"},{"@type":"ListItem","position":2,"name":"El Periodismo le dice Basta a la Violencia de G\u00e9nero, en el Obelisco"}]},{"@type":"WebSite","@id":"https:\/\/diariofemenino.com.ar\/df\/#website","url":"https:\/\/diariofemenino.com.ar\/df\/","name":"Diario Digital Femenino","description":"Cuesti\u00f3n de G\u00e9nero","publisher":{"@id":"https:\/\/diariofemenino.com.ar\/df\/#organization"},"potentialAction":[{"@type":"SearchAction","target":{"@type":"EntryPoint","urlTemplate":"https:\/\/diariofemenino.com.ar\/df\/?s={search_term_string}"},"query-input":{"@type":"PropertyValueSpecification","valueRequired":true,"valueName":"search_term_string"}}],"inLanguage":"es"},{"@type":"Organization","@id":"https:\/\/diariofemenino.com.ar\/df\/#organization","name":"Diario Femenino","url":"https:\/\/diariofemenino.com.ar\/df\/","logo":{"@type":"ImageObject","inLanguage":"es","@id":"https:\/\/diariofemenino.com.ar\/df\/#\/schema\/logo\/image\/","url":"https:\/\/diariofemenino.com.ar\/df\/wp-content\/uploads\/2018\/10\/logo.png","contentUrl":"https:\/\/diariofemenino.com.ar\/df\/wp-content\/uploads\/2018\/10\/logo.png","width":500,"height":92,"caption":"Diario Femenino"},"image":{"@id":"https:\/\/diariofemenino.com.ar\/df\/#\/schema\/logo\/image\/"},"sameAs":["https:\/\/www.facebook.com\/DiarioDigitaFemenino\/","https:\/\/x.com\/DiarioFemenino1"]},{"@type":"Person","@id":"https:\/\/diariofemenino.com.ar\/df\/#\/schema\/person\/38f54b3bfd13f561de2460ba95c169c6","name":"Admin","image":{"@type":"ImageObject","inLanguage":"es","@id":"https:\/\/diariofemenino.com.ar\/df\/wp-content\/uploads\/2018\/12\/favicon-150x150.jpg","url":"https:\/\/diariofemenino.com.ar\/df\/wp-content\/uploads\/2018\/12\/favicon-150x150.jpg","contentUrl":"https:\/\/diariofemenino.com.ar\/df\/wp-content\/uploads\/2018\/12\/favicon-150x150.jpg","caption":"Admin"},"url":"https:\/\/diariofemenino.com.ar\/df\/author\/adm18df\/"}]}},"jetpack_featured_media_url":"","jetpack_sharing_enabled":true,"rttpg_featured_image_url":null,"rttpg_author":{"display_name":"Admin","author_link":"https:\/\/diariofemenino.com.ar\/df\/author\/adm18df\/"},"rttpg_comment":0,"rttpg_category":"<a href=\"https:\/\/diariofemenino.com.ar\/df\/category\/medios\/\" rel=\"category tag\">Medios<\/a> <a href=\"https:\/\/diariofemenino.com.ar\/df\/category\/noticias\/\" rel=\"category tag\">Noticias<\/a>","rttpg_excerpt":"&nbsp; &nbsp; Hoy es el d\u00eda del periodista, y no es casual que este haya sido el d\u00eda elegido para la convocatoria que Red PAR program\u00f3 en el Obelisco. Bajo el lema \u201cel periodismo le dice BASTA a la violencia de g\u00e9nero\u201d un grupo de colegas de distintos medios gr\u00e1ficos, digitales, televisivos y radiales dijeron&hellip;","_links":{"self":[{"href":"https:\/\/diariofemenino.com.ar\/df\/wp-json\/wp\/v2\/posts\/1823","targetHints":{"allow":["GET"]}}],"collection":[{"href":"https:\/\/diariofemenino.com.ar\/df\/wp-json\/wp\/v2\/posts"}],"about":[{"href":"https:\/\/diariofemenino.com.ar\/df\/wp-json\/wp\/v2\/types\/post"}],"author":[{"embeddable":true,"href":"https:\/\/diariofemenino.com.ar\/df\/wp-json\/wp\/v2\/users\/1"}],"replies":[{"embeddable":true,"href":"https:\/\/diariofemenino.com.ar\/df\/wp-json\/wp\/v2\/comments?post=1823"}],"version-history":[{"count":0,"href":"https:\/\/diariofemenino.com.ar\/df\/wp-json\/wp\/v2\/posts\/1823\/revisions"}],"wp:attachment":[{"href":"https:\/\/diariofemenino.com.ar\/df\/wp-json\/wp\/v2\/media?parent=1823"}],"wp:term":[{"taxonomy":"category","embeddable":true,"href":"https:\/\/diariofemenino.com.ar\/df\/wp-json\/wp\/v2\/categories?post=1823"},{"taxonomy":"post_tag","embeddable":true,"href":"https:\/\/diariofemenino.com.ar\/df\/wp-json\/wp\/v2\/tags?post=1823"}],"curies":[{"name":"wp","href":"https:\/\/api.w.org\/{rel}","templated":true}]}}