{"id":1820,"date":"2012-06-07T00:57:21","date_gmt":"2012-06-07T03:57:21","guid":{"rendered":"http:\/\/www.diariofemenino.com.ar\/?p=1820"},"modified":"2012-06-07T00:57:21","modified_gmt":"2012-06-07T03:57:21","slug":"evento-cultural-de-la-asamblea-general-de-las-naciones-unidas-destaco-los-esfuerzos-para-erradicar-la-violencia-contra-la-mujer","status":"publish","type":"post","link":"https:\/\/diariofemenino.com.ar\/df\/evento-cultural-de-la-asamblea-general-de-las-naciones-unidas-destaco-los-esfuerzos-para-erradicar-la-violencia-contra-la-mujer\/","title":{"rendered":"Evento cultural de la Asamblea General de las Naciones Unidas destac\u00f3 los esfuerzos para erradicar la violencia contra la mujer."},"content":{"rendered":"<div>\u00a0<\/div>\n<div>\n\u00a0<\/div>\n<div>Nueva York, 5 de junio &#8211;\u00a0 El Presidente de la Asamblea General, S.E. Sr. Nassir Abdulaziz Al-Nasser, organiz\u00f3 un evento Cultural Especial en la sala GA este mi\u00e9rcoles, presentando la Orquesta Filarm\u00f3nica de Qatar (QPO), con el objetivo de promover a ONU Mujeres y espec\u00edficamente impulsar el apoyo del Fondo Fiduciario de la ONU para erradicar la violencia contra las mujeres.<\/div>\n<div>\u00a0<\/div>\n<div>\u00a0<\/div>\n<div>El Presidente de la Asamblea General, Secretario General Ban Ki-moon y la Directora Ejecutiva de ONU Mujeres Se\u00f1ora Michelle Bachelet habl\u00f3 en el evento. Los Embajadores de Buena Voluntad Mira Sorvino y Nicole Kidman tambi\u00e9n hicieron contribuciones.<\/div>\n<div>\u00a0<\/div>\n<div>\u00a0<\/div>\n<div>Se estima que seis de cada diez mujeres en todo el mundo han experimentado violencia f\u00edsica o sexual, y ONU mujeres, el miembro m\u00e1s joven de la familia de las Naciones Unidas, administra el Fondo Fiduciario de la ONU para erradicar la violencia contra las mujeres. El Fondo proporciona subvenciones a iniciativas locales alrededor del mundo para ayudar a enfrentar esta pandemia de la violencia. Este a\u00f1o est\u00e1 centrando en apoyar los esfuerzos para ayudar a las mujeres y las ni\u00f1as en los conflictos, ajustes de transici\u00f3n post-conflictos y consolidaci\u00f3n.<\/div>\n<div>\u00a0<\/div>\n<div>\u00a0<\/div>\n<div>ONU Mujeres tambi\u00e9n coordina la campa\u00f1a del Secretario General de ONU UNITE para acabar con la violencia contra las mujeres para crear conciencia mundial y efectivizar un cambio de pol\u00edtica. El Presidente de la Asamblea General est\u00e1 pidiendo esfuerzos concertados por todas las partes interesadas para que aborden este problema.<\/div>\n<div>\u00a0<\/div>\n<div>\u00a0<\/div>\n<div>La Fundaci\u00f3n Qatar, presidida por su Alteza Sheikha Moza bint Nassser, que patrocina el evento con el estado de Qatar, est\u00e1 trabajando incansablemente para mejorar las vidas de las mujeres del mundo, a trav\u00e9s de la educaci\u00f3n, potenciaci\u00f3n de la mujer y por abordar temas que van desde la explotaci\u00f3n sexual y Trata de seres humanos a la erradicaci\u00f3n de la pobreza y el hambre que enfrentan las mujeres rurales.<\/div>\n<div>\u00a0<\/div>\n<div>\u00a0<\/div>\n<div>La ocasi\u00f3n servi\u00f3 tambi\u00e9n como una celebraci\u00f3n del sexag\u00e9simo sexto per\u00edodo de sesiones de la Asamblea General bajo la Presidencia de H.E. Sr. Nassir Abdulaziz Al-Nasser, cuyo per\u00edodo ha sido testigo de acontecimientos cr\u00edticos e hist\u00f3ricos en el Oriente Medio y \u00c1frica del Norte, como tambi\u00e9n de los esfuerzos para impulsar la recuperaci\u00f3n econ\u00f3mica mundial y promover una agenda de desarrollo m\u00e1s sustentable para nuestro planeta.<\/div>\n<div>\u00a0<\/div>\n<div>\u00a0<\/div>\n<div><strong>Versi\u00f3n en Ingl\u00e9s.<\/strong><\/div>\n<div>\u00a0<\/div>\n<div>UN General Assembly cultural event will spotlight efforts to end violence against women<\/div>\n<div>\u00a0<\/div>\n<div>New York,\u00a0 \u2014 The President of the General Assembly, H.E. Mr. Nassir Abdulaziz Al-Nasser, is hosting a Special Cultural Event in the GA Hall on Wednesday, June 6th, featuring the Qatar Philharmonic Orchestra (QPO), with the aim of promoting UN Women and specifically boosting support for the UN Trust Fund to End Violence against Women.<\/div>\n<div>\u00a0<\/div>\n<div>\u00a0<\/div>\n<div>The President of the General Assembly, Secretary-General Ban Ki-moon, and UN Women Executive Director Madame Michelle Bachelet will all speak at the event. UN Goodwill Ambassadors Mira Sorvino and Nicole Kidman will also make contributions.<\/div>\n<div>\u00a0<\/div>\n<div>\u00a0<\/div>\n<div>It is estimated that as many as six out of ten women worldwide have experienced physical or sexual violence, and UN Women, the youngest member of the UN family, manages the UN Trust Fund to End Violence against Women. The fund provides grants to local initiatives around the world to help address this pandemic of violence. This year it is focusing on supporting efforts to help women and girls in conflict, post-conflict and transitional settings.<\/div>\n<div>\u00a0<\/div>\n<div>\u00a0<\/div>\n<div>UN Women also coordinates the UN Secretary-General campaign UNiTE to End Violence against Women to raise global awareness and affect policy change. The President of the General Assembly is calling for concerted efforts by all stakeholders to address this problem.<\/div>\n<div>\u00a0<\/div>\n<div>\u00a0<\/div>\n<div id=\"yui_3_2_0_1_1339039803400112\">Qatar Foundation, chaired by Her Highness Sheikha Moza bint Nassser, who is co-sponsoring the event with the State of Qatar, is working tirelessly to improve the lives of women around the globe, through education, empowerment of women and by addressing issues ranging from human trafficking and sexual exploitation to the eradication of poverty and hunger faced by rural women.<\/div>\n<div>\u00a0<\/div>\n<div>\u00a0<\/div>\n<div>The occasion will also serve as a celebration of the Sixty-Sixth Session of the General Assembly under the presidency of H.E. Mr. Nassir Abdulaziz Al-Nasser, whose tenure has witnessed critical and historic events in the Middle East and North Africa, as well efforts to boost global economic recovery and promote a better sustainable development agenda for our planet.<\/div>\n<div>\u00a0<\/div>\n<div>Fuente: <a href=\"http:\/\/www.unwomen.org\/2012\/06\/un-general-assembly-cultural-event-will-spotlight-efforts-to-end-violence-against-women\/\">UN Women<\/a><\/div>\n","protected":false},"excerpt":{"rendered":"<p>\u00a0 \u00a0 Nueva York, 5 de junio &#8211;\u00a0 El Presidente de la Asamblea General, S.E. Sr. Nassir Abdulaziz Al-Nasser, organiz\u00f3 un evento Cultural Especial en la sala GA este mi\u00e9rcoles, presentando la Orquesta Filarm\u00f3nica de Qatar (QPO), con el objetivo de promover a ONU Mujeres y espec\u00edficamente impulsar el apoyo del Fondo Fiduciario de la [&hellip;]<\/p>\n","protected":false},"author":1,"featured_media":0,"comment_status":"open","ping_status":"open","sticky":false,"template":"","format":"standard","meta":{"iawp_total_views":1,"footnotes":""},"categories":[3,4,13],"tags":[],"class_list":["post-1820","post","type-post","status-publish","format-standard","hentry","category-de-la-revolucion-al-reaprendizaje","category-medios","category-mujeres-sindicalistas"],"nelio_content":{"autoShareEndMode":"never","automationSources":{"useCustomSentences":false,"customSentences":[]},"efiAlt":"","efiUrl":"","followers":[],"highlights":[],"isAutoShareEnabled":true,"networkImageIds":[],"permalinkQueryArgs":[],"series":[],"suggestedReferences":[]},"yoast_head":"<!-- This site is optimized with the Yoast SEO plugin v27.5 - https:\/\/yoast.com\/product\/yoast-seo-wordpress\/ -->\n<title>Evento cultural de la Asamblea General de las Naciones Unidas destac\u00f3 los esfuerzos para erradicar la violencia contra la mujer. - Diario Digital Femenino<\/title>\n<meta name=\"robots\" content=\"index, follow, max-snippet:-1, max-image-preview:large, max-video-preview:-1\" \/>\n<link rel=\"canonical\" href=\"https:\/\/diariofemenino.com.ar\/df\/evento-cultural-de-la-asamblea-general-de-las-naciones-unidas-destaco-los-esfuerzos-para-erradicar-la-violencia-contra-la-mujer\/\" \/>\n<meta property=\"og:locale\" content=\"es_ES\" \/>\n<meta property=\"og:type\" content=\"article\" \/>\n<meta property=\"og:title\" content=\"Evento cultural de la Asamblea General de las Naciones Unidas destac\u00f3 los esfuerzos para erradicar la violencia contra la mujer. - Diario Digital Femenino\" \/>\n<meta property=\"og:description\" content=\"\u00a0 \u00a0 Nueva York, 5 de junio &#8211;\u00a0 El Presidente de la Asamblea General, S.E. Sr. Nassir Abdulaziz Al-Nasser, organiz\u00f3 un evento Cultural Especial en la sala GA este mi\u00e9rcoles, presentando la Orquesta Filarm\u00f3nica de Qatar (QPO), con el objetivo de promover a ONU Mujeres y espec\u00edficamente impulsar el apoyo del Fondo Fiduciario de la [&hellip;]\" \/>\n<meta property=\"og:url\" content=\"https:\/\/diariofemenino.com.ar\/df\/evento-cultural-de-la-asamblea-general-de-las-naciones-unidas-destaco-los-esfuerzos-para-erradicar-la-violencia-contra-la-mujer\/\" \/>\n<meta property=\"og:site_name\" content=\"Diario Digital Femenino\" \/>\n<meta property=\"article:publisher\" content=\"https:\/\/www.facebook.com\/DiarioDigitaFemenino\/\" \/>\n<meta property=\"article:published_time\" content=\"2012-06-07T03:57:21+00:00\" \/>\n<meta property=\"og:image\" content=\"https:\/\/diariofemenino.com.ar\/df\/wp-content\/uploads\/2016\/10\/logo-negro.png\" \/>\n\t<meta property=\"og:image:width\" content=\"855\" \/>\n\t<meta property=\"og:image:height\" content=\"319\" \/>\n\t<meta property=\"og:image:type\" content=\"image\/png\" \/>\n<meta name=\"author\" content=\"Admin\" \/>\n<meta name=\"twitter:card\" content=\"summary_large_image\" \/>\n<meta name=\"twitter:creator\" content=\"@DiarioFemenino1\" \/>\n<meta name=\"twitter:site\" content=\"@DiarioFemenino1\" \/>\n<meta name=\"twitter:label1\" content=\"Escrito por\" \/>\n\t<meta name=\"twitter:data1\" content=\"Admin\" \/>\n\t<meta name=\"twitter:label2\" content=\"Tiempo de lectura\" \/>\n\t<meta name=\"twitter:data2\" content=\"4 minutos\" \/>\n<script type=\"application\/ld+json\" class=\"yoast-schema-graph\">{\"@context\":\"https:\\\/\\\/schema.org\",\"@graph\":[{\"@type\":\"Article\",\"@id\":\"https:\\\/\\\/diariofemenino.com.ar\\\/df\\\/evento-cultural-de-la-asamblea-general-de-las-naciones-unidas-destaco-los-esfuerzos-para-erradicar-la-violencia-contra-la-mujer\\\/#article\",\"isPartOf\":{\"@id\":\"https:\\\/\\\/diariofemenino.com.ar\\\/df\\\/evento-cultural-de-la-asamblea-general-de-las-naciones-unidas-destaco-los-esfuerzos-para-erradicar-la-violencia-contra-la-mujer\\\/\"},\"author\":{\"name\":\"Admin\",\"@id\":\"https:\\\/\\\/diariofemenino.com.ar\\\/df\\\/#\\\/schema\\\/person\\\/38f54b3bfd13f561de2460ba95c169c6\"},\"headline\":\"Evento cultural de la Asamblea General de las Naciones Unidas destac\u00f3 los esfuerzos para erradicar la violencia contra la mujer.\",\"datePublished\":\"2012-06-07T03:57:21+00:00\",\"mainEntityOfPage\":{\"@id\":\"https:\\\/\\\/diariofemenino.com.ar\\\/df\\\/evento-cultural-de-la-asamblea-general-de-las-naciones-unidas-destaco-los-esfuerzos-para-erradicar-la-violencia-contra-la-mujer\\\/\"},\"wordCount\":771,\"commentCount\":0,\"publisher\":{\"@id\":\"https:\\\/\\\/diariofemenino.com.ar\\\/df\\\/#organization\"},\"articleSection\":[\"De la Revoluci\u00f3n al Reaprendizaje\",\"Medios\",\"Mujeres Sindicalistas\"],\"inLanguage\":\"es\",\"potentialAction\":[{\"@type\":\"CommentAction\",\"name\":\"Comment\",\"target\":[\"https:\\\/\\\/diariofemenino.com.ar\\\/df\\\/evento-cultural-de-la-asamblea-general-de-las-naciones-unidas-destaco-los-esfuerzos-para-erradicar-la-violencia-contra-la-mujer\\\/#respond\"]}]},{\"@type\":\"WebPage\",\"@id\":\"https:\\\/\\\/diariofemenino.com.ar\\\/df\\\/evento-cultural-de-la-asamblea-general-de-las-naciones-unidas-destaco-los-esfuerzos-para-erradicar-la-violencia-contra-la-mujer\\\/\",\"url\":\"https:\\\/\\\/diariofemenino.com.ar\\\/df\\\/evento-cultural-de-la-asamblea-general-de-las-naciones-unidas-destaco-los-esfuerzos-para-erradicar-la-violencia-contra-la-mujer\\\/\",\"name\":\"Evento cultural de la Asamblea General de las Naciones Unidas destac\u00f3 los esfuerzos para erradicar la violencia contra la mujer. - Diario Digital Femenino\",\"isPartOf\":{\"@id\":\"https:\\\/\\\/diariofemenino.com.ar\\\/df\\\/#website\"},\"datePublished\":\"2012-06-07T03:57:21+00:00\",\"breadcrumb\":{\"@id\":\"https:\\\/\\\/diariofemenino.com.ar\\\/df\\\/evento-cultural-de-la-asamblea-general-de-las-naciones-unidas-destaco-los-esfuerzos-para-erradicar-la-violencia-contra-la-mujer\\\/#breadcrumb\"},\"inLanguage\":\"es\",\"potentialAction\":[{\"@type\":\"ReadAction\",\"target\":[\"https:\\\/\\\/diariofemenino.com.ar\\\/df\\\/evento-cultural-de-la-asamblea-general-de-las-naciones-unidas-destaco-los-esfuerzos-para-erradicar-la-violencia-contra-la-mujer\\\/\"]}]},{\"@type\":\"BreadcrumbList\",\"@id\":\"https:\\\/\\\/diariofemenino.com.ar\\\/df\\\/evento-cultural-de-la-asamblea-general-de-las-naciones-unidas-destaco-los-esfuerzos-para-erradicar-la-violencia-contra-la-mujer\\\/#breadcrumb\",\"itemListElement\":[{\"@type\":\"ListItem\",\"position\":1,\"name\":\"Portada\",\"item\":\"https:\\\/\\\/diariofemenino.com.ar\\\/df\\\/\"},{\"@type\":\"ListItem\",\"position\":2,\"name\":\"Evento cultural de la Asamblea General de las Naciones Unidas destac\u00f3 los esfuerzos para erradicar la violencia contra la mujer.\"}]},{\"@type\":\"WebSite\",\"@id\":\"https:\\\/\\\/diariofemenino.com.ar\\\/df\\\/#website\",\"url\":\"https:\\\/\\\/diariofemenino.com.ar\\\/df\\\/\",\"name\":\"Diario Digital Femenino\",\"description\":\"Cuesti\u00f3n de G\u00e9nero\",\"publisher\":{\"@id\":\"https:\\\/\\\/diariofemenino.com.ar\\\/df\\\/#organization\"},\"potentialAction\":[{\"@type\":\"SearchAction\",\"target\":{\"@type\":\"EntryPoint\",\"urlTemplate\":\"https:\\\/\\\/diariofemenino.com.ar\\\/df\\\/?s={search_term_string}\"},\"query-input\":{\"@type\":\"PropertyValueSpecification\",\"valueRequired\":true,\"valueName\":\"search_term_string\"}}],\"inLanguage\":\"es\"},{\"@type\":\"Organization\",\"@id\":\"https:\\\/\\\/diariofemenino.com.ar\\\/df\\\/#organization\",\"name\":\"Diario Femenino\",\"url\":\"https:\\\/\\\/diariofemenino.com.ar\\\/df\\\/\",\"logo\":{\"@type\":\"ImageObject\",\"inLanguage\":\"es\",\"@id\":\"https:\\\/\\\/diariofemenino.com.ar\\\/df\\\/#\\\/schema\\\/logo\\\/image\\\/\",\"url\":\"https:\\\/\\\/diariofemenino.com.ar\\\/df\\\/wp-content\\\/uploads\\\/2018\\\/10\\\/logo.png\",\"contentUrl\":\"https:\\\/\\\/diariofemenino.com.ar\\\/df\\\/wp-content\\\/uploads\\\/2018\\\/10\\\/logo.png\",\"width\":500,\"height\":92,\"caption\":\"Diario Femenino\"},\"image\":{\"@id\":\"https:\\\/\\\/diariofemenino.com.ar\\\/df\\\/#\\\/schema\\\/logo\\\/image\\\/\"},\"sameAs\":[\"https:\\\/\\\/www.facebook.com\\\/DiarioDigitaFemenino\\\/\",\"https:\\\/\\\/x.com\\\/DiarioFemenino1\"]},{\"@type\":\"Person\",\"@id\":\"https:\\\/\\\/diariofemenino.com.ar\\\/df\\\/#\\\/schema\\\/person\\\/38f54b3bfd13f561de2460ba95c169c6\",\"name\":\"Admin\",\"image\":{\"@type\":\"ImageObject\",\"inLanguage\":\"es\",\"@id\":\"https:\\\/\\\/diariofemenino.com.ar\\\/df\\\/wp-content\\\/uploads\\\/2018\\\/12\\\/favicon-150x150.jpg\",\"url\":\"https:\\\/\\\/diariofemenino.com.ar\\\/df\\\/wp-content\\\/uploads\\\/2018\\\/12\\\/favicon-150x150.jpg\",\"contentUrl\":\"https:\\\/\\\/diariofemenino.com.ar\\\/df\\\/wp-content\\\/uploads\\\/2018\\\/12\\\/favicon-150x150.jpg\",\"caption\":\"Admin\"},\"url\":\"https:\\\/\\\/diariofemenino.com.ar\\\/df\\\/author\\\/adm18df\\\/\"}]}<\/script>\n<!-- \/ Yoast SEO plugin. -->","yoast_head_json":{"title":"Evento cultural de la Asamblea General de las Naciones Unidas destac\u00f3 los esfuerzos para erradicar la violencia contra la mujer. - Diario Digital Femenino","robots":{"index":"index","follow":"follow","max-snippet":"max-snippet:-1","max-image-preview":"max-image-preview:large","max-video-preview":"max-video-preview:-1"},"canonical":"https:\/\/diariofemenino.com.ar\/df\/evento-cultural-de-la-asamblea-general-de-las-naciones-unidas-destaco-los-esfuerzos-para-erradicar-la-violencia-contra-la-mujer\/","og_locale":"es_ES","og_type":"article","og_title":"Evento cultural de la Asamblea General de las Naciones Unidas destac\u00f3 los esfuerzos para erradicar la violencia contra la mujer. - Diario Digital Femenino","og_description":"\u00a0 \u00a0 Nueva York, 5 de junio &#8211;\u00a0 El Presidente de la Asamblea General, S.E. Sr. Nassir Abdulaziz Al-Nasser, organiz\u00f3 un evento Cultural Especial en la sala GA este mi\u00e9rcoles, presentando la Orquesta Filarm\u00f3nica de Qatar (QPO), con el objetivo de promover a ONU Mujeres y espec\u00edficamente impulsar el apoyo del Fondo Fiduciario de la [&hellip;]","og_url":"https:\/\/diariofemenino.com.ar\/df\/evento-cultural-de-la-asamblea-general-de-las-naciones-unidas-destaco-los-esfuerzos-para-erradicar-la-violencia-contra-la-mujer\/","og_site_name":"Diario Digital Femenino","article_publisher":"https:\/\/www.facebook.com\/DiarioDigitaFemenino\/","article_published_time":"2012-06-07T03:57:21+00:00","og_image":[{"width":855,"height":319,"url":"https:\/\/diariofemenino.com.ar\/df\/wp-content\/uploads\/2016\/10\/logo-negro.png","type":"image\/png"}],"author":"Admin","twitter_card":"summary_large_image","twitter_creator":"@DiarioFemenino1","twitter_site":"@DiarioFemenino1","twitter_misc":{"Escrito por":"Admin","Tiempo de lectura":"4 minutos"},"schema":{"@context":"https:\/\/schema.org","@graph":[{"@type":"Article","@id":"https:\/\/diariofemenino.com.ar\/df\/evento-cultural-de-la-asamblea-general-de-las-naciones-unidas-destaco-los-esfuerzos-para-erradicar-la-violencia-contra-la-mujer\/#article","isPartOf":{"@id":"https:\/\/diariofemenino.com.ar\/df\/evento-cultural-de-la-asamblea-general-de-las-naciones-unidas-destaco-los-esfuerzos-para-erradicar-la-violencia-contra-la-mujer\/"},"author":{"name":"Admin","@id":"https:\/\/diariofemenino.com.ar\/df\/#\/schema\/person\/38f54b3bfd13f561de2460ba95c169c6"},"headline":"Evento cultural de la Asamblea General de las Naciones Unidas destac\u00f3 los esfuerzos para erradicar la violencia contra la mujer.","datePublished":"2012-06-07T03:57:21+00:00","mainEntityOfPage":{"@id":"https:\/\/diariofemenino.com.ar\/df\/evento-cultural-de-la-asamblea-general-de-las-naciones-unidas-destaco-los-esfuerzos-para-erradicar-la-violencia-contra-la-mujer\/"},"wordCount":771,"commentCount":0,"publisher":{"@id":"https:\/\/diariofemenino.com.ar\/df\/#organization"},"articleSection":["De la Revoluci\u00f3n al Reaprendizaje","Medios","Mujeres Sindicalistas"],"inLanguage":"es","potentialAction":[{"@type":"CommentAction","name":"Comment","target":["https:\/\/diariofemenino.com.ar\/df\/evento-cultural-de-la-asamblea-general-de-las-naciones-unidas-destaco-los-esfuerzos-para-erradicar-la-violencia-contra-la-mujer\/#respond"]}]},{"@type":"WebPage","@id":"https:\/\/diariofemenino.com.ar\/df\/evento-cultural-de-la-asamblea-general-de-las-naciones-unidas-destaco-los-esfuerzos-para-erradicar-la-violencia-contra-la-mujer\/","url":"https:\/\/diariofemenino.com.ar\/df\/evento-cultural-de-la-asamblea-general-de-las-naciones-unidas-destaco-los-esfuerzos-para-erradicar-la-violencia-contra-la-mujer\/","name":"Evento cultural de la Asamblea General de las Naciones Unidas destac\u00f3 los esfuerzos para erradicar la violencia contra la mujer. - Diario Digital Femenino","isPartOf":{"@id":"https:\/\/diariofemenino.com.ar\/df\/#website"},"datePublished":"2012-06-07T03:57:21+00:00","breadcrumb":{"@id":"https:\/\/diariofemenino.com.ar\/df\/evento-cultural-de-la-asamblea-general-de-las-naciones-unidas-destaco-los-esfuerzos-para-erradicar-la-violencia-contra-la-mujer\/#breadcrumb"},"inLanguage":"es","potentialAction":[{"@type":"ReadAction","target":["https:\/\/diariofemenino.com.ar\/df\/evento-cultural-de-la-asamblea-general-de-las-naciones-unidas-destaco-los-esfuerzos-para-erradicar-la-violencia-contra-la-mujer\/"]}]},{"@type":"BreadcrumbList","@id":"https:\/\/diariofemenino.com.ar\/df\/evento-cultural-de-la-asamblea-general-de-las-naciones-unidas-destaco-los-esfuerzos-para-erradicar-la-violencia-contra-la-mujer\/#breadcrumb","itemListElement":[{"@type":"ListItem","position":1,"name":"Portada","item":"https:\/\/diariofemenino.com.ar\/df\/"},{"@type":"ListItem","position":2,"name":"Evento cultural de la Asamblea General de las Naciones Unidas destac\u00f3 los esfuerzos para erradicar la violencia contra la mujer."}]},{"@type":"WebSite","@id":"https:\/\/diariofemenino.com.ar\/df\/#website","url":"https:\/\/diariofemenino.com.ar\/df\/","name":"Diario Digital Femenino","description":"Cuesti\u00f3n de G\u00e9nero","publisher":{"@id":"https:\/\/diariofemenino.com.ar\/df\/#organization"},"potentialAction":[{"@type":"SearchAction","target":{"@type":"EntryPoint","urlTemplate":"https:\/\/diariofemenino.com.ar\/df\/?s={search_term_string}"},"query-input":{"@type":"PropertyValueSpecification","valueRequired":true,"valueName":"search_term_string"}}],"inLanguage":"es"},{"@type":"Organization","@id":"https:\/\/diariofemenino.com.ar\/df\/#organization","name":"Diario Femenino","url":"https:\/\/diariofemenino.com.ar\/df\/","logo":{"@type":"ImageObject","inLanguage":"es","@id":"https:\/\/diariofemenino.com.ar\/df\/#\/schema\/logo\/image\/","url":"https:\/\/diariofemenino.com.ar\/df\/wp-content\/uploads\/2018\/10\/logo.png","contentUrl":"https:\/\/diariofemenino.com.ar\/df\/wp-content\/uploads\/2018\/10\/logo.png","width":500,"height":92,"caption":"Diario Femenino"},"image":{"@id":"https:\/\/diariofemenino.com.ar\/df\/#\/schema\/logo\/image\/"},"sameAs":["https:\/\/www.facebook.com\/DiarioDigitaFemenino\/","https:\/\/x.com\/DiarioFemenino1"]},{"@type":"Person","@id":"https:\/\/diariofemenino.com.ar\/df\/#\/schema\/person\/38f54b3bfd13f561de2460ba95c169c6","name":"Admin","image":{"@type":"ImageObject","inLanguage":"es","@id":"https:\/\/diariofemenino.com.ar\/df\/wp-content\/uploads\/2018\/12\/favicon-150x150.jpg","url":"https:\/\/diariofemenino.com.ar\/df\/wp-content\/uploads\/2018\/12\/favicon-150x150.jpg","contentUrl":"https:\/\/diariofemenino.com.ar\/df\/wp-content\/uploads\/2018\/12\/favicon-150x150.jpg","caption":"Admin"},"url":"https:\/\/diariofemenino.com.ar\/df\/author\/adm18df\/"}]}},"jetpack_featured_media_url":"","jetpack_sharing_enabled":true,"rttpg_featured_image_url":null,"rttpg_author":{"display_name":"Admin","author_link":"https:\/\/diariofemenino.com.ar\/df\/author\/adm18df\/"},"rttpg_comment":0,"rttpg_category":"<a href=\"https:\/\/diariofemenino.com.ar\/df\/category\/de-la-revolucion-al-reaprendizaje\/\" rel=\"category tag\">De la Revoluci\u00f3n al Reaprendizaje<\/a> <a href=\"https:\/\/diariofemenino.com.ar\/df\/category\/medios\/\" rel=\"category tag\">Medios<\/a> <a href=\"https:\/\/diariofemenino.com.ar\/df\/category\/mujeres-sindicalistas\/\" rel=\"category tag\">Mujeres Sindicalistas<\/a>","rttpg_excerpt":"\u00a0 \u00a0 Nueva York, 5 de junio &#8211;\u00a0 El Presidente de la Asamblea General, S.E. Sr. Nassir Abdulaziz Al-Nasser, organiz\u00f3 un evento Cultural Especial en la sala GA este mi\u00e9rcoles, presentando la Orquesta Filarm\u00f3nica de Qatar (QPO), con el objetivo de promover a ONU Mujeres y espec\u00edficamente impulsar el apoyo del Fondo Fiduciario de la&hellip;","_links":{"self":[{"href":"https:\/\/diariofemenino.com.ar\/df\/wp-json\/wp\/v2\/posts\/1820","targetHints":{"allow":["GET"]}}],"collection":[{"href":"https:\/\/diariofemenino.com.ar\/df\/wp-json\/wp\/v2\/posts"}],"about":[{"href":"https:\/\/diariofemenino.com.ar\/df\/wp-json\/wp\/v2\/types\/post"}],"author":[{"embeddable":true,"href":"https:\/\/diariofemenino.com.ar\/df\/wp-json\/wp\/v2\/users\/1"}],"replies":[{"embeddable":true,"href":"https:\/\/diariofemenino.com.ar\/df\/wp-json\/wp\/v2\/comments?post=1820"}],"version-history":[{"count":0,"href":"https:\/\/diariofemenino.com.ar\/df\/wp-json\/wp\/v2\/posts\/1820\/revisions"}],"wp:attachment":[{"href":"https:\/\/diariofemenino.com.ar\/df\/wp-json\/wp\/v2\/media?parent=1820"}],"wp:term":[{"taxonomy":"category","embeddable":true,"href":"https:\/\/diariofemenino.com.ar\/df\/wp-json\/wp\/v2\/categories?post=1820"},{"taxonomy":"post_tag","embeddable":true,"href":"https:\/\/diariofemenino.com.ar\/df\/wp-json\/wp\/v2\/tags?post=1820"}],"curies":[{"name":"wp","href":"https:\/\/api.w.org\/{rel}","templated":true}]}}