{"id":1801,"date":"2012-06-06T20:36:22","date_gmt":"2012-06-06T23:36:22","guid":{"rendered":"http:\/\/www.diariofemenino.com.ar\/?p=1801"},"modified":"2012-06-06T20:36:22","modified_gmt":"2012-06-06T23:36:22","slug":"integrantes-de-la-red-par-distinguidas-por-su-labor-contra-la-trata-de-personas","status":"publish","type":"post","link":"https:\/\/diariofemenino.com.ar\/df\/integrantes-de-la-red-par-distinguidas-por-su-labor-contra-la-trata-de-personas\/","title":{"rendered":"Integrantes de la Red PAR distinguidas por su labor contra la Trata de Personas"},"content":{"rendered":"<p>&nbsp;<br \/>\n&nbsp;<br \/>\n<em>Las periodistas M\u00f3nica Molina y Mariana Carbajal\u00a0integrantes de la Red PAR\u00a0\u00a0fueron distinguidas <\/em><em>en entre otrxs, en la\u00a0quinta entrega de distinciones de la Campa\u00f1a Abolicionista \u201cNi una mujer m\u00e1s v\u00edctima de las redes de prostituci\u00f3n\u201d<br \/>\n<\/em><br \/>\n<em><a href=\"http:\/\/www.diariofemenino.com.ar\/wp-content\/uploads\/Monica-Mariana.jpg\"><img loading=\"lazy\" decoding=\"async\" class=\"alignnone size-full wp-image-1802\" title=\"Monica-Mariana\" src=\"http:\/\/www.diariofemenino.com.ar\/wp-content\/uploads\/Monica-Mariana.jpg\" alt=\"\" width=\"632\" height=\"259\" \/><\/a><\/em><\/p>\n<h2>Lucha contra la trata<\/h2>\n<p>La Campa\u00f1a Abolicionista \u201cNi una mujer m\u00e1s v\u00edctima de las redes de prostituci\u00f3n\u201d, que enlaza a distintas organizaciones de la sociedad civil del pa\u00eds, conmemor\u00f3 ayer su quinto aniversario con la entrega de distinciones a personas y organizaciones por su compromiso con la lucha contra la explotaci\u00f3n sexual de mujeres y ni\u00f1as y contra la trata, entre ellas a la diputada nacional <strong>Marcela Rodr\u00edguez<\/strong>, a las periodistas <strong>Liliana Daunes<\/strong> (Radio Nacional) y <strong>Mariana Carbajal<\/strong> (P\u00e1gina\/12); al equipo de la <strong>Unidad Fiscal Especializada en Trata<\/strong> (Ufase) a cargo de <strong>Marcelo Colombo<\/strong>; a la ex directora de G\u00e9nero de la ciudad de Santa Rosa, La Pampa, <strong>M\u00f3nica Molina<\/strong>; a la diputada porte\u00f1a <strong>Mar\u00eda Elena Naddeo<\/strong>; a la <strong>Cooperativa de trabajo Nadia Echaz\u00fa<\/strong>, fundada por <strong>Lohana Berkins<\/strong>, de la Asociaci\u00f3n de Lucha por la Identidad Travesti y TransexualAlitt; a <strong>Susana Trimarco<\/strong> y a la organizaci\u00f3n<strong> Infancia Robada<\/strong>, que encabeza la hermana <strong>Martha Pelloni<\/strong>, entre otras ONG.<\/p>\n<div id=\"cuerpo\">\nLa ceremonia se realiz\u00f3 en el Hotel Bauen, en cuyo hall qued\u00f3 inaugurada la muestra fotogr\u00e1fica de Salvador Batalla La ruta de la explotaci\u00f3n sexual. La obra muestra el camino que incita al comercio sexual y que es visto a los ojos de la sociedad, la polic\u00eda, la Justicia y la pol\u00edtica como natural cuando en realidad se le pone precio al cuerpo.<br \/>\nAlgunas de las entidades convocantes de la Campa\u00f1a Abolicionista son ATEM 25 de Noviembre, Red No a La Trata, Seminario de DD.HH. con perspectiva de g\u00e9nero, de la Facultad de Filosof\u00eda y Letras (UBA); CATW-Argentina, Feministas en Acci\u00f3n, Mujeres del Peri\u00f3dico El Espejo, Mujer\u00edo (programa de radio), Maestr\u00eda y especializaci\u00f3n en Estudios de Familia (Unsam), Mujeres Libres, Taller permanente de la Mujer-Librer\u00eda de Mujeres y Ammar Capital.\n<\/div>\n<p>Fuente del art\u00edculo: <a href=\"http:\/\/www.pagina12.com.ar\/diario\/sociedad\/3-195636-2012-06-05.html\">P\u00e1gina12<\/a><\/p>\n<div><\/div>\n","protected":false},"excerpt":{"rendered":"<p>&nbsp; &nbsp; Las periodistas M\u00f3nica Molina y Mariana Carbajal\u00a0integrantes de la Red PAR\u00a0\u00a0fueron distinguidas en entre otrxs, en la\u00a0quinta entrega de distinciones de la Campa\u00f1a Abolicionista \u201cNi una mujer m\u00e1s v\u00edctima de las redes de prostituci\u00f3n\u201d Lucha contra la trata La Campa\u00f1a Abolicionista \u201cNi una mujer m\u00e1s v\u00edctima de las redes de prostituci\u00f3n\u201d, que enlaza [&hellip;]<\/p>\n","protected":false},"author":1,"featured_media":0,"comment_status":"open","ping_status":"open","sticky":false,"template":"","format":"standard","meta":{"iawp_total_views":3,"footnotes":""},"categories":[4],"tags":[],"class_list":["post-1801","post","type-post","status-publish","format-standard","hentry","category-medios"],"nelio_content":{"autoShareEndMode":"never","automationSources":{"useCustomSentences":false,"customSentences":[]},"efiAlt":"","efiUrl":"","followers":[],"highlights":[],"isAutoShareEnabled":true,"networkImageIds":[],"permalinkQueryArgs":[],"series":[],"suggestedReferences":[]},"yoast_head":"<!-- This site is optimized with the Yoast SEO plugin v27.5 - https:\/\/yoast.com\/product\/yoast-seo-wordpress\/ -->\n<title>Integrantes de la Red PAR distinguidas por su labor contra la Trata de Personas - Diario Digital Femenino<\/title>\n<meta name=\"robots\" content=\"index, follow, max-snippet:-1, max-image-preview:large, max-video-preview:-1\" \/>\n<link rel=\"canonical\" href=\"https:\/\/diariofemenino.com.ar\/df\/integrantes-de-la-red-par-distinguidas-por-su-labor-contra-la-trata-de-personas\/\" \/>\n<meta property=\"og:locale\" content=\"es_ES\" \/>\n<meta property=\"og:type\" content=\"article\" \/>\n<meta property=\"og:title\" content=\"Integrantes de la Red PAR distinguidas por su labor contra la Trata de Personas - Diario Digital Femenino\" \/>\n<meta property=\"og:description\" content=\"&nbsp; &nbsp; Las periodistas M\u00f3nica Molina y Mariana Carbajal\u00a0integrantes de la Red PAR\u00a0\u00a0fueron distinguidas en entre otrxs, en la\u00a0quinta entrega de distinciones de la Campa\u00f1a Abolicionista \u201cNi una mujer m\u00e1s v\u00edctima de las redes de prostituci\u00f3n\u201d Lucha contra la trata La Campa\u00f1a Abolicionista \u201cNi una mujer m\u00e1s v\u00edctima de las redes de prostituci\u00f3n\u201d, que enlaza [&hellip;]\" \/>\n<meta property=\"og:url\" content=\"https:\/\/diariofemenino.com.ar\/df\/integrantes-de-la-red-par-distinguidas-por-su-labor-contra-la-trata-de-personas\/\" \/>\n<meta property=\"og:site_name\" content=\"Diario Digital Femenino\" \/>\n<meta property=\"article:publisher\" content=\"https:\/\/www.facebook.com\/DiarioDigitaFemenino\/\" \/>\n<meta property=\"article:published_time\" content=\"2012-06-06T23:36:22+00:00\" \/>\n<meta property=\"og:image\" content=\"http:\/\/www.diariofemenino.com.ar\/wp-content\/uploads\/Monica-Mariana.jpg\" \/>\n<meta name=\"author\" content=\"Admin\" \/>\n<meta name=\"twitter:card\" content=\"summary_large_image\" \/>\n<meta name=\"twitter:creator\" content=\"@DiarioFemenino1\" \/>\n<meta name=\"twitter:site\" content=\"@DiarioFemenino1\" \/>\n<meta name=\"twitter:label1\" content=\"Escrito por\" \/>\n\t<meta name=\"twitter:data1\" content=\"Admin\" \/>\n\t<meta name=\"twitter:label2\" content=\"Tiempo de lectura\" \/>\n\t<meta name=\"twitter:data2\" content=\"2 minutos\" \/>\n<script type=\"application\/ld+json\" class=\"yoast-schema-graph\">{\"@context\":\"https:\\\/\\\/schema.org\",\"@graph\":[{\"@type\":\"Article\",\"@id\":\"https:\\\/\\\/diariofemenino.com.ar\\\/df\\\/integrantes-de-la-red-par-distinguidas-por-su-labor-contra-la-trata-de-personas\\\/#article\",\"isPartOf\":{\"@id\":\"https:\\\/\\\/diariofemenino.com.ar\\\/df\\\/integrantes-de-la-red-par-distinguidas-por-su-labor-contra-la-trata-de-personas\\\/\"},\"author\":{\"name\":\"Admin\",\"@id\":\"https:\\\/\\\/diariofemenino.com.ar\\\/df\\\/#\\\/schema\\\/person\\\/38f54b3bfd13f561de2460ba95c169c6\"},\"headline\":\"Integrantes de la Red PAR distinguidas por su labor contra la Trata de Personas\",\"datePublished\":\"2012-06-06T23:36:22+00:00\",\"mainEntityOfPage\":{\"@id\":\"https:\\\/\\\/diariofemenino.com.ar\\\/df\\\/integrantes-de-la-red-par-distinguidas-por-su-labor-contra-la-trata-de-personas\\\/\"},\"wordCount\":379,\"commentCount\":0,\"publisher\":{\"@id\":\"https:\\\/\\\/diariofemenino.com.ar\\\/df\\\/#organization\"},\"image\":{\"@id\":\"https:\\\/\\\/diariofemenino.com.ar\\\/df\\\/integrantes-de-la-red-par-distinguidas-por-su-labor-contra-la-trata-de-personas\\\/#primaryimage\"},\"thumbnailUrl\":\"http:\\\/\\\/www.diariofemenino.com.ar\\\/wp-content\\\/uploads\\\/Monica-Mariana.jpg\",\"articleSection\":[\"Medios\"],\"inLanguage\":\"es\",\"potentialAction\":[{\"@type\":\"CommentAction\",\"name\":\"Comment\",\"target\":[\"https:\\\/\\\/diariofemenino.com.ar\\\/df\\\/integrantes-de-la-red-par-distinguidas-por-su-labor-contra-la-trata-de-personas\\\/#respond\"]}]},{\"@type\":\"WebPage\",\"@id\":\"https:\\\/\\\/diariofemenino.com.ar\\\/df\\\/integrantes-de-la-red-par-distinguidas-por-su-labor-contra-la-trata-de-personas\\\/\",\"url\":\"https:\\\/\\\/diariofemenino.com.ar\\\/df\\\/integrantes-de-la-red-par-distinguidas-por-su-labor-contra-la-trata-de-personas\\\/\",\"name\":\"Integrantes de la Red PAR distinguidas por su labor contra la Trata de Personas - Diario Digital Femenino\",\"isPartOf\":{\"@id\":\"https:\\\/\\\/diariofemenino.com.ar\\\/df\\\/#website\"},\"primaryImageOfPage\":{\"@id\":\"https:\\\/\\\/diariofemenino.com.ar\\\/df\\\/integrantes-de-la-red-par-distinguidas-por-su-labor-contra-la-trata-de-personas\\\/#primaryimage\"},\"image\":{\"@id\":\"https:\\\/\\\/diariofemenino.com.ar\\\/df\\\/integrantes-de-la-red-par-distinguidas-por-su-labor-contra-la-trata-de-personas\\\/#primaryimage\"},\"thumbnailUrl\":\"http:\\\/\\\/www.diariofemenino.com.ar\\\/wp-content\\\/uploads\\\/Monica-Mariana.jpg\",\"datePublished\":\"2012-06-06T23:36:22+00:00\",\"breadcrumb\":{\"@id\":\"https:\\\/\\\/diariofemenino.com.ar\\\/df\\\/integrantes-de-la-red-par-distinguidas-por-su-labor-contra-la-trata-de-personas\\\/#breadcrumb\"},\"inLanguage\":\"es\",\"potentialAction\":[{\"@type\":\"ReadAction\",\"target\":[\"https:\\\/\\\/diariofemenino.com.ar\\\/df\\\/integrantes-de-la-red-par-distinguidas-por-su-labor-contra-la-trata-de-personas\\\/\"]}]},{\"@type\":\"ImageObject\",\"inLanguage\":\"es\",\"@id\":\"https:\\\/\\\/diariofemenino.com.ar\\\/df\\\/integrantes-de-la-red-par-distinguidas-por-su-labor-contra-la-trata-de-personas\\\/#primaryimage\",\"url\":\"http:\\\/\\\/www.diariofemenino.com.ar\\\/wp-content\\\/uploads\\\/Monica-Mariana.jpg\",\"contentUrl\":\"http:\\\/\\\/www.diariofemenino.com.ar\\\/wp-content\\\/uploads\\\/Monica-Mariana.jpg\"},{\"@type\":\"BreadcrumbList\",\"@id\":\"https:\\\/\\\/diariofemenino.com.ar\\\/df\\\/integrantes-de-la-red-par-distinguidas-por-su-labor-contra-la-trata-de-personas\\\/#breadcrumb\",\"itemListElement\":[{\"@type\":\"ListItem\",\"position\":1,\"name\":\"Portada\",\"item\":\"https:\\\/\\\/diariofemenino.com.ar\\\/df\\\/\"},{\"@type\":\"ListItem\",\"position\":2,\"name\":\"Integrantes de la Red PAR distinguidas por su labor contra la Trata de Personas\"}]},{\"@type\":\"WebSite\",\"@id\":\"https:\\\/\\\/diariofemenino.com.ar\\\/df\\\/#website\",\"url\":\"https:\\\/\\\/diariofemenino.com.ar\\\/df\\\/\",\"name\":\"Diario Digital Femenino\",\"description\":\"Cuesti\u00f3n de G\u00e9nero\",\"publisher\":{\"@id\":\"https:\\\/\\\/diariofemenino.com.ar\\\/df\\\/#organization\"},\"potentialAction\":[{\"@type\":\"SearchAction\",\"target\":{\"@type\":\"EntryPoint\",\"urlTemplate\":\"https:\\\/\\\/diariofemenino.com.ar\\\/df\\\/?s={search_term_string}\"},\"query-input\":{\"@type\":\"PropertyValueSpecification\",\"valueRequired\":true,\"valueName\":\"search_term_string\"}}],\"inLanguage\":\"es\"},{\"@type\":\"Organization\",\"@id\":\"https:\\\/\\\/diariofemenino.com.ar\\\/df\\\/#organization\",\"name\":\"Diario Femenino\",\"url\":\"https:\\\/\\\/diariofemenino.com.ar\\\/df\\\/\",\"logo\":{\"@type\":\"ImageObject\",\"inLanguage\":\"es\",\"@id\":\"https:\\\/\\\/diariofemenino.com.ar\\\/df\\\/#\\\/schema\\\/logo\\\/image\\\/\",\"url\":\"https:\\\/\\\/diariofemenino.com.ar\\\/df\\\/wp-content\\\/uploads\\\/2018\\\/10\\\/logo.png\",\"contentUrl\":\"https:\\\/\\\/diariofemenino.com.ar\\\/df\\\/wp-content\\\/uploads\\\/2018\\\/10\\\/logo.png\",\"width\":500,\"height\":92,\"caption\":\"Diario Femenino\"},\"image\":{\"@id\":\"https:\\\/\\\/diariofemenino.com.ar\\\/df\\\/#\\\/schema\\\/logo\\\/image\\\/\"},\"sameAs\":[\"https:\\\/\\\/www.facebook.com\\\/DiarioDigitaFemenino\\\/\",\"https:\\\/\\\/x.com\\\/DiarioFemenino1\"]},{\"@type\":\"Person\",\"@id\":\"https:\\\/\\\/diariofemenino.com.ar\\\/df\\\/#\\\/schema\\\/person\\\/38f54b3bfd13f561de2460ba95c169c6\",\"name\":\"Admin\",\"image\":{\"@type\":\"ImageObject\",\"inLanguage\":\"es\",\"@id\":\"https:\\\/\\\/diariofemenino.com.ar\\\/df\\\/wp-content\\\/uploads\\\/2018\\\/12\\\/favicon-150x150.jpg\",\"url\":\"https:\\\/\\\/diariofemenino.com.ar\\\/df\\\/wp-content\\\/uploads\\\/2018\\\/12\\\/favicon-150x150.jpg\",\"contentUrl\":\"https:\\\/\\\/diariofemenino.com.ar\\\/df\\\/wp-content\\\/uploads\\\/2018\\\/12\\\/favicon-150x150.jpg\",\"caption\":\"Admin\"},\"url\":\"https:\\\/\\\/diariofemenino.com.ar\\\/df\\\/author\\\/adm18df\\\/\"}]}<\/script>\n<!-- \/ Yoast SEO plugin. -->","yoast_head_json":{"title":"Integrantes de la Red PAR distinguidas por su labor contra la Trata de Personas - Diario Digital Femenino","robots":{"index":"index","follow":"follow","max-snippet":"max-snippet:-1","max-image-preview":"max-image-preview:large","max-video-preview":"max-video-preview:-1"},"canonical":"https:\/\/diariofemenino.com.ar\/df\/integrantes-de-la-red-par-distinguidas-por-su-labor-contra-la-trata-de-personas\/","og_locale":"es_ES","og_type":"article","og_title":"Integrantes de la Red PAR distinguidas por su labor contra la Trata de Personas - Diario Digital Femenino","og_description":"&nbsp; &nbsp; Las periodistas M\u00f3nica Molina y Mariana Carbajal\u00a0integrantes de la Red PAR\u00a0\u00a0fueron distinguidas en entre otrxs, en la\u00a0quinta entrega de distinciones de la Campa\u00f1a Abolicionista \u201cNi una mujer m\u00e1s v\u00edctima de las redes de prostituci\u00f3n\u201d Lucha contra la trata La Campa\u00f1a Abolicionista \u201cNi una mujer m\u00e1s v\u00edctima de las redes de prostituci\u00f3n\u201d, que enlaza [&hellip;]","og_url":"https:\/\/diariofemenino.com.ar\/df\/integrantes-de-la-red-par-distinguidas-por-su-labor-contra-la-trata-de-personas\/","og_site_name":"Diario Digital Femenino","article_publisher":"https:\/\/www.facebook.com\/DiarioDigitaFemenino\/","article_published_time":"2012-06-06T23:36:22+00:00","og_image":[{"url":"http:\/\/www.diariofemenino.com.ar\/wp-content\/uploads\/Monica-Mariana.jpg","type":"","width":"","height":""}],"author":"Admin","twitter_card":"summary_large_image","twitter_creator":"@DiarioFemenino1","twitter_site":"@DiarioFemenino1","twitter_misc":{"Escrito por":"Admin","Tiempo de lectura":"2 minutos"},"schema":{"@context":"https:\/\/schema.org","@graph":[{"@type":"Article","@id":"https:\/\/diariofemenino.com.ar\/df\/integrantes-de-la-red-par-distinguidas-por-su-labor-contra-la-trata-de-personas\/#article","isPartOf":{"@id":"https:\/\/diariofemenino.com.ar\/df\/integrantes-de-la-red-par-distinguidas-por-su-labor-contra-la-trata-de-personas\/"},"author":{"name":"Admin","@id":"https:\/\/diariofemenino.com.ar\/df\/#\/schema\/person\/38f54b3bfd13f561de2460ba95c169c6"},"headline":"Integrantes de la Red PAR distinguidas por su labor contra la Trata de Personas","datePublished":"2012-06-06T23:36:22+00:00","mainEntityOfPage":{"@id":"https:\/\/diariofemenino.com.ar\/df\/integrantes-de-la-red-par-distinguidas-por-su-labor-contra-la-trata-de-personas\/"},"wordCount":379,"commentCount":0,"publisher":{"@id":"https:\/\/diariofemenino.com.ar\/df\/#organization"},"image":{"@id":"https:\/\/diariofemenino.com.ar\/df\/integrantes-de-la-red-par-distinguidas-por-su-labor-contra-la-trata-de-personas\/#primaryimage"},"thumbnailUrl":"http:\/\/www.diariofemenino.com.ar\/wp-content\/uploads\/Monica-Mariana.jpg","articleSection":["Medios"],"inLanguage":"es","potentialAction":[{"@type":"CommentAction","name":"Comment","target":["https:\/\/diariofemenino.com.ar\/df\/integrantes-de-la-red-par-distinguidas-por-su-labor-contra-la-trata-de-personas\/#respond"]}]},{"@type":"WebPage","@id":"https:\/\/diariofemenino.com.ar\/df\/integrantes-de-la-red-par-distinguidas-por-su-labor-contra-la-trata-de-personas\/","url":"https:\/\/diariofemenino.com.ar\/df\/integrantes-de-la-red-par-distinguidas-por-su-labor-contra-la-trata-de-personas\/","name":"Integrantes de la Red PAR distinguidas por su labor contra la Trata de Personas - Diario Digital Femenino","isPartOf":{"@id":"https:\/\/diariofemenino.com.ar\/df\/#website"},"primaryImageOfPage":{"@id":"https:\/\/diariofemenino.com.ar\/df\/integrantes-de-la-red-par-distinguidas-por-su-labor-contra-la-trata-de-personas\/#primaryimage"},"image":{"@id":"https:\/\/diariofemenino.com.ar\/df\/integrantes-de-la-red-par-distinguidas-por-su-labor-contra-la-trata-de-personas\/#primaryimage"},"thumbnailUrl":"http:\/\/www.diariofemenino.com.ar\/wp-content\/uploads\/Monica-Mariana.jpg","datePublished":"2012-06-06T23:36:22+00:00","breadcrumb":{"@id":"https:\/\/diariofemenino.com.ar\/df\/integrantes-de-la-red-par-distinguidas-por-su-labor-contra-la-trata-de-personas\/#breadcrumb"},"inLanguage":"es","potentialAction":[{"@type":"ReadAction","target":["https:\/\/diariofemenino.com.ar\/df\/integrantes-de-la-red-par-distinguidas-por-su-labor-contra-la-trata-de-personas\/"]}]},{"@type":"ImageObject","inLanguage":"es","@id":"https:\/\/diariofemenino.com.ar\/df\/integrantes-de-la-red-par-distinguidas-por-su-labor-contra-la-trata-de-personas\/#primaryimage","url":"http:\/\/www.diariofemenino.com.ar\/wp-content\/uploads\/Monica-Mariana.jpg","contentUrl":"http:\/\/www.diariofemenino.com.ar\/wp-content\/uploads\/Monica-Mariana.jpg"},{"@type":"BreadcrumbList","@id":"https:\/\/diariofemenino.com.ar\/df\/integrantes-de-la-red-par-distinguidas-por-su-labor-contra-la-trata-de-personas\/#breadcrumb","itemListElement":[{"@type":"ListItem","position":1,"name":"Portada","item":"https:\/\/diariofemenino.com.ar\/df\/"},{"@type":"ListItem","position":2,"name":"Integrantes de la Red PAR distinguidas por su labor contra la Trata de Personas"}]},{"@type":"WebSite","@id":"https:\/\/diariofemenino.com.ar\/df\/#website","url":"https:\/\/diariofemenino.com.ar\/df\/","name":"Diario Digital Femenino","description":"Cuesti\u00f3n de G\u00e9nero","publisher":{"@id":"https:\/\/diariofemenino.com.ar\/df\/#organization"},"potentialAction":[{"@type":"SearchAction","target":{"@type":"EntryPoint","urlTemplate":"https:\/\/diariofemenino.com.ar\/df\/?s={search_term_string}"},"query-input":{"@type":"PropertyValueSpecification","valueRequired":true,"valueName":"search_term_string"}}],"inLanguage":"es"},{"@type":"Organization","@id":"https:\/\/diariofemenino.com.ar\/df\/#organization","name":"Diario Femenino","url":"https:\/\/diariofemenino.com.ar\/df\/","logo":{"@type":"ImageObject","inLanguage":"es","@id":"https:\/\/diariofemenino.com.ar\/df\/#\/schema\/logo\/image\/","url":"https:\/\/diariofemenino.com.ar\/df\/wp-content\/uploads\/2018\/10\/logo.png","contentUrl":"https:\/\/diariofemenino.com.ar\/df\/wp-content\/uploads\/2018\/10\/logo.png","width":500,"height":92,"caption":"Diario Femenino"},"image":{"@id":"https:\/\/diariofemenino.com.ar\/df\/#\/schema\/logo\/image\/"},"sameAs":["https:\/\/www.facebook.com\/DiarioDigitaFemenino\/","https:\/\/x.com\/DiarioFemenino1"]},{"@type":"Person","@id":"https:\/\/diariofemenino.com.ar\/df\/#\/schema\/person\/38f54b3bfd13f561de2460ba95c169c6","name":"Admin","image":{"@type":"ImageObject","inLanguage":"es","@id":"https:\/\/diariofemenino.com.ar\/df\/wp-content\/uploads\/2018\/12\/favicon-150x150.jpg","url":"https:\/\/diariofemenino.com.ar\/df\/wp-content\/uploads\/2018\/12\/favicon-150x150.jpg","contentUrl":"https:\/\/diariofemenino.com.ar\/df\/wp-content\/uploads\/2018\/12\/favicon-150x150.jpg","caption":"Admin"},"url":"https:\/\/diariofemenino.com.ar\/df\/author\/adm18df\/"}]}},"jetpack_featured_media_url":"","jetpack_sharing_enabled":true,"rttpg_featured_image_url":null,"rttpg_author":{"display_name":"Admin","author_link":"https:\/\/diariofemenino.com.ar\/df\/author\/adm18df\/"},"rttpg_comment":0,"rttpg_category":"<a href=\"https:\/\/diariofemenino.com.ar\/df\/category\/medios\/\" rel=\"category tag\">Medios<\/a>","rttpg_excerpt":"&nbsp; &nbsp; Las periodistas M\u00f3nica Molina y Mariana Carbajal\u00a0integrantes de la Red PAR\u00a0\u00a0fueron distinguidas en entre otrxs, en la\u00a0quinta entrega de distinciones de la Campa\u00f1a Abolicionista \u201cNi una mujer m\u00e1s v\u00edctima de las redes de prostituci\u00f3n\u201d Lucha contra la trata La Campa\u00f1a Abolicionista \u201cNi una mujer m\u00e1s v\u00edctima de las redes de prostituci\u00f3n\u201d, que enlaza&hellip;","_links":{"self":[{"href":"https:\/\/diariofemenino.com.ar\/df\/wp-json\/wp\/v2\/posts\/1801","targetHints":{"allow":["GET"]}}],"collection":[{"href":"https:\/\/diariofemenino.com.ar\/df\/wp-json\/wp\/v2\/posts"}],"about":[{"href":"https:\/\/diariofemenino.com.ar\/df\/wp-json\/wp\/v2\/types\/post"}],"author":[{"embeddable":true,"href":"https:\/\/diariofemenino.com.ar\/df\/wp-json\/wp\/v2\/users\/1"}],"replies":[{"embeddable":true,"href":"https:\/\/diariofemenino.com.ar\/df\/wp-json\/wp\/v2\/comments?post=1801"}],"version-history":[{"count":0,"href":"https:\/\/diariofemenino.com.ar\/df\/wp-json\/wp\/v2\/posts\/1801\/revisions"}],"wp:attachment":[{"href":"https:\/\/diariofemenino.com.ar\/df\/wp-json\/wp\/v2\/media?parent=1801"}],"wp:term":[{"taxonomy":"category","embeddable":true,"href":"https:\/\/diariofemenino.com.ar\/df\/wp-json\/wp\/v2\/categories?post=1801"},{"taxonomy":"post_tag","embeddable":true,"href":"https:\/\/diariofemenino.com.ar\/df\/wp-json\/wp\/v2\/tags?post=1801"}],"curies":[{"name":"wp","href":"https:\/\/api.w.org\/{rel}","templated":true}]}}