{"id":17787,"date":"2015-05-04T23:54:25","date_gmt":"2015-05-05T02:54:25","guid":{"rendered":"http:\/\/www.diariofemenino.com.ar\/?p=17787"},"modified":"2015-05-04T23:54:25","modified_gmt":"2015-05-05T02:54:25","slug":"abuso-sexual-infantil-e-incesto-videos","status":"publish","type":"post","link":"https:\/\/diariofemenino.com.ar\/df\/abuso-sexual-infantil-e-incesto-videos\/","title":{"rendered":"Abuso Sexual Infantil e Incesto.Videos de la Jornada"},"content":{"rendered":"<h3 itemprop=\"name\">\u201cDerechos Humanos de las v\u00edctimas de abuso sexual infantil e Incesto. Metodologias represivas institucionales\u201d<\/h3>\n<p>Jornadas de Capacitacion sobre Abuso Sexual Infantil e Incesto realizadas \u00a0los dias 13 y 14 de abril de 2015 organizadas por la Direcci\u00f3n Provincial de Prevenci\u00f3n y Asistencia de la Violencia Familiar de la Provincia de la Pampa, a cargo de la Prof. Ana Mar\u00eda Alcala.<br \/>\n<figure id=\"attachment_17794\" aria-describedby=\"caption-attachment-17794\" style=\"width: 539px\" class=\"wp-caption alignnone\"><a href=\"http:\/\/www.diariofemenino.com.ar\/wp-content\/uploads\/10359554_896130153782479_6102819536463976925_n.jpg\"><img loading=\"lazy\" decoding=\"async\" class=\"size-full wp-image-17794\" alt=\"Graciela Jofr\u00e9 - Ana Mar\u00eda Alcala\" src=\"http:\/\/www.diariofemenino.com.ar\/wp-content\/uploads\/10359554_896130153782479_6102819536463976925_n.jpg\" width=\"539\" height=\"960\" \/><\/a><figcaption id=\"caption-attachment-17794\" class=\"wp-caption-text\">Graciela Jofr\u00e9 &#8211; Ana Mar\u00eda Alcala<\/figcaption><\/figure><br \/>\n<strong>13 de abril de 2015<\/strong><br \/>\n<iframe loading=\"lazy\" src=\"https:\/\/www.youtube.com\/embed\/5_sN2aclq4I\" height=\"315\" width=\"560\" allowfullscreen=\"\" frameborder=\"0\"><\/iframe><br \/>\n<iframe loading=\"lazy\" src=\"https:\/\/www.youtube.com\/embed\/qqAL8yYolss\" height=\"315\" width=\"560\" allowfullscreen=\"\" frameborder=\"0\"><\/iframe><br \/>\n<strong>14 de abril de 2015<\/strong><br \/>\n<iframe loading=\"lazy\" src=\"https:\/\/www.youtube.com\/embed\/2R54fxn4_ZI\" height=\"315\" width=\"420\" allowfullscreen=\"\" frameborder=\"0\"><\/iframe><br \/>\n<iframe loading=\"lazy\" src=\"https:\/\/www.youtube.com\/embed\/8ksMcprGLwk\" height=\"315\" width=\"420\" allowfullscreen=\"\" frameborder=\"0\"><\/iframe><br \/>\n\u201cDerechos Humanos de las v\u00edctimas de abuso sexual infantil e Incesto. Metodologias represivas institucionales\u201d PARTE I<br \/>\n\u201c\u2026 La generadora que hoy este yo aqu\u00ed es la periodista Lenny \u00a0C\u00e1ceres. Soy columnista y colaboradora del diario digital de la periodista que se llama \u201cDiariofemenino.com.ar\u201d donde ha publicado varios art\u00edculos que he escrito sobre estos temas.<br \/>\nPrimero les quer\u00eda aclarar que los Juzgados de Paz de la Provincia de Buenos Aires tenemos una ampl\u00edsima competencia y muy espec\u00edfica en muchas de las tem\u00e1ticas de Derecho de Familia, divorcios, tenencias, reg\u00edmenes de visitas, todas las denuncias de violencia familiar, medidas de protecci\u00f3n \u2026<br \/>\nEl t\u00edtulo que convoca la jornada de hoy tiene que ver con la conducta institucional frente a estos delitos de Abuso Sexual Infantil e Incesto y en aquello que nos compete a todos aquellos operadores que conformamos las Instituciones del Estado y hemos actuado.<br \/>\nEn su momento escrib\u00ed una Ponencia en una Jornada donde hablaba de la Represi\u00f3n Ilegal de los ni\u00f1os en los delitos de Violencia de G\u00e9nero y Abuso Sexual Infantil e Incesto . Desde mi concepci\u00f3n hay una intima relacion entre el an\u00e1lisis de estos temas que tienen que ver con ni\u00f1o con todo el andamiaje de normas de Derechos Humanos que rigen el Derecho a nivel universal y que nos obliga a todos los funcionarios del Estado \u2013 los Jueces somos funcionarios del Estado- a hacer efectivas las normas internacionales que protegen los derechos humanos de los ni\u00f1os.<br \/>\nLa Constituci\u00f3n Nacional Argentina en su art\u00edculo 75 inc. 22 da car\u00e1cter de operatividad y aplicaci\u00f3n efectiva a todos los Tratados y Convenciones que el Estado Argentino ha suscripto .<br \/>\nLa Convenci\u00f3n sobre los Derechos del Ni\u00f1o, la Convenci\u00f3n de Belem do Para, la Convenci\u00f3n del CEDAW son de aplicaci\u00f3n efectiva y los funcionarios judiciales , los funcionarios estatales estamos obligadas, obligados a hacerlos efectivos porque si no estamos violando el compromiso que asumi\u00f3 el Estado Argentino al momento en que suscribi\u00f3 estas Normas.<br \/>\nCuando uno habla de Instituci\u00f3n Judicial y del Delito de Abuso Sexual Infantil e Incesto y su relaci\u00f3n con los Delitos de Violencia de G\u00e9nero \u2013 que la hay\u2026 tiene \u201cnombre y apellido\u201d el maltrato institucional que se efect\u00faa en los \u00e1mbitos judiciales de la mano de la Ciencia del Derecho y se llama \u201c S\u00edndrome de Alienaci\u00f3n Parental\u201d un \u201cs\u00edndrome\u201d que no es S\u00edndrome no tiene aval cient\u00edfico. Pueden escuchar hablar de \u201cAlienaci\u00f3n Parental\u201d : \u00bf qu\u00e9 es esto? .<br \/>\nEs una Ideolog\u00eda \u201cfor export\u201d , viene de EEUU . La promueve un medico ped\u00f3filo Richard Gardner que escribi\u00f3 y publico cantidad de libros por a\u00f1o que publicaba y financiaba \u00e9l. Fue perito de parte para much\u00edsimas defensas de padres denunciados por incesto . Hay incluso padres muy famosos a nivel cinematogr\u00e1ficos donde este Gardner actu\u00f3 como perito para defenestrar la denuncia de incesto que le hacia la ex mujer preservando la vulnerabilidad de la hija.<br \/>\n<b>\u00a0\u00bfC\u00f3mo llega esta ideolog\u00eda a Argentina?<\/b><br \/>\nLlega de la mano de un ex Juez de Familia, Eduardo C\u00e1rdenas que ten\u00eda mucha fama en el \u00e1mbito del Derecho de Familia con un articulo \u201cEl abuso de las denuncias de abuso\u201d que publica la editorial jur\u00eddica La Ley . El argumento de esta ideolog\u00eda plasmada en este art\u00edculo que promov\u00eda a Richard Gardner y su teor\u00eda dec\u00eda que las denuncias de abuso sexual infantil \u2013 que hab\u00eda cada vez mas- de Incesto , para decirlo m\u00e1s apropiadamente\u2026 eran generadas por las ex mujeres en situaciones de Divorcio por venganza , por especulaci\u00f3n econ\u00f3mica y que llenaba la cabeza de los ni\u00f1os para que relaten situaciones de incesto .<br \/>\nQue existan situaciones donde los ni\u00f1os puedan encontrarse influenciados no implica que los ni\u00f1os puedan mentir en una situaci\u00f3n tan traum\u00e1tica para ellos como es una situaci\u00f3n sexual o de violencia .<br \/>\nEste hombre, Richard Gardner, dec\u00eda que para \u201cdesprogramar\u201d , usaba esa palabra, a los ni\u00f1os hab\u00eda que aislarlos de su madre mala, manipuladora que le hab\u00eda llenado la cabeza y hablaba de la \u201cterapia de la amenaza\u201d , miren que palabras. Se lo ten\u00eda que aislar el tiempo que fuera necesario de esa madre para que ese ni\u00f1o se \u201cdesprogramara\u201d de ese relato de incesto por influencia de su madre . Y que el \u00fanico profesional pod\u00eda decir que esta criatura ya estaba desprogramada e iba a decir la \u201crealidad\u201d era un experto en SAP . O sea que el c\u00edrculo lo cerraba completo.<br \/>\nLo terrible de estas situaciones no es que existan en el mundo teor\u00edas perversas y rid\u00edculas sin sustento cient\u00edfico , lo terrible es c\u00f3mo se propagan! Entonces \u00bfQu\u00e9 es lo que emerge? : que se propagan porque hay una muy fuerte ideolog\u00eda que las sustenta, las vende , las exporta.<br \/>\nY es lo que paso con relaci\u00f3n a este art\u00edculo jur\u00eddico aqu\u00ed en Argentina.<br \/>\nSi ustedes leen el art\u00edculo de C\u00e1rdenas que todav\u00eda se puede rastrear en Internet \u2026llama mucho la atenci\u00f3n que cuando este ex Juez, C\u00e1rdenas hace el an\u00e1lisis del \u201cabuso de las denuncias de abuso\u201d cuestionando a profesionales absolutamente prestigiosas que en ese momento evidenciaban el abuso y el incesto como Irene Intebi , como la perito forense Virginia Berlinerblau \u2026 donde si uno lee el art\u00edculo llama la atenci\u00f3n que en determinado momento pone la mira en el centro de lo que les \u201cmolesta\u201d : que los jueces hab\u00edan empezado a creer el relato de los ni\u00f1os .<br \/>\nEn el \u00e1mbito penal y por su sistema de la prueba el relato de los ni\u00f1os es una prueba fundamental . Si nosotros desarticulamos el relato de los ni\u00f1os cae la prueba y se produce el efecto de lo que hoy se vive: la impunidad de los agresores.<br \/>\nEsta teor\u00eda y esta ideolog\u00eda tenia la caracter\u00edstica, muy pensada de autom\u00e1ticamente desdibujar la presencia del agresor \u2026Cuando se invoca, y se sigue invocando con otros nombres esta ideolog\u00eda en los procedimientos de familia y penales autom\u00e1ticamente se invierte la carga de la prueba .<br \/>\nLa madre\u2026 estad\u00edsticamente las madres son las que mayoritariamente denuncian el incesto y abuso, son sospechadas. Se focaliza en esa mujer, se la mira con mirada sospechosa, se invisibiliza a la criatura porque \u00a1como el ni\u00f1o es \u201ctonto\u201d!&#8230;y \u00a1no puede decir la verdad!&#8230;se lo silencia\u2026 Y por contracara el agresor, el denunciado queda absolutamente invisibilizado.<br \/>\n<b>\u00a0\u00bfCu\u00e1l es la Ideolog\u00eda que hay detr\u00e1s de todo esto?<\/b><br \/>\nLa ideolog\u00eda que est\u00e1 detr\u00e1s de todo esto es una ideolog\u00eda Patriarcal que sustenta la Unidad Social b\u00e1sica que es la Familia pero convirti\u00e9ndola en un Bunker cerrado legitimado en si mismo, donde la autoridad m\u00e1xima es el \u201cPater\u201d , donde su autoridad es arbitraria e ilimitada , no se lo puede cuestionar \u2026 Y es la ideologia que permite escuchar frases en estos tiempos en las instancias judiciales y administrativas \u201c\u2026pero es el padre que te toc\u00f3\u201d o \u201c\u2026pero si este padre colabora en la educaci\u00f3n , da buen ingreso econ\u00f3mico\u2026\u201d \u201c\u2026es un acabado y buen padre de familia\u2026buen vecino\u2026\u00bf como puede ser\u2026? \u201c La Sociedad es t\u00e1n hip\u00f3crita que invocando\u2026y sobre todo en el \u00e1mbito del Derecho, el \u201csuperior inter\u00e9s del ni\u00f1o\u201d lo que no se dice que lo que se est\u00e1 buscando y se preserva es el \u201cSuperior Inter\u00e9s del Pater\u201d Es una ideolog\u00eda que afecta a toda la Sociedad, no solamente \u00a0feminina sino tambi\u00e9n masculina. Porque las v\u00edctimas del abuso sexual infantil e incesto no son solamente ni\u00f1as\u2026son ni\u00f1os tambi\u00e9n.<br \/>\nEn este momento las estad\u00edsticas nos refieren un porcentaje abrumador de v\u00edctimas ni\u00f1as, pero est\u00e1 avanzando el an\u00e1lisis y estudio sobre la existencia de muchos varones, ni\u00f1os v\u00edctimas de estos delitos.<br \/>\nNo se dice el efecto depredador que tiene el incesto y el abuso sexual infantil en una criatura, en un ser humano. Su interrelaci\u00f3n con problemas grav\u00edsimos de salud en un Estado. Se est\u00e1 estudiando que el abuso sexual infantil y el incesto es generador de grav\u00edsimos problemas de salud : trastornos alimenticios como la anorexia, bulimia, obesidad m\u00f3rbida, depresiones, Se est\u00e1 estudiando que hay una relacion con las adicciones y especialmente aquellas que son m\u00e1s dif\u00edciles de curar en los adolescentes, si se rastrea se encuentran historias de abusos y de incesto.<br \/>\n\u2026 Se est\u00e1 estudiando que el ni\u00f1o, la ni\u00f1a, el adolescente abusado queda para el resto de su vida en un estado de indefensi\u00f3n, vulnerabilidad y no es casual que muchas adultas que como madre que vienen a denunciar situaciones de violencia de g\u00e9nero o incesto y si uno rastrea encuentra que en sus historias ellas fueron v\u00edctimas de abusos o de incesto . Por eso considero que hay una intima relaci\u00f3n entre la violencia de g\u00e9nero y el abuso sexual infantil y el incesto\u2026Y si seguimos relacionando tambi\u00e9n hay una intima vinculaci\u00f3n con los delitos mafiosos que asolan la humanidad que son la trata, la prostituci\u00f3n y explotaci\u00f3n sexual infantil , la pornograf\u00eda infantil \u2026 \u00bfPor qu\u00e9?&#8230; porque esto lo dice muy claramente Jorge Volnovich, el psic\u00f3logo y psiquiatra tan prestigioso y que hace tantos a\u00f1os se aboca a estos temas, necesitan materia prima fr\u00e1gil infantil. Entonces a medida que m\u00e1s se logra la impunidad del Abuso Sexual Infantil y el Incesto mas se deja a la vera a todas esas criaturas, a esas adolescentes a esos jovencitos con el agravante que la Instituci\u00f3n que tendr\u00eda que proteger, los reprime silenciandolos y los revictimiza.<br \/>\nLa Convenci\u00f3n sobre los Derechos del Ni\u00f1o dice muy claramente en varios art\u00edculos que el sentido del principio del \u201cInter\u00e9s Superior del Ni\u00f1o\u201d es la PROTECCION Y el CUIDADO DEL NI\u00d1O. ESO ES INTERES SUPERIOR DEL NI\u00d1O\u2026 Que lo quieran manipular en otro sentido es contrario a la profunda ideolog\u00eda que sustenta la Convenci\u00f3n sobre los Derechos del Ni\u00f1o. \u00a0En el art\u00edculo 3 de la CIDN cuando dice expresamente: \u201c\u2026asegurar al ni\u00f1o la protecci\u00f3n y cuidados necesarios para su bienestar\u2026\u201d y en el art\u00edculo 9 que es un art\u00edculo que usan mucho estos grupos de padres proped\u00f3filos y violentos que hablan del derecho del padre al contacto con el hijo, cuando en realidad el derecho del padre al contacto con el hijo primero tiene que tener \u201clegitimidad\u201d \u2026 \u00bf que es \u201cser padre\u201d? Padre es el que cuida, es el que da ternura ( como dec\u00eda Fernando Ulloa ) el que provee la alimentaci\u00f3n, el que respeta\u2026ese es \u201cPadre\u201d . Padre no es un var\u00f3n, \u00a0Madre una mujer que avasalla la integridad, la identidad de una criatura que la Naturaleza le ha puesto para que cuide que realiza actos sexuales que son m\u00e1s que actos sexuales, son actos de poder\u2026 Actos de avasallamiento, Irene Intebi los defin\u00eda como \u201cbalazo en el aparato ps\u00edquico\u201d, es el arrasar la psiquis de una criatura\u2026. Por eso el art. 9 en su inciso 1 dice : \u201c\u2026 que el ni\u00f1o no sea separado de sus padres contra la voluntad de \u00e9stos, excepto cuando, a reserva de revisi\u00f3n judicial, las autoridades competentes determinen, de conformidad con la ley y los procedimientos aplicables, que tal separaci\u00f3n es necesaria en el inter\u00e9s superior del ni\u00f1o\u2026\u201d<br \/>\nY aclara: \u201cTal determinaci\u00f3n puede ser necesaria en casos particulares, por ejemplo, en los casos en que el ni\u00f1o sea objeto de maltrato o descuido por parte de sus padres\u201d \u00a1\u00bf Que maltrato mayor puede haber en la vida de una criatura que el abuso sexual infantil y el incesto !? \u00a1! Cuando los neur\u00f3logos dicen que produce da\u00f1os irreversibles en el cerebro porque la criatura tiene que escindir en su cabeza que ese padre que lo mima y lo lleva a jugar y es tan \u201camoroso\u201d durante la noche va y lo abusa . Y esa criatura para poder sobrevivir como humano tiene que mandarlo al \u201colvido\u201d o escindirlo en lo que se llama el s\u00edndrome del \u201cacomodamiento\u201d por lo cual este delito tambi\u00e9n es tan delicado porque uno puede ver a criaturas que est\u00e1n contentas de ver al padre que se sabe que abusa, porque son mecanismos de sobrevivencia que tienen los ni\u00f1os frente a algo que no entienden! No entienden la intenci\u00f3n y el acto sexual y menos aun entienden que aquel en quien conf\u00edan y aman les haga eso que no comprenden y los lastima \u2026 Y el art. 9 de la CIDN tambi\u00e9n tiene en su inciso 3 otro \u201cdetalle\u201d que me parece fundamental remarcar cuando dice: Los Estados Partes respetar\u00e1n el derecho del ni\u00f1o que est\u00e9 separado de uno o de ambos padres a mantener relaciones personales y contacto directo con ambos padres de modo regular , salvo si ello es contrario al inter\u00e9s superior del ni\u00f1o\u2026\u201d Y con relaci\u00f3n al abuso sexual infantil e incesto la Convenci\u00f3n sobre los Derechos del Ni\u00f1o lo regula espec\u00edficamente en el art\u00edculo 19 \u2026Este art\u00edculo en su inciso 1\u00b0 destaca:\u201d\u2026 PROTEGER al ni\u00f1o contra toda forma de perjuicio o abuso f\u00edsico o mental\u2026\u201d Y en su inciso 2 dice algo que quiero recalcar, dice : \u201cEsas medidas de protecci\u00f3n deber\u00edan comprender, seg\u00fan corresponda, procedimientos eficaces \u2026\u201d La palabra \u201ceficacia\u201d tiene su origen etimol\u00f3gico en la palabra \u201ceffecttum\u201d : la causa que produce un efecto.<br \/>\n\u00bf Cu\u00e1ndo podremos hablar de procedimientos judiciales \u201ceficaces\u201d? Cuando se concrete en hechos espec\u00edficos que esa criatura va a ser PROTEGIDA por el \u00f3rgano judicial y por todos los operadores judiciales que tengan intervenci\u00f3n en todo ese proceso judicial.- Si nosotros hoy en el Siglo XXI hablamos como lo dijo en un art\u00edculo el Dr. Carlos Rozanski del abuso sexual infantil como el delito m\u00e1s impune de la tierra, significa que los procesos judiciales est\u00e1n siendo ineficaces y que los operadores del Estado, asumo el rol que me toca \u2026 los Jueces estamos violando la Convenci\u00f3n Internacional de los Derechos del Ni\u00f1o y estamos declamando un \u201cInter\u00e9s Superior del Ni\u00f1o\u201d que no aplicamos. Porque en realidad lo que se est\u00e1 escondiendo es que se est\u00e1 aplicando el \u201cInter\u00e9s Superior del Pater\u201d y en los procesos penales \u2026<br \/>\nSe protege el inter\u00e9s superior del Padre que est\u00e1 siendo acusado de abuso sexual infantil o incesto\u2026 Y en ese \u00e1mbito se privilegia hasta en una forma \u201cc\u00ednica\u201d el principio de inocencia . Se observa que en muchas sentencias penales se gira en la validaci\u00f3n de las pruebas en estos delitos alrededor de este principio de inocencia y resulta parad\u00f3jico y sumamente cruel. Si vamos a hablar de \u201cinocencia\u201d hablemos del ni\u00f1o porque si hay un ser humano mas desguarnecido, \u00a0m\u00e1s vulnerable, m\u00e1s INOCENTE y mas conectado con la verdad es el ni\u00f1o. Somos los adultos quienes tenemos todos los artilugios para la mentira. Me parece importante hacer an\u00e1lisis de nosotros como sociedad humana\u2026 Francois Dolto dec\u00eda que los adultos hemos sido desconfiado y hemos atacado mucho a los ni\u00f1os porque los ni\u00f1os nos confrontan en este rol de poder que pretendemos tener. Uno ve que en la Justicia se aplica un principio y un preconcepto que se aplica en la Sociedad por el cual \u201clos adultos sabemos lo que es mejor para los ni\u00f1os\u201d Cuando en realidad el ser humano se encuentra desarrollado en su forma m\u00e1s perfecta cuando es ni\u00f1o y los vicios se van haciendo cuando se va haciendo adulto. Por eso cuando analizamos estos delitos estamos saliendo fuera de las cuestiones meramente jur\u00eddicas y vamos hacia toda la sociedad humana.<br \/>\nCon relaci\u00f3n al tema que estamos hablando sobre los derechos humanos frente a las instituciones judiciales. Por toda esta ideolog\u00eda lamentablemente se est\u00e1 revictimizando a las ni\u00f1as, a los ni\u00f1os, a las adolescentes, a los jovencitos que son v\u00edctimas de incesto y de abuso sexual infantil en interrogatorios , en una sospecha sistem\u00e1tica sobre las madres que denuncian, cuando tambi\u00e9n considero que ac\u00e1 se denota una falta de capacitaci\u00f3n de los operadores porque justamente es un delito que se denuncia y se relata el abuso en un porcentaje m\u00ednimo, se habla de un 20% de lo que sale a la luz. Y por otra parte son la mayor\u00eda de las madres las que no creen\u2026 y por muchas razones, porque ellas son v\u00edctimas de violencia , porque no tienen registro de defensa, porque fueron abusadas y no consideran o eval\u00faan otra posibilidad de protecci\u00f3n, porque son c\u00f3mplices, porque son cobardes\u2026 Entonces resulta parad\u00f3jico que la Sociedad que habla del \u201cdia de la madre\u201d \u2026 uno debiera preguntarse \u00bfQu\u00e9 tipo de madre la sociedad avala ?&#8230; \u00bfA las madres cobardes, a las madres c\u00f3mplices\u2026 a las madres complacientes? \u2026 \u00bfQu\u00e9 pasa con estas otras madres que superando su propio trauma ( porque ellas tambi\u00e9n son victimas de incesto) al descubrir que aquel con el que formaron una pareja, y creyeron y confiaron no solamente da\u00f1an la parte m\u00e1s visceral de toda mujer en el 90% de los casos, que es un hijo sino que tambi\u00e9n la da\u00f1a en su estima como mujer. Entonces uno pregunta: Estas mujeres que sobrellevan toda esta situaci\u00f3n post traum\u00e1tica ( que todos los estudiosos del tema expresan que ellas tambi\u00e9n son v\u00edctimas del incesto) stress que les juega en contra en cuanto a las conductas sociales que la Sociedad eval\u00faa de las personas y donde se suman los prejuicios. Porque estas mujeres se muestran con histerismo, nerviosas, andan por todos los organismos pidiendo ayuda y en cambio ellos, los agresores, los \u201cgrandes farsantes sociales\u201d , grandes manipuladores \u2026que seg\u00fan un experto norteamericano, el abusador es especulador, paciente, seductor\u2026 Por eso este tipo de hombre contrariamente al imaginario social son lobos disfrazados de oveja . Ellos saben que su resguardo esta en ser \u201cbuen vecino\u201d en la imagen social que presentan a la mirada p\u00fablica. El buen profesional, el \u201cbrillante disertante\u201d nosotros en Argentina tenemos el ejemplo de esto en el psic\u00f3logo que daba c\u00e1tedra de violencia familiar y abuso sexual infantil y organizaba conferencias sobre estos temas y que \u00e9l es un ped\u00f3filo .<br \/>\nY aunque la Justicia sancione con \u00ednfimas penas el delito, en este caso de tres a\u00f1os, son ped\u00f3filos. Vemos a estos personajes, personas muy seductoras, de muy buenos modales, Ellos saben que se preservan de ser condenados justamente por eso\u2026porque es un \u201cdelito en las sombras\u201d Y porque tambi\u00e9n los avala y los protege el prejuicio que considera que la familia debe ser legitimada en s\u00ed misma. Llama mucho la atenci\u00f3n en el \u00e1mbito que me compete que es el del Derecho que por ejemplo en la Provincia de Buenos Aires se desarm\u00f3 todo lo que eran los juzgados del ni\u00f1o de los menores y se armo los \u201cjuzgados de Familia\u201d\u2026<br \/>\nEntonces nos preguntamos \u00a0<b>\u00bfQui\u00e9n es el Juez del Ni\u00f1o?&#8230;<\/b> Mi postura personal es considerar que como Juez tengo el deber de ser la Jueza del Ni\u00f1o y que en el proceso debo escuchar, al ni\u00f1o, debo creerle y debo protegerle. Asumiendo los costos de ello. Porque todo operador que trabaje con un ni\u00f1o a mi entender tiene que tener tres condiciones: Humildad, Empat\u00eda y Responsabilidad \u00e9tica. Humildad porque se cae f\u00e1cilmente en la Soberbia y como les dec\u00eda ayer considero que la soberbia es una ignorancia inflexible por la cual uno cree que lo sabe todo cuando nada sabe. Y cuando uno tiene cerrado todo registro de cambio porque justamente en todas estas cosas hay que evolucionar.<br \/>\nLo puedo expresar a nivel personal, no es lo mismo lo que hoy puedo hablar que lo que pensaba hace diez o dieciocho a\u00f1os cuando comenc\u00e9 mi ejercicio como juez. Pero como todo es marcado por la \u201cintenci\u00f3n\u201d la conducta humilde permite estar abierto a los cambios y a que uno no tiene \u201cla verdad revelada\u201d de situaciones que afectan seres humanos y especialmente ni\u00f1os \u2026 Humildad\u2026 EMPAT\u00cdA\u2026 Es fundamental que el operador judicial o institucional que trabaje en estas tem\u00e1ticas tenga una receptividad afectiva y de respeto hacia la DIGNIDAD de las v\u00edctimas de estos delitos. No es posible, y lo he vivenciado que en una Jornada de capacitaci\u00f3n sobre violencia familiar de jueces y personal judicial de la zona, la capacitadora que nos da la charla dice al hablar sobre estas situaciones y esas mujeres que denunciaban violencia en sus hogares \u201c\u2026no se puede negar un vaso de agua a nadie\u2026\u201d Uno observa como muchas veces en el detalle de un dialogo uno descubre a las personas .. y que denotaba esa frase? Una total falta de empat\u00eda y una actitud de soberbia \u201c Yo que estoy arriba s\u00e9 lo que es mejor para vos y vos\u2026 hago lo que puedo con vos\u2026\u201d Lamentablemente lo que uno ve que en muchos de los operadores judiciales salvo honrosas excepciones es la falta de empat\u00eda y la soberbia. Y adem\u00e1s de \u201csospecha\u201d porque se agrega a esta conducta los prejuicios sobre la mujer como \u201cbruja\u201d \u201c loca\u201d y que lo \u00fanico que quiere es el \u201cnegocio de los alimentos\u201d\u2026 Y yo quiero cortar un paradigma y un mito al respecto.<br \/>\nEn la pr\u00e1ctica judicial la mayor\u00eda de los divorcio por mutuo son acordados de buena forma por ambas partes sin conflicto porque los varones honorables que aman a sus hijos acuerdan con las madres, porque generalmente los ni\u00f1os viven con las madres y acuerdan ambos cuotas de alimentos accesibles a ambos. Esa es la realidad mayoritaria de los divorcios . Cuando hay conflicto en el tema de los alimentos, en la mayor\u00eda de los casos varones y mujeres acuerdan y las cuotas son \u00ednfimas\u2026 $2.000 pesos por ni\u00f1os, $ 1.000 por ni\u00f1o\u2026 \u00a1 $500 por ni\u00f1o! \u2026 Y entonces uno se pregunta ( y lo quiero poner en evidencia porque se manipula mucho estas cuestiones ) \u00bf Cual es el negocio de esa mujer?&#8230; \u201c<\/p>\n","protected":false},"excerpt":{"rendered":"<p>\u201cDerechos Humanos de las v\u00edctimas de abuso sexual infantil e Incesto. Metodologias represivas institucionales\u201d Jornadas de Capacitacion sobre Abuso Sexual Infantil e Incesto realizadas \u00a0los dias 13 y 14 de abril de 2015 organizadas por la Direcci\u00f3n Provincial de Prevenci\u00f3n y Asistencia de la Violencia Familiar de la Provincia de la Pampa, a cargo de [&hellip;]<\/p>\n","protected":false},"author":1,"featured_media":0,"comment_status":"open","ping_status":"open","sticky":false,"template":"","format":"standard","meta":{"iawp_total_views":240,"footnotes":""},"categories":[3,4],"tags":[27,30,12,39,17,18],"class_list":["post-17787","post","type-post","status-publish","format-standard","hentry","category-de-la-revolucion-al-reaprendizaje","category-medios","tag-abuso","tag-derechos-humanos","tag-infancia-y-adolescencia","tag-justicia","tag-maltrato","tag-politicas-publicas"],"nelio_content":{"autoShareEndMode":"never","automationSources":{"useCustomSentences":false,"customSentences":[]},"efiAlt":"","efiUrl":"","followers":[],"highlights":[],"isAutoShareEnabled":true,"networkImageIds":[],"permalinkQueryArgs":[],"series":[],"suggestedReferences":[]},"yoast_head":"<!-- This site is optimized with the Yoast SEO plugin v27.5 - https:\/\/yoast.com\/product\/yoast-seo-wordpress\/ -->\n<title>Abuso Sexual Infantil e Incesto.Videos de la Jornada - Diario Digital Femenino<\/title>\n<meta name=\"description\" content=\"Abuso Sexual Infantil e Incesto. Videos y desgrabaci\u00f3n de la Jornada realizada los d\u00edas 13 y 14 de abril de 2015 e Santa Rosa, La Pampa.\" \/>\n<meta name=\"robots\" content=\"index, follow, max-snippet:-1, max-image-preview:large, max-video-preview:-1\" \/>\n<link rel=\"canonical\" href=\"https:\/\/diariofemenino.com.ar\/df\/abuso-sexual-infantil-e-incesto-videos\/\" \/>\n<meta property=\"og:locale\" content=\"es_ES\" \/>\n<meta property=\"og:type\" content=\"article\" \/>\n<meta property=\"og:title\" content=\"Abuso Sexual Infantil e Incesto.Videos de la Jornada - Diario Digital Femenino\" \/>\n<meta property=\"og:description\" content=\"Abuso Sexual Infantil e Incesto. Videos y desgrabaci\u00f3n de la Jornada realizada los d\u00edas 13 y 14 de abril de 2015 e Santa Rosa, La Pampa.\" \/>\n<meta property=\"og:url\" content=\"https:\/\/diariofemenino.com.ar\/df\/abuso-sexual-infantil-e-incesto-videos\/\" \/>\n<meta property=\"og:site_name\" content=\"Diario Digital Femenino\" \/>\n<meta property=\"article:publisher\" content=\"https:\/\/www.facebook.com\/DiarioDigitaFemenino\/\" \/>\n<meta property=\"article:published_time\" content=\"2015-05-05T02:54:25+00:00\" \/>\n<meta property=\"og:image\" content=\"http:\/\/www.diariofemenino.com.ar\/wp-content\/uploads\/10359554_896130153782479_6102819536463976925_n.jpg\" \/>\n<meta name=\"author\" content=\"Admin\" \/>\n<meta name=\"twitter:card\" content=\"summary_large_image\" \/>\n<meta name=\"twitter:creator\" content=\"@DiarioFemenino1\" \/>\n<meta name=\"twitter:site\" content=\"@DiarioFemenino1\" \/>\n<meta name=\"twitter:label1\" content=\"Escrito por\" \/>\n\t<meta name=\"twitter:data1\" content=\"Admin\" \/>\n\t<meta name=\"twitter:label2\" content=\"Tiempo de lectura\" \/>\n\t<meta name=\"twitter:data2\" content=\"19 minutos\" \/>\n<script type=\"application\/ld+json\" class=\"yoast-schema-graph\">{\"@context\":\"https:\\\/\\\/schema.org\",\"@graph\":[{\"@type\":\"Article\",\"@id\":\"https:\\\/\\\/diariofemenino.com.ar\\\/df\\\/abuso-sexual-infantil-e-incesto-videos\\\/#article\",\"isPartOf\":{\"@id\":\"https:\\\/\\\/diariofemenino.com.ar\\\/df\\\/abuso-sexual-infantil-e-incesto-videos\\\/\"},\"author\":{\"name\":\"Admin\",\"@id\":\"https:\\\/\\\/diariofemenino.com.ar\\\/df\\\/#\\\/schema\\\/person\\\/38f54b3bfd13f561de2460ba95c169c6\"},\"headline\":\"Abuso Sexual Infantil e Incesto.Videos de la Jornada\",\"datePublished\":\"2015-05-05T02:54:25+00:00\",\"mainEntityOfPage\":{\"@id\":\"https:\\\/\\\/diariofemenino.com.ar\\\/df\\\/abuso-sexual-infantil-e-incesto-videos\\\/\"},\"wordCount\":3856,\"commentCount\":0,\"publisher\":{\"@id\":\"https:\\\/\\\/diariofemenino.com.ar\\\/df\\\/#organization\"},\"image\":{\"@id\":\"https:\\\/\\\/diariofemenino.com.ar\\\/df\\\/abuso-sexual-infantil-e-incesto-videos\\\/#primaryimage\"},\"thumbnailUrl\":\"http:\\\/\\\/www.diariofemenino.com.ar\\\/wp-content\\\/uploads\\\/10359554_896130153782479_6102819536463976925_n.jpg\",\"keywords\":[\"Abuso\",\"Derechos Humanos\",\"Infancia y Adolescencia\",\"Justicia\",\"Maltrato\",\"Pol\u00edticas p\u00fablicas\"],\"articleSection\":[\"De la Revoluci\u00f3n al Reaprendizaje\",\"Medios\"],\"inLanguage\":\"es\",\"potentialAction\":[{\"@type\":\"CommentAction\",\"name\":\"Comment\",\"target\":[\"https:\\\/\\\/diariofemenino.com.ar\\\/df\\\/abuso-sexual-infantil-e-incesto-videos\\\/#respond\"]}]},{\"@type\":\"WebPage\",\"@id\":\"https:\\\/\\\/diariofemenino.com.ar\\\/df\\\/abuso-sexual-infantil-e-incesto-videos\\\/\",\"url\":\"https:\\\/\\\/diariofemenino.com.ar\\\/df\\\/abuso-sexual-infantil-e-incesto-videos\\\/\",\"name\":\"Abuso Sexual Infantil e Incesto.Videos de la Jornada - Diario Digital Femenino\",\"isPartOf\":{\"@id\":\"https:\\\/\\\/diariofemenino.com.ar\\\/df\\\/#website\"},\"primaryImageOfPage\":{\"@id\":\"https:\\\/\\\/diariofemenino.com.ar\\\/df\\\/abuso-sexual-infantil-e-incesto-videos\\\/#primaryimage\"},\"image\":{\"@id\":\"https:\\\/\\\/diariofemenino.com.ar\\\/df\\\/abuso-sexual-infantil-e-incesto-videos\\\/#primaryimage\"},\"thumbnailUrl\":\"http:\\\/\\\/www.diariofemenino.com.ar\\\/wp-content\\\/uploads\\\/10359554_896130153782479_6102819536463976925_n.jpg\",\"datePublished\":\"2015-05-05T02:54:25+00:00\",\"description\":\"Abuso Sexual Infantil e Incesto. Videos y desgrabaci\u00f3n de la Jornada realizada los d\u00edas 13 y 14 de abril de 2015 e Santa Rosa, La Pampa.\",\"breadcrumb\":{\"@id\":\"https:\\\/\\\/diariofemenino.com.ar\\\/df\\\/abuso-sexual-infantil-e-incesto-videos\\\/#breadcrumb\"},\"inLanguage\":\"es\",\"potentialAction\":[{\"@type\":\"ReadAction\",\"target\":[\"https:\\\/\\\/diariofemenino.com.ar\\\/df\\\/abuso-sexual-infantil-e-incesto-videos\\\/\"]}]},{\"@type\":\"ImageObject\",\"inLanguage\":\"es\",\"@id\":\"https:\\\/\\\/diariofemenino.com.ar\\\/df\\\/abuso-sexual-infantil-e-incesto-videos\\\/#primaryimage\",\"url\":\"http:\\\/\\\/www.diariofemenino.com.ar\\\/wp-content\\\/uploads\\\/10359554_896130153782479_6102819536463976925_n.jpg\",\"contentUrl\":\"http:\\\/\\\/www.diariofemenino.com.ar\\\/wp-content\\\/uploads\\\/10359554_896130153782479_6102819536463976925_n.jpg\"},{\"@type\":\"BreadcrumbList\",\"@id\":\"https:\\\/\\\/diariofemenino.com.ar\\\/df\\\/abuso-sexual-infantil-e-incesto-videos\\\/#breadcrumb\",\"itemListElement\":[{\"@type\":\"ListItem\",\"position\":1,\"name\":\"Portada\",\"item\":\"https:\\\/\\\/diariofemenino.com.ar\\\/df\\\/\"},{\"@type\":\"ListItem\",\"position\":2,\"name\":\"Abuso Sexual Infantil e Incesto.Videos de la Jornada\"}]},{\"@type\":\"WebSite\",\"@id\":\"https:\\\/\\\/diariofemenino.com.ar\\\/df\\\/#website\",\"url\":\"https:\\\/\\\/diariofemenino.com.ar\\\/df\\\/\",\"name\":\"Diario Digital Femenino\",\"description\":\"Cuesti\u00f3n de G\u00e9nero\",\"publisher\":{\"@id\":\"https:\\\/\\\/diariofemenino.com.ar\\\/df\\\/#organization\"},\"potentialAction\":[{\"@type\":\"SearchAction\",\"target\":{\"@type\":\"EntryPoint\",\"urlTemplate\":\"https:\\\/\\\/diariofemenino.com.ar\\\/df\\\/?s={search_term_string}\"},\"query-input\":{\"@type\":\"PropertyValueSpecification\",\"valueRequired\":true,\"valueName\":\"search_term_string\"}}],\"inLanguage\":\"es\"},{\"@type\":\"Organization\",\"@id\":\"https:\\\/\\\/diariofemenino.com.ar\\\/df\\\/#organization\",\"name\":\"Diario Femenino\",\"url\":\"https:\\\/\\\/diariofemenino.com.ar\\\/df\\\/\",\"logo\":{\"@type\":\"ImageObject\",\"inLanguage\":\"es\",\"@id\":\"https:\\\/\\\/diariofemenino.com.ar\\\/df\\\/#\\\/schema\\\/logo\\\/image\\\/\",\"url\":\"https:\\\/\\\/diariofemenino.com.ar\\\/df\\\/wp-content\\\/uploads\\\/2018\\\/10\\\/logo.png\",\"contentUrl\":\"https:\\\/\\\/diariofemenino.com.ar\\\/df\\\/wp-content\\\/uploads\\\/2018\\\/10\\\/logo.png\",\"width\":500,\"height\":92,\"caption\":\"Diario Femenino\"},\"image\":{\"@id\":\"https:\\\/\\\/diariofemenino.com.ar\\\/df\\\/#\\\/schema\\\/logo\\\/image\\\/\"},\"sameAs\":[\"https:\\\/\\\/www.facebook.com\\\/DiarioDigitaFemenino\\\/\",\"https:\\\/\\\/x.com\\\/DiarioFemenino1\"]},{\"@type\":\"Person\",\"@id\":\"https:\\\/\\\/diariofemenino.com.ar\\\/df\\\/#\\\/schema\\\/person\\\/38f54b3bfd13f561de2460ba95c169c6\",\"name\":\"Admin\",\"image\":{\"@type\":\"ImageObject\",\"inLanguage\":\"es\",\"@id\":\"https:\\\/\\\/diariofemenino.com.ar\\\/df\\\/wp-content\\\/uploads\\\/2018\\\/12\\\/favicon-150x150.jpg\",\"url\":\"https:\\\/\\\/diariofemenino.com.ar\\\/df\\\/wp-content\\\/uploads\\\/2018\\\/12\\\/favicon-150x150.jpg\",\"contentUrl\":\"https:\\\/\\\/diariofemenino.com.ar\\\/df\\\/wp-content\\\/uploads\\\/2018\\\/12\\\/favicon-150x150.jpg\",\"caption\":\"Admin\"},\"url\":\"https:\\\/\\\/diariofemenino.com.ar\\\/df\\\/author\\\/adm18df\\\/\"}]}<\/script>\n<!-- \/ Yoast SEO plugin. -->","yoast_head_json":{"title":"Abuso Sexual Infantil e Incesto.Videos de la Jornada - Diario Digital Femenino","description":"Abuso Sexual Infantil e Incesto. Videos y desgrabaci\u00f3n de la Jornada realizada los d\u00edas 13 y 14 de abril de 2015 e Santa Rosa, La Pampa.","robots":{"index":"index","follow":"follow","max-snippet":"max-snippet:-1","max-image-preview":"max-image-preview:large","max-video-preview":"max-video-preview:-1"},"canonical":"https:\/\/diariofemenino.com.ar\/df\/abuso-sexual-infantil-e-incesto-videos\/","og_locale":"es_ES","og_type":"article","og_title":"Abuso Sexual Infantil e Incesto.Videos de la Jornada - Diario Digital Femenino","og_description":"Abuso Sexual Infantil e Incesto. Videos y desgrabaci\u00f3n de la Jornada realizada los d\u00edas 13 y 14 de abril de 2015 e Santa Rosa, La Pampa.","og_url":"https:\/\/diariofemenino.com.ar\/df\/abuso-sexual-infantil-e-incesto-videos\/","og_site_name":"Diario Digital Femenino","article_publisher":"https:\/\/www.facebook.com\/DiarioDigitaFemenino\/","article_published_time":"2015-05-05T02:54:25+00:00","og_image":[{"url":"http:\/\/www.diariofemenino.com.ar\/wp-content\/uploads\/10359554_896130153782479_6102819536463976925_n.jpg","type":"","width":"","height":""}],"author":"Admin","twitter_card":"summary_large_image","twitter_creator":"@DiarioFemenino1","twitter_site":"@DiarioFemenino1","twitter_misc":{"Escrito por":"Admin","Tiempo de lectura":"19 minutos"},"schema":{"@context":"https:\/\/schema.org","@graph":[{"@type":"Article","@id":"https:\/\/diariofemenino.com.ar\/df\/abuso-sexual-infantil-e-incesto-videos\/#article","isPartOf":{"@id":"https:\/\/diariofemenino.com.ar\/df\/abuso-sexual-infantil-e-incesto-videos\/"},"author":{"name":"Admin","@id":"https:\/\/diariofemenino.com.ar\/df\/#\/schema\/person\/38f54b3bfd13f561de2460ba95c169c6"},"headline":"Abuso Sexual Infantil e Incesto.Videos de la Jornada","datePublished":"2015-05-05T02:54:25+00:00","mainEntityOfPage":{"@id":"https:\/\/diariofemenino.com.ar\/df\/abuso-sexual-infantil-e-incesto-videos\/"},"wordCount":3856,"commentCount":0,"publisher":{"@id":"https:\/\/diariofemenino.com.ar\/df\/#organization"},"image":{"@id":"https:\/\/diariofemenino.com.ar\/df\/abuso-sexual-infantil-e-incesto-videos\/#primaryimage"},"thumbnailUrl":"http:\/\/www.diariofemenino.com.ar\/wp-content\/uploads\/10359554_896130153782479_6102819536463976925_n.jpg","keywords":["Abuso","Derechos Humanos","Infancia y Adolescencia","Justicia","Maltrato","Pol\u00edticas p\u00fablicas"],"articleSection":["De la Revoluci\u00f3n al Reaprendizaje","Medios"],"inLanguage":"es","potentialAction":[{"@type":"CommentAction","name":"Comment","target":["https:\/\/diariofemenino.com.ar\/df\/abuso-sexual-infantil-e-incesto-videos\/#respond"]}]},{"@type":"WebPage","@id":"https:\/\/diariofemenino.com.ar\/df\/abuso-sexual-infantil-e-incesto-videos\/","url":"https:\/\/diariofemenino.com.ar\/df\/abuso-sexual-infantil-e-incesto-videos\/","name":"Abuso Sexual Infantil e Incesto.Videos de la Jornada - Diario Digital Femenino","isPartOf":{"@id":"https:\/\/diariofemenino.com.ar\/df\/#website"},"primaryImageOfPage":{"@id":"https:\/\/diariofemenino.com.ar\/df\/abuso-sexual-infantil-e-incesto-videos\/#primaryimage"},"image":{"@id":"https:\/\/diariofemenino.com.ar\/df\/abuso-sexual-infantil-e-incesto-videos\/#primaryimage"},"thumbnailUrl":"http:\/\/www.diariofemenino.com.ar\/wp-content\/uploads\/10359554_896130153782479_6102819536463976925_n.jpg","datePublished":"2015-05-05T02:54:25+00:00","description":"Abuso Sexual Infantil e Incesto. Videos y desgrabaci\u00f3n de la Jornada realizada los d\u00edas 13 y 14 de abril de 2015 e Santa Rosa, La Pampa.","breadcrumb":{"@id":"https:\/\/diariofemenino.com.ar\/df\/abuso-sexual-infantil-e-incesto-videos\/#breadcrumb"},"inLanguage":"es","potentialAction":[{"@type":"ReadAction","target":["https:\/\/diariofemenino.com.ar\/df\/abuso-sexual-infantil-e-incesto-videos\/"]}]},{"@type":"ImageObject","inLanguage":"es","@id":"https:\/\/diariofemenino.com.ar\/df\/abuso-sexual-infantil-e-incesto-videos\/#primaryimage","url":"http:\/\/www.diariofemenino.com.ar\/wp-content\/uploads\/10359554_896130153782479_6102819536463976925_n.jpg","contentUrl":"http:\/\/www.diariofemenino.com.ar\/wp-content\/uploads\/10359554_896130153782479_6102819536463976925_n.jpg"},{"@type":"BreadcrumbList","@id":"https:\/\/diariofemenino.com.ar\/df\/abuso-sexual-infantil-e-incesto-videos\/#breadcrumb","itemListElement":[{"@type":"ListItem","position":1,"name":"Portada","item":"https:\/\/diariofemenino.com.ar\/df\/"},{"@type":"ListItem","position":2,"name":"Abuso Sexual Infantil e Incesto.Videos de la Jornada"}]},{"@type":"WebSite","@id":"https:\/\/diariofemenino.com.ar\/df\/#website","url":"https:\/\/diariofemenino.com.ar\/df\/","name":"Diario Digital Femenino","description":"Cuesti\u00f3n de G\u00e9nero","publisher":{"@id":"https:\/\/diariofemenino.com.ar\/df\/#organization"},"potentialAction":[{"@type":"SearchAction","target":{"@type":"EntryPoint","urlTemplate":"https:\/\/diariofemenino.com.ar\/df\/?s={search_term_string}"},"query-input":{"@type":"PropertyValueSpecification","valueRequired":true,"valueName":"search_term_string"}}],"inLanguage":"es"},{"@type":"Organization","@id":"https:\/\/diariofemenino.com.ar\/df\/#organization","name":"Diario Femenino","url":"https:\/\/diariofemenino.com.ar\/df\/","logo":{"@type":"ImageObject","inLanguage":"es","@id":"https:\/\/diariofemenino.com.ar\/df\/#\/schema\/logo\/image\/","url":"https:\/\/diariofemenino.com.ar\/df\/wp-content\/uploads\/2018\/10\/logo.png","contentUrl":"https:\/\/diariofemenino.com.ar\/df\/wp-content\/uploads\/2018\/10\/logo.png","width":500,"height":92,"caption":"Diario Femenino"},"image":{"@id":"https:\/\/diariofemenino.com.ar\/df\/#\/schema\/logo\/image\/"},"sameAs":["https:\/\/www.facebook.com\/DiarioDigitaFemenino\/","https:\/\/x.com\/DiarioFemenino1"]},{"@type":"Person","@id":"https:\/\/diariofemenino.com.ar\/df\/#\/schema\/person\/38f54b3bfd13f561de2460ba95c169c6","name":"Admin","image":{"@type":"ImageObject","inLanguage":"es","@id":"https:\/\/diariofemenino.com.ar\/df\/wp-content\/uploads\/2018\/12\/favicon-150x150.jpg","url":"https:\/\/diariofemenino.com.ar\/df\/wp-content\/uploads\/2018\/12\/favicon-150x150.jpg","contentUrl":"https:\/\/diariofemenino.com.ar\/df\/wp-content\/uploads\/2018\/12\/favicon-150x150.jpg","caption":"Admin"},"url":"https:\/\/diariofemenino.com.ar\/df\/author\/adm18df\/"}]}},"jetpack_featured_media_url":"","jetpack_sharing_enabled":true,"rttpg_featured_image_url":null,"rttpg_author":{"display_name":"Admin","author_link":"https:\/\/diariofemenino.com.ar\/df\/author\/adm18df\/"},"rttpg_comment":0,"rttpg_category":"<a href=\"https:\/\/diariofemenino.com.ar\/df\/category\/de-la-revolucion-al-reaprendizaje\/\" rel=\"category tag\">De la Revoluci\u00f3n al Reaprendizaje<\/a> <a href=\"https:\/\/diariofemenino.com.ar\/df\/category\/medios\/\" rel=\"category tag\">Medios<\/a>","rttpg_excerpt":"\u201cDerechos Humanos de las v\u00edctimas de abuso sexual infantil e Incesto. Metodologias represivas institucionales\u201d Jornadas de Capacitacion sobre Abuso Sexual Infantil e Incesto realizadas \u00a0los dias 13 y 14 de abril de 2015 organizadas por la Direcci\u00f3n Provincial de Prevenci\u00f3n y Asistencia de la Violencia Familiar de la Provincia de la Pampa, a cargo de&hellip;","_links":{"self":[{"href":"https:\/\/diariofemenino.com.ar\/df\/wp-json\/wp\/v2\/posts\/17787","targetHints":{"allow":["GET"]}}],"collection":[{"href":"https:\/\/diariofemenino.com.ar\/df\/wp-json\/wp\/v2\/posts"}],"about":[{"href":"https:\/\/diariofemenino.com.ar\/df\/wp-json\/wp\/v2\/types\/post"}],"author":[{"embeddable":true,"href":"https:\/\/diariofemenino.com.ar\/df\/wp-json\/wp\/v2\/users\/1"}],"replies":[{"embeddable":true,"href":"https:\/\/diariofemenino.com.ar\/df\/wp-json\/wp\/v2\/comments?post=17787"}],"version-history":[{"count":0,"href":"https:\/\/diariofemenino.com.ar\/df\/wp-json\/wp\/v2\/posts\/17787\/revisions"}],"wp:attachment":[{"href":"https:\/\/diariofemenino.com.ar\/df\/wp-json\/wp\/v2\/media?parent=17787"}],"wp:term":[{"taxonomy":"category","embeddable":true,"href":"https:\/\/diariofemenino.com.ar\/df\/wp-json\/wp\/v2\/categories?post=17787"},{"taxonomy":"post_tag","embeddable":true,"href":"https:\/\/diariofemenino.com.ar\/df\/wp-json\/wp\/v2\/tags?post=17787"}],"curies":[{"name":"wp","href":"https:\/\/api.w.org\/{rel}","templated":true}]}}