{"id":1773,"date":"2012-06-06T17:26:00","date_gmt":"2012-06-06T20:26:00","guid":{"rendered":"http:\/\/www.diariofemenino.com.ar\/?p=1773"},"modified":"2012-06-06T17:26:00","modified_gmt":"2012-06-06T20:26:00","slug":"absolvieron-en-un-fallo-unanime-a-la-mujer-victima-de-violencia-de-genero-que-mato-a-su-pareja","status":"publish","type":"post","link":"https:\/\/diariofemenino.com.ar\/df\/absolvieron-en-un-fallo-unanime-a-la-mujer-victima-de-violencia-de-genero-que-mato-a-su-pareja\/","title":{"rendered":"Absolvieron en un fallo un\u00e1nime a la mujer, v\u00edctima de violencia de g\u00e9nero, que mat\u00f3 a su pareja"},"content":{"rendered":"<div>\n<em><\/em><br \/>\n<em><\/em><br \/>\n<em>Finalmente, la C\u00e1mara Criminal II de Neuqu\u00e9n, integrada por Florencia Martini, Andr\u00e9s Repetto y H\u00e9ctor Dedominichi, absolvi\u00f3 hoy en forma un\u00e1nime a Elcira del Pilar Ojeda Ramirez quien en 2010 prendi\u00f3 fuego la casilla en la que dorm\u00eda su pareja, Jos\u00e9 Eduardo Gonzalez,\u00a0caus\u00e1ndole\u00a0la muerte<\/em>.\n<\/div>\n<h6><strong><a href=\"http:\/\/www.diariofemenino.com.ar\/wp-content\/uploads\/16-300x198.jpg\"><img loading=\"lazy\" decoding=\"async\" class=\"alignnone size-full wp-image-1774\" title=\"16-300x198\" src=\"http:\/\/www.diariofemenino.com.ar\/wp-content\/uploads\/16-300x198.jpg\" alt=\"\" width=\"300\" height=\"198\" \/><\/a><br \/>\n<\/strong>Ivana Dal Bianco. Foto archivo 8300web (Cecilia Maletti)<\/h6>\n<div>El tribunal entendi\u00f3 que el planteo del fiscal de C\u00e1mara Pablo Vignaroli, ausente en la audiencia de esta jornada, \u201cno parece en absoluto arbitrario\u201d.\u00a0<a href=\"http:\/\/www.8300.com.ar\/2012\/05\/30\/piden-la-absolucion-de-una-mujer-victima-de-violencia-de-genero-que-mato-a-su-pareja\/\" rel=\"nofollow\" target=\"_blank\"><strong>El representante del Ministerio P\u00fablico hab\u00eda desistido de acusar a la mujer<\/strong><\/a>, pues entendi\u00f3 que exist\u00eda un estado de necesidad exculpatorio. En principio la imputaci\u00f3n que le cab\u00eda era por homicidio calificado, que luego mut\u00f3 a homicidio cometido en estado de emoci\u00f3n violenta.<\/div>\n<div>Elcira era v\u00edctima de violencia de g\u00e9nero. Pese a las reiteradas denuncias formuladas en juzgados de Familia, no logr\u00f3 respuestas reparadoras. Incluso, una semana antes del hecho el hombre le provoc\u00f3 una lesi\u00f3n en el cuello que puso en grave riesgo su vida.<\/div>\n<div>Visiblemente conmovida, luego de la lectura del fallo, Elcira se abraz\u00f3 con sus hijos. Su defensora Ivana Dal Bianco destac\u00f3 la relevancia de la sentencia:\u00a0<strong>\u201ces el primer antecedente que reconoce el estado de necesidad exculpante, o sea que la amenaza de sufrir un mal grave e inminente, en causas de violencia contra las mujeres puede servir como una causal de no reprochabilidad\u201d.<br \/>\n<\/strong><\/div>\n<div id=\"yui_3_2_0_1_1339012146327488\">Y agreg\u00f3: \u201clas mujeres v\u00edctimas de violencia no son mujeres que est\u00e1n locas, ni son ininputables, porque ese es tambi\u00e9n un rol en el que se nos pone a las mujeres. Aquella que se defiende, es alguien que est\u00e1 loca, y eso no es as\u00ed. (Para) aquella que se \u00a0defiende, llevada a esta situaci\u00f3n por los a\u00f1os que tuvo que padecer de violencia de parte de su pareja, este es un antecedente importante,\u00a0<strong>porque es reconocerle a la mujer, el derecho, de alguna forma, a defender su vida\u201d.<\/strong><\/div>\n<div><\/div>\n<p>&nbsp;<br \/>\n<strong>Fuente: Elio Brat, periodista Red PAR\u00a0 Neuqu\u00e9n y \u00a0<a href=\"http:\/\/www.8300.com.ar\">www.8300.com.ar<\/a><\/strong><br \/>\n&nbsp;<br \/>\n<strong>\u00a0<\/strong><\/p>\n","protected":false},"excerpt":{"rendered":"<p>Finalmente, la C\u00e1mara Criminal II de Neuqu\u00e9n, integrada por Florencia Martini, Andr\u00e9s Repetto y H\u00e9ctor Dedominichi, absolvi\u00f3 hoy en forma un\u00e1nime a Elcira del Pilar Ojeda Ramirez quien en 2010 prendi\u00f3 fuego la casilla en la que dorm\u00eda su pareja, Jos\u00e9 Eduardo Gonzalez,\u00a0caus\u00e1ndole\u00a0la muerte. Ivana Dal Bianco. Foto archivo 8300web (Cecilia Maletti) El tribunal entendi\u00f3 [&hellip;]<\/p>\n","protected":false},"author":1,"featured_media":0,"comment_status":"open","ping_status":"open","sticky":false,"template":"","format":"standard","meta":{"iawp_total_views":6,"footnotes":""},"categories":[4,13],"tags":[],"class_list":["post-1773","post","type-post","status-publish","format-standard","hentry","category-medios","category-mujeres-sindicalistas"],"nelio_content":{"autoShareEndMode":"never","automationSources":{"useCustomSentences":false,"customSentences":[]},"efiAlt":"","efiUrl":"","followers":[],"highlights":[],"isAutoShareEnabled":true,"networkImageIds":[],"permalinkQueryArgs":[],"series":[],"suggestedReferences":[]},"yoast_head":"<!-- This site is optimized with the Yoast SEO plugin v27.5 - https:\/\/yoast.com\/product\/yoast-seo-wordpress\/ -->\n<title>Absolvieron en un fallo un\u00e1nime a la mujer, v\u00edctima de violencia de g\u00e9nero, que mat\u00f3 a su pareja - Diario Digital Femenino<\/title>\n<meta name=\"robots\" content=\"index, follow, max-snippet:-1, max-image-preview:large, max-video-preview:-1\" \/>\n<link rel=\"canonical\" href=\"https:\/\/diariofemenino.com.ar\/df\/absolvieron-en-un-fallo-unanime-a-la-mujer-victima-de-violencia-de-genero-que-mato-a-su-pareja\/\" \/>\n<meta property=\"og:locale\" content=\"es_ES\" \/>\n<meta property=\"og:type\" content=\"article\" \/>\n<meta property=\"og:title\" content=\"Absolvieron en un fallo un\u00e1nime a la mujer, v\u00edctima de violencia de g\u00e9nero, que mat\u00f3 a su pareja - Diario Digital Femenino\" \/>\n<meta property=\"og:description\" content=\"Finalmente, la C\u00e1mara Criminal II de Neuqu\u00e9n, integrada por Florencia Martini, Andr\u00e9s Repetto y H\u00e9ctor Dedominichi, absolvi\u00f3 hoy en forma un\u00e1nime a Elcira del Pilar Ojeda Ramirez quien en 2010 prendi\u00f3 fuego la casilla en la que dorm\u00eda su pareja, Jos\u00e9 Eduardo Gonzalez,\u00a0caus\u00e1ndole\u00a0la muerte. Ivana Dal Bianco. Foto archivo 8300web (Cecilia Maletti) El tribunal entendi\u00f3 [&hellip;]\" \/>\n<meta property=\"og:url\" content=\"https:\/\/diariofemenino.com.ar\/df\/absolvieron-en-un-fallo-unanime-a-la-mujer-victima-de-violencia-de-genero-que-mato-a-su-pareja\/\" \/>\n<meta property=\"og:site_name\" content=\"Diario Digital Femenino\" \/>\n<meta property=\"article:publisher\" content=\"https:\/\/www.facebook.com\/DiarioDigitaFemenino\/\" \/>\n<meta property=\"article:published_time\" content=\"2012-06-06T20:26:00+00:00\" \/>\n<meta property=\"og:image\" content=\"http:\/\/www.diariofemenino.com.ar\/wp-content\/uploads\/16-300x198.jpg\" \/>\n<meta name=\"author\" content=\"Admin\" \/>\n<meta name=\"twitter:card\" content=\"summary_large_image\" \/>\n<meta name=\"twitter:creator\" content=\"@DiarioFemenino1\" \/>\n<meta name=\"twitter:site\" content=\"@DiarioFemenino1\" \/>\n<meta name=\"twitter:label1\" content=\"Escrito por\" \/>\n\t<meta name=\"twitter:data1\" content=\"Admin\" \/>\n\t<meta name=\"twitter:label2\" content=\"Tiempo de lectura\" \/>\n\t<meta name=\"twitter:data2\" content=\"2 minutos\" \/>\n<script type=\"application\/ld+json\" class=\"yoast-schema-graph\">{\"@context\":\"https:\\\/\\\/schema.org\",\"@graph\":[{\"@type\":\"Article\",\"@id\":\"https:\\\/\\\/diariofemenino.com.ar\\\/df\\\/absolvieron-en-un-fallo-unanime-a-la-mujer-victima-de-violencia-de-genero-que-mato-a-su-pareja\\\/#article\",\"isPartOf\":{\"@id\":\"https:\\\/\\\/diariofemenino.com.ar\\\/df\\\/absolvieron-en-un-fallo-unanime-a-la-mujer-victima-de-violencia-de-genero-que-mato-a-su-pareja\\\/\"},\"author\":{\"name\":\"Admin\",\"@id\":\"https:\\\/\\\/diariofemenino.com.ar\\\/df\\\/#\\\/schema\\\/person\\\/38f54b3bfd13f561de2460ba95c169c6\"},\"headline\":\"Absolvieron en un fallo un\u00e1nime a la mujer, v\u00edctima de violencia de g\u00e9nero, que mat\u00f3 a su pareja\",\"datePublished\":\"2012-06-06T20:26:00+00:00\",\"mainEntityOfPage\":{\"@id\":\"https:\\\/\\\/diariofemenino.com.ar\\\/df\\\/absolvieron-en-un-fallo-unanime-a-la-mujer-victima-de-violencia-de-genero-que-mato-a-su-pareja\\\/\"},\"wordCount\":371,\"commentCount\":0,\"publisher\":{\"@id\":\"https:\\\/\\\/diariofemenino.com.ar\\\/df\\\/#organization\"},\"image\":{\"@id\":\"https:\\\/\\\/diariofemenino.com.ar\\\/df\\\/absolvieron-en-un-fallo-unanime-a-la-mujer-victima-de-violencia-de-genero-que-mato-a-su-pareja\\\/#primaryimage\"},\"thumbnailUrl\":\"http:\\\/\\\/www.diariofemenino.com.ar\\\/wp-content\\\/uploads\\\/16-300x198.jpg\",\"articleSection\":[\"Medios\",\"Mujeres Sindicalistas\"],\"inLanguage\":\"es\",\"potentialAction\":[{\"@type\":\"CommentAction\",\"name\":\"Comment\",\"target\":[\"https:\\\/\\\/diariofemenino.com.ar\\\/df\\\/absolvieron-en-un-fallo-unanime-a-la-mujer-victima-de-violencia-de-genero-que-mato-a-su-pareja\\\/#respond\"]}]},{\"@type\":\"WebPage\",\"@id\":\"https:\\\/\\\/diariofemenino.com.ar\\\/df\\\/absolvieron-en-un-fallo-unanime-a-la-mujer-victima-de-violencia-de-genero-que-mato-a-su-pareja\\\/\",\"url\":\"https:\\\/\\\/diariofemenino.com.ar\\\/df\\\/absolvieron-en-un-fallo-unanime-a-la-mujer-victima-de-violencia-de-genero-que-mato-a-su-pareja\\\/\",\"name\":\"Absolvieron en un fallo un\u00e1nime a la mujer, v\u00edctima de violencia de g\u00e9nero, que mat\u00f3 a su pareja - Diario Digital Femenino\",\"isPartOf\":{\"@id\":\"https:\\\/\\\/diariofemenino.com.ar\\\/df\\\/#website\"},\"primaryImageOfPage\":{\"@id\":\"https:\\\/\\\/diariofemenino.com.ar\\\/df\\\/absolvieron-en-un-fallo-unanime-a-la-mujer-victima-de-violencia-de-genero-que-mato-a-su-pareja\\\/#primaryimage\"},\"image\":{\"@id\":\"https:\\\/\\\/diariofemenino.com.ar\\\/df\\\/absolvieron-en-un-fallo-unanime-a-la-mujer-victima-de-violencia-de-genero-que-mato-a-su-pareja\\\/#primaryimage\"},\"thumbnailUrl\":\"http:\\\/\\\/www.diariofemenino.com.ar\\\/wp-content\\\/uploads\\\/16-300x198.jpg\",\"datePublished\":\"2012-06-06T20:26:00+00:00\",\"breadcrumb\":{\"@id\":\"https:\\\/\\\/diariofemenino.com.ar\\\/df\\\/absolvieron-en-un-fallo-unanime-a-la-mujer-victima-de-violencia-de-genero-que-mato-a-su-pareja\\\/#breadcrumb\"},\"inLanguage\":\"es\",\"potentialAction\":[{\"@type\":\"ReadAction\",\"target\":[\"https:\\\/\\\/diariofemenino.com.ar\\\/df\\\/absolvieron-en-un-fallo-unanime-a-la-mujer-victima-de-violencia-de-genero-que-mato-a-su-pareja\\\/\"]}]},{\"@type\":\"ImageObject\",\"inLanguage\":\"es\",\"@id\":\"https:\\\/\\\/diariofemenino.com.ar\\\/df\\\/absolvieron-en-un-fallo-unanime-a-la-mujer-victima-de-violencia-de-genero-que-mato-a-su-pareja\\\/#primaryimage\",\"url\":\"http:\\\/\\\/www.diariofemenino.com.ar\\\/wp-content\\\/uploads\\\/16-300x198.jpg\",\"contentUrl\":\"http:\\\/\\\/www.diariofemenino.com.ar\\\/wp-content\\\/uploads\\\/16-300x198.jpg\"},{\"@type\":\"BreadcrumbList\",\"@id\":\"https:\\\/\\\/diariofemenino.com.ar\\\/df\\\/absolvieron-en-un-fallo-unanime-a-la-mujer-victima-de-violencia-de-genero-que-mato-a-su-pareja\\\/#breadcrumb\",\"itemListElement\":[{\"@type\":\"ListItem\",\"position\":1,\"name\":\"Portada\",\"item\":\"https:\\\/\\\/diariofemenino.com.ar\\\/df\\\/\"},{\"@type\":\"ListItem\",\"position\":2,\"name\":\"Absolvieron en un fallo un\u00e1nime a la mujer, v\u00edctima de violencia de g\u00e9nero, que mat\u00f3 a su pareja\"}]},{\"@type\":\"WebSite\",\"@id\":\"https:\\\/\\\/diariofemenino.com.ar\\\/df\\\/#website\",\"url\":\"https:\\\/\\\/diariofemenino.com.ar\\\/df\\\/\",\"name\":\"Diario Digital Femenino\",\"description\":\"Cuesti\u00f3n de G\u00e9nero\",\"publisher\":{\"@id\":\"https:\\\/\\\/diariofemenino.com.ar\\\/df\\\/#organization\"},\"potentialAction\":[{\"@type\":\"SearchAction\",\"target\":{\"@type\":\"EntryPoint\",\"urlTemplate\":\"https:\\\/\\\/diariofemenino.com.ar\\\/df\\\/?s={search_term_string}\"},\"query-input\":{\"@type\":\"PropertyValueSpecification\",\"valueRequired\":true,\"valueName\":\"search_term_string\"}}],\"inLanguage\":\"es\"},{\"@type\":\"Organization\",\"@id\":\"https:\\\/\\\/diariofemenino.com.ar\\\/df\\\/#organization\",\"name\":\"Diario Femenino\",\"url\":\"https:\\\/\\\/diariofemenino.com.ar\\\/df\\\/\",\"logo\":{\"@type\":\"ImageObject\",\"inLanguage\":\"es\",\"@id\":\"https:\\\/\\\/diariofemenino.com.ar\\\/df\\\/#\\\/schema\\\/logo\\\/image\\\/\",\"url\":\"https:\\\/\\\/diariofemenino.com.ar\\\/df\\\/wp-content\\\/uploads\\\/2018\\\/10\\\/logo.png\",\"contentUrl\":\"https:\\\/\\\/diariofemenino.com.ar\\\/df\\\/wp-content\\\/uploads\\\/2018\\\/10\\\/logo.png\",\"width\":500,\"height\":92,\"caption\":\"Diario Femenino\"},\"image\":{\"@id\":\"https:\\\/\\\/diariofemenino.com.ar\\\/df\\\/#\\\/schema\\\/logo\\\/image\\\/\"},\"sameAs\":[\"https:\\\/\\\/www.facebook.com\\\/DiarioDigitaFemenino\\\/\",\"https:\\\/\\\/x.com\\\/DiarioFemenino1\"]},{\"@type\":\"Person\",\"@id\":\"https:\\\/\\\/diariofemenino.com.ar\\\/df\\\/#\\\/schema\\\/person\\\/38f54b3bfd13f561de2460ba95c169c6\",\"name\":\"Admin\",\"image\":{\"@type\":\"ImageObject\",\"inLanguage\":\"es\",\"@id\":\"https:\\\/\\\/diariofemenino.com.ar\\\/df\\\/wp-content\\\/uploads\\\/2018\\\/12\\\/favicon-150x150.jpg\",\"url\":\"https:\\\/\\\/diariofemenino.com.ar\\\/df\\\/wp-content\\\/uploads\\\/2018\\\/12\\\/favicon-150x150.jpg\",\"contentUrl\":\"https:\\\/\\\/diariofemenino.com.ar\\\/df\\\/wp-content\\\/uploads\\\/2018\\\/12\\\/favicon-150x150.jpg\",\"caption\":\"Admin\"},\"url\":\"https:\\\/\\\/diariofemenino.com.ar\\\/df\\\/author\\\/adm18df\\\/\"}]}<\/script>\n<!-- \/ Yoast SEO plugin. -->","yoast_head_json":{"title":"Absolvieron en un fallo un\u00e1nime a la mujer, v\u00edctima de violencia de g\u00e9nero, que mat\u00f3 a su pareja - Diario Digital Femenino","robots":{"index":"index","follow":"follow","max-snippet":"max-snippet:-1","max-image-preview":"max-image-preview:large","max-video-preview":"max-video-preview:-1"},"canonical":"https:\/\/diariofemenino.com.ar\/df\/absolvieron-en-un-fallo-unanime-a-la-mujer-victima-de-violencia-de-genero-que-mato-a-su-pareja\/","og_locale":"es_ES","og_type":"article","og_title":"Absolvieron en un fallo un\u00e1nime a la mujer, v\u00edctima de violencia de g\u00e9nero, que mat\u00f3 a su pareja - Diario Digital Femenino","og_description":"Finalmente, la C\u00e1mara Criminal II de Neuqu\u00e9n, integrada por Florencia Martini, Andr\u00e9s Repetto y H\u00e9ctor Dedominichi, absolvi\u00f3 hoy en forma un\u00e1nime a Elcira del Pilar Ojeda Ramirez quien en 2010 prendi\u00f3 fuego la casilla en la que dorm\u00eda su pareja, Jos\u00e9 Eduardo Gonzalez,\u00a0caus\u00e1ndole\u00a0la muerte. Ivana Dal Bianco. Foto archivo 8300web (Cecilia Maletti) El tribunal entendi\u00f3 [&hellip;]","og_url":"https:\/\/diariofemenino.com.ar\/df\/absolvieron-en-un-fallo-unanime-a-la-mujer-victima-de-violencia-de-genero-que-mato-a-su-pareja\/","og_site_name":"Diario Digital Femenino","article_publisher":"https:\/\/www.facebook.com\/DiarioDigitaFemenino\/","article_published_time":"2012-06-06T20:26:00+00:00","og_image":[{"url":"http:\/\/www.diariofemenino.com.ar\/wp-content\/uploads\/16-300x198.jpg","type":"","width":"","height":""}],"author":"Admin","twitter_card":"summary_large_image","twitter_creator":"@DiarioFemenino1","twitter_site":"@DiarioFemenino1","twitter_misc":{"Escrito por":"Admin","Tiempo de lectura":"2 minutos"},"schema":{"@context":"https:\/\/schema.org","@graph":[{"@type":"Article","@id":"https:\/\/diariofemenino.com.ar\/df\/absolvieron-en-un-fallo-unanime-a-la-mujer-victima-de-violencia-de-genero-que-mato-a-su-pareja\/#article","isPartOf":{"@id":"https:\/\/diariofemenino.com.ar\/df\/absolvieron-en-un-fallo-unanime-a-la-mujer-victima-de-violencia-de-genero-que-mato-a-su-pareja\/"},"author":{"name":"Admin","@id":"https:\/\/diariofemenino.com.ar\/df\/#\/schema\/person\/38f54b3bfd13f561de2460ba95c169c6"},"headline":"Absolvieron en un fallo un\u00e1nime a la mujer, v\u00edctima de violencia de g\u00e9nero, que mat\u00f3 a su pareja","datePublished":"2012-06-06T20:26:00+00:00","mainEntityOfPage":{"@id":"https:\/\/diariofemenino.com.ar\/df\/absolvieron-en-un-fallo-unanime-a-la-mujer-victima-de-violencia-de-genero-que-mato-a-su-pareja\/"},"wordCount":371,"commentCount":0,"publisher":{"@id":"https:\/\/diariofemenino.com.ar\/df\/#organization"},"image":{"@id":"https:\/\/diariofemenino.com.ar\/df\/absolvieron-en-un-fallo-unanime-a-la-mujer-victima-de-violencia-de-genero-que-mato-a-su-pareja\/#primaryimage"},"thumbnailUrl":"http:\/\/www.diariofemenino.com.ar\/wp-content\/uploads\/16-300x198.jpg","articleSection":["Medios","Mujeres Sindicalistas"],"inLanguage":"es","potentialAction":[{"@type":"CommentAction","name":"Comment","target":["https:\/\/diariofemenino.com.ar\/df\/absolvieron-en-un-fallo-unanime-a-la-mujer-victima-de-violencia-de-genero-que-mato-a-su-pareja\/#respond"]}]},{"@type":"WebPage","@id":"https:\/\/diariofemenino.com.ar\/df\/absolvieron-en-un-fallo-unanime-a-la-mujer-victima-de-violencia-de-genero-que-mato-a-su-pareja\/","url":"https:\/\/diariofemenino.com.ar\/df\/absolvieron-en-un-fallo-unanime-a-la-mujer-victima-de-violencia-de-genero-que-mato-a-su-pareja\/","name":"Absolvieron en un fallo un\u00e1nime a la mujer, v\u00edctima de violencia de g\u00e9nero, que mat\u00f3 a su pareja - Diario Digital Femenino","isPartOf":{"@id":"https:\/\/diariofemenino.com.ar\/df\/#website"},"primaryImageOfPage":{"@id":"https:\/\/diariofemenino.com.ar\/df\/absolvieron-en-un-fallo-unanime-a-la-mujer-victima-de-violencia-de-genero-que-mato-a-su-pareja\/#primaryimage"},"image":{"@id":"https:\/\/diariofemenino.com.ar\/df\/absolvieron-en-un-fallo-unanime-a-la-mujer-victima-de-violencia-de-genero-que-mato-a-su-pareja\/#primaryimage"},"thumbnailUrl":"http:\/\/www.diariofemenino.com.ar\/wp-content\/uploads\/16-300x198.jpg","datePublished":"2012-06-06T20:26:00+00:00","breadcrumb":{"@id":"https:\/\/diariofemenino.com.ar\/df\/absolvieron-en-un-fallo-unanime-a-la-mujer-victima-de-violencia-de-genero-que-mato-a-su-pareja\/#breadcrumb"},"inLanguage":"es","potentialAction":[{"@type":"ReadAction","target":["https:\/\/diariofemenino.com.ar\/df\/absolvieron-en-un-fallo-unanime-a-la-mujer-victima-de-violencia-de-genero-que-mato-a-su-pareja\/"]}]},{"@type":"ImageObject","inLanguage":"es","@id":"https:\/\/diariofemenino.com.ar\/df\/absolvieron-en-un-fallo-unanime-a-la-mujer-victima-de-violencia-de-genero-que-mato-a-su-pareja\/#primaryimage","url":"http:\/\/www.diariofemenino.com.ar\/wp-content\/uploads\/16-300x198.jpg","contentUrl":"http:\/\/www.diariofemenino.com.ar\/wp-content\/uploads\/16-300x198.jpg"},{"@type":"BreadcrumbList","@id":"https:\/\/diariofemenino.com.ar\/df\/absolvieron-en-un-fallo-unanime-a-la-mujer-victima-de-violencia-de-genero-que-mato-a-su-pareja\/#breadcrumb","itemListElement":[{"@type":"ListItem","position":1,"name":"Portada","item":"https:\/\/diariofemenino.com.ar\/df\/"},{"@type":"ListItem","position":2,"name":"Absolvieron en un fallo un\u00e1nime a la mujer, v\u00edctima de violencia de g\u00e9nero, que mat\u00f3 a su pareja"}]},{"@type":"WebSite","@id":"https:\/\/diariofemenino.com.ar\/df\/#website","url":"https:\/\/diariofemenino.com.ar\/df\/","name":"Diario Digital Femenino","description":"Cuesti\u00f3n de G\u00e9nero","publisher":{"@id":"https:\/\/diariofemenino.com.ar\/df\/#organization"},"potentialAction":[{"@type":"SearchAction","target":{"@type":"EntryPoint","urlTemplate":"https:\/\/diariofemenino.com.ar\/df\/?s={search_term_string}"},"query-input":{"@type":"PropertyValueSpecification","valueRequired":true,"valueName":"search_term_string"}}],"inLanguage":"es"},{"@type":"Organization","@id":"https:\/\/diariofemenino.com.ar\/df\/#organization","name":"Diario Femenino","url":"https:\/\/diariofemenino.com.ar\/df\/","logo":{"@type":"ImageObject","inLanguage":"es","@id":"https:\/\/diariofemenino.com.ar\/df\/#\/schema\/logo\/image\/","url":"https:\/\/diariofemenino.com.ar\/df\/wp-content\/uploads\/2018\/10\/logo.png","contentUrl":"https:\/\/diariofemenino.com.ar\/df\/wp-content\/uploads\/2018\/10\/logo.png","width":500,"height":92,"caption":"Diario Femenino"},"image":{"@id":"https:\/\/diariofemenino.com.ar\/df\/#\/schema\/logo\/image\/"},"sameAs":["https:\/\/www.facebook.com\/DiarioDigitaFemenino\/","https:\/\/x.com\/DiarioFemenino1"]},{"@type":"Person","@id":"https:\/\/diariofemenino.com.ar\/df\/#\/schema\/person\/38f54b3bfd13f561de2460ba95c169c6","name":"Admin","image":{"@type":"ImageObject","inLanguage":"es","@id":"https:\/\/diariofemenino.com.ar\/df\/wp-content\/uploads\/2018\/12\/favicon-150x150.jpg","url":"https:\/\/diariofemenino.com.ar\/df\/wp-content\/uploads\/2018\/12\/favicon-150x150.jpg","contentUrl":"https:\/\/diariofemenino.com.ar\/df\/wp-content\/uploads\/2018\/12\/favicon-150x150.jpg","caption":"Admin"},"url":"https:\/\/diariofemenino.com.ar\/df\/author\/adm18df\/"}]}},"jetpack_featured_media_url":"","jetpack_sharing_enabled":true,"rttpg_featured_image_url":null,"rttpg_author":{"display_name":"Admin","author_link":"https:\/\/diariofemenino.com.ar\/df\/author\/adm18df\/"},"rttpg_comment":0,"rttpg_category":"<a href=\"https:\/\/diariofemenino.com.ar\/df\/category\/medios\/\" rel=\"category tag\">Medios<\/a> <a href=\"https:\/\/diariofemenino.com.ar\/df\/category\/mujeres-sindicalistas\/\" rel=\"category tag\">Mujeres Sindicalistas<\/a>","rttpg_excerpt":"Finalmente, la C\u00e1mara Criminal II de Neuqu\u00e9n, integrada por Florencia Martini, Andr\u00e9s Repetto y H\u00e9ctor Dedominichi, absolvi\u00f3 hoy en forma un\u00e1nime a Elcira del Pilar Ojeda Ramirez quien en 2010 prendi\u00f3 fuego la casilla en la que dorm\u00eda su pareja, Jos\u00e9 Eduardo Gonzalez,\u00a0caus\u00e1ndole\u00a0la muerte. Ivana Dal Bianco. Foto archivo 8300web (Cecilia Maletti) El tribunal entendi\u00f3&hellip;","_links":{"self":[{"href":"https:\/\/diariofemenino.com.ar\/df\/wp-json\/wp\/v2\/posts\/1773","targetHints":{"allow":["GET"]}}],"collection":[{"href":"https:\/\/diariofemenino.com.ar\/df\/wp-json\/wp\/v2\/posts"}],"about":[{"href":"https:\/\/diariofemenino.com.ar\/df\/wp-json\/wp\/v2\/types\/post"}],"author":[{"embeddable":true,"href":"https:\/\/diariofemenino.com.ar\/df\/wp-json\/wp\/v2\/users\/1"}],"replies":[{"embeddable":true,"href":"https:\/\/diariofemenino.com.ar\/df\/wp-json\/wp\/v2\/comments?post=1773"}],"version-history":[{"count":0,"href":"https:\/\/diariofemenino.com.ar\/df\/wp-json\/wp\/v2\/posts\/1773\/revisions"}],"wp:attachment":[{"href":"https:\/\/diariofemenino.com.ar\/df\/wp-json\/wp\/v2\/media?parent=1773"}],"wp:term":[{"taxonomy":"category","embeddable":true,"href":"https:\/\/diariofemenino.com.ar\/df\/wp-json\/wp\/v2\/categories?post=1773"},{"taxonomy":"post_tag","embeddable":true,"href":"https:\/\/diariofemenino.com.ar\/df\/wp-json\/wp\/v2\/tags?post=1773"}],"curies":[{"name":"wp","href":"https:\/\/api.w.org\/{rel}","templated":true}]}}