{"id":1765,"date":"2012-06-06T12:06:49","date_gmt":"2012-06-06T15:06:49","guid":{"rendered":"http:\/\/www.diariofemenino.com.ar\/?p=1765"},"modified":"2012-06-06T12:06:49","modified_gmt":"2012-06-06T15:06:49","slug":"periodistas-del-pais-se-reunen-para-decir-basta-a-la-violencia-de-genero","status":"publish","type":"post","link":"https:\/\/diariofemenino.com.ar\/df\/periodistas-del-pais-se-reunen-para-decir-basta-a-la-violencia-de-genero\/","title":{"rendered":"Periodistas del pa\u00eds se re\u00fanen para decir Basta a la Violencia de G\u00e9nero"},"content":{"rendered":"<p>&nbsp;<br \/>\n&nbsp;<br \/>\n<em>La red de periodistas PAR organiza un acto el 7 de junio, d\u00eda del periodismo, en el Obelisco de la Ciudad de <strong>Buenos Aires<\/strong> bajo la consigna \u00abEl periodismo le dice basta a la violencia de g\u00e9nero\u00bb.<\/em><br \/>\n<em>Adem\u00e1s, integrantes de PAR realizar\u00e1n actividades relacionadas con el periodismo inclusivo en <strong>C\u00f3rdoba, Mar del Plata, Misiones, Salta\u00a0y R\u00edo Negro.<\/strong> \u00a0<\/em><br \/>\n<a href=\"http:\/\/www.diariofemenino.com.ar\/wp-content\/uploads\/imagesCAV26W5T3.jpg\"><img loading=\"lazy\" decoding=\"async\" class=\"alignnone size-full wp-image-1766\" title=\"imagesCAV26W5T\" src=\"http:\/\/www.diariofemenino.com.ar\/wp-content\/uploads\/imagesCAV26W5T3.jpg\" alt=\"\" width=\"200\" height=\"195\" \/><\/a><br \/>\nAll\u00ed habr\u00e1 carteles, se repartir\u00e1n los 10 puntos del Dec\u00e1logo para un adecuado tratamiento period\u00edstico de la violencia contra las mujeres elaborado por la red y se escuchar\u00e1n mensajes de periodistas de Argentina y el extranjero.<br \/>\nComo cierre de la actividad, a las 17, se realizar\u00e1 una foto colectiva para compartir con colegas de todo el pa\u00eds y el mundo a trav\u00e9s de las redes sociales.<br \/>\nMediante la intervenci\u00f3n p\u00fablica, el colectivo de prensa pretende \u00abaumentar el compromiso del periodismo en el tratamiento medi\u00e1tico de la violencia contra las mujeres, cuidando a las v\u00edctimas y no prejuzgando sus actitudes\u00bb.<br \/>\nDesde PAR aclararon que el encuentro es abierto y que esperan que \u00abnos encontremos colegas de todos los medios bajo esta \u00fanica consigna que nos compromete y aglutina y que tiene que ver con defender los derechos humanos y denunciar la violencia de g\u00e9nero\u00bb.<br \/>\nQuienes quieran sumarse pueden anticiparse haci\u00e9ndolo a trav\u00e9s de las redes sociales: en Facebook: y en Twitter: @7dejunioPAR<br \/>\nEn el Concejo Deliberante de <strong>Mar del Plata<\/strong>, el jueves a las 17, integrantes de la red presentaran el manual \u00abHacia un periodismo con conciencia de g\u00e9nero\u00bb.<br \/>\nLa Casa de la Mujer de <strong>Posadas, Misiones<\/strong>, ser\u00e1 la sede, el viernes y s\u00e1bado pr\u00f3ximos, del taller \u00abAportes por un periodismo con enfoque de g\u00e9nero que promocione realidades igualitarias\u00bb.<br \/>\nEl 7, en la sede <strong>General Roca<\/strong> de la universidad del Comahue, se realizar\u00e1 una charla sobre perspectiva de g\u00e9nero en periodismo.<br \/>\nEn el Centro C\u00edvico del Bicentenario, Ciudad de <strong>C\u00f3rdoba<\/strong>, a las 14 hs se desarrollar\u00e1 el Foro \u201cMujeres y medios de comunicaci\u00f3n, hacia un periodismo con perspectiva de G\u00e9nero\u201d organizado por el Consejo Provincial de la Mujer.<br \/>\n<strong>Salta<\/strong>: El Instituto de Investigaci\u00f3n Social, Econ\u00f3mica, y Pol\u00edtica Ciudadana (ISEPCi) y el Movimiento Libres del Sur organizan la Charla &#8211; Debate: \u00abPROBLEM\u00c1TICA DE VIOLENCIA DE GENERO EN SALTA\u00bb; que se realizar\u00e1 el pr\u00f3ximo Jueves 07 de Junio a las 17 hs. en el Complejo de Bibliotecas (Sarmiento esquina Belgrano).<br \/>\n<strong>Tandil: <\/strong>PAR Tandil anticipa que el s\u00e1bado 16 de junio, en La Compa\u00f1\u00eda \u2013Alsina 1242- estar\u00e1 desarrollando desde las 15 y hasta las 18 una Jornada titulada \u201cCreando buenas pr\u00e1cticas\u201d, en la que analizaremos nuestras dificultades cotidianas al momento de comunicar desde la perspectiva de los derechos humanos. Uno de los objetivos es generar estrategias conjuntas que nos permitan comunicar con mayor pertinencia. Adem\u00e1s compartiremos con colegas especializadas un anticipo del nuevo dec\u00e1logo que est\u00e1 preparando la Red PAR , para abordar la informaci\u00f3n vinculada a la trata de personas.<\/p>\n<div>Por m\u00e1s informaci\u00f3n, escribir a\u00a0<a href=\"mailto:agendalacompania@hotmail.com.ar\" rel=\"nofollow\" target=\"_blank\">agendalacompania@hotmail.com.ar<\/a><\/div>\n<div id=\"yui_3_2_0_1_1339012146327286\">\n<\/div>\n<div><\/div>\n<div>Fuente: T\u00e9lam, Red PAR\u00a0y Diario Femenino<\/div>\n<p>&nbsp;<br \/>\n&nbsp;<\/p>\n","protected":false},"excerpt":{"rendered":"<p>&nbsp; &nbsp; La red de periodistas PAR organiza un acto el 7 de junio, d\u00eda del periodismo, en el Obelisco de la Ciudad de Buenos Aires bajo la consigna \u00abEl periodismo le dice basta a la violencia de g\u00e9nero\u00bb. Adem\u00e1s, integrantes de PAR realizar\u00e1n actividades relacionadas con el periodismo inclusivo en C\u00f3rdoba, Mar del Plata, [&hellip;]<\/p>\n","protected":false},"author":1,"featured_media":0,"comment_status":"open","ping_status":"open","sticky":false,"template":"","format":"standard","meta":{"iawp_total_views":2,"footnotes":""},"categories":[7,4],"tags":[],"class_list":["post-1765","post","type-post","status-publish","format-standard","hentry","category-actividades","category-medios"],"nelio_content":{"autoShareEndMode":"never","automationSources":{"useCustomSentences":false,"customSentences":[]},"efiAlt":"","efiUrl":"","followers":[],"highlights":[],"isAutoShareEnabled":true,"networkImageIds":[],"permalinkQueryArgs":[],"series":[],"suggestedReferences":[]},"yoast_head":"<!-- This site is optimized with the Yoast SEO plugin v27.5 - https:\/\/yoast.com\/product\/yoast-seo-wordpress\/ -->\n<title>Periodistas del pa\u00eds se re\u00fanen para decir Basta a la Violencia de G\u00e9nero - Diario Digital Femenino<\/title>\n<meta name=\"robots\" content=\"index, follow, max-snippet:-1, max-image-preview:large, max-video-preview:-1\" \/>\n<link rel=\"canonical\" href=\"https:\/\/diariofemenino.com.ar\/df\/periodistas-del-pais-se-reunen-para-decir-basta-a-la-violencia-de-genero\/\" \/>\n<meta property=\"og:locale\" content=\"es_ES\" \/>\n<meta property=\"og:type\" content=\"article\" \/>\n<meta property=\"og:title\" content=\"Periodistas del pa\u00eds se re\u00fanen para decir Basta a la Violencia de G\u00e9nero - Diario Digital Femenino\" \/>\n<meta property=\"og:description\" content=\"&nbsp; &nbsp; La red de periodistas PAR organiza un acto el 7 de junio, d\u00eda del periodismo, en el Obelisco de la Ciudad de Buenos Aires bajo la consigna \u00abEl periodismo le dice basta a la violencia de g\u00e9nero\u00bb. Adem\u00e1s, integrantes de PAR realizar\u00e1n actividades relacionadas con el periodismo inclusivo en C\u00f3rdoba, Mar del Plata, [&hellip;]\" \/>\n<meta property=\"og:url\" content=\"https:\/\/diariofemenino.com.ar\/df\/periodistas-del-pais-se-reunen-para-decir-basta-a-la-violencia-de-genero\/\" \/>\n<meta property=\"og:site_name\" content=\"Diario Digital Femenino\" \/>\n<meta property=\"article:publisher\" content=\"https:\/\/www.facebook.com\/DiarioDigitaFemenino\/\" \/>\n<meta property=\"article:published_time\" content=\"2012-06-06T15:06:49+00:00\" \/>\n<meta property=\"og:image\" content=\"http:\/\/www.diariofemenino.com.ar\/wp-content\/uploads\/imagesCAV26W5T3.jpg\" \/>\n<meta name=\"author\" content=\"Admin\" \/>\n<meta name=\"twitter:card\" content=\"summary_large_image\" \/>\n<meta name=\"twitter:creator\" content=\"@DiarioFemenino1\" \/>\n<meta name=\"twitter:site\" content=\"@DiarioFemenino1\" \/>\n<meta name=\"twitter:label1\" content=\"Escrito por\" \/>\n\t<meta name=\"twitter:data1\" content=\"Admin\" \/>\n\t<meta name=\"twitter:label2\" content=\"Tiempo de lectura\" \/>\n\t<meta name=\"twitter:data2\" content=\"3 minutos\" \/>\n<script type=\"application\/ld+json\" class=\"yoast-schema-graph\">{\"@context\":\"https:\\\/\\\/schema.org\",\"@graph\":[{\"@type\":\"Article\",\"@id\":\"https:\\\/\\\/diariofemenino.com.ar\\\/df\\\/periodistas-del-pais-se-reunen-para-decir-basta-a-la-violencia-de-genero\\\/#article\",\"isPartOf\":{\"@id\":\"https:\\\/\\\/diariofemenino.com.ar\\\/df\\\/periodistas-del-pais-se-reunen-para-decir-basta-a-la-violencia-de-genero\\\/\"},\"author\":{\"name\":\"Admin\",\"@id\":\"https:\\\/\\\/diariofemenino.com.ar\\\/df\\\/#\\\/schema\\\/person\\\/38f54b3bfd13f561de2460ba95c169c6\"},\"headline\":\"Periodistas del pa\u00eds se re\u00fanen para decir Basta a la Violencia de G\u00e9nero\",\"datePublished\":\"2012-06-06T15:06:49+00:00\",\"mainEntityOfPage\":{\"@id\":\"https:\\\/\\\/diariofemenino.com.ar\\\/df\\\/periodistas-del-pais-se-reunen-para-decir-basta-a-la-violencia-de-genero\\\/\"},\"wordCount\":541,\"commentCount\":1,\"publisher\":{\"@id\":\"https:\\\/\\\/diariofemenino.com.ar\\\/df\\\/#organization\"},\"image\":{\"@id\":\"https:\\\/\\\/diariofemenino.com.ar\\\/df\\\/periodistas-del-pais-se-reunen-para-decir-basta-a-la-violencia-de-genero\\\/#primaryimage\"},\"thumbnailUrl\":\"http:\\\/\\\/www.diariofemenino.com.ar\\\/wp-content\\\/uploads\\\/imagesCAV26W5T3.jpg\",\"articleSection\":[\"Actividades\",\"Medios\"],\"inLanguage\":\"es\",\"potentialAction\":[{\"@type\":\"CommentAction\",\"name\":\"Comment\",\"target\":[\"https:\\\/\\\/diariofemenino.com.ar\\\/df\\\/periodistas-del-pais-se-reunen-para-decir-basta-a-la-violencia-de-genero\\\/#respond\"]}]},{\"@type\":\"WebPage\",\"@id\":\"https:\\\/\\\/diariofemenino.com.ar\\\/df\\\/periodistas-del-pais-se-reunen-para-decir-basta-a-la-violencia-de-genero\\\/\",\"url\":\"https:\\\/\\\/diariofemenino.com.ar\\\/df\\\/periodistas-del-pais-se-reunen-para-decir-basta-a-la-violencia-de-genero\\\/\",\"name\":\"Periodistas del pa\u00eds se re\u00fanen para decir Basta a la Violencia de G\u00e9nero - Diario Digital Femenino\",\"isPartOf\":{\"@id\":\"https:\\\/\\\/diariofemenino.com.ar\\\/df\\\/#website\"},\"primaryImageOfPage\":{\"@id\":\"https:\\\/\\\/diariofemenino.com.ar\\\/df\\\/periodistas-del-pais-se-reunen-para-decir-basta-a-la-violencia-de-genero\\\/#primaryimage\"},\"image\":{\"@id\":\"https:\\\/\\\/diariofemenino.com.ar\\\/df\\\/periodistas-del-pais-se-reunen-para-decir-basta-a-la-violencia-de-genero\\\/#primaryimage\"},\"thumbnailUrl\":\"http:\\\/\\\/www.diariofemenino.com.ar\\\/wp-content\\\/uploads\\\/imagesCAV26W5T3.jpg\",\"datePublished\":\"2012-06-06T15:06:49+00:00\",\"breadcrumb\":{\"@id\":\"https:\\\/\\\/diariofemenino.com.ar\\\/df\\\/periodistas-del-pais-se-reunen-para-decir-basta-a-la-violencia-de-genero\\\/#breadcrumb\"},\"inLanguage\":\"es\",\"potentialAction\":[{\"@type\":\"ReadAction\",\"target\":[\"https:\\\/\\\/diariofemenino.com.ar\\\/df\\\/periodistas-del-pais-se-reunen-para-decir-basta-a-la-violencia-de-genero\\\/\"]}]},{\"@type\":\"ImageObject\",\"inLanguage\":\"es\",\"@id\":\"https:\\\/\\\/diariofemenino.com.ar\\\/df\\\/periodistas-del-pais-se-reunen-para-decir-basta-a-la-violencia-de-genero\\\/#primaryimage\",\"url\":\"http:\\\/\\\/www.diariofemenino.com.ar\\\/wp-content\\\/uploads\\\/imagesCAV26W5T3.jpg\",\"contentUrl\":\"http:\\\/\\\/www.diariofemenino.com.ar\\\/wp-content\\\/uploads\\\/imagesCAV26W5T3.jpg\"},{\"@type\":\"BreadcrumbList\",\"@id\":\"https:\\\/\\\/diariofemenino.com.ar\\\/df\\\/periodistas-del-pais-se-reunen-para-decir-basta-a-la-violencia-de-genero\\\/#breadcrumb\",\"itemListElement\":[{\"@type\":\"ListItem\",\"position\":1,\"name\":\"Portada\",\"item\":\"https:\\\/\\\/diariofemenino.com.ar\\\/df\\\/\"},{\"@type\":\"ListItem\",\"position\":2,\"name\":\"Periodistas del pa\u00eds se re\u00fanen para decir Basta a la Violencia de G\u00e9nero\"}]},{\"@type\":\"WebSite\",\"@id\":\"https:\\\/\\\/diariofemenino.com.ar\\\/df\\\/#website\",\"url\":\"https:\\\/\\\/diariofemenino.com.ar\\\/df\\\/\",\"name\":\"Diario Digital Femenino\",\"description\":\"Cuesti\u00f3n de G\u00e9nero\",\"publisher\":{\"@id\":\"https:\\\/\\\/diariofemenino.com.ar\\\/df\\\/#organization\"},\"potentialAction\":[{\"@type\":\"SearchAction\",\"target\":{\"@type\":\"EntryPoint\",\"urlTemplate\":\"https:\\\/\\\/diariofemenino.com.ar\\\/df\\\/?s={search_term_string}\"},\"query-input\":{\"@type\":\"PropertyValueSpecification\",\"valueRequired\":true,\"valueName\":\"search_term_string\"}}],\"inLanguage\":\"es\"},{\"@type\":\"Organization\",\"@id\":\"https:\\\/\\\/diariofemenino.com.ar\\\/df\\\/#organization\",\"name\":\"Diario Femenino\",\"url\":\"https:\\\/\\\/diariofemenino.com.ar\\\/df\\\/\",\"logo\":{\"@type\":\"ImageObject\",\"inLanguage\":\"es\",\"@id\":\"https:\\\/\\\/diariofemenino.com.ar\\\/df\\\/#\\\/schema\\\/logo\\\/image\\\/\",\"url\":\"https:\\\/\\\/diariofemenino.com.ar\\\/df\\\/wp-content\\\/uploads\\\/2018\\\/10\\\/logo.png\",\"contentUrl\":\"https:\\\/\\\/diariofemenino.com.ar\\\/df\\\/wp-content\\\/uploads\\\/2018\\\/10\\\/logo.png\",\"width\":500,\"height\":92,\"caption\":\"Diario Femenino\"},\"image\":{\"@id\":\"https:\\\/\\\/diariofemenino.com.ar\\\/df\\\/#\\\/schema\\\/logo\\\/image\\\/\"},\"sameAs\":[\"https:\\\/\\\/www.facebook.com\\\/DiarioDigitaFemenino\\\/\",\"https:\\\/\\\/x.com\\\/DiarioFemenino1\"]},{\"@type\":\"Person\",\"@id\":\"https:\\\/\\\/diariofemenino.com.ar\\\/df\\\/#\\\/schema\\\/person\\\/38f54b3bfd13f561de2460ba95c169c6\",\"name\":\"Admin\",\"image\":{\"@type\":\"ImageObject\",\"inLanguage\":\"es\",\"@id\":\"https:\\\/\\\/diariofemenino.com.ar\\\/df\\\/wp-content\\\/uploads\\\/2018\\\/12\\\/favicon-150x150.jpg\",\"url\":\"https:\\\/\\\/diariofemenino.com.ar\\\/df\\\/wp-content\\\/uploads\\\/2018\\\/12\\\/favicon-150x150.jpg\",\"contentUrl\":\"https:\\\/\\\/diariofemenino.com.ar\\\/df\\\/wp-content\\\/uploads\\\/2018\\\/12\\\/favicon-150x150.jpg\",\"caption\":\"Admin\"},\"url\":\"https:\\\/\\\/diariofemenino.com.ar\\\/df\\\/author\\\/adm18df\\\/\"}]}<\/script>\n<!-- \/ Yoast SEO plugin. -->","yoast_head_json":{"title":"Periodistas del pa\u00eds se re\u00fanen para decir Basta a la Violencia de G\u00e9nero - Diario Digital Femenino","robots":{"index":"index","follow":"follow","max-snippet":"max-snippet:-1","max-image-preview":"max-image-preview:large","max-video-preview":"max-video-preview:-1"},"canonical":"https:\/\/diariofemenino.com.ar\/df\/periodistas-del-pais-se-reunen-para-decir-basta-a-la-violencia-de-genero\/","og_locale":"es_ES","og_type":"article","og_title":"Periodistas del pa\u00eds se re\u00fanen para decir Basta a la Violencia de G\u00e9nero - Diario Digital Femenino","og_description":"&nbsp; &nbsp; La red de periodistas PAR organiza un acto el 7 de junio, d\u00eda del periodismo, en el Obelisco de la Ciudad de Buenos Aires bajo la consigna \u00abEl periodismo le dice basta a la violencia de g\u00e9nero\u00bb. Adem\u00e1s, integrantes de PAR realizar\u00e1n actividades relacionadas con el periodismo inclusivo en C\u00f3rdoba, Mar del Plata, [&hellip;]","og_url":"https:\/\/diariofemenino.com.ar\/df\/periodistas-del-pais-se-reunen-para-decir-basta-a-la-violencia-de-genero\/","og_site_name":"Diario Digital Femenino","article_publisher":"https:\/\/www.facebook.com\/DiarioDigitaFemenino\/","article_published_time":"2012-06-06T15:06:49+00:00","og_image":[{"url":"http:\/\/www.diariofemenino.com.ar\/wp-content\/uploads\/imagesCAV26W5T3.jpg","type":"","width":"","height":""}],"author":"Admin","twitter_card":"summary_large_image","twitter_creator":"@DiarioFemenino1","twitter_site":"@DiarioFemenino1","twitter_misc":{"Escrito por":"Admin","Tiempo de lectura":"3 minutos"},"schema":{"@context":"https:\/\/schema.org","@graph":[{"@type":"Article","@id":"https:\/\/diariofemenino.com.ar\/df\/periodistas-del-pais-se-reunen-para-decir-basta-a-la-violencia-de-genero\/#article","isPartOf":{"@id":"https:\/\/diariofemenino.com.ar\/df\/periodistas-del-pais-se-reunen-para-decir-basta-a-la-violencia-de-genero\/"},"author":{"name":"Admin","@id":"https:\/\/diariofemenino.com.ar\/df\/#\/schema\/person\/38f54b3bfd13f561de2460ba95c169c6"},"headline":"Periodistas del pa\u00eds se re\u00fanen para decir Basta a la Violencia de G\u00e9nero","datePublished":"2012-06-06T15:06:49+00:00","mainEntityOfPage":{"@id":"https:\/\/diariofemenino.com.ar\/df\/periodistas-del-pais-se-reunen-para-decir-basta-a-la-violencia-de-genero\/"},"wordCount":541,"commentCount":1,"publisher":{"@id":"https:\/\/diariofemenino.com.ar\/df\/#organization"},"image":{"@id":"https:\/\/diariofemenino.com.ar\/df\/periodistas-del-pais-se-reunen-para-decir-basta-a-la-violencia-de-genero\/#primaryimage"},"thumbnailUrl":"http:\/\/www.diariofemenino.com.ar\/wp-content\/uploads\/imagesCAV26W5T3.jpg","articleSection":["Actividades","Medios"],"inLanguage":"es","potentialAction":[{"@type":"CommentAction","name":"Comment","target":["https:\/\/diariofemenino.com.ar\/df\/periodistas-del-pais-se-reunen-para-decir-basta-a-la-violencia-de-genero\/#respond"]}]},{"@type":"WebPage","@id":"https:\/\/diariofemenino.com.ar\/df\/periodistas-del-pais-se-reunen-para-decir-basta-a-la-violencia-de-genero\/","url":"https:\/\/diariofemenino.com.ar\/df\/periodistas-del-pais-se-reunen-para-decir-basta-a-la-violencia-de-genero\/","name":"Periodistas del pa\u00eds se re\u00fanen para decir Basta a la Violencia de G\u00e9nero - Diario Digital Femenino","isPartOf":{"@id":"https:\/\/diariofemenino.com.ar\/df\/#website"},"primaryImageOfPage":{"@id":"https:\/\/diariofemenino.com.ar\/df\/periodistas-del-pais-se-reunen-para-decir-basta-a-la-violencia-de-genero\/#primaryimage"},"image":{"@id":"https:\/\/diariofemenino.com.ar\/df\/periodistas-del-pais-se-reunen-para-decir-basta-a-la-violencia-de-genero\/#primaryimage"},"thumbnailUrl":"http:\/\/www.diariofemenino.com.ar\/wp-content\/uploads\/imagesCAV26W5T3.jpg","datePublished":"2012-06-06T15:06:49+00:00","breadcrumb":{"@id":"https:\/\/diariofemenino.com.ar\/df\/periodistas-del-pais-se-reunen-para-decir-basta-a-la-violencia-de-genero\/#breadcrumb"},"inLanguage":"es","potentialAction":[{"@type":"ReadAction","target":["https:\/\/diariofemenino.com.ar\/df\/periodistas-del-pais-se-reunen-para-decir-basta-a-la-violencia-de-genero\/"]}]},{"@type":"ImageObject","inLanguage":"es","@id":"https:\/\/diariofemenino.com.ar\/df\/periodistas-del-pais-se-reunen-para-decir-basta-a-la-violencia-de-genero\/#primaryimage","url":"http:\/\/www.diariofemenino.com.ar\/wp-content\/uploads\/imagesCAV26W5T3.jpg","contentUrl":"http:\/\/www.diariofemenino.com.ar\/wp-content\/uploads\/imagesCAV26W5T3.jpg"},{"@type":"BreadcrumbList","@id":"https:\/\/diariofemenino.com.ar\/df\/periodistas-del-pais-se-reunen-para-decir-basta-a-la-violencia-de-genero\/#breadcrumb","itemListElement":[{"@type":"ListItem","position":1,"name":"Portada","item":"https:\/\/diariofemenino.com.ar\/df\/"},{"@type":"ListItem","position":2,"name":"Periodistas del pa\u00eds se re\u00fanen para decir Basta a la Violencia de G\u00e9nero"}]},{"@type":"WebSite","@id":"https:\/\/diariofemenino.com.ar\/df\/#website","url":"https:\/\/diariofemenino.com.ar\/df\/","name":"Diario Digital Femenino","description":"Cuesti\u00f3n de G\u00e9nero","publisher":{"@id":"https:\/\/diariofemenino.com.ar\/df\/#organization"},"potentialAction":[{"@type":"SearchAction","target":{"@type":"EntryPoint","urlTemplate":"https:\/\/diariofemenino.com.ar\/df\/?s={search_term_string}"},"query-input":{"@type":"PropertyValueSpecification","valueRequired":true,"valueName":"search_term_string"}}],"inLanguage":"es"},{"@type":"Organization","@id":"https:\/\/diariofemenino.com.ar\/df\/#organization","name":"Diario Femenino","url":"https:\/\/diariofemenino.com.ar\/df\/","logo":{"@type":"ImageObject","inLanguage":"es","@id":"https:\/\/diariofemenino.com.ar\/df\/#\/schema\/logo\/image\/","url":"https:\/\/diariofemenino.com.ar\/df\/wp-content\/uploads\/2018\/10\/logo.png","contentUrl":"https:\/\/diariofemenino.com.ar\/df\/wp-content\/uploads\/2018\/10\/logo.png","width":500,"height":92,"caption":"Diario Femenino"},"image":{"@id":"https:\/\/diariofemenino.com.ar\/df\/#\/schema\/logo\/image\/"},"sameAs":["https:\/\/www.facebook.com\/DiarioDigitaFemenino\/","https:\/\/x.com\/DiarioFemenino1"]},{"@type":"Person","@id":"https:\/\/diariofemenino.com.ar\/df\/#\/schema\/person\/38f54b3bfd13f561de2460ba95c169c6","name":"Admin","image":{"@type":"ImageObject","inLanguage":"es","@id":"https:\/\/diariofemenino.com.ar\/df\/wp-content\/uploads\/2018\/12\/favicon-150x150.jpg","url":"https:\/\/diariofemenino.com.ar\/df\/wp-content\/uploads\/2018\/12\/favicon-150x150.jpg","contentUrl":"https:\/\/diariofemenino.com.ar\/df\/wp-content\/uploads\/2018\/12\/favicon-150x150.jpg","caption":"Admin"},"url":"https:\/\/diariofemenino.com.ar\/df\/author\/adm18df\/"}]}},"jetpack_featured_media_url":"","jetpack_sharing_enabled":true,"rttpg_featured_image_url":null,"rttpg_author":{"display_name":"Admin","author_link":"https:\/\/diariofemenino.com.ar\/df\/author\/adm18df\/"},"rttpg_comment":0,"rttpg_category":"<a href=\"https:\/\/diariofemenino.com.ar\/df\/category\/actividades\/\" rel=\"category tag\">Actividades<\/a> <a href=\"https:\/\/diariofemenino.com.ar\/df\/category\/medios\/\" rel=\"category tag\">Medios<\/a>","rttpg_excerpt":"&nbsp; &nbsp; La red de periodistas PAR organiza un acto el 7 de junio, d\u00eda del periodismo, en el Obelisco de la Ciudad de Buenos Aires bajo la consigna \u00abEl periodismo le dice basta a la violencia de g\u00e9nero\u00bb. Adem\u00e1s, integrantes de PAR realizar\u00e1n actividades relacionadas con el periodismo inclusivo en C\u00f3rdoba, Mar del Plata,&hellip;","_links":{"self":[{"href":"https:\/\/diariofemenino.com.ar\/df\/wp-json\/wp\/v2\/posts\/1765","targetHints":{"allow":["GET"]}}],"collection":[{"href":"https:\/\/diariofemenino.com.ar\/df\/wp-json\/wp\/v2\/posts"}],"about":[{"href":"https:\/\/diariofemenino.com.ar\/df\/wp-json\/wp\/v2\/types\/post"}],"author":[{"embeddable":true,"href":"https:\/\/diariofemenino.com.ar\/df\/wp-json\/wp\/v2\/users\/1"}],"replies":[{"embeddable":true,"href":"https:\/\/diariofemenino.com.ar\/df\/wp-json\/wp\/v2\/comments?post=1765"}],"version-history":[{"count":0,"href":"https:\/\/diariofemenino.com.ar\/df\/wp-json\/wp\/v2\/posts\/1765\/revisions"}],"wp:attachment":[{"href":"https:\/\/diariofemenino.com.ar\/df\/wp-json\/wp\/v2\/media?parent=1765"}],"wp:term":[{"taxonomy":"category","embeddable":true,"href":"https:\/\/diariofemenino.com.ar\/df\/wp-json\/wp\/v2\/categories?post=1765"},{"taxonomy":"post_tag","embeddable":true,"href":"https:\/\/diariofemenino.com.ar\/df\/wp-json\/wp\/v2\/tags?post=1765"}],"curies":[{"name":"wp","href":"https:\/\/api.w.org\/{rel}","templated":true}]}}