{"id":1748,"date":"2012-06-06T00:11:36","date_gmt":"2012-06-06T03:11:36","guid":{"rendered":"http:\/\/www.diariofemenino.com.ar\/?p=1748"},"modified":"2012-06-06T00:11:36","modified_gmt":"2012-06-06T03:11:36","slug":"mendoza-abrira-un-refugio-para-mujeres-maltratadas","status":"publish","type":"post","link":"https:\/\/diariofemenino.com.ar\/df\/mendoza-abrira-un-refugio-para-mujeres-maltratadas\/","title":{"rendered":"Mendoza abrir\u00e1 un refugio para mujeres maltratadas"},"content":{"rendered":"<p><em><\/em><br \/>\n<em><\/em><br \/>\n<em>La Naci\u00f3n aportar\u00e1 1,5 mill\u00f3n de pesos para abrir un edificio que contenga a mujeres v\u00edctimas de maltrato. La novedad fue aportada por el ministro Guillermo Elizalde tras una reuni\u00f3n con Alicia<\/em> <em>Kirchner.<\/em><br \/>\n&nbsp;<br \/>\nEl ministro de Desarrollo, Guillermo Elizalde, consigui\u00f3 que el Gobierno nacional aportar\u00e1 1,5 mill\u00f3n de pesos para abrir una casa destinada a mujeres en situaci\u00f3n de violencia.<br \/>\nElizalde confirm\u00f3 la novedad luego de reunirse con la ministra de Desarrollo Social de la Naci\u00f3n, Alicia Kirchner. Esta inversi\u00f3n permitir\u00e1 en el mediano plazo contar con un edificio para el funcionamiento del programa \u201cHogares para mujeres en situaci\u00f3n de violencia\u201d, que implementar\u00e1 el ministerio de Desarrollo Social y Derechos Humanos, a trav\u00e9s de la Direcci\u00f3n de las Mujeres, Diversidad y G\u00e9nero.<br \/>\n<a href=\"http:\/\/www.diariofemenino.com.ar\/wp-content\/uploads\/4f5f64b09907f__2921.jpg\"><img loading=\"lazy\" decoding=\"async\" class=\"alignnone size-full wp-image-1750\" title=\"4f5f64b09907f__292!\" src=\"http:\/\/www.diariofemenino.com.ar\/wp-content\/uploads\/4f5f64b09907f__2921.jpg\" alt=\"\" width=\"584\" height=\"292\" \/><\/a><br \/>\nEl objetivo de esta acci\u00f3n es dar cumplimiento a la Ley 26.485 de prevenci\u00f3n, erradicaci\u00f3n y sanci\u00f3n de la violencia contra las mujeres.<br \/>\nAl t\u00e9rmino del encuentro, Elizalde destac\u00f3 que \u201cla sinton\u00eda fina del Gobernador Francisco P\u00e9rez con la presidenta Cristina Kirchner es la base del amplio trabajo conjunto que se viene realizando un diversos temas de gobierno. En particular, la articulaci\u00f3n con el ministerio de Desarrollo Social de la naci\u00f3n es inmejorable y nos sentimos gratificados por el constante apoyo que la ministra Alicia Kirchner brinda a Mendoza\u201d.<br \/>\n&nbsp;<br \/>\nFuente: <a href=\"http:\/\/www.mdzol.com\/mdz\/nota\/391485-mendoza-abrira-unrefugio-para-mujeres-maltratadas\/\">MzaOnline<\/a><\/p>\n","protected":false},"excerpt":{"rendered":"<p>La Naci\u00f3n aportar\u00e1 1,5 mill\u00f3n de pesos para abrir un edificio que contenga a mujeres v\u00edctimas de maltrato. La novedad fue aportada por el ministro Guillermo Elizalde tras una reuni\u00f3n con Alicia Kirchner. &nbsp; El ministro de Desarrollo, Guillermo Elizalde, consigui\u00f3 que el Gobierno nacional aportar\u00e1 1,5 mill\u00f3n de pesos para abrir una casa destinada [&hellip;]<\/p>\n","protected":false},"author":1,"featured_media":0,"comment_status":"open","ping_status":"open","sticky":false,"template":"","format":"standard","meta":{"iawp_total_views":1,"footnotes":""},"categories":[4,13],"tags":[],"class_list":["post-1748","post","type-post","status-publish","format-standard","hentry","category-medios","category-mujeres-sindicalistas"],"nelio_content":{"autoShareEndMode":"never","automationSources":{"useCustomSentences":false,"customSentences":[]},"efiAlt":"","efiUrl":"","followers":[],"highlights":[],"isAutoShareEnabled":true,"networkImageIds":[],"permalinkQueryArgs":[],"series":[],"suggestedReferences":[]},"yoast_head":"<!-- This site is optimized with the Yoast SEO plugin v27.5 - https:\/\/yoast.com\/product\/yoast-seo-wordpress\/ -->\n<title>Mendoza abrir\u00e1 un refugio para mujeres maltratadas - Diario Digital Femenino<\/title>\n<meta name=\"robots\" content=\"index, follow, max-snippet:-1, max-image-preview:large, max-video-preview:-1\" \/>\n<link rel=\"canonical\" href=\"https:\/\/diariofemenino.com.ar\/df\/mendoza-abrira-un-refugio-para-mujeres-maltratadas\/\" \/>\n<meta property=\"og:locale\" content=\"es_ES\" \/>\n<meta property=\"og:type\" content=\"article\" \/>\n<meta property=\"og:title\" content=\"Mendoza abrir\u00e1 un refugio para mujeres maltratadas - Diario Digital Femenino\" \/>\n<meta property=\"og:description\" content=\"La Naci\u00f3n aportar\u00e1 1,5 mill\u00f3n de pesos para abrir un edificio que contenga a mujeres v\u00edctimas de maltrato. La novedad fue aportada por el ministro Guillermo Elizalde tras una reuni\u00f3n con Alicia Kirchner. &nbsp; El ministro de Desarrollo, Guillermo Elizalde, consigui\u00f3 que el Gobierno nacional aportar\u00e1 1,5 mill\u00f3n de pesos para abrir una casa destinada [&hellip;]\" \/>\n<meta property=\"og:url\" content=\"https:\/\/diariofemenino.com.ar\/df\/mendoza-abrira-un-refugio-para-mujeres-maltratadas\/\" \/>\n<meta property=\"og:site_name\" content=\"Diario Digital Femenino\" \/>\n<meta property=\"article:publisher\" content=\"https:\/\/www.facebook.com\/DiarioDigitaFemenino\/\" \/>\n<meta property=\"article:published_time\" content=\"2012-06-06T03:11:36+00:00\" \/>\n<meta property=\"og:image\" content=\"http:\/\/www.diariofemenino.com.ar\/wp-content\/uploads\/4f5f64b09907f__2921.jpg\" \/>\n<meta name=\"author\" content=\"Admin\" \/>\n<meta name=\"twitter:card\" content=\"summary_large_image\" \/>\n<meta name=\"twitter:creator\" content=\"@DiarioFemenino1\" \/>\n<meta name=\"twitter:site\" content=\"@DiarioFemenino1\" \/>\n<meta name=\"twitter:label1\" content=\"Escrito por\" \/>\n\t<meta name=\"twitter:data1\" content=\"Admin\" \/>\n\t<meta name=\"twitter:label2\" content=\"Tiempo de lectura\" \/>\n\t<meta name=\"twitter:data2\" content=\"1 minuto\" \/>\n<script type=\"application\/ld+json\" class=\"yoast-schema-graph\">{\"@context\":\"https:\\\/\\\/schema.org\",\"@graph\":[{\"@type\":\"Article\",\"@id\":\"https:\\\/\\\/diariofemenino.com.ar\\\/df\\\/mendoza-abrira-un-refugio-para-mujeres-maltratadas\\\/#article\",\"isPartOf\":{\"@id\":\"https:\\\/\\\/diariofemenino.com.ar\\\/df\\\/mendoza-abrira-un-refugio-para-mujeres-maltratadas\\\/\"},\"author\":{\"name\":\"Admin\",\"@id\":\"https:\\\/\\\/diariofemenino.com.ar\\\/df\\\/#\\\/schema\\\/person\\\/38f54b3bfd13f561de2460ba95c169c6\"},\"headline\":\"Mendoza abrir\u00e1 un refugio para mujeres maltratadas\",\"datePublished\":\"2012-06-06T03:11:36+00:00\",\"mainEntityOfPage\":{\"@id\":\"https:\\\/\\\/diariofemenino.com.ar\\\/df\\\/mendoza-abrira-un-refugio-para-mujeres-maltratadas\\\/\"},\"wordCount\":240,\"commentCount\":0,\"publisher\":{\"@id\":\"https:\\\/\\\/diariofemenino.com.ar\\\/df\\\/#organization\"},\"image\":{\"@id\":\"https:\\\/\\\/diariofemenino.com.ar\\\/df\\\/mendoza-abrira-un-refugio-para-mujeres-maltratadas\\\/#primaryimage\"},\"thumbnailUrl\":\"http:\\\/\\\/www.diariofemenino.com.ar\\\/wp-content\\\/uploads\\\/4f5f64b09907f__2921.jpg\",\"articleSection\":[\"Medios\",\"Mujeres Sindicalistas\"],\"inLanguage\":\"es\",\"potentialAction\":[{\"@type\":\"CommentAction\",\"name\":\"Comment\",\"target\":[\"https:\\\/\\\/diariofemenino.com.ar\\\/df\\\/mendoza-abrira-un-refugio-para-mujeres-maltratadas\\\/#respond\"]}]},{\"@type\":\"WebPage\",\"@id\":\"https:\\\/\\\/diariofemenino.com.ar\\\/df\\\/mendoza-abrira-un-refugio-para-mujeres-maltratadas\\\/\",\"url\":\"https:\\\/\\\/diariofemenino.com.ar\\\/df\\\/mendoza-abrira-un-refugio-para-mujeres-maltratadas\\\/\",\"name\":\"Mendoza abrir\u00e1 un refugio para mujeres maltratadas - Diario Digital Femenino\",\"isPartOf\":{\"@id\":\"https:\\\/\\\/diariofemenino.com.ar\\\/df\\\/#website\"},\"primaryImageOfPage\":{\"@id\":\"https:\\\/\\\/diariofemenino.com.ar\\\/df\\\/mendoza-abrira-un-refugio-para-mujeres-maltratadas\\\/#primaryimage\"},\"image\":{\"@id\":\"https:\\\/\\\/diariofemenino.com.ar\\\/df\\\/mendoza-abrira-un-refugio-para-mujeres-maltratadas\\\/#primaryimage\"},\"thumbnailUrl\":\"http:\\\/\\\/www.diariofemenino.com.ar\\\/wp-content\\\/uploads\\\/4f5f64b09907f__2921.jpg\",\"datePublished\":\"2012-06-06T03:11:36+00:00\",\"breadcrumb\":{\"@id\":\"https:\\\/\\\/diariofemenino.com.ar\\\/df\\\/mendoza-abrira-un-refugio-para-mujeres-maltratadas\\\/#breadcrumb\"},\"inLanguage\":\"es\",\"potentialAction\":[{\"@type\":\"ReadAction\",\"target\":[\"https:\\\/\\\/diariofemenino.com.ar\\\/df\\\/mendoza-abrira-un-refugio-para-mujeres-maltratadas\\\/\"]}]},{\"@type\":\"ImageObject\",\"inLanguage\":\"es\",\"@id\":\"https:\\\/\\\/diariofemenino.com.ar\\\/df\\\/mendoza-abrira-un-refugio-para-mujeres-maltratadas\\\/#primaryimage\",\"url\":\"http:\\\/\\\/www.diariofemenino.com.ar\\\/wp-content\\\/uploads\\\/4f5f64b09907f__2921.jpg\",\"contentUrl\":\"http:\\\/\\\/www.diariofemenino.com.ar\\\/wp-content\\\/uploads\\\/4f5f64b09907f__2921.jpg\"},{\"@type\":\"BreadcrumbList\",\"@id\":\"https:\\\/\\\/diariofemenino.com.ar\\\/df\\\/mendoza-abrira-un-refugio-para-mujeres-maltratadas\\\/#breadcrumb\",\"itemListElement\":[{\"@type\":\"ListItem\",\"position\":1,\"name\":\"Portada\",\"item\":\"https:\\\/\\\/diariofemenino.com.ar\\\/df\\\/\"},{\"@type\":\"ListItem\",\"position\":2,\"name\":\"Mendoza abrir\u00e1 un refugio para mujeres maltratadas\"}]},{\"@type\":\"WebSite\",\"@id\":\"https:\\\/\\\/diariofemenino.com.ar\\\/df\\\/#website\",\"url\":\"https:\\\/\\\/diariofemenino.com.ar\\\/df\\\/\",\"name\":\"Diario Digital Femenino\",\"description\":\"Cuesti\u00f3n de G\u00e9nero\",\"publisher\":{\"@id\":\"https:\\\/\\\/diariofemenino.com.ar\\\/df\\\/#organization\"},\"potentialAction\":[{\"@type\":\"SearchAction\",\"target\":{\"@type\":\"EntryPoint\",\"urlTemplate\":\"https:\\\/\\\/diariofemenino.com.ar\\\/df\\\/?s={search_term_string}\"},\"query-input\":{\"@type\":\"PropertyValueSpecification\",\"valueRequired\":true,\"valueName\":\"search_term_string\"}}],\"inLanguage\":\"es\"},{\"@type\":\"Organization\",\"@id\":\"https:\\\/\\\/diariofemenino.com.ar\\\/df\\\/#organization\",\"name\":\"Diario Femenino\",\"url\":\"https:\\\/\\\/diariofemenino.com.ar\\\/df\\\/\",\"logo\":{\"@type\":\"ImageObject\",\"inLanguage\":\"es\",\"@id\":\"https:\\\/\\\/diariofemenino.com.ar\\\/df\\\/#\\\/schema\\\/logo\\\/image\\\/\",\"url\":\"https:\\\/\\\/diariofemenino.com.ar\\\/df\\\/wp-content\\\/uploads\\\/2018\\\/10\\\/logo.png\",\"contentUrl\":\"https:\\\/\\\/diariofemenino.com.ar\\\/df\\\/wp-content\\\/uploads\\\/2018\\\/10\\\/logo.png\",\"width\":500,\"height\":92,\"caption\":\"Diario Femenino\"},\"image\":{\"@id\":\"https:\\\/\\\/diariofemenino.com.ar\\\/df\\\/#\\\/schema\\\/logo\\\/image\\\/\"},\"sameAs\":[\"https:\\\/\\\/www.facebook.com\\\/DiarioDigitaFemenino\\\/\",\"https:\\\/\\\/x.com\\\/DiarioFemenino1\"]},{\"@type\":\"Person\",\"@id\":\"https:\\\/\\\/diariofemenino.com.ar\\\/df\\\/#\\\/schema\\\/person\\\/38f54b3bfd13f561de2460ba95c169c6\",\"name\":\"Admin\",\"image\":{\"@type\":\"ImageObject\",\"inLanguage\":\"es\",\"@id\":\"https:\\\/\\\/diariofemenino.com.ar\\\/df\\\/wp-content\\\/uploads\\\/2018\\\/12\\\/favicon-150x150.jpg\",\"url\":\"https:\\\/\\\/diariofemenino.com.ar\\\/df\\\/wp-content\\\/uploads\\\/2018\\\/12\\\/favicon-150x150.jpg\",\"contentUrl\":\"https:\\\/\\\/diariofemenino.com.ar\\\/df\\\/wp-content\\\/uploads\\\/2018\\\/12\\\/favicon-150x150.jpg\",\"caption\":\"Admin\"},\"url\":\"https:\\\/\\\/diariofemenino.com.ar\\\/df\\\/author\\\/adm18df\\\/\"}]}<\/script>\n<!-- \/ Yoast SEO plugin. -->","yoast_head_json":{"title":"Mendoza abrir\u00e1 un refugio para mujeres maltratadas - Diario Digital Femenino","robots":{"index":"index","follow":"follow","max-snippet":"max-snippet:-1","max-image-preview":"max-image-preview:large","max-video-preview":"max-video-preview:-1"},"canonical":"https:\/\/diariofemenino.com.ar\/df\/mendoza-abrira-un-refugio-para-mujeres-maltratadas\/","og_locale":"es_ES","og_type":"article","og_title":"Mendoza abrir\u00e1 un refugio para mujeres maltratadas - Diario Digital Femenino","og_description":"La Naci\u00f3n aportar\u00e1 1,5 mill\u00f3n de pesos para abrir un edificio que contenga a mujeres v\u00edctimas de maltrato. La novedad fue aportada por el ministro Guillermo Elizalde tras una reuni\u00f3n con Alicia Kirchner. &nbsp; El ministro de Desarrollo, Guillermo Elizalde, consigui\u00f3 que el Gobierno nacional aportar\u00e1 1,5 mill\u00f3n de pesos para abrir una casa destinada [&hellip;]","og_url":"https:\/\/diariofemenino.com.ar\/df\/mendoza-abrira-un-refugio-para-mujeres-maltratadas\/","og_site_name":"Diario Digital Femenino","article_publisher":"https:\/\/www.facebook.com\/DiarioDigitaFemenino\/","article_published_time":"2012-06-06T03:11:36+00:00","og_image":[{"url":"http:\/\/www.diariofemenino.com.ar\/wp-content\/uploads\/4f5f64b09907f__2921.jpg","type":"","width":"","height":""}],"author":"Admin","twitter_card":"summary_large_image","twitter_creator":"@DiarioFemenino1","twitter_site":"@DiarioFemenino1","twitter_misc":{"Escrito por":"Admin","Tiempo de lectura":"1 minuto"},"schema":{"@context":"https:\/\/schema.org","@graph":[{"@type":"Article","@id":"https:\/\/diariofemenino.com.ar\/df\/mendoza-abrira-un-refugio-para-mujeres-maltratadas\/#article","isPartOf":{"@id":"https:\/\/diariofemenino.com.ar\/df\/mendoza-abrira-un-refugio-para-mujeres-maltratadas\/"},"author":{"name":"Admin","@id":"https:\/\/diariofemenino.com.ar\/df\/#\/schema\/person\/38f54b3bfd13f561de2460ba95c169c6"},"headline":"Mendoza abrir\u00e1 un refugio para mujeres maltratadas","datePublished":"2012-06-06T03:11:36+00:00","mainEntityOfPage":{"@id":"https:\/\/diariofemenino.com.ar\/df\/mendoza-abrira-un-refugio-para-mujeres-maltratadas\/"},"wordCount":240,"commentCount":0,"publisher":{"@id":"https:\/\/diariofemenino.com.ar\/df\/#organization"},"image":{"@id":"https:\/\/diariofemenino.com.ar\/df\/mendoza-abrira-un-refugio-para-mujeres-maltratadas\/#primaryimage"},"thumbnailUrl":"http:\/\/www.diariofemenino.com.ar\/wp-content\/uploads\/4f5f64b09907f__2921.jpg","articleSection":["Medios","Mujeres Sindicalistas"],"inLanguage":"es","potentialAction":[{"@type":"CommentAction","name":"Comment","target":["https:\/\/diariofemenino.com.ar\/df\/mendoza-abrira-un-refugio-para-mujeres-maltratadas\/#respond"]}]},{"@type":"WebPage","@id":"https:\/\/diariofemenino.com.ar\/df\/mendoza-abrira-un-refugio-para-mujeres-maltratadas\/","url":"https:\/\/diariofemenino.com.ar\/df\/mendoza-abrira-un-refugio-para-mujeres-maltratadas\/","name":"Mendoza abrir\u00e1 un refugio para mujeres maltratadas - Diario Digital Femenino","isPartOf":{"@id":"https:\/\/diariofemenino.com.ar\/df\/#website"},"primaryImageOfPage":{"@id":"https:\/\/diariofemenino.com.ar\/df\/mendoza-abrira-un-refugio-para-mujeres-maltratadas\/#primaryimage"},"image":{"@id":"https:\/\/diariofemenino.com.ar\/df\/mendoza-abrira-un-refugio-para-mujeres-maltratadas\/#primaryimage"},"thumbnailUrl":"http:\/\/www.diariofemenino.com.ar\/wp-content\/uploads\/4f5f64b09907f__2921.jpg","datePublished":"2012-06-06T03:11:36+00:00","breadcrumb":{"@id":"https:\/\/diariofemenino.com.ar\/df\/mendoza-abrira-un-refugio-para-mujeres-maltratadas\/#breadcrumb"},"inLanguage":"es","potentialAction":[{"@type":"ReadAction","target":["https:\/\/diariofemenino.com.ar\/df\/mendoza-abrira-un-refugio-para-mujeres-maltratadas\/"]}]},{"@type":"ImageObject","inLanguage":"es","@id":"https:\/\/diariofemenino.com.ar\/df\/mendoza-abrira-un-refugio-para-mujeres-maltratadas\/#primaryimage","url":"http:\/\/www.diariofemenino.com.ar\/wp-content\/uploads\/4f5f64b09907f__2921.jpg","contentUrl":"http:\/\/www.diariofemenino.com.ar\/wp-content\/uploads\/4f5f64b09907f__2921.jpg"},{"@type":"BreadcrumbList","@id":"https:\/\/diariofemenino.com.ar\/df\/mendoza-abrira-un-refugio-para-mujeres-maltratadas\/#breadcrumb","itemListElement":[{"@type":"ListItem","position":1,"name":"Portada","item":"https:\/\/diariofemenino.com.ar\/df\/"},{"@type":"ListItem","position":2,"name":"Mendoza abrir\u00e1 un refugio para mujeres maltratadas"}]},{"@type":"WebSite","@id":"https:\/\/diariofemenino.com.ar\/df\/#website","url":"https:\/\/diariofemenino.com.ar\/df\/","name":"Diario Digital Femenino","description":"Cuesti\u00f3n de G\u00e9nero","publisher":{"@id":"https:\/\/diariofemenino.com.ar\/df\/#organization"},"potentialAction":[{"@type":"SearchAction","target":{"@type":"EntryPoint","urlTemplate":"https:\/\/diariofemenino.com.ar\/df\/?s={search_term_string}"},"query-input":{"@type":"PropertyValueSpecification","valueRequired":true,"valueName":"search_term_string"}}],"inLanguage":"es"},{"@type":"Organization","@id":"https:\/\/diariofemenino.com.ar\/df\/#organization","name":"Diario Femenino","url":"https:\/\/diariofemenino.com.ar\/df\/","logo":{"@type":"ImageObject","inLanguage":"es","@id":"https:\/\/diariofemenino.com.ar\/df\/#\/schema\/logo\/image\/","url":"https:\/\/diariofemenino.com.ar\/df\/wp-content\/uploads\/2018\/10\/logo.png","contentUrl":"https:\/\/diariofemenino.com.ar\/df\/wp-content\/uploads\/2018\/10\/logo.png","width":500,"height":92,"caption":"Diario Femenino"},"image":{"@id":"https:\/\/diariofemenino.com.ar\/df\/#\/schema\/logo\/image\/"},"sameAs":["https:\/\/www.facebook.com\/DiarioDigitaFemenino\/","https:\/\/x.com\/DiarioFemenino1"]},{"@type":"Person","@id":"https:\/\/diariofemenino.com.ar\/df\/#\/schema\/person\/38f54b3bfd13f561de2460ba95c169c6","name":"Admin","image":{"@type":"ImageObject","inLanguage":"es","@id":"https:\/\/diariofemenino.com.ar\/df\/wp-content\/uploads\/2018\/12\/favicon-150x150.jpg","url":"https:\/\/diariofemenino.com.ar\/df\/wp-content\/uploads\/2018\/12\/favicon-150x150.jpg","contentUrl":"https:\/\/diariofemenino.com.ar\/df\/wp-content\/uploads\/2018\/12\/favicon-150x150.jpg","caption":"Admin"},"url":"https:\/\/diariofemenino.com.ar\/df\/author\/adm18df\/"}]}},"jetpack_featured_media_url":"","jetpack_sharing_enabled":true,"rttpg_featured_image_url":null,"rttpg_author":{"display_name":"Admin","author_link":"https:\/\/diariofemenino.com.ar\/df\/author\/adm18df\/"},"rttpg_comment":0,"rttpg_category":"<a href=\"https:\/\/diariofemenino.com.ar\/df\/category\/medios\/\" rel=\"category tag\">Medios<\/a> <a href=\"https:\/\/diariofemenino.com.ar\/df\/category\/mujeres-sindicalistas\/\" rel=\"category tag\">Mujeres Sindicalistas<\/a>","rttpg_excerpt":"La Naci\u00f3n aportar\u00e1 1,5 mill\u00f3n de pesos para abrir un edificio que contenga a mujeres v\u00edctimas de maltrato. La novedad fue aportada por el ministro Guillermo Elizalde tras una reuni\u00f3n con Alicia Kirchner. &nbsp; El ministro de Desarrollo, Guillermo Elizalde, consigui\u00f3 que el Gobierno nacional aportar\u00e1 1,5 mill\u00f3n de pesos para abrir una casa destinada&hellip;","_links":{"self":[{"href":"https:\/\/diariofemenino.com.ar\/df\/wp-json\/wp\/v2\/posts\/1748","targetHints":{"allow":["GET"]}}],"collection":[{"href":"https:\/\/diariofemenino.com.ar\/df\/wp-json\/wp\/v2\/posts"}],"about":[{"href":"https:\/\/diariofemenino.com.ar\/df\/wp-json\/wp\/v2\/types\/post"}],"author":[{"embeddable":true,"href":"https:\/\/diariofemenino.com.ar\/df\/wp-json\/wp\/v2\/users\/1"}],"replies":[{"embeddable":true,"href":"https:\/\/diariofemenino.com.ar\/df\/wp-json\/wp\/v2\/comments?post=1748"}],"version-history":[{"count":0,"href":"https:\/\/diariofemenino.com.ar\/df\/wp-json\/wp\/v2\/posts\/1748\/revisions"}],"wp:attachment":[{"href":"https:\/\/diariofemenino.com.ar\/df\/wp-json\/wp\/v2\/media?parent=1748"}],"wp:term":[{"taxonomy":"category","embeddable":true,"href":"https:\/\/diariofemenino.com.ar\/df\/wp-json\/wp\/v2\/categories?post=1748"},{"taxonomy":"post_tag","embeddable":true,"href":"https:\/\/diariofemenino.com.ar\/df\/wp-json\/wp\/v2\/tags?post=1748"}],"curies":[{"name":"wp","href":"https:\/\/api.w.org\/{rel}","templated":true}]}}