{"id":1744,"date":"2012-06-05T17:27:31","date_gmt":"2012-06-05T20:27:31","guid":{"rendered":"http:\/\/www.diariofemenino.com.ar\/?p=1744"},"modified":"2012-06-05T17:27:31","modified_gmt":"2012-06-05T20:27:31","slug":"argra-repudia-agresiones-machistas-a-colega-de-tucuman-y-denunciara-ante-el-inadi-al-tecnico-de-talleres-de-tafi-viejo","status":"publish","type":"post","link":"https:\/\/diariofemenino.com.ar\/df\/argra-repudia-agresiones-machistas-a-colega-de-tucuman-y-denunciara-ante-el-inadi-al-tecnico-de-talleres-de-tafi-viejo\/","title":{"rendered":"ARGRA repudia agresiones machistas a colega de Tucum\u00e1n y denunciar\u00e1 ante el INADI al t\u00e9cnico de Talleres de Taf\u00ed Viejo"},"content":{"rendered":"<p>&nbsp;<br \/>\n<strong><\/strong><br \/>\n<strong>ARGRA repudia agresiones machistas a colega de Tucum\u00e1n y denunciar\u00e1 ante el INADI al t\u00e9cnico de Talleres de Taf\u00ed Viejo por discriminaci\u00f3n<\/strong><strong> <\/strong><br \/>\nDurante el partido del Torneo Anual de la Liga Tucumana de F\u00fatbol entre Talleres de Taf\u00ed Viejo y Central Norte, realizado en el d\u00eda de ayer domingo 3 de junio, nuestra colega In\u00e9s Quinteros Orio, que cubr\u00eda el partido para el diario La Gaceta, fue agredida de palabra por el director t\u00e9cnico del equipo de Talleres, Adri\u00e1n Ocampo, quien instig\u00f3 a un grupo de barrabravas de su club para que lo secundasen en la agresi\u00f3n.<br \/>\nEn una situaci\u00f3n ins\u00f3lita, Ocampo fue expulsado del campo de juego por el refer\u00ed del partido, pero se ubic\u00f3 detr\u00e1s del alambrado para insultar y descalificar a nuestra colega por su condici\u00f3n de mujer, arengando a los hinchas para que lo acompa\u00f1aran en los c\u00e1nticos, incitando a la violencia y la discriminaci\u00f3n. Resulta inexplicable que ni la polic\u00eda provincial destacada para preservar el orden, ni las autoridades de la Liga Tucumana de F\u00fatbol, encabezadas por su presidente Dar\u00edo Zamoratte, hayan intervenido en un episodio tan repugnante como peligroso para la integridad de nuestra colega.<br \/>\nEsta falta de acci\u00f3n legitima y naturaliza la violencia de g\u00e9nero, y en los hechos significa haber desprotegido a una v\u00edctima que debi\u00f3 enfrentarse sola a una situaci\u00f3n en extremo agresiva y descalificatoria.<br \/>\n<strong>ARGRA se presentar\u00e1 ante el INADI acompa\u00f1ando el reclamo de In\u00e9s para que se sancione al directivo de Talleres de Taf\u00ed Viejo Adr\u00edan Ocampo, y exigir\u00e1 a la Liga Tucumana de F\u00fatbol que adopte las sanciones institucionales pertinentes, comunicando a su vez a la Asociaci\u00f3n de F\u00fatbol Argentino lo sucedido.<\/strong><br \/>\n&nbsp;<br \/>\nNo se pueden permitir, y mucho menos minimizar, agresiones basadas en discriminaci\u00f3n de g\u00e9nero, o cualquier otra excusa, que solo sirven para avivar el odio y la intolerancia. Tampoco se pueden pasar por alto actitudes complacientes o negligentes de directivos y polic\u00edas ante situaciones que pueden redundar en grave perjuicio para los asistentes a los eventos deportivos, sean p\u00fablico, jugadores o trabajadores de prensa..<br \/>\nRepudiamos los hechos y a los protagonistas, nos solidarizamos en forma activa con In\u00e9s, y la acompa\u00f1aremos en todas las gestiones que encare en defensa de sus derechos y para que cese toda violencia en las canchas de f\u00fatbol.<br \/>\nComisi\u00f3n Directiva ARGRA.<br \/>\nBuenos Aires, 04 de junio de 2012.<br \/>\nFuente: <a href=\"http:\/\/www.facebook.com\/LennyCaceres#!\/notes\/argra-sede-cordoba\/argra-repudia-agresiones-machistas-a-colega-de-tucum%C3%A1n-y-denunciar%C3%A1-ante-el-inad\/346585415411618\">Asociaci\u00f3n de Reporteros Gr\u00e1ficos de la Rep\u00fablica Argentina<\/a><\/p>\n","protected":false},"excerpt":{"rendered":"<p>&nbsp; ARGRA repudia agresiones machistas a colega de Tucum\u00e1n y denunciar\u00e1 ante el INADI al t\u00e9cnico de Talleres de Taf\u00ed Viejo por discriminaci\u00f3n Durante el partido del Torneo Anual de la Liga Tucumana de F\u00fatbol entre Talleres de Taf\u00ed Viejo y Central Norte, realizado en el d\u00eda de ayer domingo 3 de junio, nuestra colega [&hellip;]<\/p>\n","protected":false},"author":1,"featured_media":0,"comment_status":"open","ping_status":"open","sticky":false,"template":"","format":"standard","meta":{"iawp_total_views":1,"footnotes":""},"categories":[4],"tags":[],"class_list":["post-1744","post","type-post","status-publish","format-standard","hentry","category-medios"],"nelio_content":{"autoShareEndMode":"never","automationSources":{"useCustomSentences":false,"customSentences":[]},"efiAlt":"","efiUrl":"","followers":[],"highlights":[],"isAutoShareEnabled":true,"networkImageIds":[],"permalinkQueryArgs":[],"series":[],"suggestedReferences":[]},"yoast_head":"<!-- This site is optimized with the Yoast SEO plugin v27.5 - https:\/\/yoast.com\/product\/yoast-seo-wordpress\/ -->\n<title>ARGRA repudia agresiones machistas a colega de Tucum\u00e1n y denunciar\u00e1 ante el INADI al t\u00e9cnico de Talleres de Taf\u00ed Viejo - Diario Digital Femenino<\/title>\n<meta name=\"robots\" content=\"index, follow, max-snippet:-1, max-image-preview:large, max-video-preview:-1\" \/>\n<link rel=\"canonical\" href=\"https:\/\/diariofemenino.com.ar\/df\/argra-repudia-agresiones-machistas-a-colega-de-tucuman-y-denunciara-ante-el-inadi-al-tecnico-de-talleres-de-tafi-viejo\/\" \/>\n<meta property=\"og:locale\" content=\"es_ES\" \/>\n<meta property=\"og:type\" content=\"article\" \/>\n<meta property=\"og:title\" content=\"ARGRA repudia agresiones machistas a colega de Tucum\u00e1n y denunciar\u00e1 ante el INADI al t\u00e9cnico de Talleres de Taf\u00ed Viejo - Diario Digital Femenino\" \/>\n<meta property=\"og:description\" content=\"&nbsp; ARGRA repudia agresiones machistas a colega de Tucum\u00e1n y denunciar\u00e1 ante el INADI al t\u00e9cnico de Talleres de Taf\u00ed Viejo por discriminaci\u00f3n Durante el partido del Torneo Anual de la Liga Tucumana de F\u00fatbol entre Talleres de Taf\u00ed Viejo y Central Norte, realizado en el d\u00eda de ayer domingo 3 de junio, nuestra colega [&hellip;]\" \/>\n<meta property=\"og:url\" content=\"https:\/\/diariofemenino.com.ar\/df\/argra-repudia-agresiones-machistas-a-colega-de-tucuman-y-denunciara-ante-el-inadi-al-tecnico-de-talleres-de-tafi-viejo\/\" \/>\n<meta property=\"og:site_name\" content=\"Diario Digital Femenino\" \/>\n<meta property=\"article:publisher\" content=\"https:\/\/www.facebook.com\/DiarioDigitaFemenino\/\" \/>\n<meta property=\"article:published_time\" content=\"2012-06-05T20:27:31+00:00\" \/>\n<meta property=\"og:image\" content=\"https:\/\/diariofemenino.com.ar\/df\/wp-content\/uploads\/2016\/10\/logo-negro.png\" \/>\n\t<meta property=\"og:image:width\" content=\"855\" \/>\n\t<meta property=\"og:image:height\" content=\"319\" \/>\n\t<meta property=\"og:image:type\" content=\"image\/png\" \/>\n<meta name=\"author\" content=\"Admin\" \/>\n<meta name=\"twitter:card\" content=\"summary_large_image\" \/>\n<meta name=\"twitter:creator\" content=\"@DiarioFemenino1\" \/>\n<meta name=\"twitter:site\" content=\"@DiarioFemenino1\" \/>\n<meta name=\"twitter:label1\" content=\"Escrito por\" \/>\n\t<meta name=\"twitter:data1\" content=\"Admin\" \/>\n\t<meta name=\"twitter:label2\" content=\"Tiempo de lectura\" \/>\n\t<meta name=\"twitter:data2\" content=\"2 minutos\" \/>\n<script type=\"application\/ld+json\" class=\"yoast-schema-graph\">{\"@context\":\"https:\\\/\\\/schema.org\",\"@graph\":[{\"@type\":\"Article\",\"@id\":\"https:\\\/\\\/diariofemenino.com.ar\\\/df\\\/argra-repudia-agresiones-machistas-a-colega-de-tucuman-y-denunciara-ante-el-inadi-al-tecnico-de-talleres-de-tafi-viejo\\\/#article\",\"isPartOf\":{\"@id\":\"https:\\\/\\\/diariofemenino.com.ar\\\/df\\\/argra-repudia-agresiones-machistas-a-colega-de-tucuman-y-denunciara-ante-el-inadi-al-tecnico-de-talleres-de-tafi-viejo\\\/\"},\"author\":{\"name\":\"Admin\",\"@id\":\"https:\\\/\\\/diariofemenino.com.ar\\\/df\\\/#\\\/schema\\\/person\\\/38f54b3bfd13f561de2460ba95c169c6\"},\"headline\":\"ARGRA repudia agresiones machistas a colega de Tucum\u00e1n y denunciar\u00e1 ante el INADI al t\u00e9cnico de Talleres de Taf\u00ed Viejo\",\"datePublished\":\"2012-06-05T20:27:31+00:00\",\"mainEntityOfPage\":{\"@id\":\"https:\\\/\\\/diariofemenino.com.ar\\\/df\\\/argra-repudia-agresiones-machistas-a-colega-de-tucuman-y-denunciara-ante-el-inadi-al-tecnico-de-talleres-de-tafi-viejo\\\/\"},\"wordCount\":458,\"commentCount\":0,\"publisher\":{\"@id\":\"https:\\\/\\\/diariofemenino.com.ar\\\/df\\\/#organization\"},\"articleSection\":[\"Medios\"],\"inLanguage\":\"es\",\"potentialAction\":[{\"@type\":\"CommentAction\",\"name\":\"Comment\",\"target\":[\"https:\\\/\\\/diariofemenino.com.ar\\\/df\\\/argra-repudia-agresiones-machistas-a-colega-de-tucuman-y-denunciara-ante-el-inadi-al-tecnico-de-talleres-de-tafi-viejo\\\/#respond\"]}]},{\"@type\":\"WebPage\",\"@id\":\"https:\\\/\\\/diariofemenino.com.ar\\\/df\\\/argra-repudia-agresiones-machistas-a-colega-de-tucuman-y-denunciara-ante-el-inadi-al-tecnico-de-talleres-de-tafi-viejo\\\/\",\"url\":\"https:\\\/\\\/diariofemenino.com.ar\\\/df\\\/argra-repudia-agresiones-machistas-a-colega-de-tucuman-y-denunciara-ante-el-inadi-al-tecnico-de-talleres-de-tafi-viejo\\\/\",\"name\":\"ARGRA repudia agresiones machistas a colega de Tucum\u00e1n y denunciar\u00e1 ante el INADI al t\u00e9cnico de Talleres de Taf\u00ed Viejo - Diario Digital Femenino\",\"isPartOf\":{\"@id\":\"https:\\\/\\\/diariofemenino.com.ar\\\/df\\\/#website\"},\"datePublished\":\"2012-06-05T20:27:31+00:00\",\"breadcrumb\":{\"@id\":\"https:\\\/\\\/diariofemenino.com.ar\\\/df\\\/argra-repudia-agresiones-machistas-a-colega-de-tucuman-y-denunciara-ante-el-inadi-al-tecnico-de-talleres-de-tafi-viejo\\\/#breadcrumb\"},\"inLanguage\":\"es\",\"potentialAction\":[{\"@type\":\"ReadAction\",\"target\":[\"https:\\\/\\\/diariofemenino.com.ar\\\/df\\\/argra-repudia-agresiones-machistas-a-colega-de-tucuman-y-denunciara-ante-el-inadi-al-tecnico-de-talleres-de-tafi-viejo\\\/\"]}]},{\"@type\":\"BreadcrumbList\",\"@id\":\"https:\\\/\\\/diariofemenino.com.ar\\\/df\\\/argra-repudia-agresiones-machistas-a-colega-de-tucuman-y-denunciara-ante-el-inadi-al-tecnico-de-talleres-de-tafi-viejo\\\/#breadcrumb\",\"itemListElement\":[{\"@type\":\"ListItem\",\"position\":1,\"name\":\"Portada\",\"item\":\"https:\\\/\\\/diariofemenino.com.ar\\\/df\\\/\"},{\"@type\":\"ListItem\",\"position\":2,\"name\":\"ARGRA repudia agresiones machistas a colega de Tucum\u00e1n y denunciar\u00e1 ante el INADI al t\u00e9cnico de Talleres de Taf\u00ed Viejo\"}]},{\"@type\":\"WebSite\",\"@id\":\"https:\\\/\\\/diariofemenino.com.ar\\\/df\\\/#website\",\"url\":\"https:\\\/\\\/diariofemenino.com.ar\\\/df\\\/\",\"name\":\"Diario Digital Femenino\",\"description\":\"Cuesti\u00f3n de G\u00e9nero\",\"publisher\":{\"@id\":\"https:\\\/\\\/diariofemenino.com.ar\\\/df\\\/#organization\"},\"potentialAction\":[{\"@type\":\"SearchAction\",\"target\":{\"@type\":\"EntryPoint\",\"urlTemplate\":\"https:\\\/\\\/diariofemenino.com.ar\\\/df\\\/?s={search_term_string}\"},\"query-input\":{\"@type\":\"PropertyValueSpecification\",\"valueRequired\":true,\"valueName\":\"search_term_string\"}}],\"inLanguage\":\"es\"},{\"@type\":\"Organization\",\"@id\":\"https:\\\/\\\/diariofemenino.com.ar\\\/df\\\/#organization\",\"name\":\"Diario Femenino\",\"url\":\"https:\\\/\\\/diariofemenino.com.ar\\\/df\\\/\",\"logo\":{\"@type\":\"ImageObject\",\"inLanguage\":\"es\",\"@id\":\"https:\\\/\\\/diariofemenino.com.ar\\\/df\\\/#\\\/schema\\\/logo\\\/image\\\/\",\"url\":\"https:\\\/\\\/diariofemenino.com.ar\\\/df\\\/wp-content\\\/uploads\\\/2018\\\/10\\\/logo.png\",\"contentUrl\":\"https:\\\/\\\/diariofemenino.com.ar\\\/df\\\/wp-content\\\/uploads\\\/2018\\\/10\\\/logo.png\",\"width\":500,\"height\":92,\"caption\":\"Diario Femenino\"},\"image\":{\"@id\":\"https:\\\/\\\/diariofemenino.com.ar\\\/df\\\/#\\\/schema\\\/logo\\\/image\\\/\"},\"sameAs\":[\"https:\\\/\\\/www.facebook.com\\\/DiarioDigitaFemenino\\\/\",\"https:\\\/\\\/x.com\\\/DiarioFemenino1\"]},{\"@type\":\"Person\",\"@id\":\"https:\\\/\\\/diariofemenino.com.ar\\\/df\\\/#\\\/schema\\\/person\\\/38f54b3bfd13f561de2460ba95c169c6\",\"name\":\"Admin\",\"image\":{\"@type\":\"ImageObject\",\"inLanguage\":\"es\",\"@id\":\"https:\\\/\\\/diariofemenino.com.ar\\\/df\\\/wp-content\\\/uploads\\\/2018\\\/12\\\/favicon-150x150.jpg\",\"url\":\"https:\\\/\\\/diariofemenino.com.ar\\\/df\\\/wp-content\\\/uploads\\\/2018\\\/12\\\/favicon-150x150.jpg\",\"contentUrl\":\"https:\\\/\\\/diariofemenino.com.ar\\\/df\\\/wp-content\\\/uploads\\\/2018\\\/12\\\/favicon-150x150.jpg\",\"caption\":\"Admin\"},\"url\":\"https:\\\/\\\/diariofemenino.com.ar\\\/df\\\/author\\\/adm18df\\\/\"}]}<\/script>\n<!-- \/ Yoast SEO plugin. -->","yoast_head_json":{"title":"ARGRA repudia agresiones machistas a colega de Tucum\u00e1n y denunciar\u00e1 ante el INADI al t\u00e9cnico de Talleres de Taf\u00ed Viejo - Diario Digital Femenino","robots":{"index":"index","follow":"follow","max-snippet":"max-snippet:-1","max-image-preview":"max-image-preview:large","max-video-preview":"max-video-preview:-1"},"canonical":"https:\/\/diariofemenino.com.ar\/df\/argra-repudia-agresiones-machistas-a-colega-de-tucuman-y-denunciara-ante-el-inadi-al-tecnico-de-talleres-de-tafi-viejo\/","og_locale":"es_ES","og_type":"article","og_title":"ARGRA repudia agresiones machistas a colega de Tucum\u00e1n y denunciar\u00e1 ante el INADI al t\u00e9cnico de Talleres de Taf\u00ed Viejo - Diario Digital Femenino","og_description":"&nbsp; ARGRA repudia agresiones machistas a colega de Tucum\u00e1n y denunciar\u00e1 ante el INADI al t\u00e9cnico de Talleres de Taf\u00ed Viejo por discriminaci\u00f3n Durante el partido del Torneo Anual de la Liga Tucumana de F\u00fatbol entre Talleres de Taf\u00ed Viejo y Central Norte, realizado en el d\u00eda de ayer domingo 3 de junio, nuestra colega [&hellip;]","og_url":"https:\/\/diariofemenino.com.ar\/df\/argra-repudia-agresiones-machistas-a-colega-de-tucuman-y-denunciara-ante-el-inadi-al-tecnico-de-talleres-de-tafi-viejo\/","og_site_name":"Diario Digital Femenino","article_publisher":"https:\/\/www.facebook.com\/DiarioDigitaFemenino\/","article_published_time":"2012-06-05T20:27:31+00:00","og_image":[{"width":855,"height":319,"url":"https:\/\/diariofemenino.com.ar\/df\/wp-content\/uploads\/2016\/10\/logo-negro.png","type":"image\/png"}],"author":"Admin","twitter_card":"summary_large_image","twitter_creator":"@DiarioFemenino1","twitter_site":"@DiarioFemenino1","twitter_misc":{"Escrito por":"Admin","Tiempo de lectura":"2 minutos"},"schema":{"@context":"https:\/\/schema.org","@graph":[{"@type":"Article","@id":"https:\/\/diariofemenino.com.ar\/df\/argra-repudia-agresiones-machistas-a-colega-de-tucuman-y-denunciara-ante-el-inadi-al-tecnico-de-talleres-de-tafi-viejo\/#article","isPartOf":{"@id":"https:\/\/diariofemenino.com.ar\/df\/argra-repudia-agresiones-machistas-a-colega-de-tucuman-y-denunciara-ante-el-inadi-al-tecnico-de-talleres-de-tafi-viejo\/"},"author":{"name":"Admin","@id":"https:\/\/diariofemenino.com.ar\/df\/#\/schema\/person\/38f54b3bfd13f561de2460ba95c169c6"},"headline":"ARGRA repudia agresiones machistas a colega de Tucum\u00e1n y denunciar\u00e1 ante el INADI al t\u00e9cnico de Talleres de Taf\u00ed Viejo","datePublished":"2012-06-05T20:27:31+00:00","mainEntityOfPage":{"@id":"https:\/\/diariofemenino.com.ar\/df\/argra-repudia-agresiones-machistas-a-colega-de-tucuman-y-denunciara-ante-el-inadi-al-tecnico-de-talleres-de-tafi-viejo\/"},"wordCount":458,"commentCount":0,"publisher":{"@id":"https:\/\/diariofemenino.com.ar\/df\/#organization"},"articleSection":["Medios"],"inLanguage":"es","potentialAction":[{"@type":"CommentAction","name":"Comment","target":["https:\/\/diariofemenino.com.ar\/df\/argra-repudia-agresiones-machistas-a-colega-de-tucuman-y-denunciara-ante-el-inadi-al-tecnico-de-talleres-de-tafi-viejo\/#respond"]}]},{"@type":"WebPage","@id":"https:\/\/diariofemenino.com.ar\/df\/argra-repudia-agresiones-machistas-a-colega-de-tucuman-y-denunciara-ante-el-inadi-al-tecnico-de-talleres-de-tafi-viejo\/","url":"https:\/\/diariofemenino.com.ar\/df\/argra-repudia-agresiones-machistas-a-colega-de-tucuman-y-denunciara-ante-el-inadi-al-tecnico-de-talleres-de-tafi-viejo\/","name":"ARGRA repudia agresiones machistas a colega de Tucum\u00e1n y denunciar\u00e1 ante el INADI al t\u00e9cnico de Talleres de Taf\u00ed Viejo - Diario Digital Femenino","isPartOf":{"@id":"https:\/\/diariofemenino.com.ar\/df\/#website"},"datePublished":"2012-06-05T20:27:31+00:00","breadcrumb":{"@id":"https:\/\/diariofemenino.com.ar\/df\/argra-repudia-agresiones-machistas-a-colega-de-tucuman-y-denunciara-ante-el-inadi-al-tecnico-de-talleres-de-tafi-viejo\/#breadcrumb"},"inLanguage":"es","potentialAction":[{"@type":"ReadAction","target":["https:\/\/diariofemenino.com.ar\/df\/argra-repudia-agresiones-machistas-a-colega-de-tucuman-y-denunciara-ante-el-inadi-al-tecnico-de-talleres-de-tafi-viejo\/"]}]},{"@type":"BreadcrumbList","@id":"https:\/\/diariofemenino.com.ar\/df\/argra-repudia-agresiones-machistas-a-colega-de-tucuman-y-denunciara-ante-el-inadi-al-tecnico-de-talleres-de-tafi-viejo\/#breadcrumb","itemListElement":[{"@type":"ListItem","position":1,"name":"Portada","item":"https:\/\/diariofemenino.com.ar\/df\/"},{"@type":"ListItem","position":2,"name":"ARGRA repudia agresiones machistas a colega de Tucum\u00e1n y denunciar\u00e1 ante el INADI al t\u00e9cnico de Talleres de Taf\u00ed Viejo"}]},{"@type":"WebSite","@id":"https:\/\/diariofemenino.com.ar\/df\/#website","url":"https:\/\/diariofemenino.com.ar\/df\/","name":"Diario Digital Femenino","description":"Cuesti\u00f3n de G\u00e9nero","publisher":{"@id":"https:\/\/diariofemenino.com.ar\/df\/#organization"},"potentialAction":[{"@type":"SearchAction","target":{"@type":"EntryPoint","urlTemplate":"https:\/\/diariofemenino.com.ar\/df\/?s={search_term_string}"},"query-input":{"@type":"PropertyValueSpecification","valueRequired":true,"valueName":"search_term_string"}}],"inLanguage":"es"},{"@type":"Organization","@id":"https:\/\/diariofemenino.com.ar\/df\/#organization","name":"Diario Femenino","url":"https:\/\/diariofemenino.com.ar\/df\/","logo":{"@type":"ImageObject","inLanguage":"es","@id":"https:\/\/diariofemenino.com.ar\/df\/#\/schema\/logo\/image\/","url":"https:\/\/diariofemenino.com.ar\/df\/wp-content\/uploads\/2018\/10\/logo.png","contentUrl":"https:\/\/diariofemenino.com.ar\/df\/wp-content\/uploads\/2018\/10\/logo.png","width":500,"height":92,"caption":"Diario Femenino"},"image":{"@id":"https:\/\/diariofemenino.com.ar\/df\/#\/schema\/logo\/image\/"},"sameAs":["https:\/\/www.facebook.com\/DiarioDigitaFemenino\/","https:\/\/x.com\/DiarioFemenino1"]},{"@type":"Person","@id":"https:\/\/diariofemenino.com.ar\/df\/#\/schema\/person\/38f54b3bfd13f561de2460ba95c169c6","name":"Admin","image":{"@type":"ImageObject","inLanguage":"es","@id":"https:\/\/diariofemenino.com.ar\/df\/wp-content\/uploads\/2018\/12\/favicon-150x150.jpg","url":"https:\/\/diariofemenino.com.ar\/df\/wp-content\/uploads\/2018\/12\/favicon-150x150.jpg","contentUrl":"https:\/\/diariofemenino.com.ar\/df\/wp-content\/uploads\/2018\/12\/favicon-150x150.jpg","caption":"Admin"},"url":"https:\/\/diariofemenino.com.ar\/df\/author\/adm18df\/"}]}},"jetpack_featured_media_url":"","jetpack_sharing_enabled":true,"rttpg_featured_image_url":null,"rttpg_author":{"display_name":"Admin","author_link":"https:\/\/diariofemenino.com.ar\/df\/author\/adm18df\/"},"rttpg_comment":0,"rttpg_category":"<a href=\"https:\/\/diariofemenino.com.ar\/df\/category\/medios\/\" rel=\"category tag\">Medios<\/a>","rttpg_excerpt":"&nbsp; ARGRA repudia agresiones machistas a colega de Tucum\u00e1n y denunciar\u00e1 ante el INADI al t\u00e9cnico de Talleres de Taf\u00ed Viejo por discriminaci\u00f3n Durante el partido del Torneo Anual de la Liga Tucumana de F\u00fatbol entre Talleres de Taf\u00ed Viejo y Central Norte, realizado en el d\u00eda de ayer domingo 3 de junio, nuestra colega&hellip;","_links":{"self":[{"href":"https:\/\/diariofemenino.com.ar\/df\/wp-json\/wp\/v2\/posts\/1744","targetHints":{"allow":["GET"]}}],"collection":[{"href":"https:\/\/diariofemenino.com.ar\/df\/wp-json\/wp\/v2\/posts"}],"about":[{"href":"https:\/\/diariofemenino.com.ar\/df\/wp-json\/wp\/v2\/types\/post"}],"author":[{"embeddable":true,"href":"https:\/\/diariofemenino.com.ar\/df\/wp-json\/wp\/v2\/users\/1"}],"replies":[{"embeddable":true,"href":"https:\/\/diariofemenino.com.ar\/df\/wp-json\/wp\/v2\/comments?post=1744"}],"version-history":[{"count":0,"href":"https:\/\/diariofemenino.com.ar\/df\/wp-json\/wp\/v2\/posts\/1744\/revisions"}],"wp:attachment":[{"href":"https:\/\/diariofemenino.com.ar\/df\/wp-json\/wp\/v2\/media?parent=1744"}],"wp:term":[{"taxonomy":"category","embeddable":true,"href":"https:\/\/diariofemenino.com.ar\/df\/wp-json\/wp\/v2\/categories?post=1744"},{"taxonomy":"post_tag","embeddable":true,"href":"https:\/\/diariofemenino.com.ar\/df\/wp-json\/wp\/v2\/tags?post=1744"}],"curies":[{"name":"wp","href":"https:\/\/api.w.org\/{rel}","templated":true}]}}