{"id":1739,"date":"2012-06-05T16:06:46","date_gmt":"2012-06-05T19:06:46","guid":{"rendered":"http:\/\/www.diariofemenino.com.ar\/?p=1739"},"modified":"2012-06-05T16:06:46","modified_gmt":"2012-06-05T19:06:46","slug":"un-festival-para-pensar-la-violencia-de-genero-desde-el-cine","status":"publish","type":"post","link":"https:\/\/diariofemenino.com.ar\/df\/un-festival-para-pensar-la-violencia-de-genero-desde-el-cine\/","title":{"rendered":"Mujeres en foco: Un festival para pensar la violencia de g\u00e9nero desde el cine"},"content":{"rendered":"<p>&nbsp;<br \/>\n&nbsp;<br \/>\n<em>Se inicia hoy la tercera edici\u00f3n de Mujeres en Foco; son m\u00e1s de 40 pel\u00edculas para debatir sobre la problem\u00e1tica.<\/em><br \/>\n<em>La propuesta es generar un espacio de sensibilizaci\u00f3n y concientizaci\u00f3n sobre problem\u00e1ticas como la de la violencia de g\u00e9nero desde el arte. Hoy se inicia en Buenos Aires la tercera edici\u00f3n del <a href=\"http:\/\/www.mujeresenfoco.com.ar\/en\/home\/\" target=\"_blank\">festival internacional de cine por la equidad de g\u00e9nero,<\/a>una propuesta que dura cuatro d\u00edas y re\u00fane a m\u00e1s de 40 pel\u00edculas para pensar y discutir temas vinculados con la mujer, su inserci\u00f3n pol\u00edtica, el aborto, las oportunidades de trabajo, juventud, entre otras.<\/em><br \/>\nUna de las organizadoras, la soci\u00f3loga Valeria Dur\u00e1n, explic\u00f3 que este festival de g\u00e9nero, que incluye en su mayor\u00eda pel\u00edculas argentinas, pero que tambi\u00e9n incorpora espa\u00f1olas, palestinas, haitianas, suecas, entre otras, tiene como misi\u00f3n rescatar e intercambiar miradas sobre las m\u00faltiples pr\u00e1cticas culturales y realidades, ofreciendo un escenario de encuentro, articulaci\u00f3n y difusi\u00f3n.<br \/>\nAdem\u00e1s de ver las pel\u00edculas, el p\u00fablico tiene oportunidad de conversar con los directores, presentes en el festival. \u00abEs una herramienta y una pr\u00e1ctica de intercambio, educaci\u00f3n y producci\u00f3n de nuevos sentidos\u00bb, apunta Dur\u00e1n.<br \/>\nEn este sentido, la propuesta del festival no se limita a la proyecci\u00f3n de materiales audiovisuales, sino tambi\u00e9n, al desarrollo de <a href=\"http:\/\/www.mujeresenfoco.com.ar\/es\/programacion\/actividades-especiales\/\" target=\"_blank\">talleres educativos y actividades<\/a> que abran a la discusi\u00f3n y construcci\u00f3n de redes que estimulen propuestas, proyectos y pr\u00e1cticas sobre la problem\u00e1tica de g\u00e9nero. \u00abEl arte en general y el cine en particular permite mostrar problemas muy dif\u00edciles de abordar desde el lenguaje verbal; muchos se ven reconocidos en las historias que se cuentan y, a partir del planteo de la pel\u00edcula -documental o de ficci\u00f3n- se empieza a pensar, discutir y empezar a cambiar algo\u00bb, comenta.<br \/>\n&nbsp;<br \/>\n<iframe loading=\"lazy\" src=\"http:\/\/www.youtube.com\/embed\/kQeLG9lTpD0\" frameborder=\"0\" width=\"420\" height=\"315\"><\/iframe><\/p>\n","protected":false},"excerpt":{"rendered":"<p>&nbsp; &nbsp; Se inicia hoy la tercera edici\u00f3n de Mujeres en Foco; son m\u00e1s de 40 pel\u00edculas para debatir sobre la problem\u00e1tica. La propuesta es generar un espacio de sensibilizaci\u00f3n y concientizaci\u00f3n sobre problem\u00e1ticas como la de la violencia de g\u00e9nero desde el arte. Hoy se inicia en Buenos Aires la tercera edici\u00f3n del festival [&hellip;]<\/p>\n","protected":false},"author":1,"featured_media":1742,"comment_status":"open","ping_status":"open","sticky":false,"template":"","format":"standard","meta":{"iawp_total_views":2,"footnotes":""},"categories":[4,21],"tags":[],"class_list":["post-1739","post","type-post","status-publish","format-standard","has-post-thumbnail","hentry","category-medios","category-noticias"],"nelio_content":{"autoShareEndMode":"never","automationSources":{"useCustomSentences":false,"customSentences":[]},"efiAlt":"","efiUrl":"","followers":[],"highlights":[],"isAutoShareEnabled":true,"networkImageIds":[],"permalinkQueryArgs":[],"series":[],"suggestedReferences":[]},"yoast_head":"<!-- This site is optimized with the Yoast SEO plugin v27.5 - https:\/\/yoast.com\/product\/yoast-seo-wordpress\/ -->\n<title>Mujeres en foco: Un festival para pensar la violencia de g\u00e9nero desde el cine - Diario Digital Femenino<\/title>\n<meta name=\"robots\" content=\"index, follow, max-snippet:-1, max-image-preview:large, max-video-preview:-1\" \/>\n<link rel=\"canonical\" href=\"https:\/\/diariofemenino.com.ar\/df\/un-festival-para-pensar-la-violencia-de-genero-desde-el-cine\/\" \/>\n<meta property=\"og:locale\" content=\"es_ES\" \/>\n<meta property=\"og:type\" content=\"article\" \/>\n<meta property=\"og:title\" content=\"Mujeres en foco: Un festival para pensar la violencia de g\u00e9nero desde el cine - Diario Digital Femenino\" \/>\n<meta property=\"og:description\" content=\"&nbsp; &nbsp; Se inicia hoy la tercera edici\u00f3n de Mujeres en Foco; son m\u00e1s de 40 pel\u00edculas para debatir sobre la problem\u00e1tica. La propuesta es generar un espacio de sensibilizaci\u00f3n y concientizaci\u00f3n sobre problem\u00e1ticas como la de la violencia de g\u00e9nero desde el arte. Hoy se inicia en Buenos Aires la tercera edici\u00f3n del festival [&hellip;]\" \/>\n<meta property=\"og:url\" content=\"https:\/\/diariofemenino.com.ar\/df\/un-festival-para-pensar-la-violencia-de-genero-desde-el-cine\/\" \/>\n<meta property=\"og:site_name\" content=\"Diario Digital Femenino\" \/>\n<meta property=\"article:publisher\" content=\"https:\/\/www.facebook.com\/DiarioDigitaFemenino\/\" \/>\n<meta property=\"article:published_time\" content=\"2012-06-05T19:06:46+00:00\" \/>\n<meta property=\"og:image\" content=\"https:\/\/diariofemenino.com.ar\/df\/wp-content\/uploads\/2016\/10\/logo-negro.png\" \/>\n\t<meta property=\"og:image:width\" content=\"855\" \/>\n\t<meta property=\"og:image:height\" content=\"319\" \/>\n\t<meta property=\"og:image:type\" content=\"image\/png\" \/>\n<meta name=\"author\" content=\"Admin\" \/>\n<meta name=\"twitter:card\" content=\"summary_large_image\" \/>\n<meta name=\"twitter:creator\" content=\"@DiarioFemenino1\" \/>\n<meta name=\"twitter:site\" content=\"@DiarioFemenino1\" \/>\n<meta name=\"twitter:label1\" content=\"Escrito por\" \/>\n\t<meta name=\"twitter:data1\" content=\"Admin\" \/>\n\t<meta name=\"twitter:label2\" content=\"Tiempo de lectura\" \/>\n\t<meta name=\"twitter:data2\" content=\"2 minutos\" \/>\n<script type=\"application\/ld+json\" class=\"yoast-schema-graph\">{\"@context\":\"https:\\\/\\\/schema.org\",\"@graph\":[{\"@type\":\"Article\",\"@id\":\"https:\\\/\\\/diariofemenino.com.ar\\\/df\\\/un-festival-para-pensar-la-violencia-de-genero-desde-el-cine\\\/#article\",\"isPartOf\":{\"@id\":\"https:\\\/\\\/diariofemenino.com.ar\\\/df\\\/un-festival-para-pensar-la-violencia-de-genero-desde-el-cine\\\/\"},\"author\":{\"name\":\"Admin\",\"@id\":\"https:\\\/\\\/diariofemenino.com.ar\\\/df\\\/#\\\/schema\\\/person\\\/38f54b3bfd13f561de2460ba95c169c6\"},\"headline\":\"Mujeres en foco: Un festival para pensar la violencia de g\u00e9nero desde el cine\",\"datePublished\":\"2012-06-05T19:06:46+00:00\",\"mainEntityOfPage\":{\"@id\":\"https:\\\/\\\/diariofemenino.com.ar\\\/df\\\/un-festival-para-pensar-la-violencia-de-genero-desde-el-cine\\\/\"},\"wordCount\":341,\"commentCount\":0,\"publisher\":{\"@id\":\"https:\\\/\\\/diariofemenino.com.ar\\\/df\\\/#organization\"},\"image\":{\"@id\":\"https:\\\/\\\/diariofemenino.com.ar\\\/df\\\/un-festival-para-pensar-la-violencia-de-genero-desde-el-cine\\\/#primaryimage\"},\"thumbnailUrl\":\"\",\"articleSection\":[\"Medios\",\"Noticias\"],\"inLanguage\":\"es\",\"potentialAction\":[{\"@type\":\"CommentAction\",\"name\":\"Comment\",\"target\":[\"https:\\\/\\\/diariofemenino.com.ar\\\/df\\\/un-festival-para-pensar-la-violencia-de-genero-desde-el-cine\\\/#respond\"]}]},{\"@type\":\"WebPage\",\"@id\":\"https:\\\/\\\/diariofemenino.com.ar\\\/df\\\/un-festival-para-pensar-la-violencia-de-genero-desde-el-cine\\\/\",\"url\":\"https:\\\/\\\/diariofemenino.com.ar\\\/df\\\/un-festival-para-pensar-la-violencia-de-genero-desde-el-cine\\\/\",\"name\":\"Mujeres en foco: Un festival para pensar la violencia de g\u00e9nero desde el cine - Diario Digital Femenino\",\"isPartOf\":{\"@id\":\"https:\\\/\\\/diariofemenino.com.ar\\\/df\\\/#website\"},\"primaryImageOfPage\":{\"@id\":\"https:\\\/\\\/diariofemenino.com.ar\\\/df\\\/un-festival-para-pensar-la-violencia-de-genero-desde-el-cine\\\/#primaryimage\"},\"image\":{\"@id\":\"https:\\\/\\\/diariofemenino.com.ar\\\/df\\\/un-festival-para-pensar-la-violencia-de-genero-desde-el-cine\\\/#primaryimage\"},\"thumbnailUrl\":\"\",\"datePublished\":\"2012-06-05T19:06:46+00:00\",\"breadcrumb\":{\"@id\":\"https:\\\/\\\/diariofemenino.com.ar\\\/df\\\/un-festival-para-pensar-la-violencia-de-genero-desde-el-cine\\\/#breadcrumb\"},\"inLanguage\":\"es\",\"potentialAction\":[{\"@type\":\"ReadAction\",\"target\":[\"https:\\\/\\\/diariofemenino.com.ar\\\/df\\\/un-festival-para-pensar-la-violencia-de-genero-desde-el-cine\\\/\"]}]},{\"@type\":\"ImageObject\",\"inLanguage\":\"es\",\"@id\":\"https:\\\/\\\/diariofemenino.com.ar\\\/df\\\/un-festival-para-pensar-la-violencia-de-genero-desde-el-cine\\\/#primaryimage\",\"url\":\"\",\"contentUrl\":\"\"},{\"@type\":\"BreadcrumbList\",\"@id\":\"https:\\\/\\\/diariofemenino.com.ar\\\/df\\\/un-festival-para-pensar-la-violencia-de-genero-desde-el-cine\\\/#breadcrumb\",\"itemListElement\":[{\"@type\":\"ListItem\",\"position\":1,\"name\":\"Portada\",\"item\":\"https:\\\/\\\/diariofemenino.com.ar\\\/df\\\/\"},{\"@type\":\"ListItem\",\"position\":2,\"name\":\"Mujeres en foco: Un festival para pensar la violencia de g\u00e9nero desde el cine\"}]},{\"@type\":\"WebSite\",\"@id\":\"https:\\\/\\\/diariofemenino.com.ar\\\/df\\\/#website\",\"url\":\"https:\\\/\\\/diariofemenino.com.ar\\\/df\\\/\",\"name\":\"Diario Digital Femenino\",\"description\":\"Cuesti\u00f3n de G\u00e9nero\",\"publisher\":{\"@id\":\"https:\\\/\\\/diariofemenino.com.ar\\\/df\\\/#organization\"},\"potentialAction\":[{\"@type\":\"SearchAction\",\"target\":{\"@type\":\"EntryPoint\",\"urlTemplate\":\"https:\\\/\\\/diariofemenino.com.ar\\\/df\\\/?s={search_term_string}\"},\"query-input\":{\"@type\":\"PropertyValueSpecification\",\"valueRequired\":true,\"valueName\":\"search_term_string\"}}],\"inLanguage\":\"es\"},{\"@type\":\"Organization\",\"@id\":\"https:\\\/\\\/diariofemenino.com.ar\\\/df\\\/#organization\",\"name\":\"Diario Femenino\",\"url\":\"https:\\\/\\\/diariofemenino.com.ar\\\/df\\\/\",\"logo\":{\"@type\":\"ImageObject\",\"inLanguage\":\"es\",\"@id\":\"https:\\\/\\\/diariofemenino.com.ar\\\/df\\\/#\\\/schema\\\/logo\\\/image\\\/\",\"url\":\"https:\\\/\\\/diariofemenino.com.ar\\\/df\\\/wp-content\\\/uploads\\\/2018\\\/10\\\/logo.png\",\"contentUrl\":\"https:\\\/\\\/diariofemenino.com.ar\\\/df\\\/wp-content\\\/uploads\\\/2018\\\/10\\\/logo.png\",\"width\":500,\"height\":92,\"caption\":\"Diario Femenino\"},\"image\":{\"@id\":\"https:\\\/\\\/diariofemenino.com.ar\\\/df\\\/#\\\/schema\\\/logo\\\/image\\\/\"},\"sameAs\":[\"https:\\\/\\\/www.facebook.com\\\/DiarioDigitaFemenino\\\/\",\"https:\\\/\\\/x.com\\\/DiarioFemenino1\"]},{\"@type\":\"Person\",\"@id\":\"https:\\\/\\\/diariofemenino.com.ar\\\/df\\\/#\\\/schema\\\/person\\\/38f54b3bfd13f561de2460ba95c169c6\",\"name\":\"Admin\",\"image\":{\"@type\":\"ImageObject\",\"inLanguage\":\"es\",\"@id\":\"https:\\\/\\\/diariofemenino.com.ar\\\/df\\\/wp-content\\\/uploads\\\/2018\\\/12\\\/favicon-150x150.jpg\",\"url\":\"https:\\\/\\\/diariofemenino.com.ar\\\/df\\\/wp-content\\\/uploads\\\/2018\\\/12\\\/favicon-150x150.jpg\",\"contentUrl\":\"https:\\\/\\\/diariofemenino.com.ar\\\/df\\\/wp-content\\\/uploads\\\/2018\\\/12\\\/favicon-150x150.jpg\",\"caption\":\"Admin\"},\"url\":\"https:\\\/\\\/diariofemenino.com.ar\\\/df\\\/author\\\/adm18df\\\/\"}]}<\/script>\n<!-- \/ Yoast SEO plugin. -->","yoast_head_json":{"title":"Mujeres en foco: Un festival para pensar la violencia de g\u00e9nero desde el cine - Diario Digital Femenino","robots":{"index":"index","follow":"follow","max-snippet":"max-snippet:-1","max-image-preview":"max-image-preview:large","max-video-preview":"max-video-preview:-1"},"canonical":"https:\/\/diariofemenino.com.ar\/df\/un-festival-para-pensar-la-violencia-de-genero-desde-el-cine\/","og_locale":"es_ES","og_type":"article","og_title":"Mujeres en foco: Un festival para pensar la violencia de g\u00e9nero desde el cine - Diario Digital Femenino","og_description":"&nbsp; &nbsp; Se inicia hoy la tercera edici\u00f3n de Mujeres en Foco; son m\u00e1s de 40 pel\u00edculas para debatir sobre la problem\u00e1tica. La propuesta es generar un espacio de sensibilizaci\u00f3n y concientizaci\u00f3n sobre problem\u00e1ticas como la de la violencia de g\u00e9nero desde el arte. Hoy se inicia en Buenos Aires la tercera edici\u00f3n del festival [&hellip;]","og_url":"https:\/\/diariofemenino.com.ar\/df\/un-festival-para-pensar-la-violencia-de-genero-desde-el-cine\/","og_site_name":"Diario Digital Femenino","article_publisher":"https:\/\/www.facebook.com\/DiarioDigitaFemenino\/","article_published_time":"2012-06-05T19:06:46+00:00","og_image":[{"width":855,"height":319,"url":"https:\/\/diariofemenino.com.ar\/df\/wp-content\/uploads\/2016\/10\/logo-negro.png","type":"image\/png"}],"author":"Admin","twitter_card":"summary_large_image","twitter_creator":"@DiarioFemenino1","twitter_site":"@DiarioFemenino1","twitter_misc":{"Escrito por":"Admin","Tiempo de lectura":"2 minutos"},"schema":{"@context":"https:\/\/schema.org","@graph":[{"@type":"Article","@id":"https:\/\/diariofemenino.com.ar\/df\/un-festival-para-pensar-la-violencia-de-genero-desde-el-cine\/#article","isPartOf":{"@id":"https:\/\/diariofemenino.com.ar\/df\/un-festival-para-pensar-la-violencia-de-genero-desde-el-cine\/"},"author":{"name":"Admin","@id":"https:\/\/diariofemenino.com.ar\/df\/#\/schema\/person\/38f54b3bfd13f561de2460ba95c169c6"},"headline":"Mujeres en foco: Un festival para pensar la violencia de g\u00e9nero desde el cine","datePublished":"2012-06-05T19:06:46+00:00","mainEntityOfPage":{"@id":"https:\/\/diariofemenino.com.ar\/df\/un-festival-para-pensar-la-violencia-de-genero-desde-el-cine\/"},"wordCount":341,"commentCount":0,"publisher":{"@id":"https:\/\/diariofemenino.com.ar\/df\/#organization"},"image":{"@id":"https:\/\/diariofemenino.com.ar\/df\/un-festival-para-pensar-la-violencia-de-genero-desde-el-cine\/#primaryimage"},"thumbnailUrl":"","articleSection":["Medios","Noticias"],"inLanguage":"es","potentialAction":[{"@type":"CommentAction","name":"Comment","target":["https:\/\/diariofemenino.com.ar\/df\/un-festival-para-pensar-la-violencia-de-genero-desde-el-cine\/#respond"]}]},{"@type":"WebPage","@id":"https:\/\/diariofemenino.com.ar\/df\/un-festival-para-pensar-la-violencia-de-genero-desde-el-cine\/","url":"https:\/\/diariofemenino.com.ar\/df\/un-festival-para-pensar-la-violencia-de-genero-desde-el-cine\/","name":"Mujeres en foco: Un festival para pensar la violencia de g\u00e9nero desde el cine - Diario Digital Femenino","isPartOf":{"@id":"https:\/\/diariofemenino.com.ar\/df\/#website"},"primaryImageOfPage":{"@id":"https:\/\/diariofemenino.com.ar\/df\/un-festival-para-pensar-la-violencia-de-genero-desde-el-cine\/#primaryimage"},"image":{"@id":"https:\/\/diariofemenino.com.ar\/df\/un-festival-para-pensar-la-violencia-de-genero-desde-el-cine\/#primaryimage"},"thumbnailUrl":"","datePublished":"2012-06-05T19:06:46+00:00","breadcrumb":{"@id":"https:\/\/diariofemenino.com.ar\/df\/un-festival-para-pensar-la-violencia-de-genero-desde-el-cine\/#breadcrumb"},"inLanguage":"es","potentialAction":[{"@type":"ReadAction","target":["https:\/\/diariofemenino.com.ar\/df\/un-festival-para-pensar-la-violencia-de-genero-desde-el-cine\/"]}]},{"@type":"ImageObject","inLanguage":"es","@id":"https:\/\/diariofemenino.com.ar\/df\/un-festival-para-pensar-la-violencia-de-genero-desde-el-cine\/#primaryimage","url":"","contentUrl":""},{"@type":"BreadcrumbList","@id":"https:\/\/diariofemenino.com.ar\/df\/un-festival-para-pensar-la-violencia-de-genero-desde-el-cine\/#breadcrumb","itemListElement":[{"@type":"ListItem","position":1,"name":"Portada","item":"https:\/\/diariofemenino.com.ar\/df\/"},{"@type":"ListItem","position":2,"name":"Mujeres en foco: Un festival para pensar la violencia de g\u00e9nero desde el cine"}]},{"@type":"WebSite","@id":"https:\/\/diariofemenino.com.ar\/df\/#website","url":"https:\/\/diariofemenino.com.ar\/df\/","name":"Diario Digital Femenino","description":"Cuesti\u00f3n de G\u00e9nero","publisher":{"@id":"https:\/\/diariofemenino.com.ar\/df\/#organization"},"potentialAction":[{"@type":"SearchAction","target":{"@type":"EntryPoint","urlTemplate":"https:\/\/diariofemenino.com.ar\/df\/?s={search_term_string}"},"query-input":{"@type":"PropertyValueSpecification","valueRequired":true,"valueName":"search_term_string"}}],"inLanguage":"es"},{"@type":"Organization","@id":"https:\/\/diariofemenino.com.ar\/df\/#organization","name":"Diario Femenino","url":"https:\/\/diariofemenino.com.ar\/df\/","logo":{"@type":"ImageObject","inLanguage":"es","@id":"https:\/\/diariofemenino.com.ar\/df\/#\/schema\/logo\/image\/","url":"https:\/\/diariofemenino.com.ar\/df\/wp-content\/uploads\/2018\/10\/logo.png","contentUrl":"https:\/\/diariofemenino.com.ar\/df\/wp-content\/uploads\/2018\/10\/logo.png","width":500,"height":92,"caption":"Diario Femenino"},"image":{"@id":"https:\/\/diariofemenino.com.ar\/df\/#\/schema\/logo\/image\/"},"sameAs":["https:\/\/www.facebook.com\/DiarioDigitaFemenino\/","https:\/\/x.com\/DiarioFemenino1"]},{"@type":"Person","@id":"https:\/\/diariofemenino.com.ar\/df\/#\/schema\/person\/38f54b3bfd13f561de2460ba95c169c6","name":"Admin","image":{"@type":"ImageObject","inLanguage":"es","@id":"https:\/\/diariofemenino.com.ar\/df\/wp-content\/uploads\/2018\/12\/favicon-150x150.jpg","url":"https:\/\/diariofemenino.com.ar\/df\/wp-content\/uploads\/2018\/12\/favicon-150x150.jpg","contentUrl":"https:\/\/diariofemenino.com.ar\/df\/wp-content\/uploads\/2018\/12\/favicon-150x150.jpg","caption":"Admin"},"url":"https:\/\/diariofemenino.com.ar\/df\/author\/adm18df\/"}]}},"jetpack_featured_media_url":"","jetpack_sharing_enabled":true,"rttpg_featured_image_url":null,"rttpg_author":{"display_name":"Admin","author_link":"https:\/\/diariofemenino.com.ar\/df\/author\/adm18df\/"},"rttpg_comment":0,"rttpg_category":"<a href=\"https:\/\/diariofemenino.com.ar\/df\/category\/medios\/\" rel=\"category tag\">Medios<\/a> <a href=\"https:\/\/diariofemenino.com.ar\/df\/category\/noticias\/\" rel=\"category tag\">Noticias<\/a>","rttpg_excerpt":"&nbsp; &nbsp; Se inicia hoy la tercera edici\u00f3n de Mujeres en Foco; son m\u00e1s de 40 pel\u00edculas para debatir sobre la problem\u00e1tica. La propuesta es generar un espacio de sensibilizaci\u00f3n y concientizaci\u00f3n sobre problem\u00e1ticas como la de la violencia de g\u00e9nero desde el arte. Hoy se inicia en Buenos Aires la tercera edici\u00f3n del festival&hellip;","_links":{"self":[{"href":"https:\/\/diariofemenino.com.ar\/df\/wp-json\/wp\/v2\/posts\/1739","targetHints":{"allow":["GET"]}}],"collection":[{"href":"https:\/\/diariofemenino.com.ar\/df\/wp-json\/wp\/v2\/posts"}],"about":[{"href":"https:\/\/diariofemenino.com.ar\/df\/wp-json\/wp\/v2\/types\/post"}],"author":[{"embeddable":true,"href":"https:\/\/diariofemenino.com.ar\/df\/wp-json\/wp\/v2\/users\/1"}],"replies":[{"embeddable":true,"href":"https:\/\/diariofemenino.com.ar\/df\/wp-json\/wp\/v2\/comments?post=1739"}],"version-history":[{"count":0,"href":"https:\/\/diariofemenino.com.ar\/df\/wp-json\/wp\/v2\/posts\/1739\/revisions"}],"wp:featuredmedia":[{"embeddable":true,"href":"https:\/\/diariofemenino.com.ar\/df\/wp-json\/"}],"wp:attachment":[{"href":"https:\/\/diariofemenino.com.ar\/df\/wp-json\/wp\/v2\/media?parent=1739"}],"wp:term":[{"taxonomy":"category","embeddable":true,"href":"https:\/\/diariofemenino.com.ar\/df\/wp-json\/wp\/v2\/categories?post=1739"},{"taxonomy":"post_tag","embeddable":true,"href":"https:\/\/diariofemenino.com.ar\/df\/wp-json\/wp\/v2\/tags?post=1739"}],"curies":[{"name":"wp","href":"https:\/\/api.w.org\/{rel}","templated":true}]}}