{"id":17240,"date":"2015-03-08T21:56:22","date_gmt":"2015-03-09T00:56:22","guid":{"rendered":"http:\/\/www.diariofemenino.com.ar\/?p=17240"},"modified":"2020-06-25T12:50:06","modified_gmt":"2020-06-25T15:50:06","slug":"libreria-de-mujeres-la-unica-de-latinoamerica","status":"publish","type":"post","link":"https:\/\/diariofemenino.com.ar\/df\/libreria-de-mujeres-la-unica-de-latinoamerica\/","title":{"rendered":"Librer\u00eda de Mujeres, la \u00fanica de Latinoam\u00e9rica"},"content":{"rendered":"<h2>25 a\u00f1os de la \u00fanica librer\u00eda de mujeres de Latinoam\u00e9rica<\/h2>\n<p>Por <strong>Cecilia Toledo<br \/>\n<\/strong><br \/>\nEn todo el mundo hay librer\u00edas de g\u00e9nero. En Buenos Aires est\u00e1 la \u00fanica de Latinoam\u00e9rica. Cu\u00e1les son sus t\u00edtulos<\/p>\n<p>En un pasaje del barrio de Congreso funciona la \u00fanica<strong>\u00a0Librer\u00eda de Mujeres\u00a0<\/strong>de Latinoam\u00e9rica.<\/p>\n<figure id=\"attachment_49966\" aria-describedby=\"caption-attachment-49966\" style=\"width: 900px\" class=\"wp-caption aligncenter\"><img loading=\"lazy\" decoding=\"async\" class=\"size-large wp-image-49966\" src=\"https:\/\/diariofemenino.com.ar\/df\/wp-content\/uploads\/2015\/03\/libreria1-1024x684.jpg\" alt=\"Librer\u00eda de Mujeres, la \u00fanica de Latinoam\u00e9rica\" width=\"900\" height=\"601\" srcset=\"https:\/\/diariofemenino.com.ar\/df\/wp-content\/uploads\/2015\/03\/libreria1-1024x684.jpg 1024w, https:\/\/diariofemenino.com.ar\/df\/wp-content\/uploads\/2015\/03\/libreria1-300x200.jpg 300w, https:\/\/diariofemenino.com.ar\/df\/wp-content\/uploads\/2015\/03\/libreria1-768x513.jpg 768w, https:\/\/diariofemenino.com.ar\/df\/wp-content\/uploads\/2015\/03\/libreria1.jpg 1200w\" sizes=\"auto, (max-width: 900px) 100vw, 900px\" \/><figcaption id=\"caption-attachment-49966\" class=\"wp-caption-text\">Librer\u00eda de Mujeres, la \u00fanica de Latinoam\u00e9rica. Cr\u00e1dito <a href=\"https:\/\/revistaharoldo.com.ar\/nota.php?id=102\">Revista Haroldo<\/a><\/figcaption><\/figure>\n<p><strong>-\u00bfPor qu\u00e9 una Librer\u00eda de Mujeres?<\/strong><br \/>\n-Porque en las librer\u00edas tradicionales las autoras estaban relegadas al \u00faltimo estante. En cualquier librer\u00eda saben qui\u00e9n fue Garc\u00eda M\u00e1rquez pero no saben qui\u00e9n es Almudena Grandes-.<br \/>\nLa que habla es Mar\u00eda Sol Pereyra, hija de Carola Carid, la fundadora de Librer\u00eda de Mujeres, junto a Piera Oria. El espacio se inaugur\u00f3 el 8 de marzo de 1995. En 2015 cumplir\u00e1 dos d\u00e9cadas. Tuvo nueve mudanzas y en sus estanter\u00edas hay novelas, cuentos, poes\u00eda, teatro y teor\u00eda de g\u00e9nero.<br \/>\n<strong>-\u00bfPero es s\u00f3lo de mujeres?<\/strong><br \/>\n-Es de mujeres, no para mujeres. Tambi\u00e9n vienen hombres, personas trans o quien quiera venir-.<\/p>\n<blockquote>\n<div>\u00a0\u00abEn las librer\u00edas tradicionales las autoras estaban relegadas al \u00faltimo estante\u00bb.<\/div>\n<\/blockquote>\n<div><strong>La vida entre libros<\/strong><\/div>\n<p>Desde que tiene 14 a\u00f1os, Sol Pereyra, camina entre los estantes con textos sobre violencia, g\u00e9nero y sexualidad. \u201cEn el secundario dec\u00eda que mi mam\u00e1 ten\u00eda una librer\u00eda de g\u00e9nero y\u00a0<strong>nadie entend\u00eda nada<\/strong>. Hoy en d\u00eda le habl\u00e1s a cualquier adolescente sobre estudios de g\u00e9nero y sabe de qu\u00e9 se trata\u201d dice Sol, a cargo del local.<\/p>\n<p>El\u00a0<strong>feminismo<\/strong>\u00a0es un campo de batalla que gan\u00f3 terreno. Hasta en las revistas de moda se lo nombra. Y la librer\u00eda, en sus 25 a\u00f1os, tambi\u00e9n sinti\u00f3 el crecimiento feminista.<\/p>\n<p>\u201cSe arranc\u00f3 con dos estanter\u00edas\u201d recuerda Sol. Los libros se acomodaban de frente para que \u201cparecieran m\u00e1s\u201d. Hab\u00eda poco material y todo era literatura. Los estudios de g\u00e9nero casi no exist\u00edan. Hoy, 20 a\u00f1os despu\u00e9s, en la librer\u00eda de\u00a0<strong>Pasaje Rivarola 133<\/strong>, no entra un alfiler: tienen una editorial propia (Mujeres Editoras), colecciones completas, videoteca y una larga lista de t\u00edtulos sobre teor\u00eda del g\u00e9nero.<\/p>\n<p>\u201cEsta no es la primera.\u00a0<strong>Es la n\u00famero 63<\/strong>. Hay librer\u00edas de mujeres en Madrid, Barcelona, Alemania, Italia, entre otros lugares\u201d cuenta Sol.<\/p>\n<p>Los inicios de la librer\u00eda hay que rastrearlos por el a\u00f1o\u00a0<strong>1987<\/strong>. Cuando Carola y Piera abrieron una asociaci\u00f3n civil que ayudaba a mujeres v\u00edctimas de violencia. Al tiempo inauguraban un centro de documentaci\u00f3n: una biblioteca con material sobre feminismo, mujer y sexualidad. Toda una novedad para la \u00e9poca. Como no hab\u00eda internet, crearon, tambi\u00e9n, Prensa Mujer. Una recopilaci\u00f3n de todas las noticias que sal\u00edan en diarios y revistas sobre mujer, pol\u00edtica, g\u00e9nero y violencia. Y brindaban un servicio de suscripci\u00f3n. Pero con la llegada de internet se termin\u00f3.<br \/>\n[box] \u00abEs de mujeres, no para mujeres. Tambi\u00e9n vienen hombres\u00bb.[\/box]<\/p>\n<div><strong>-\u00bfCu\u00e1les son los temas que m\u00e1s se buscan?<\/strong><\/div>\n<p>Violencia de g\u00e9nero, prostituci\u00f3n, aborto y sexualidad. En literatura las autoras m\u00e1s buscadas son: Almudena Grandes, Gioconda Belli, Virginia Wolf y Alejandra Pizarnik. Vienen mujeres de Chile, Bolivia, Venezuela, Uruguay. Y dicen que lo que ven ac\u00e1 no lo consiguen en otro lado.<\/p>\n<p>Nota relacionada:\u00a0<a href=\"http:\/\/www.diariofemenino.com.ar\/las-16-librerias-feministas-mas-bellas-del-mundo\/\">Las 16 librer\u00edas feministas mas bellas del mundo<\/a><\/p>\n<p><a href=\"https:\/\/diariofemenino.com.ar\/category\/biblioteca\/\">Biblioteca virtual<\/a><br \/>\n<a href=\"https:\/\/diariofemenino.com.ar\/\">Diario Digital Femenino<\/a><\/p>\n","protected":false},"excerpt":{"rendered":"<p>25 a\u00f1os de la \u00fanica librer\u00eda de mujeres de Latinoam\u00e9rica Por Cecilia Toledo En todo el mundo hay librer\u00edas de g\u00e9nero. En Buenos Aires est\u00e1 la \u00fanica de Latinoam\u00e9rica. Cu\u00e1les son sus t\u00edtulos En un pasaje del barrio de Congreso funciona la \u00fanica\u00a0Librer\u00eda de Mujeres\u00a0de Latinoam\u00e9rica. -\u00bfPor qu\u00e9 una Librer\u00eda de Mujeres? -Porque en las [&hellip;]<\/p>\n","protected":false},"author":1,"featured_media":49965,"comment_status":"open","ping_status":"open","sticky":false,"template":"","format":"standard","meta":{"iawp_total_views":48,"footnotes":""},"categories":[19,32,6,21],"tags":[25,26,40,51],"class_list":["post-17240","post","type-post","status-publish","format-standard","has-post-thumbnail","hentry","category-biblioteca","category-mujeres","category-articulos","category-noticias","tag-activismo","tag-feminismo","tag-literatura","tag-recomendaciones"],"nelio_content":{"autoShareEndMode":"never","automationSources":{"useCustomSentences":false,"customSentences":[]},"efiAlt":"","efiUrl":"","followers":[4,1],"highlights":[],"isAutoShareEnabled":true,"networkImageIds":[],"permalinkQueryArgs":[],"series":[],"suggestedReferences":[]},"yoast_head":"<!-- This site is optimized with the Yoast SEO plugin v27.5 - https:\/\/yoast.com\/product\/yoast-seo-wordpress\/ -->\n<title>Librer\u00eda de Mujeres, la \u00fanica de Latinoam\u00e9rica - Diario Digital Femenino<\/title>\n<meta name=\"description\" content=\"Librer\u00eda de Mujeres. En el 2015 cumplen 20 a\u00f1os. Est\u00e1 incluida en las 16 Librer\u00edas feministas m\u00e1s bellas del Mundo\" \/>\n<meta name=\"robots\" content=\"index, follow, max-snippet:-1, max-image-preview:large, max-video-preview:-1\" \/>\n<link rel=\"canonical\" href=\"https:\/\/diariofemenino.com.ar\/df\/libreria-de-mujeres-la-unica-de-latinoamerica\/\" \/>\n<meta property=\"og:locale\" content=\"es_ES\" \/>\n<meta property=\"og:type\" content=\"article\" \/>\n<meta property=\"og:title\" content=\"Librer\u00eda de Mujeres, la \u00fanica de Latinoam\u00e9rica - Diario Digital Femenino\" \/>\n<meta property=\"og:description\" content=\"Librer\u00eda de Mujeres. En el 2015 cumplen 20 a\u00f1os. Est\u00e1 incluida en las 16 Librer\u00edas feministas m\u00e1s bellas del Mundo\" \/>\n<meta property=\"og:url\" content=\"https:\/\/diariofemenino.com.ar\/df\/libreria-de-mujeres-la-unica-de-latinoamerica\/\" \/>\n<meta property=\"og:site_name\" content=\"Diario Digital Femenino\" \/>\n<meta property=\"article:publisher\" content=\"https:\/\/www.facebook.com\/DiarioDigitaFemenino\/\" \/>\n<meta property=\"article:published_time\" content=\"2015-03-09T00:56:22+00:00\" \/>\n<meta property=\"article:modified_time\" content=\"2020-06-25T15:50:06+00:00\" \/>\n<meta property=\"og:image\" content=\"https:\/\/diariofemenino.com.ar\/df\/wp-content\/uploads\/2015\/03\/arton25678-08df5.jpg\" \/>\n\t<meta property=\"og:image:width\" content=\"643\" \/>\n\t<meta property=\"og:image:height\" content=\"359\" \/>\n\t<meta property=\"og:image:type\" content=\"image\/jpeg\" \/>\n<meta name=\"author\" content=\"Admin\" \/>\n<meta name=\"twitter:card\" content=\"summary_large_image\" \/>\n<meta name=\"twitter:creator\" content=\"@DiarioFemenino1\" \/>\n<meta name=\"twitter:site\" content=\"@DiarioFemenino1\" \/>\n<meta name=\"twitter:label1\" content=\"Escrito por\" \/>\n\t<meta name=\"twitter:data1\" content=\"Admin\" \/>\n\t<meta name=\"twitter:label2\" content=\"Tiempo de lectura\" \/>\n\t<meta name=\"twitter:data2\" content=\"3 minutos\" \/>\n<script type=\"application\/ld+json\" class=\"yoast-schema-graph\">{\"@context\":\"https:\\\/\\\/schema.org\",\"@graph\":[{\"@type\":\"Article\",\"@id\":\"https:\\\/\\\/diariofemenino.com.ar\\\/df\\\/libreria-de-mujeres-la-unica-de-latinoamerica\\\/#article\",\"isPartOf\":{\"@id\":\"https:\\\/\\\/diariofemenino.com.ar\\\/df\\\/libreria-de-mujeres-la-unica-de-latinoamerica\\\/\"},\"author\":{\"name\":\"Admin\",\"@id\":\"https:\\\/\\\/diariofemenino.com.ar\\\/df\\\/#\\\/schema\\\/person\\\/38f54b3bfd13f561de2460ba95c169c6\"},\"headline\":\"Librer\u00eda de Mujeres, la \u00fanica de Latinoam\u00e9rica\",\"datePublished\":\"2015-03-09T00:56:22+00:00\",\"dateModified\":\"2020-06-25T15:50:06+00:00\",\"mainEntityOfPage\":{\"@id\":\"https:\\\/\\\/diariofemenino.com.ar\\\/df\\\/libreria-de-mujeres-la-unica-de-latinoamerica\\\/\"},\"wordCount\":604,\"commentCount\":0,\"publisher\":{\"@id\":\"https:\\\/\\\/diariofemenino.com.ar\\\/df\\\/#organization\"},\"image\":{\"@id\":\"https:\\\/\\\/diariofemenino.com.ar\\\/df\\\/libreria-de-mujeres-la-unica-de-latinoamerica\\\/#primaryimage\"},\"thumbnailUrl\":\"https:\\\/\\\/diariofemenino.com.ar\\\/df\\\/wp-content\\\/uploads\\\/2015\\\/03\\\/arton25678-08df5.jpg\",\"keywords\":[\"Activismo\",\"Feminismo\",\"Literatura\",\"Recomendaciones\"],\"articleSection\":[\"Biblioteca Virtual\",\"Mujeres\",\"Mujeres en Palabras\",\"Noticias\"],\"inLanguage\":\"es\",\"potentialAction\":[{\"@type\":\"CommentAction\",\"name\":\"Comment\",\"target\":[\"https:\\\/\\\/diariofemenino.com.ar\\\/df\\\/libreria-de-mujeres-la-unica-de-latinoamerica\\\/#respond\"]}]},{\"@type\":\"WebPage\",\"@id\":\"https:\\\/\\\/diariofemenino.com.ar\\\/df\\\/libreria-de-mujeres-la-unica-de-latinoamerica\\\/\",\"url\":\"https:\\\/\\\/diariofemenino.com.ar\\\/df\\\/libreria-de-mujeres-la-unica-de-latinoamerica\\\/\",\"name\":\"Librer\u00eda de Mujeres, la \u00fanica de Latinoam\u00e9rica - Diario Digital Femenino\",\"isPartOf\":{\"@id\":\"https:\\\/\\\/diariofemenino.com.ar\\\/df\\\/#website\"},\"primaryImageOfPage\":{\"@id\":\"https:\\\/\\\/diariofemenino.com.ar\\\/df\\\/libreria-de-mujeres-la-unica-de-latinoamerica\\\/#primaryimage\"},\"image\":{\"@id\":\"https:\\\/\\\/diariofemenino.com.ar\\\/df\\\/libreria-de-mujeres-la-unica-de-latinoamerica\\\/#primaryimage\"},\"thumbnailUrl\":\"https:\\\/\\\/diariofemenino.com.ar\\\/df\\\/wp-content\\\/uploads\\\/2015\\\/03\\\/arton25678-08df5.jpg\",\"datePublished\":\"2015-03-09T00:56:22+00:00\",\"dateModified\":\"2020-06-25T15:50:06+00:00\",\"description\":\"Librer\u00eda de Mujeres. En el 2015 cumplen 20 a\u00f1os. Est\u00e1 incluida en las 16 Librer\u00edas feministas m\u00e1s bellas del Mundo\",\"breadcrumb\":{\"@id\":\"https:\\\/\\\/diariofemenino.com.ar\\\/df\\\/libreria-de-mujeres-la-unica-de-latinoamerica\\\/#breadcrumb\"},\"inLanguage\":\"es\",\"potentialAction\":[{\"@type\":\"ReadAction\",\"target\":[\"https:\\\/\\\/diariofemenino.com.ar\\\/df\\\/libreria-de-mujeres-la-unica-de-latinoamerica\\\/\"]}]},{\"@type\":\"ImageObject\",\"inLanguage\":\"es\",\"@id\":\"https:\\\/\\\/diariofemenino.com.ar\\\/df\\\/libreria-de-mujeres-la-unica-de-latinoamerica\\\/#primaryimage\",\"url\":\"https:\\\/\\\/diariofemenino.com.ar\\\/df\\\/wp-content\\\/uploads\\\/2015\\\/03\\\/arton25678-08df5.jpg\",\"contentUrl\":\"https:\\\/\\\/diariofemenino.com.ar\\\/df\\\/wp-content\\\/uploads\\\/2015\\\/03\\\/arton25678-08df5.jpg\",\"width\":643,\"height\":359,\"caption\":\"Librer\u00eda de Mujeres, la \u00fanica de Latinoam\u00e9rica\"},{\"@type\":\"BreadcrumbList\",\"@id\":\"https:\\\/\\\/diariofemenino.com.ar\\\/df\\\/libreria-de-mujeres-la-unica-de-latinoamerica\\\/#breadcrumb\",\"itemListElement\":[{\"@type\":\"ListItem\",\"position\":1,\"name\":\"Portada\",\"item\":\"https:\\\/\\\/diariofemenino.com.ar\\\/df\\\/\"},{\"@type\":\"ListItem\",\"position\":2,\"name\":\"Librer\u00eda de Mujeres, la \u00fanica de Latinoam\u00e9rica\"}]},{\"@type\":\"WebSite\",\"@id\":\"https:\\\/\\\/diariofemenino.com.ar\\\/df\\\/#website\",\"url\":\"https:\\\/\\\/diariofemenino.com.ar\\\/df\\\/\",\"name\":\"Diario Digital Femenino\",\"description\":\"Cuesti\u00f3n de G\u00e9nero\",\"publisher\":{\"@id\":\"https:\\\/\\\/diariofemenino.com.ar\\\/df\\\/#organization\"},\"potentialAction\":[{\"@type\":\"SearchAction\",\"target\":{\"@type\":\"EntryPoint\",\"urlTemplate\":\"https:\\\/\\\/diariofemenino.com.ar\\\/df\\\/?s={search_term_string}\"},\"query-input\":{\"@type\":\"PropertyValueSpecification\",\"valueRequired\":true,\"valueName\":\"search_term_string\"}}],\"inLanguage\":\"es\"},{\"@type\":\"Organization\",\"@id\":\"https:\\\/\\\/diariofemenino.com.ar\\\/df\\\/#organization\",\"name\":\"Diario Femenino\",\"url\":\"https:\\\/\\\/diariofemenino.com.ar\\\/df\\\/\",\"logo\":{\"@type\":\"ImageObject\",\"inLanguage\":\"es\",\"@id\":\"https:\\\/\\\/diariofemenino.com.ar\\\/df\\\/#\\\/schema\\\/logo\\\/image\\\/\",\"url\":\"https:\\\/\\\/diariofemenino.com.ar\\\/df\\\/wp-content\\\/uploads\\\/2018\\\/10\\\/logo.png\",\"contentUrl\":\"https:\\\/\\\/diariofemenino.com.ar\\\/df\\\/wp-content\\\/uploads\\\/2018\\\/10\\\/logo.png\",\"width\":500,\"height\":92,\"caption\":\"Diario Femenino\"},\"image\":{\"@id\":\"https:\\\/\\\/diariofemenino.com.ar\\\/df\\\/#\\\/schema\\\/logo\\\/image\\\/\"},\"sameAs\":[\"https:\\\/\\\/www.facebook.com\\\/DiarioDigitaFemenino\\\/\",\"https:\\\/\\\/x.com\\\/DiarioFemenino1\"]},{\"@type\":\"Person\",\"@id\":\"https:\\\/\\\/diariofemenino.com.ar\\\/df\\\/#\\\/schema\\\/person\\\/38f54b3bfd13f561de2460ba95c169c6\",\"name\":\"Admin\",\"image\":{\"@type\":\"ImageObject\",\"inLanguage\":\"es\",\"@id\":\"https:\\\/\\\/diariofemenino.com.ar\\\/df\\\/wp-content\\\/uploads\\\/2018\\\/12\\\/favicon-150x150.jpg\",\"url\":\"https:\\\/\\\/diariofemenino.com.ar\\\/df\\\/wp-content\\\/uploads\\\/2018\\\/12\\\/favicon-150x150.jpg\",\"contentUrl\":\"https:\\\/\\\/diariofemenino.com.ar\\\/df\\\/wp-content\\\/uploads\\\/2018\\\/12\\\/favicon-150x150.jpg\",\"caption\":\"Admin\"},\"url\":\"https:\\\/\\\/diariofemenino.com.ar\\\/df\\\/author\\\/adm18df\\\/\"}]}<\/script>\n<!-- \/ Yoast SEO plugin. -->","yoast_head_json":{"title":"Librer\u00eda de Mujeres, la \u00fanica de Latinoam\u00e9rica - Diario Digital Femenino","description":"Librer\u00eda de Mujeres. En el 2015 cumplen 20 a\u00f1os. Est\u00e1 incluida en las 16 Librer\u00edas feministas m\u00e1s bellas del Mundo","robots":{"index":"index","follow":"follow","max-snippet":"max-snippet:-1","max-image-preview":"max-image-preview:large","max-video-preview":"max-video-preview:-1"},"canonical":"https:\/\/diariofemenino.com.ar\/df\/libreria-de-mujeres-la-unica-de-latinoamerica\/","og_locale":"es_ES","og_type":"article","og_title":"Librer\u00eda de Mujeres, la \u00fanica de Latinoam\u00e9rica - Diario Digital Femenino","og_description":"Librer\u00eda de Mujeres. En el 2015 cumplen 20 a\u00f1os. Est\u00e1 incluida en las 16 Librer\u00edas feministas m\u00e1s bellas del Mundo","og_url":"https:\/\/diariofemenino.com.ar\/df\/libreria-de-mujeres-la-unica-de-latinoamerica\/","og_site_name":"Diario Digital Femenino","article_publisher":"https:\/\/www.facebook.com\/DiarioDigitaFemenino\/","article_published_time":"2015-03-09T00:56:22+00:00","article_modified_time":"2020-06-25T15:50:06+00:00","og_image":[{"width":643,"height":359,"url":"https:\/\/diariofemenino.com.ar\/df\/wp-content\/uploads\/2015\/03\/arton25678-08df5.jpg","type":"image\/jpeg"}],"author":"Admin","twitter_card":"summary_large_image","twitter_creator":"@DiarioFemenino1","twitter_site":"@DiarioFemenino1","twitter_misc":{"Escrito por":"Admin","Tiempo de lectura":"3 minutos"},"schema":{"@context":"https:\/\/schema.org","@graph":[{"@type":"Article","@id":"https:\/\/diariofemenino.com.ar\/df\/libreria-de-mujeres-la-unica-de-latinoamerica\/#article","isPartOf":{"@id":"https:\/\/diariofemenino.com.ar\/df\/libreria-de-mujeres-la-unica-de-latinoamerica\/"},"author":{"name":"Admin","@id":"https:\/\/diariofemenino.com.ar\/df\/#\/schema\/person\/38f54b3bfd13f561de2460ba95c169c6"},"headline":"Librer\u00eda de Mujeres, la \u00fanica de Latinoam\u00e9rica","datePublished":"2015-03-09T00:56:22+00:00","dateModified":"2020-06-25T15:50:06+00:00","mainEntityOfPage":{"@id":"https:\/\/diariofemenino.com.ar\/df\/libreria-de-mujeres-la-unica-de-latinoamerica\/"},"wordCount":604,"commentCount":0,"publisher":{"@id":"https:\/\/diariofemenino.com.ar\/df\/#organization"},"image":{"@id":"https:\/\/diariofemenino.com.ar\/df\/libreria-de-mujeres-la-unica-de-latinoamerica\/#primaryimage"},"thumbnailUrl":"https:\/\/diariofemenino.com.ar\/df\/wp-content\/uploads\/2015\/03\/arton25678-08df5.jpg","keywords":["Activismo","Feminismo","Literatura","Recomendaciones"],"articleSection":["Biblioteca Virtual","Mujeres","Mujeres en Palabras","Noticias"],"inLanguage":"es","potentialAction":[{"@type":"CommentAction","name":"Comment","target":["https:\/\/diariofemenino.com.ar\/df\/libreria-de-mujeres-la-unica-de-latinoamerica\/#respond"]}]},{"@type":"WebPage","@id":"https:\/\/diariofemenino.com.ar\/df\/libreria-de-mujeres-la-unica-de-latinoamerica\/","url":"https:\/\/diariofemenino.com.ar\/df\/libreria-de-mujeres-la-unica-de-latinoamerica\/","name":"Librer\u00eda de Mujeres, la \u00fanica de Latinoam\u00e9rica - Diario Digital Femenino","isPartOf":{"@id":"https:\/\/diariofemenino.com.ar\/df\/#website"},"primaryImageOfPage":{"@id":"https:\/\/diariofemenino.com.ar\/df\/libreria-de-mujeres-la-unica-de-latinoamerica\/#primaryimage"},"image":{"@id":"https:\/\/diariofemenino.com.ar\/df\/libreria-de-mujeres-la-unica-de-latinoamerica\/#primaryimage"},"thumbnailUrl":"https:\/\/diariofemenino.com.ar\/df\/wp-content\/uploads\/2015\/03\/arton25678-08df5.jpg","datePublished":"2015-03-09T00:56:22+00:00","dateModified":"2020-06-25T15:50:06+00:00","description":"Librer\u00eda de Mujeres. En el 2015 cumplen 20 a\u00f1os. Est\u00e1 incluida en las 16 Librer\u00edas feministas m\u00e1s bellas del Mundo","breadcrumb":{"@id":"https:\/\/diariofemenino.com.ar\/df\/libreria-de-mujeres-la-unica-de-latinoamerica\/#breadcrumb"},"inLanguage":"es","potentialAction":[{"@type":"ReadAction","target":["https:\/\/diariofemenino.com.ar\/df\/libreria-de-mujeres-la-unica-de-latinoamerica\/"]}]},{"@type":"ImageObject","inLanguage":"es","@id":"https:\/\/diariofemenino.com.ar\/df\/libreria-de-mujeres-la-unica-de-latinoamerica\/#primaryimage","url":"https:\/\/diariofemenino.com.ar\/df\/wp-content\/uploads\/2015\/03\/arton25678-08df5.jpg","contentUrl":"https:\/\/diariofemenino.com.ar\/df\/wp-content\/uploads\/2015\/03\/arton25678-08df5.jpg","width":643,"height":359,"caption":"Librer\u00eda de Mujeres, la \u00fanica de Latinoam\u00e9rica"},{"@type":"BreadcrumbList","@id":"https:\/\/diariofemenino.com.ar\/df\/libreria-de-mujeres-la-unica-de-latinoamerica\/#breadcrumb","itemListElement":[{"@type":"ListItem","position":1,"name":"Portada","item":"https:\/\/diariofemenino.com.ar\/df\/"},{"@type":"ListItem","position":2,"name":"Librer\u00eda de Mujeres, la \u00fanica de Latinoam\u00e9rica"}]},{"@type":"WebSite","@id":"https:\/\/diariofemenino.com.ar\/df\/#website","url":"https:\/\/diariofemenino.com.ar\/df\/","name":"Diario Digital Femenino","description":"Cuesti\u00f3n de G\u00e9nero","publisher":{"@id":"https:\/\/diariofemenino.com.ar\/df\/#organization"},"potentialAction":[{"@type":"SearchAction","target":{"@type":"EntryPoint","urlTemplate":"https:\/\/diariofemenino.com.ar\/df\/?s={search_term_string}"},"query-input":{"@type":"PropertyValueSpecification","valueRequired":true,"valueName":"search_term_string"}}],"inLanguage":"es"},{"@type":"Organization","@id":"https:\/\/diariofemenino.com.ar\/df\/#organization","name":"Diario Femenino","url":"https:\/\/diariofemenino.com.ar\/df\/","logo":{"@type":"ImageObject","inLanguage":"es","@id":"https:\/\/diariofemenino.com.ar\/df\/#\/schema\/logo\/image\/","url":"https:\/\/diariofemenino.com.ar\/df\/wp-content\/uploads\/2018\/10\/logo.png","contentUrl":"https:\/\/diariofemenino.com.ar\/df\/wp-content\/uploads\/2018\/10\/logo.png","width":500,"height":92,"caption":"Diario Femenino"},"image":{"@id":"https:\/\/diariofemenino.com.ar\/df\/#\/schema\/logo\/image\/"},"sameAs":["https:\/\/www.facebook.com\/DiarioDigitaFemenino\/","https:\/\/x.com\/DiarioFemenino1"]},{"@type":"Person","@id":"https:\/\/diariofemenino.com.ar\/df\/#\/schema\/person\/38f54b3bfd13f561de2460ba95c169c6","name":"Admin","image":{"@type":"ImageObject","inLanguage":"es","@id":"https:\/\/diariofemenino.com.ar\/df\/wp-content\/uploads\/2018\/12\/favicon-150x150.jpg","url":"https:\/\/diariofemenino.com.ar\/df\/wp-content\/uploads\/2018\/12\/favicon-150x150.jpg","contentUrl":"https:\/\/diariofemenino.com.ar\/df\/wp-content\/uploads\/2018\/12\/favicon-150x150.jpg","caption":"Admin"},"url":"https:\/\/diariofemenino.com.ar\/df\/author\/adm18df\/"}]}},"jetpack_featured_media_url":"https:\/\/diariofemenino.com.ar\/df\/wp-content\/uploads\/2015\/03\/arton25678-08df5.jpg","jetpack_sharing_enabled":true,"rttpg_featured_image_url":{"full":["https:\/\/diariofemenino.com.ar\/df\/wp-content\/uploads\/2015\/03\/arton25678-08df5.jpg",643,359,false],"landscape":["https:\/\/diariofemenino.com.ar\/df\/wp-content\/uploads\/2015\/03\/arton25678-08df5.jpg",643,359,false],"portraits":["https:\/\/diariofemenino.com.ar\/df\/wp-content\/uploads\/2015\/03\/arton25678-08df5.jpg",643,359,false],"thumbnail":["https:\/\/diariofemenino.com.ar\/df\/wp-content\/uploads\/2015\/03\/arton25678-08df5-150x150.jpg",150,150,true],"medium":["https:\/\/diariofemenino.com.ar\/df\/wp-content\/uploads\/2015\/03\/arton25678-08df5-300x167.jpg",300,167,true],"large":["https:\/\/diariofemenino.com.ar\/df\/wp-content\/uploads\/2015\/03\/arton25678-08df5.jpg",643,359,false],"1536x1536":["https:\/\/diariofemenino.com.ar\/df\/wp-content\/uploads\/2015\/03\/arton25678-08df5.jpg",643,359,false],"2048x2048":["https:\/\/diariofemenino.com.ar\/df\/wp-content\/uploads\/2015\/03\/arton25678-08df5.jpg",643,359,false]},"rttpg_author":{"display_name":"Admin","author_link":"https:\/\/diariofemenino.com.ar\/df\/author\/adm18df\/"},"rttpg_comment":0,"rttpg_category":"<a href=\"https:\/\/diariofemenino.com.ar\/df\/category\/biblioteca\/\" rel=\"category tag\">Biblioteca Virtual<\/a> <a href=\"https:\/\/diariofemenino.com.ar\/df\/category\/mujeres\/\" rel=\"category tag\">Mujeres<\/a> <a href=\"https:\/\/diariofemenino.com.ar\/df\/category\/articulos\/\" rel=\"category tag\">Mujeres en Palabras<\/a> <a href=\"https:\/\/diariofemenino.com.ar\/df\/category\/noticias\/\" rel=\"category tag\">Noticias<\/a>","rttpg_excerpt":"25 a\u00f1os de la \u00fanica librer\u00eda de mujeres de Latinoam\u00e9rica Por Cecilia Toledo En todo el mundo hay librer\u00edas de g\u00e9nero. En Buenos Aires est\u00e1 la \u00fanica de Latinoam\u00e9rica. Cu\u00e1les son sus t\u00edtulos En un pasaje del barrio de Congreso funciona la \u00fanica\u00a0Librer\u00eda de Mujeres\u00a0de Latinoam\u00e9rica. -\u00bfPor qu\u00e9 una Librer\u00eda de Mujeres? -Porque en las&hellip;","_links":{"self":[{"href":"https:\/\/diariofemenino.com.ar\/df\/wp-json\/wp\/v2\/posts\/17240","targetHints":{"allow":["GET"]}}],"collection":[{"href":"https:\/\/diariofemenino.com.ar\/df\/wp-json\/wp\/v2\/posts"}],"about":[{"href":"https:\/\/diariofemenino.com.ar\/df\/wp-json\/wp\/v2\/types\/post"}],"author":[{"embeddable":true,"href":"https:\/\/diariofemenino.com.ar\/df\/wp-json\/wp\/v2\/users\/1"}],"replies":[{"embeddable":true,"href":"https:\/\/diariofemenino.com.ar\/df\/wp-json\/wp\/v2\/comments?post=17240"}],"version-history":[{"count":0,"href":"https:\/\/diariofemenino.com.ar\/df\/wp-json\/wp\/v2\/posts\/17240\/revisions"}],"wp:featuredmedia":[{"embeddable":true,"href":"https:\/\/diariofemenino.com.ar\/df\/wp-json\/wp\/v2\/media\/49965"}],"wp:attachment":[{"href":"https:\/\/diariofemenino.com.ar\/df\/wp-json\/wp\/v2\/media?parent=17240"}],"wp:term":[{"taxonomy":"category","embeddable":true,"href":"https:\/\/diariofemenino.com.ar\/df\/wp-json\/wp\/v2\/categories?post=17240"},{"taxonomy":"post_tag","embeddable":true,"href":"https:\/\/diariofemenino.com.ar\/df\/wp-json\/wp\/v2\/tags?post=17240"}],"curies":[{"name":"wp","href":"https:\/\/api.w.org\/{rel}","templated":true}]}}