{"id":1703,"date":"2012-06-04T22:59:10","date_gmt":"2012-06-05T01:59:10","guid":{"rendered":"http:\/\/www.diariofemenino.com.ar\/?p=1703"},"modified":"2012-06-04T22:59:10","modified_gmt":"2012-06-05T01:59:10","slug":"trans-de-todo-el-pais-expresaron-su-orgullo-y-felicidad-al-iniciar-el-tramite","status":"publish","type":"post","link":"https:\/\/diariofemenino.com.ar\/df\/trans-de-todo-el-pais-expresaron-su-orgullo-y-felicidad-al-iniciar-el-tramite\/","title":{"rendered":"Trans de todo el pa\u00eds expresaron su orgullo y felicidad al iniciar el tr\u00e1mite"},"content":{"rendered":"<div>\n&nbsp;<br \/>\n&nbsp;<br \/>\nOrgullo de ser quienes son y felicidad fueron las notas comunes expresadas por decenas de trans de todo el pa\u00eds que este lunes, primer d\u00eda habilitado para hacerlo, iniciaron el tr\u00e1mite de cambio de identidad sexual en la documentaci\u00f3n personal.\n<\/div>\n<div>\n\u00abHace 22 a\u00f1os que espero esto. Estoy feliz\u00bb, dijo Kalym Adri\u00e1n Soria, secretario de varones trans de la Federaci\u00f3n de Lesbianas, Gays, Bisexuales y Trans (FLGBT), que este lunes, en el Registro Civil Central de la <strong>Ciudad de Buenos Aires<\/strong>, archiv\u00f3 su antiguo nombre de Claudia.<br \/>\nCon el pelo corto, vaqueros y camisa, relat\u00f3 que desde los cuatro a\u00f1os se identifica con el g\u00e9nero masculino, y defini\u00f3 la jornada como \u00abel comienzo del derecho a ser\u00bb.<br \/>\n\u00abTener el DNI significa tener la puerta abierta al resto de los derechos que durante a\u00f1os nos han sido vulnerados\u00bb, se\u00f1al\u00f3 al abandonar la oficina de Uruguay al 700, acompa\u00f1ado de su futura esposa e integrante de la FLGBT.<br \/>\nEl tr\u00e1mite consisti\u00f3 en la entrega de una fotocopia del DNI y de la partida de nacimiento y la indicaci\u00f3n de los nombres de pila y el sexo, anteriores y nuevos, en un formulario firmado.<br \/>\nPoco despu\u00e9s, sali\u00f3 del Registro Civil una integrante de la Asociaci\u00f3n Travestis Transexuales Transg\u00e9neros de la Argentina (ATTTA). \u00abToda la vida estuve esperando este momento, para poder decirle a todos que me llamo Silvana Daniela. Ya no me voy a sentir m\u00e1s discriminada\u00bb, declar\u00f3.<br \/>\nDaniela asegur\u00f3 que apenas le informen que su tr\u00e1mite est\u00e9 terminado, \u00abvoy a ir a buscar mi DNI y voy a empezar a presentar las solicitudes para tener un trabajo digno como me merezco\u00bb.<br \/>\n\u00abEste es un avance muy importante, ya que me convierte en sujeto de derecho\u00bb, destac\u00f3 Laura Elena Moyano, quien a sus 34 a\u00f1os inici\u00f3 el tr\u00e1mite en registro de las personas de <strong>La Plata<\/strong>.<br \/>\nPara Laura, se trata de \u00abun avance muy importante y m\u00e1s para las personas que tambi\u00e9n quieren realizarse una reasignaci\u00f3n de sexo, porque ahora tienen frente a s\u00ed esta oportunidad\u00bb.<br \/>\nEn<strong> Santa Fe<\/strong>, el primer cambio de g\u00e9nero lo solicit\u00f3 Marina Quinteros, de 49 a\u00f1os, tambi\u00e9n activista de la ATTTA, quien antes de esta ley lo hab\u00eda reclamado ante la Justicia.<br \/>\nEn 2011, su caso fue reconocido por decreto del entonces gobernador Hermes Binner.<br \/>\n\u00abEs volver a empezar, es volver a nacer, porque cambiar el DNI es muy lindo. Me llev\u00f3 49 a\u00f1os poder hacerlo, pero hoy hay una ley que me est\u00e1 apoyando. Ganamos derechos, hace nueve a\u00f1os que estamos peleando por esto y hoy lleg\u00f3\u00bb, dijo Quinteros.<br \/>\nAdem\u00e1s, remarc\u00f3 que podr\u00e1 reconocer a los tres chicos que est\u00e1 criando y en un futuro casarse con su pareja.<br \/>\nEn<strong> La Rioja<\/strong>, once personas trans presentaron una solicitud colectiva avalada por la delegaci\u00f3n provincial del Instituto contra la Discriminaci\u00f3n (Inadi) ante la directora del Registro Civil riojano, Ana Courtis. Las solicitantes son Solange Navarro, Lorena Gacit\u00faa, Yanina Herv\u00e1ez, Grace Ag\u00fcero, Yosselyne \u00c1vila Leiva, Mariana de los \u00c1ngeles Cabrera Quinteros, Indora Ib\u00e1\u00f1ez N\u00fa\u00f1ez, Sabrina Aventuroso, Indrid Acu\u00f1a, Marianella D\u00edaz y Gabriela Angelina.<br \/>\nGacit\u00faa expres\u00f3 su satisfacci\u00f3n por la nueva ley, pero advirti\u00f3 que, \u00abde todas formas, la sociedad riojana sigue discriminando, y tardar\u00e1 generaciones en cambiar esta discriminaci\u00f3n\u00bb.<br \/>\nEn <strong>R\u00edo Gallegos<\/strong>, Gabriela firm\u00f3 a las 10.08 la solicitud para formalizar en sus documentos su identidad autopercibida.<br \/>\n\u00abEs mucho lo que siento en este momento, pero deseo decirle a todos y todas que no se queden, que en la vida todo se puede\u201d, declar\u00f3.<br \/>\nEn <strong>Resistencia<\/strong>, el primer cambio de identidad de g\u00e9nero fue solicitado por Rihana Amancay Trinca, de 27 a\u00f1os, oriunda de la ciudad de S\u00e1enz Pe\u00f1a, de larga militancia por este derecho e integrante de Barrios de Pie.<br \/>\n\u00abSiento que a partir de hoy voy a tener el nombre y la identidad que me merezco. Espero que esto sirva para que otras personas se animen, puedan hacer lo mismo y sean respetadas por lo que son\u201d, dijo Rihana, acompa\u00f1ada por sus familiares y el Movimiento Mujeres de la Matria Latinoamericana.<br \/>\nLa ciudadana tropez\u00f3 sin embargo con una dificultad inesperada: los funcionarios pusieron en duda que el nombre elegido estuviera permitido, y le anunciaron que se expedir\u00e1n el lunes.<br \/>\nEn<strong> C\u00f3rdoba<\/strong>, hubo cuatro presentaciones en el Registro Civil de la capital provincial, y muchas consultas de requisitos.<br \/>\nEn <strong>Neuqu\u00e9n<\/strong>, seis personas pidieron el cambio de identidad de g\u00e9nero, incluida la coordinadora provincial de la ATTTA, Ornella Infante, y miembros de Conciencia VIHDA.<br \/>\n\u00abEstamos viviendo en una Argentina igualitaria, donde todos y todas estamos pasando a ser ciudadanas de primera y no de tercera como ven\u00edamos siendo\u00bb, expres\u00f3 Infante.<br \/>\nLa dirigente estim\u00f3 que en la ciudad de Neuqu\u00e9n hay unas 70 u 80 personas trans y subray\u00f3 que \u00abes un tr\u00e1mite privado\u00bb.<br \/>\n&nbsp;<br \/>\nFuente: Telam\n<\/div>\n","protected":false},"excerpt":{"rendered":"<p>&nbsp; &nbsp; Orgullo de ser quienes son y felicidad fueron las notas comunes expresadas por decenas de trans de todo el pa\u00eds que este lunes, primer d\u00eda habilitado para hacerlo, iniciaron el tr\u00e1mite de cambio de identidad sexual en la documentaci\u00f3n personal. \u00abHace 22 a\u00f1os que espero esto. Estoy feliz\u00bb, dijo Kalym Adri\u00e1n Soria, secretario [&hellip;]<\/p>\n","protected":false},"author":1,"featured_media":0,"comment_status":"open","ping_status":"open","sticky":false,"template":"","format":"standard","meta":{"iawp_total_views":6,"footnotes":""},"categories":[4,21],"tags":[],"class_list":["post-1703","post","type-post","status-publish","format-standard","hentry","category-medios","category-noticias"],"nelio_content":{"autoShareEndMode":"never","automationSources":{"useCustomSentences":false,"customSentences":[]},"efiAlt":"","efiUrl":"","followers":[],"highlights":[],"isAutoShareEnabled":true,"networkImageIds":[],"permalinkQueryArgs":[],"series":[],"suggestedReferences":[]},"yoast_head":"<!-- This site is optimized with the Yoast SEO plugin v27.5 - https:\/\/yoast.com\/product\/yoast-seo-wordpress\/ -->\n<title>Trans de todo el pa\u00eds expresaron su orgullo y felicidad al iniciar el tr\u00e1mite - Diario Digital Femenino<\/title>\n<meta name=\"robots\" content=\"index, follow, max-snippet:-1, max-image-preview:large, max-video-preview:-1\" \/>\n<link rel=\"canonical\" href=\"https:\/\/diariofemenino.com.ar\/df\/trans-de-todo-el-pais-expresaron-su-orgullo-y-felicidad-al-iniciar-el-tramite\/\" \/>\n<meta property=\"og:locale\" content=\"es_ES\" \/>\n<meta property=\"og:type\" content=\"article\" \/>\n<meta property=\"og:title\" content=\"Trans de todo el pa\u00eds expresaron su orgullo y felicidad al iniciar el tr\u00e1mite - Diario Digital Femenino\" \/>\n<meta property=\"og:description\" content=\"&nbsp; &nbsp; Orgullo de ser quienes son y felicidad fueron las notas comunes expresadas por decenas de trans de todo el pa\u00eds que este lunes, primer d\u00eda habilitado para hacerlo, iniciaron el tr\u00e1mite de cambio de identidad sexual en la documentaci\u00f3n personal. \u00abHace 22 a\u00f1os que espero esto. Estoy feliz\u00bb, dijo Kalym Adri\u00e1n Soria, secretario [&hellip;]\" \/>\n<meta property=\"og:url\" content=\"https:\/\/diariofemenino.com.ar\/df\/trans-de-todo-el-pais-expresaron-su-orgullo-y-felicidad-al-iniciar-el-tramite\/\" \/>\n<meta property=\"og:site_name\" content=\"Diario Digital Femenino\" \/>\n<meta property=\"article:publisher\" content=\"https:\/\/www.facebook.com\/DiarioDigitaFemenino\/\" \/>\n<meta property=\"article:published_time\" content=\"2012-06-05T01:59:10+00:00\" \/>\n<meta property=\"og:image\" content=\"https:\/\/diariofemenino.com.ar\/df\/wp-content\/uploads\/2016\/10\/logo-negro.png\" \/>\n\t<meta property=\"og:image:width\" content=\"855\" \/>\n\t<meta property=\"og:image:height\" content=\"319\" \/>\n\t<meta property=\"og:image:type\" content=\"image\/png\" \/>\n<meta name=\"author\" content=\"Admin\" \/>\n<meta name=\"twitter:card\" content=\"summary_large_image\" \/>\n<meta name=\"twitter:creator\" content=\"@DiarioFemenino1\" \/>\n<meta name=\"twitter:site\" content=\"@DiarioFemenino1\" \/>\n<meta name=\"twitter:label1\" content=\"Escrito por\" \/>\n\t<meta name=\"twitter:data1\" content=\"Admin\" \/>\n\t<meta name=\"twitter:label2\" content=\"Tiempo de lectura\" \/>\n\t<meta name=\"twitter:data2\" content=\"4 minutos\" \/>\n<script type=\"application\/ld+json\" class=\"yoast-schema-graph\">{\"@context\":\"https:\\\/\\\/schema.org\",\"@graph\":[{\"@type\":\"Article\",\"@id\":\"https:\\\/\\\/diariofemenino.com.ar\\\/df\\\/trans-de-todo-el-pais-expresaron-su-orgullo-y-felicidad-al-iniciar-el-tramite\\\/#article\",\"isPartOf\":{\"@id\":\"https:\\\/\\\/diariofemenino.com.ar\\\/df\\\/trans-de-todo-el-pais-expresaron-su-orgullo-y-felicidad-al-iniciar-el-tramite\\\/\"},\"author\":{\"name\":\"Admin\",\"@id\":\"https:\\\/\\\/diariofemenino.com.ar\\\/df\\\/#\\\/schema\\\/person\\\/38f54b3bfd13f561de2460ba95c169c6\"},\"headline\":\"Trans de todo el pa\u00eds expresaron su orgullo y felicidad al iniciar el tr\u00e1mite\",\"datePublished\":\"2012-06-05T01:59:10+00:00\",\"mainEntityOfPage\":{\"@id\":\"https:\\\/\\\/diariofemenino.com.ar\\\/df\\\/trans-de-todo-el-pais-expresaron-su-orgullo-y-felicidad-al-iniciar-el-tramite\\\/\"},\"wordCount\":850,\"commentCount\":1,\"publisher\":{\"@id\":\"https:\\\/\\\/diariofemenino.com.ar\\\/df\\\/#organization\"},\"articleSection\":[\"Medios\",\"Noticias\"],\"inLanguage\":\"es\",\"potentialAction\":[{\"@type\":\"CommentAction\",\"name\":\"Comment\",\"target\":[\"https:\\\/\\\/diariofemenino.com.ar\\\/df\\\/trans-de-todo-el-pais-expresaron-su-orgullo-y-felicidad-al-iniciar-el-tramite\\\/#respond\"]}]},{\"@type\":\"WebPage\",\"@id\":\"https:\\\/\\\/diariofemenino.com.ar\\\/df\\\/trans-de-todo-el-pais-expresaron-su-orgullo-y-felicidad-al-iniciar-el-tramite\\\/\",\"url\":\"https:\\\/\\\/diariofemenino.com.ar\\\/df\\\/trans-de-todo-el-pais-expresaron-su-orgullo-y-felicidad-al-iniciar-el-tramite\\\/\",\"name\":\"Trans de todo el pa\u00eds expresaron su orgullo y felicidad al iniciar el tr\u00e1mite - Diario Digital Femenino\",\"isPartOf\":{\"@id\":\"https:\\\/\\\/diariofemenino.com.ar\\\/df\\\/#website\"},\"datePublished\":\"2012-06-05T01:59:10+00:00\",\"breadcrumb\":{\"@id\":\"https:\\\/\\\/diariofemenino.com.ar\\\/df\\\/trans-de-todo-el-pais-expresaron-su-orgullo-y-felicidad-al-iniciar-el-tramite\\\/#breadcrumb\"},\"inLanguage\":\"es\",\"potentialAction\":[{\"@type\":\"ReadAction\",\"target\":[\"https:\\\/\\\/diariofemenino.com.ar\\\/df\\\/trans-de-todo-el-pais-expresaron-su-orgullo-y-felicidad-al-iniciar-el-tramite\\\/\"]}]},{\"@type\":\"BreadcrumbList\",\"@id\":\"https:\\\/\\\/diariofemenino.com.ar\\\/df\\\/trans-de-todo-el-pais-expresaron-su-orgullo-y-felicidad-al-iniciar-el-tramite\\\/#breadcrumb\",\"itemListElement\":[{\"@type\":\"ListItem\",\"position\":1,\"name\":\"Portada\",\"item\":\"https:\\\/\\\/diariofemenino.com.ar\\\/df\\\/\"},{\"@type\":\"ListItem\",\"position\":2,\"name\":\"Trans de todo el pa\u00eds expresaron su orgullo y felicidad al iniciar el tr\u00e1mite\"}]},{\"@type\":\"WebSite\",\"@id\":\"https:\\\/\\\/diariofemenino.com.ar\\\/df\\\/#website\",\"url\":\"https:\\\/\\\/diariofemenino.com.ar\\\/df\\\/\",\"name\":\"Diario Digital Femenino\",\"description\":\"Cuesti\u00f3n de G\u00e9nero\",\"publisher\":{\"@id\":\"https:\\\/\\\/diariofemenino.com.ar\\\/df\\\/#organization\"},\"potentialAction\":[{\"@type\":\"SearchAction\",\"target\":{\"@type\":\"EntryPoint\",\"urlTemplate\":\"https:\\\/\\\/diariofemenino.com.ar\\\/df\\\/?s={search_term_string}\"},\"query-input\":{\"@type\":\"PropertyValueSpecification\",\"valueRequired\":true,\"valueName\":\"search_term_string\"}}],\"inLanguage\":\"es\"},{\"@type\":\"Organization\",\"@id\":\"https:\\\/\\\/diariofemenino.com.ar\\\/df\\\/#organization\",\"name\":\"Diario Femenino\",\"url\":\"https:\\\/\\\/diariofemenino.com.ar\\\/df\\\/\",\"logo\":{\"@type\":\"ImageObject\",\"inLanguage\":\"es\",\"@id\":\"https:\\\/\\\/diariofemenino.com.ar\\\/df\\\/#\\\/schema\\\/logo\\\/image\\\/\",\"url\":\"https:\\\/\\\/diariofemenino.com.ar\\\/df\\\/wp-content\\\/uploads\\\/2018\\\/10\\\/logo.png\",\"contentUrl\":\"https:\\\/\\\/diariofemenino.com.ar\\\/df\\\/wp-content\\\/uploads\\\/2018\\\/10\\\/logo.png\",\"width\":500,\"height\":92,\"caption\":\"Diario Femenino\"},\"image\":{\"@id\":\"https:\\\/\\\/diariofemenino.com.ar\\\/df\\\/#\\\/schema\\\/logo\\\/image\\\/\"},\"sameAs\":[\"https:\\\/\\\/www.facebook.com\\\/DiarioDigitaFemenino\\\/\",\"https:\\\/\\\/x.com\\\/DiarioFemenino1\"]},{\"@type\":\"Person\",\"@id\":\"https:\\\/\\\/diariofemenino.com.ar\\\/df\\\/#\\\/schema\\\/person\\\/38f54b3bfd13f561de2460ba95c169c6\",\"name\":\"Admin\",\"image\":{\"@type\":\"ImageObject\",\"inLanguage\":\"es\",\"@id\":\"https:\\\/\\\/diariofemenino.com.ar\\\/df\\\/wp-content\\\/uploads\\\/2018\\\/12\\\/favicon-150x150.jpg\",\"url\":\"https:\\\/\\\/diariofemenino.com.ar\\\/df\\\/wp-content\\\/uploads\\\/2018\\\/12\\\/favicon-150x150.jpg\",\"contentUrl\":\"https:\\\/\\\/diariofemenino.com.ar\\\/df\\\/wp-content\\\/uploads\\\/2018\\\/12\\\/favicon-150x150.jpg\",\"caption\":\"Admin\"},\"url\":\"https:\\\/\\\/diariofemenino.com.ar\\\/df\\\/author\\\/adm18df\\\/\"}]}<\/script>\n<!-- \/ Yoast SEO plugin. -->","yoast_head_json":{"title":"Trans de todo el pa\u00eds expresaron su orgullo y felicidad al iniciar el tr\u00e1mite - Diario Digital Femenino","robots":{"index":"index","follow":"follow","max-snippet":"max-snippet:-1","max-image-preview":"max-image-preview:large","max-video-preview":"max-video-preview:-1"},"canonical":"https:\/\/diariofemenino.com.ar\/df\/trans-de-todo-el-pais-expresaron-su-orgullo-y-felicidad-al-iniciar-el-tramite\/","og_locale":"es_ES","og_type":"article","og_title":"Trans de todo el pa\u00eds expresaron su orgullo y felicidad al iniciar el tr\u00e1mite - Diario Digital Femenino","og_description":"&nbsp; &nbsp; Orgullo de ser quienes son y felicidad fueron las notas comunes expresadas por decenas de trans de todo el pa\u00eds que este lunes, primer d\u00eda habilitado para hacerlo, iniciaron el tr\u00e1mite de cambio de identidad sexual en la documentaci\u00f3n personal. \u00abHace 22 a\u00f1os que espero esto. Estoy feliz\u00bb, dijo Kalym Adri\u00e1n Soria, secretario [&hellip;]","og_url":"https:\/\/diariofemenino.com.ar\/df\/trans-de-todo-el-pais-expresaron-su-orgullo-y-felicidad-al-iniciar-el-tramite\/","og_site_name":"Diario Digital Femenino","article_publisher":"https:\/\/www.facebook.com\/DiarioDigitaFemenino\/","article_published_time":"2012-06-05T01:59:10+00:00","og_image":[{"width":855,"height":319,"url":"https:\/\/diariofemenino.com.ar\/df\/wp-content\/uploads\/2016\/10\/logo-negro.png","type":"image\/png"}],"author":"Admin","twitter_card":"summary_large_image","twitter_creator":"@DiarioFemenino1","twitter_site":"@DiarioFemenino1","twitter_misc":{"Escrito por":"Admin","Tiempo de lectura":"4 minutos"},"schema":{"@context":"https:\/\/schema.org","@graph":[{"@type":"Article","@id":"https:\/\/diariofemenino.com.ar\/df\/trans-de-todo-el-pais-expresaron-su-orgullo-y-felicidad-al-iniciar-el-tramite\/#article","isPartOf":{"@id":"https:\/\/diariofemenino.com.ar\/df\/trans-de-todo-el-pais-expresaron-su-orgullo-y-felicidad-al-iniciar-el-tramite\/"},"author":{"name":"Admin","@id":"https:\/\/diariofemenino.com.ar\/df\/#\/schema\/person\/38f54b3bfd13f561de2460ba95c169c6"},"headline":"Trans de todo el pa\u00eds expresaron su orgullo y felicidad al iniciar el tr\u00e1mite","datePublished":"2012-06-05T01:59:10+00:00","mainEntityOfPage":{"@id":"https:\/\/diariofemenino.com.ar\/df\/trans-de-todo-el-pais-expresaron-su-orgullo-y-felicidad-al-iniciar-el-tramite\/"},"wordCount":850,"commentCount":1,"publisher":{"@id":"https:\/\/diariofemenino.com.ar\/df\/#organization"},"articleSection":["Medios","Noticias"],"inLanguage":"es","potentialAction":[{"@type":"CommentAction","name":"Comment","target":["https:\/\/diariofemenino.com.ar\/df\/trans-de-todo-el-pais-expresaron-su-orgullo-y-felicidad-al-iniciar-el-tramite\/#respond"]}]},{"@type":"WebPage","@id":"https:\/\/diariofemenino.com.ar\/df\/trans-de-todo-el-pais-expresaron-su-orgullo-y-felicidad-al-iniciar-el-tramite\/","url":"https:\/\/diariofemenino.com.ar\/df\/trans-de-todo-el-pais-expresaron-su-orgullo-y-felicidad-al-iniciar-el-tramite\/","name":"Trans de todo el pa\u00eds expresaron su orgullo y felicidad al iniciar el tr\u00e1mite - Diario Digital Femenino","isPartOf":{"@id":"https:\/\/diariofemenino.com.ar\/df\/#website"},"datePublished":"2012-06-05T01:59:10+00:00","breadcrumb":{"@id":"https:\/\/diariofemenino.com.ar\/df\/trans-de-todo-el-pais-expresaron-su-orgullo-y-felicidad-al-iniciar-el-tramite\/#breadcrumb"},"inLanguage":"es","potentialAction":[{"@type":"ReadAction","target":["https:\/\/diariofemenino.com.ar\/df\/trans-de-todo-el-pais-expresaron-su-orgullo-y-felicidad-al-iniciar-el-tramite\/"]}]},{"@type":"BreadcrumbList","@id":"https:\/\/diariofemenino.com.ar\/df\/trans-de-todo-el-pais-expresaron-su-orgullo-y-felicidad-al-iniciar-el-tramite\/#breadcrumb","itemListElement":[{"@type":"ListItem","position":1,"name":"Portada","item":"https:\/\/diariofemenino.com.ar\/df\/"},{"@type":"ListItem","position":2,"name":"Trans de todo el pa\u00eds expresaron su orgullo y felicidad al iniciar el tr\u00e1mite"}]},{"@type":"WebSite","@id":"https:\/\/diariofemenino.com.ar\/df\/#website","url":"https:\/\/diariofemenino.com.ar\/df\/","name":"Diario Digital Femenino","description":"Cuesti\u00f3n de G\u00e9nero","publisher":{"@id":"https:\/\/diariofemenino.com.ar\/df\/#organization"},"potentialAction":[{"@type":"SearchAction","target":{"@type":"EntryPoint","urlTemplate":"https:\/\/diariofemenino.com.ar\/df\/?s={search_term_string}"},"query-input":{"@type":"PropertyValueSpecification","valueRequired":true,"valueName":"search_term_string"}}],"inLanguage":"es"},{"@type":"Organization","@id":"https:\/\/diariofemenino.com.ar\/df\/#organization","name":"Diario Femenino","url":"https:\/\/diariofemenino.com.ar\/df\/","logo":{"@type":"ImageObject","inLanguage":"es","@id":"https:\/\/diariofemenino.com.ar\/df\/#\/schema\/logo\/image\/","url":"https:\/\/diariofemenino.com.ar\/df\/wp-content\/uploads\/2018\/10\/logo.png","contentUrl":"https:\/\/diariofemenino.com.ar\/df\/wp-content\/uploads\/2018\/10\/logo.png","width":500,"height":92,"caption":"Diario Femenino"},"image":{"@id":"https:\/\/diariofemenino.com.ar\/df\/#\/schema\/logo\/image\/"},"sameAs":["https:\/\/www.facebook.com\/DiarioDigitaFemenino\/","https:\/\/x.com\/DiarioFemenino1"]},{"@type":"Person","@id":"https:\/\/diariofemenino.com.ar\/df\/#\/schema\/person\/38f54b3bfd13f561de2460ba95c169c6","name":"Admin","image":{"@type":"ImageObject","inLanguage":"es","@id":"https:\/\/diariofemenino.com.ar\/df\/wp-content\/uploads\/2018\/12\/favicon-150x150.jpg","url":"https:\/\/diariofemenino.com.ar\/df\/wp-content\/uploads\/2018\/12\/favicon-150x150.jpg","contentUrl":"https:\/\/diariofemenino.com.ar\/df\/wp-content\/uploads\/2018\/12\/favicon-150x150.jpg","caption":"Admin"},"url":"https:\/\/diariofemenino.com.ar\/df\/author\/adm18df\/"}]}},"jetpack_featured_media_url":"","jetpack_sharing_enabled":true,"rttpg_featured_image_url":null,"rttpg_author":{"display_name":"Admin","author_link":"https:\/\/diariofemenino.com.ar\/df\/author\/adm18df\/"},"rttpg_comment":1,"rttpg_category":"<a href=\"https:\/\/diariofemenino.com.ar\/df\/category\/medios\/\" rel=\"category tag\">Medios<\/a> <a href=\"https:\/\/diariofemenino.com.ar\/df\/category\/noticias\/\" rel=\"category tag\">Noticias<\/a>","rttpg_excerpt":"&nbsp; &nbsp; Orgullo de ser quienes son y felicidad fueron las notas comunes expresadas por decenas de trans de todo el pa\u00eds que este lunes, primer d\u00eda habilitado para hacerlo, iniciaron el tr\u00e1mite de cambio de identidad sexual en la documentaci\u00f3n personal. \u00abHace 22 a\u00f1os que espero esto. Estoy feliz\u00bb, dijo Kalym Adri\u00e1n Soria, secretario&hellip;","_links":{"self":[{"href":"https:\/\/diariofemenino.com.ar\/df\/wp-json\/wp\/v2\/posts\/1703","targetHints":{"allow":["GET"]}}],"collection":[{"href":"https:\/\/diariofemenino.com.ar\/df\/wp-json\/wp\/v2\/posts"}],"about":[{"href":"https:\/\/diariofemenino.com.ar\/df\/wp-json\/wp\/v2\/types\/post"}],"author":[{"embeddable":true,"href":"https:\/\/diariofemenino.com.ar\/df\/wp-json\/wp\/v2\/users\/1"}],"replies":[{"embeddable":true,"href":"https:\/\/diariofemenino.com.ar\/df\/wp-json\/wp\/v2\/comments?post=1703"}],"version-history":[{"count":0,"href":"https:\/\/diariofemenino.com.ar\/df\/wp-json\/wp\/v2\/posts\/1703\/revisions"}],"wp:attachment":[{"href":"https:\/\/diariofemenino.com.ar\/df\/wp-json\/wp\/v2\/media?parent=1703"}],"wp:term":[{"taxonomy":"category","embeddable":true,"href":"https:\/\/diariofemenino.com.ar\/df\/wp-json\/wp\/v2\/categories?post=1703"},{"taxonomy":"post_tag","embeddable":true,"href":"https:\/\/diariofemenino.com.ar\/df\/wp-json\/wp\/v2\/tags?post=1703"}],"curies":[{"name":"wp","href":"https:\/\/api.w.org\/{rel}","templated":true}]}}