{"id":16618,"date":"2015-01-24T22:18:58","date_gmt":"2015-01-25T01:18:58","guid":{"rendered":"http:\/\/www.diariofemenino.com.ar\/?p=16618"},"modified":"2020-06-25T12:00:25","modified_gmt":"2020-06-25T15:00:25","slug":"las-16-librerias-feministas-mas-bellas-del-mundo","status":"publish","type":"post","link":"https:\/\/diariofemenino.com.ar\/df\/las-16-librerias-feministas-mas-bellas-del-mundo\/","title":{"rendered":"Las 16 librer\u00edas feministas mas bellas del mundo"},"content":{"rendered":"<p><strong>Librer\u00edas Feministas<br \/>\n<\/strong><br \/>\nPorque apuesto a que, como yo, est\u00e1is cansadas de esos recurrentes y entretenidos rankings que aparecen de tanto en tanto en las redes sociales con cientos de \u201cshares\u201d sobre\u00a0<a href=\"http:\/\/culturacolectiva.com\/10-de-las-librerias-mas-hermosas-del-mundo-que-debes-visitar\/\">las librer\u00edas mas bonitas del mundo<\/a>, las m\u00e1s originales, las m\u00e1s\u00a0<a href=\"http:\/\/www.biblogtecarios.es\/lauramartinez\/las-7-librerias-mas-antiguas-de-europa\/\">antiguas<\/a>, las m\u00e1s chachis, las m\u00e1s lujosas, las m\u00e1s\u00a0<a href=\"http:\/\/www.abc.es\/cultura\/libros\/20131125\/abci-librerias-curiosas-201311211222_1.html\">extra\u00f1as<\/a>, las m\u00e1s yey\u00e9s. Y no negar\u00e9 que a mi me pirran tambi\u00e9n las escaleras llenas de libros polvorientos, o las antiguas iglesias convertidas en librer\u00edas, o los escenarios de los teatros mutados en bibliotecas, no, al contrario, me encantan muy fuerte, s\u00ed, yo tambi\u00e9n me corr\u00eda viva cuando La maltratadora y mis\u00f3gina Bestia le regalaba a la cuidadora y sumisa Bella,\u00a0<a href=\"https:\/\/www.youtube.com\/watch?v=OZIlB4ksOB4\">toda su biblioteca\u00a0<\/a>para que se entretuviese, la chavalilla, durante su cautiverio. Ya est\u00e1, ya lo he dicho.<br \/>\nSin embargo, creo que los rankings, como casi todo, est\u00e1n hechos por hombres. Ya salt\u00f3 la hembrista que llevas dentro. A la hoguera con los hombres, eres una amargada y todo ese rollo. Sigo, no me interrump\u00e1is, dejad de leer, machirulos progres. Y los libros m\u00e1s\u00a0<a href=\"http:\/\/www.libertaddigital.com\/fotos\/los-libros-mas-caros-mundo-cultura-1008836\/10-las-liliaceas_1.jpg.html\">caros<\/a>, est\u00e1n hechos por hombres. Y los edificios que los albergan. Y los c\u00e1nones de las obras cl\u00e1sicas de la historia de la literatura. Y la mayor\u00eda de editores, y as\u00ed todo. Creo, adem\u00e1s, que nunca he visto un r\u00e1nking donde aparecieran proyectos libreros cr\u00edticos, alternativos, aut\u00e9nticos, y sobretodo, librer\u00edas de mujeres.<\/p>\n<p>Porque qu\u00e9 feminista que se precie no ama los libros. Y qu\u00e9 feminista que se precie no ha pensado nunca que esas grandes 10 o 20 librer\u00edas y bibliotecas del mundo que a todes nos enamoran, est\u00e1n, de seguro, regentadas por m\u00e1s hombres que mujeres, o entre sus estantes se encuentran m\u00e1s obras de autorEs que de autorAs.<\/p>\n<p>Por la importancia de la visibilizaci\u00f3n de los escasos proyectos basados en librer\u00edas de mujeres, que no llegan a 50 en todo el globo, para que os lo tom\u00e9is tambi\u00e9n como una gu\u00eda tur\u00edstica feminista que no pod\u00e9is dejar de seguir si le dais a los piececitos en las ciudades siguientes, y para que se os haga la boca agua esperando a que abra yo la m\u00eda, ah\u00ed va mi ranking personal. Un ranking que, por supuesto, a mi me habr\u00eda encantado leer y que espero que disfrut\u00e9is y compart\u00e1is tant\u00edsimo como yo.<\/p>\n<p><strong>1. Librer\u00eda delle Donne di Milano<\/strong>.<br \/>\nNo es la m\u00e1s antigua, pero s\u00ed la m\u00e1s emblem\u00e1tica para el movimiento feminista, ya que desde 1975, es cuna del grupo de mujeres que encabezaron las teor\u00edas, producciones y pr\u00e1cticas pol\u00edticas del denominado\u00a0<a href=\"http:\/\/www.nodo50.org\/mujeresred\/victoria_sendon-feminismo_de_la_diferencia.html\">feminismo de la diferencia<\/a>, entre ellas, mi (nuestra) adorad\u00edsima diva precursora Feminazi, Carla Lonzi. Eso s\u00ed, seguro que no nos encontramos ning\u00fan libro de Hegel a no ser que sea para \u201c<a href=\"http:\/\/www.nodo50.org\/herstory\/textos\/Escupamos%20sobre%20Hegel.pdf\">que escupamos sobre \u00e9l\u00a0<\/a>\u201c. Se encuentra en V\u00eda Pietro Calvi 29, Mil\u00e1n. Clica\u00a0<a href=\"http:\/\/www.libreriadelledonne.it\/\">aqu\u00ed<\/a>para acceder a la web.<br \/>\n<a href=\"https:\/\/ventepakamchatka.files.wordpress.com\/2015\/01\/img_0242-0.jpg\"><img decoding=\"async\" class=\"aligncenter\" src=\"https:\/\/ventepakamchatka.files.wordpress.com\/2015\/01\/img_0242-0.jpg?w=490\" alt=\"2015\/01\/img_0242-0.jpg\" \/><\/a><\/p>\n<p><strong>2. Librerie des Femmes, Par\u00eds<\/strong>.<br \/>\nVinculado al llamado\u00a0<em>Espace des Femmes Antoinette Fouque<\/em>, que combina editorial de mujeres, sala de exposiciones, librer\u00eda y fondo documental, esta es bastante m\u00e1s sobria, pero con un rollito beauvoirano franchute retro que mola y te hace sentir un poco m\u00e1s se\u00f1ora. Nadie como ellas para combinar el puntito choni del Barrio Latino con el tufillo Coc\u00f3 Chanel. La pod\u00e9is encontrar en la Rue Jacob 33-35, preguntad por Madamme Florence Morillere. Joder, no dig\u00e1is que no suena a principios de siglo, os encanta.\u00a0<a href=\"http:\/\/www.librairie-des-femmes.fr\/\">Aqu\u00ed<\/a>\u00a0la web.<br \/>\n<a href=\"https:\/\/ventepakamchatka.files.wordpress.com\/2015\/01\/img_0240.jpg\"><img decoding=\"async\" class=\"aligncenter\" src=\"https:\/\/ventepakamchatka.files.wordpress.com\/2015\/01\/img_0240.jpg?w=490\" alt=\"2015\/01\/img_0240.jpg\" \/><\/a><\/p>\n<p><strong>3. Charis books and more, Atlanta<\/strong>.<br \/>\nNo me dig\u00e1is que no quer\u00e9is que vuestra abuelita viva en esta casita lila de tejado a dos aguas. Otro espacio feminista multidisciplinar, librer\u00eda incluida, con sede en esa adorable casa campestre norteamericana que lleva m\u00e1s de cuarenta a\u00f1os dando ca\u00f1a en el sur de los USA con su librer\u00eda y su c\u00edrculo de mujeres. Parece que te vas a encontrar a una ancianita risue\u00f1a llamada Harriet ofreci\u00e9ndote galletas de jengibre reci\u00e9n horneadas y roibos de ar\u00e1ndanos, buen\u00edsimo para la cistitis, (que tambi\u00e9n) pero lo cierto es que entre sus paredes se han citado las presentaciones de libros de un centenar de tonadilleras del feminismo radical de los setenta, nada mas y nada menos, por decir una al azar,\u00a0<a href=\"http:\/\/en.wikipedia.org\/wiki\/Bell_hooks\">bell hooks<\/a>. Oh, s\u00ed, nenas. Euclide Avenue, 1189, Northeast, Atlanta.\u00a0<a href=\"https:\/\/ventepakamchatka.wordpress.com\/2015\/01\/19\/las-16-librerias-feministas-mas-bellas-del-mundo\/www.charisbooksandmore.com\/\">Aqu\u00ed\u00a0<\/a>su sede web.<img decoding=\"async\" class=\"aligncenter\" src=\"https:\/\/ventepakamchatka.files.wordpress.com\/2015\/01\/img_0266-0.jpg?w=490\" alt=\"2015\/01\/img_0266-0.jpg\" \/><br \/>\n<strong>4. Librer\u00eda Mujeres y Compa\u00f1\u00eda, Madrid<\/strong>.<br \/>\nAy, s\u00ed, s\u00ed, podr\u00eda poner a la archiconocida, prestigiosa y\u00a0<a href=\"http:\/\/elpais.com\/diario\/1978\/10\/17\/sociedad\/277426809_850215.html\">pionera\u00a0<\/a>Librer\u00eda de Mujeres e Madrid, fundada en el 78 por un gran grupo de socias vinculadas a la universidad y los incipientes movimientos de mujeres, pero no. Ya s\u00e9 que la antedicha tiene un recorrido hist\u00f3rico y cultural intachable, y que la Librer\u00eda de Mujeres de Madrid, como la\u00a0<em>Llibreria de la Dona<\/em>\u00a0en Barcelona, o la de Zaragoza, primeras librer\u00edas feministas espa\u00f1olas, se erigi\u00f3 como baluarte de toda una generaci\u00f3n de feministas espa\u00f1olas que resistieron firmemente ante las din\u00e1micas patriarcales y retr\u00f3gradas del r\u00e9gimen de la Transici\u00f3n. Ya. Pero no. El feminismo de despacho y no de pr\u00e1ctica, no me gusta, el feminismo que no se cuestiona y deconstruye las relaciones de poder, que no es solidario, horizontal, sor\u00f3rico, no me representa. Para las m\u00e1s despistadillas,\u00a0<a href=\"http:\/\/libreriamujeres.blogspot.com.es\/\">aqu\u00ed\u00a0<\/a>pod\u00e9is echar un ojo r\u00e1pido a toda la marabunta formada hace un par de a\u00f1os fruto de cuya escisi\u00f3n, venida por las duras, jer\u00e1rquicas y anti feministas condiciones a las que las relegaron las socias que permanecieron en la librer\u00eda originaria, naci\u00f3 el bonito rinc\u00f3n feminista que regentan Ana, Patricia y Sonia. Todos los a\u00f1os editan una \u201c<a href=\"http:\/\/mujeresycialibreria.blogspot.com.es\/p\/blog-page_29.html\">Agenda de las Mujeres<\/a>\u201d para ayudarse a sostener el proyecto. Este 2015 est\u00e1 dedicada a las cartas entre mujeres. Yo ya la tengo. Est\u00e1 situada en Un barrio con solera, el el de Santiago, Calle de la Uni\u00f3n 4,\u00a0<a href=\"http:\/\/mujeresycialibreria.blogspot.com.es\/p\/donde-estamos.html\">aqu\u00ed<\/a>\u00a0las conocer\u00e9is mejor. No dej\u00e9is de pasar a que os ofrezcan sus fant\u00e1sticas recomendaciones.<\/p>\n<p><a href=\"https:\/\/ventepakamchatka.files.wordpress.com\/2015\/01\/mujeres-y-cia-5.jpg\"><img loading=\"lazy\" decoding=\"async\" class=\"aligncenter\" src=\"https:\/\/ventepakamchatka.files.wordpress.com\/2015\/01\/mujeres-y-cia-5.jpg?w=425&amp;h=287\" alt=\"mujeres-y-cia-5\" width=\"425\" height=\"287\" \/><\/a><br \/>\n<strong>5. Silver Moon Bookshop, Londres<\/strong>.<br \/>\nPor qu\u00e9 no, para ponernos los dientes largos, alguna librer\u00eda desaparecida ten\u00eda que tocar. Y algunas haylas. En la centriqu\u00edsima Charing Cross Road, era ideal para las feminancys londonman\u00edacas. Naci\u00f3 en el apocal\u00edptico y literario a\u00f1o de 1984, fundada por dos socias que le pusieron el simb\u00f3lico nombre \u201cluna plateada\u201d, rememorando alegor\u00edas femeninas de poemas de la grand\u00e9rrima poetisa griega Safo de Lesbos. Desapareci\u00f3 en el 2001, y dej\u00f3 huerfanitas a muchas feministas del Reino Unido, a las que les qued\u00f3 el proyecto\u00a0<em>Libertas<\/em>\u00a0en la ciudad de York, que siempre me ha parecido una ciudad muy pija llena de Hilaries con Diminuto sombrero de Carolina Herrera y bolso de Vuiton y no se por qu\u00e9, porque no s\u00e9 nada sobre ella excepto que alberga una librer\u00eda de mujeres lesbianas bastante\u00a0<em>in<\/em>. Cosas de la hermen\u00e9utica. El final de la\u00a0<em>Silver Moon<\/em>\u00a0es muy triste, pues\u00a0<a href=\"http:\/\/www.theguardian.com\/world\/2001\/oct\/23\/gender.uk2\">tuvo que cerrar\u00a0<\/a>por la gentrificaci\u00f3n de la zona, seguida de los altos precios de los alquileres, y pas\u00f3 a formar parte de la macro-cadena de librer\u00edas\u00a0<em>Foyles<\/em>. El capitalismo, como siempre, tiene la culpa de todo, y en su alianza con el patriarcado, impide en este caso que peque\u00f1os y rebeldes proyectos de mujeres que difunden cultura, arte y pensamiento feminista puedan seguir adelante. Berread conmigo, hermanas.<\/p>\n<p><a href=\"https:\/\/ventepakamchatka.files.wordpress.com\/2015\/01\/img_0235.jpg\"><img loading=\"lazy\" decoding=\"async\" class=\"aligncenter\" src=\"https:\/\/ventepakamchatka.files.wordpress.com\/2015\/01\/img_0235.jpg?w=215&amp;h=300\" alt=\"IMG_0235\" width=\"215\" height=\"300\" \/><\/a><br \/>\n<strong>6. Librer\u00eda Relatoras, Sevilla<\/strong>.<br \/>\nQu\u00e9 duda cabe, estereotipos a parte, porque\u00a0<em>soy sur<\/em>\u00a0y hablo desde aqu\u00ed, de que esta librer\u00eda fundada en 2010 es, probablemente, la librer\u00eda feminista con m\u00e1s arte y tocot\u00f3 de todas las que os estoy enumerando, cabessas. Su lema es \u201cpide por esa boquita\u201d, y entre las muchas actividades de su campus y su llamada \u201ccomunidad relatoras\u201d, no s\u00f3lo son libreras, sino que organizan talleres, cursos de formaci\u00f3n, escuela de escritoras y mucho m\u00e1s. Si pas\u00e1is por Sevilla ten\u00e9is una<a href=\"http:\/\/www.autorasenred.com\/\">visita obligatoria<\/a>\u00a0en la Calle Amargura 8, la \u00fanica librer\u00eda feminista de la tierra andaluza, en el barrio de la Macarena pa\u2019 m\u00e1s se\u00f1as, -zapateamos sobre tu tumba, Queipo de Llano- y seguro que alguna sabe chapurre\u00e1 sevillanas, miarma. \u00a1Larga vida a las Relatoras!<\/p>\n<p><a href=\"https:\/\/ventepakamchatka.files.wordpress.com\/2015\/01\/05_relatoras.png\"><img loading=\"lazy\" decoding=\"async\" class=\"aligncenter\" src=\"https:\/\/ventepakamchatka.files.wordpress.com\/2015\/01\/05_relatoras.png?w=300&amp;h=168\" alt=\"05_relatoras\" width=\"300\" height=\"168\" \/><\/a><br \/>\n<strong>7. Toronto Womens Bookstore<\/strong>.<br \/>\nPara que sigamos llorando, pero merec\u00eda la pena, absolutamente, hablar de esta librer\u00eda feminista canadiense de Kingston Market clausurada en 2012.Era la \u00fanica librer\u00eda feminista de Torontontero -\u00a1patap\u00e1m tssst!- y estaba regentada casi en su totalidad por mujeres negras; aunque vend\u00eda ficci\u00f3n y narrativa, esta librer\u00eda cooperativa y sin \u00e1nimo de lucro se encontraba especializada en movimientos sociales, feministas y teor\u00eda\u00a0<a href=\"http:\/\/www.bivipas.info\/bitstream\/10720\/466\/1\/D-352-Carrera_Isabel-276.pdf\">postcolonial<\/a>. Naci\u00f3 en la 1973 y convivi\u00f3 con una editorial feminista y una colectiva de auto-defensa. Mirad la preciosa pinta que ten\u00eda y morid de la penita. Si, t\u00edas, yo tambi\u00e9n necesito un abrazo, estoy mal.<br \/>\n<a href=\"https:\/\/ventepakamchatka.files.wordpress.com.files.wordpress.com\/2015\/01\/img_0258.jpg\"><img decoding=\"async\" class=\"aligncenter\" src=\"https:\/\/ventepakamchatka.files.wordpress.com\/2015\/01\/img_0258.jpg?w=490\" alt=\"2015\/01\/img_0258.jpg\" \/><br \/>\n<\/a><br \/>\n<strong>8. Amargi Feminist Kitabevi, Estambul<\/strong>.<br \/>\nVale, tengo una noticia buena y una mala. Amargi, Mi esquina favorita de la ciudad de los minaretes\u2026 Pero solo en fotos, porque tambi\u00e9n tuvo que cerrar. Como dir\u00eda mi amiga\u00a0<strong>Auxi<\/strong>, encomend\u00e1ndose a las Diosas subalternas: DIONA, POR QU\u00c9.<br \/>\n<a href=\"https:\/\/ventepakamchatka.files.wordpress.com\/2015\/01\/tumblr_lgrlsut8w11qfabmx.gif\"><img loading=\"lazy\" decoding=\"async\" class=\"aligncenter\" src=\"https:\/\/ventepakamchatka.files.wordpress.com\/2015\/01\/tumblr_lgrlsut8w11qfabmx.gif?w=300&amp;h=168\" alt=\"tumblr_lgrlsut8w11qfabmx\" width=\"300\" height=\"168\" \/><\/a><br \/>\nTodo lo que me gusta es ilegal, inmoral o es una librer\u00eda feminista cerrada, \u00a1FAK!\u2026 La buena noticia es: \u00a1Aunque pendientes de apertura! \u00a1TOMAAA! Esta librer\u00eda, promovida por el hom\u00f3nimo colectivo feminista sent\u00f3 precedente en Turqu\u00eda, siendo la primera y \u00fanica librer\u00eda feminista del pa\u00eds, y no solo como librer\u00eda, sino revista, editorial, archivo y biblioteca de mujeres, g\u00e9nero y feminismos. Pueden visitarse parte de sus fondos en la sede del colectivo, en Istiklal Caddesi. Especial atenci\u00f3n merece la historia de una de sus fundadoras,\u00a0<a href=\"https:\/\/amargigroupistanbul.wordpress.com\/about-amargi\/pinar-selek\/pinar-selek-espanol\/\">Pinar Selek<\/a>, una cr\u00edtica soci\u00f3loga y pensadora acusada falsamente de atentado terrorista y pertenencia a banda armada y en constante litigio y lucha con el estado turco que persiste en inculparla, llev\u00e1ndola al exilio pol\u00edtico. Y adem\u00e1s, pese a que las informaciones son una mijita na m\u00e1s de contradictorias, parece que la apertura pudo haber sucedido en el 2012, y en los mapas aparece la librer\u00eda situada en Tel Sok 16. Buscadlas\u00a0<a href=\"https:\/\/amargigroupistanbul.wordpress.com\/about-amargi\/pinar-selek\/pinar-selek-espanol\/\">all\u00ed<\/a>, y cuando vay\u00e1is, me cont\u00e1is si sigue y traedme un marcap\u00e1ginas aunque sea, que pa\u00b4 algo os estoy iluminando.<br \/>\n<a href=\"https:\/\/ventepakamchatka.files.wordpress.com.files.wordpress.com\/2015\/01\/img_0258.jpg\"><br \/>\n<\/a><a href=\"https:\/\/ventepakamchatka.files.wordpress.com\/2015\/01\/img_0273.jpg\"><img decoding=\"async\" class=\"aligncenter\" src=\"https:\/\/ventepakamchatka.files.wordpress.com\/2015\/01\/img_0273.jpg?w=490\" alt=\"2015\/01\/img_0273.jpg\" \/><\/a><br \/>\n<strong>9. Librer\u00eda de Mujeres Editoras de Buenos Aires<\/strong>.<br \/>\nInspirada en la Librer\u00eda de Mujeres de Madrid o\u00a0<a href=\"http:\/\/www.libreriademujeres.com\/\">Canarias\u00a0<\/a>punto de encuentro feminista indispensable en la f\u00e1cil desestructuraci\u00f3n dispersi\u00f3n de la forma archipi\u00e9lago, se trata de la \u00fanica, repito, \u00daNICA librer\u00eda especializada en mujeres y feminismo de Am\u00e9rica Latina. \u00a1AY, MARIC\u00d3NG!. Sita en Doctor Rodolfo Rivarola 133, fue fundada en 1995 (parece que fue hace n\u00e1, \u00bfeh?, Pues no, queridas treinta\u00f1eras) y sus fundadoras cuentan que comenzaron con cuatro libros mal puestos en las estanter\u00edas, para que parecieran m\u00e1s. Hoy, 20 a\u00f1os m\u00e1s tarde, y conviviendo con una colectiva anti violencia machista y un centro de documentaci\u00f3n sobre la mujer, la hija de una de ellas ha tomado el testigo, resistiendo en un espacio de referencia, creaci\u00f3n, edici\u00f3n y aprendizaje \u00fanico en el\u00a0<em>Co\u00f1o<\/em>\u00a0<em>Sur<\/em>, y hasta donde llegan mujeres de toda la geograf\u00eda iberoamericana en busca de los saberes feministas. Ese marco dorado con la fundadora dentro mirando hacia el escaparate le da un toque muy f\u00fanebre, muy honorable, muy loco, yo no me la perder\u00eda.\u00a0<a href=\"http:\/\/www.libreriademujeres.com.ar\/\">Aqu\u00ed\u00a0<\/a>su direcci\u00f3n web.<br \/>\n<a href=\"https:\/\/ventepakamchatka.files.wordpress.com\/2015\/01\/arton25678-08df5.jpg\"><img loading=\"lazy\" decoding=\"async\" class=\"aligncenter\" src=\"https:\/\/ventepakamchatka.files.wordpress.com\/2015\/01\/arton25678-08df5.jpg?w=300&amp;h=167\" alt=\"arton25678-08df5\" width=\"300\" height=\"167\" \/><\/a><br \/>\n<strong>10. Xanthippe Frauenbuchladen, Manheim<\/strong>.<br \/>\nJantipa ha pasado a la historia por ser la compa\u00f1era del fil\u00f3sofo S\u00f3crates, pero no s\u00f3lo. Gracias a las habladur\u00edas del su coleguita machoalfa Plat\u00f3n, Jantipa fue com\u00fanmente tratada como una mujer desobediente, d\u00edscola, respondona, malhumorada y mandona, que tra\u00eda m\u00e1s de un quebradero de cabeza a su siempre, suponemos, paciente marid\u00edn. Po no ten\u00eda que estar subidito el S\u00f3crates ni n\u00e1, si por menos de lo que \u00e9l dec\u00eda los tenemos subiditos ahora en cualquier asamblea o reuni\u00f3n. No me queda demasiado claro el por qu\u00e9 del nombre de la librer\u00eda, aunque un poco s\u00ed. Quiero creer que si Jantipa ten\u00eda car\u00e1cter y decisi\u00f3n se la retrat\u00f3, en el imaginario colectivo, como una mujer indeseable o mala, y quiero creer y s\u00e9 que si Jantipa se enfadaba con S\u00f3crates, sus motivos tendr\u00eda, as\u00ed que el nombre me encanta, rescatando a una mujer invisibilizada y maltratada por la historiograf\u00eda falologoc\u00e9ntrica. Esta librer\u00eda alemana, como la\u00a0<em>Lillemors<\/em>\u00a0de M\u00fanich, tiene una larga trayectoria, sigue abierta, y no pod\u00e9is dejar de visitarla, a falta de m\u00e1s datos que no puedo ofreceros, fruto de mi desconocimiento del alem\u00e1n a parte de las frases \u201cMein Herr\u201d y la manida \u201cich liebe dich\u201d. Un desprop\u00f3sito, lo s\u00e9. Por eso, mejor irse pall\u00e1, T 3, 4, 68181, Manheim, a que nos lo expliquen ellas y nos recomienden el\u00a0<em>Rote<\/em>\u00a0<em>Zora<\/em>\u00a0o qu\u00e9 s\u00e9 yo.<\/p>\n<p><a href=\"https:\/\/ventepakamchatka.files.wordpress.com\/2015\/01\/img_0275.png\"><img decoding=\"async\" class=\"aligncenter\" src=\"https:\/\/ventepakamchatka.files.wordpress.com\/2015\/01\/img_0275.png?w=490\" alt=\"2015\/01\/img_0275.png\" \/><\/a><br \/>\n<strong>12.\u00a0Vrouwenboekhandel Xanthippe Unlimited, Amterdam.<br \/>\n<\/strong><br \/>\nSi, se llama igual, pero es otra. Y qu\u00e9 quer\u00e9is que haga, el nombre no lo he puesto yo, ser\u00e1 que se lleva en el rollo n\u00f3rdico ponerle a todo el nombre de esta se\u00f1ora. Me s\u00e9 yo de muchas femichulis amsterdamers y culturetas, gafapastis y bicicletelas, con chalequito largo de lana y boinita ca\u00edda pal lao, me s\u00e9 yo de algunas que se van a las bajitas ciudades de los canales persiguiendo cualquier trabajo menos precario que el que encontramos aqu\u00ed. Para todas ellas, esta maravillosa librer\u00eda femi-bollo, \u00fanica tambi\u00e9n en los Pa\u00edses Bajos y una e las m\u00e1s antiguas de Europa -que sobreviven- \u00bfVeis como no todo va a ser malo en este mundo heteropatriarconeoc\u00f3n?\u00a0<em>Xanthippe<\/em>\u00a0Da guerrilla feminista desde\u00a0 que comenzara el 25 de Junio, d\u00eda m\u00e1gico y brujeril de solsticio, de 1976.\u00a0<a href=\"http:\/\/www.vrouwennuvoorlater.nl\/divers\/xantippe.htm\">Acerc\u00e1os\u00a0<\/a>a verla a la\u00a0Prinsengracht\u00a0Straat\u00a0290\u00a0y nos cont\u00e1is, aunque en holand\u00e9s no las va a entender ni la Tata, eso que lo sep\u00e1is.<br \/>\n<a href=\"https:\/\/ventepakamchatka.files.wordpress.com\/2015\/01\/clip_image002_001.jpg\"><img loading=\"lazy\" decoding=\"async\" class=\"aligncenter\" src=\"https:\/\/ventepakamchatka.files.wordpress.com\/2015\/01\/clip_image002_001.jpg?w=300&amp;h=198\" alt=\"clip_image002_001\" width=\"300\" height=\"198\" \/><\/a><br \/>\n<strong>13. ChikLit, Feminististche Unterbaltung, Viena<\/strong>.<br \/>\nSu subt\u00edtulo lo dice todo \u201c<a href=\"http:\/\/chicklit.at\/\">entretenimiento feminista<\/a>\u201c. \u00a1Qu\u00e9 monas!. situada en Klebblattgasse 7, 1010, Viena, es la sede principal de la cultura escrita feminista austriaca. Con una p\u00e1gina muy activa en las redes sociales, y aunque tenga todo el aire ferrerorocheril-austroh\u00fangaro posible, tienen su carteler\u00eda, su propaganda,<a href=\"https:\/\/www.facebook.com\/events\/1685417035017988\/?ref_newsfeed_story_type=regular\">eventos\u00a0<\/a>y talleres un olorcicopunkarrafeminazi malota que me pone, muy del estilito\u00a0<em>riot grrrl<\/em>\u00a0y la pol\u00edtica del \u201cDo It Yourself\u201d. Os lo digo, y yo de esto entiendo, que son unas cachondas. Yo pienso ir este a\u00f1o, que Viena me encanta, sobretodo por el pan, que ti\u00e9 quest\u00e1r bueno de ovarios. JARL.<a href=\"https:\/\/ventepakamchatka.files.wordpress.com\/2015\/01\/img_0253.jpg\"><img decoding=\"async\" class=\"aligncenter\" src=\"https:\/\/ventepakamchatka.files.wordpress.com\/2015\/01\/img_0253.jpg?w=490\" alt=\"2015\/01\/img_0253.jpg\" \/><\/a><br \/>\n<strong>14. The Feminist Bookstore, Sydney.<\/strong><br \/>\nDe nuevo, \u00daNICA librer\u00eda feminista del continente australiano. Y mira que es grande. Situada en una c\u00e9ntrica calle de la capital, en el 9 de Balmain Road, hace pocos a\u00f1os fue traspasada a otras propietarias que, en general, han conservado el sentido del establecimiento y han prestado fidelidad al proyecto tras 37 a\u00f1os de lucha por subsistir. Esa lucecita c\u00e1lida y ese toldo verdusco le dan un aire noventero- filtro-de-instagram que mencanta. Y el nombre as\u00ed conciso, sencillo, fulminante, para que nadie te venga a preguntar, feminista, s\u00ed,\u00a0<em>safe space<\/em>, beibes, machitos no permitidos.<br \/>\n<a href=\"https:\/\/ventepakamchatka.files.wordpress.com\/2015\/01\/feminist-bookshop-store-front1.jpg\"><img loading=\"lazy\" decoding=\"async\" class=\"aligncenter\" src=\"https:\/\/ventepakamchatka.files.wordpress.com\/2015\/01\/feminist-bookshop-store-front1.jpg?w=300&amp;h=228\" alt=\"Feminist Bookshop Store front(1)\" width=\"300\" height=\"228\" \/><\/a><br \/>\n<strong>15. Queer Division Nueva York.<\/strong><br \/>\nEl\u00a0<em>Bureau of General Services- Queer Division<\/em>\u00a0gestiona un espacio, centro de interpretaci\u00f3n, archivo, sala de exposiciones y eventos o workshops. Se sit\u00faa en la Sala 210 de la\u00a0<a href=\"https:\/\/gaycenter.org\/\">\u00a0Lesbian, Gay, Bisexual &amp; Transgender Community Center<\/a>\u00a0e la ciudad, en el 208 West 13th Street. Si os digo la verdad as\u00ed entre nosotras como marujeo feminoide, a mi me pega la tufar\u00e1 a instituci\u00f3n y rollo reality drag queen, y ese azul\u00f3n de la\u00a0<a href=\"http:\/\/bgsqd.com\/about\/\">web\u00a0<\/a>me sugiere como un rollo maricones de la ONU. Ay, no s\u00e9. Sin embargo, os lo pongo por ser un archivo, biblioteca y librer\u00eda Queer y Transg\u00e9nero muy completa e interesante, y llama la atenci\u00f3n que empleen categor\u00edas pol\u00edticas e incluyan a subjetividades menos no-hegem\u00f3nicas si cabe, no s\u00f3lo gays, lesbianas y bi o transexuales, sino transg\u00e9nero y Queers. Meh. Igual es que en NY est\u00e1n muy adelantades, igual es que me gace falta investigar m\u00e1s, pero yo en las foticos veo mucho, como dir\u00eda mi amiga Medea,\u00a0<em>cis-se\u00f1oro<\/em>\u00a0gay y muy poco trans, CREO, no lo tengo claro, s\u00ed, soy una etiquetadora, mala, mala.<br \/>\n<a href=\"https:\/\/ventepakamchatka.files.wordpress.com\/2015\/01\/lgbt-center-renovation-02.jpg\"><img loading=\"lazy\" decoding=\"async\" class=\"aligncenter\" src=\"https:\/\/ventepakamchatka.files.wordpress.com\/2015\/01\/lgbt-center-renovation-02.jpg?w=300&amp;h=225\" alt=\"LGBT-center-renovation-02\" width=\"300\" height=\"225\" \/><\/a><\/p>\n<p><strong>16. Bloodroot, Bridgeport.<\/strong><br \/>\nEste precioso cottage de Conneticut -T\u00cdA, nunca pens\u00e9 que escribir\u00eda algo as\u00ed, mencanta- no es s\u00f3lo una casa adaptada a una librer\u00eda espec\u00edficamente feminista, sino que, adem\u00e1s, es un\u00a0<a href=\"http:\/\/www.bloodroot.com\/\">restaurante\u00a0<\/a>vegano-vegetariano, \u201cun restaurante feminista\u201d, eso dice en su web. FAN. Te quedas loca. Los platos, con una pinta exquisita, mira que te diga, vishysoisse tepanyaki y col lombarda al cardamomo mientras te lees las memorias de Valerie Solanas, pos nostamal, yo daba un brazo por poder hacerlo todos los domingos. Tiene una pared del restaurante toda llena de fotograf\u00edas y retratos de mujeres antiguas. Lo mismo te encanta que te emparanoias de pensar que todas esas tipas est\u00e1n ya muertas. Ya depende del nivel de peliculerismo de cada una. El m\u00edo es alto. 85 de Ferris Street, hay que reservar con antelaci\u00f3n. Por si alg\u00fan d\u00eda os apetece trasponer pa Coneticut, as\u00ed, de guay.\u00a0<strong>Marta<\/strong>, s\u00e9 que me est\u00e1s leyendo, tiene terraza.<br \/>\n<a href=\"https:\/\/ventepakamchatka.files.wordpress.com\/2015\/01\/bloodroodrestaurant-e1332979410838.jpg\"><img loading=\"lazy\" decoding=\"async\" class=\"aligncenter\" src=\"https:\/\/ventepakamchatka.files.wordpress.com\/2015\/01\/bloodroodrestaurant-e1332979410838.jpg?w=300&amp;h=224\" alt=\"bloodroodrestaurant-e1332979410838\" width=\"300\" height=\"224\" \/><\/a><a href=\"https:\/\/ventepakamchatka.files.wordpress.com\/2015\/01\/cover2015bloodrootcalendar.jpg\"><img loading=\"lazy\" decoding=\"async\" class=\"aligncenter\" src=\"https:\/\/ventepakamchatka.files.wordpress.com\/2015\/01\/cover2015bloodrootcalendar.jpg?w=300&amp;h=232\" alt=\"Cover2015BloodrootCalendar\" width=\"300\" height=\"232\" \/><\/a><br \/>\nY fin. Si, m\u00fasica de baj\u00f3n, lloros, aplausos, ya lo s\u00e9, ya lo s\u00e9, ha sido genial, y nos hemos dejado muchas en el tintero, esto tiene que ser corto, querides. Y todo tiene un ligero regustico a etnocentrismo blanquito, pues s\u00ed,\u00a0<em>mijitas<\/em>, no es tan sencillo encontrarse este tipo de emprendimientos feministas por cualquier sitio. Ojal\u00e1, en eso est\u00e1n (estamos). Os dejo con la promesa de otros rankings divertidos y\/o interesantes, un poco subversivos y por favor, si os falta un lugar esencial una librer\u00eda feminista de referencia que yo no conozca, o se me haya escabullido, tir\u00f3n de bigote para mi. Y no, no voy a deciros en las que he estado y en la que no, la bruja se est\u00e1 trabajando su narcisismo entodav\u00eda, y as\u00ed queda mucho m\u00e1s guay.<br \/>\nNos hemos dejado muchas en el tintero.\u00a0<em><a href=\"https:\/\/www.facebook.com\/llibreriaproleg\/info?tab=overview\">Proleg<\/a><\/em>, en Barcelona,\u00a0<a href=\"https:\/\/www.facebook.com\/LiladeLilith\"><em>Lila de Lilith<\/em><\/a>\u00a0en Santiago de Compostela,\u00a0<a href=\"http:\/\/peoplecalledwomen.com\/\"><em>People called women<\/em><\/a>, un poco igualitarias, chumineras y catedr\u00e1tico-burguesas en Toledo, pero el de Ohio, las\u00a0<em>librarias<\/em>\u00a0de Firenze y Bologna, o\u00a0<a href=\"http:\/\/womenandchildrenfirst.com\/\"><em>Women and children first<\/em><\/a>, en Portland, Oreg\u00f3n,\u00a0<a href=\"http:\/\/inotherwords.org\/\"><em>In other Words<\/em><\/a>, colectiva feminista que lleva desde 1993 un precioso espacio sin \u00e1nimo de lucro y set de rodaje de la serie \u201c<a href=\"http:\/\/www.imdb.com\/title\/tt1780441\/\">Portlandia, Librer\u00eda feminista<\/a>\u201d -habr\u00e1 que verla, tiemblo de pensarlo- s\u00f3lo son algunas, pero no se trata de ponerlas todas, sino de una dulce, subjetiva y personal elecci\u00f3n.<br \/>\nEstas libreras hacen de sus librer\u00edas un lugar seguro y apacible para las mujeres y el feminismo, crearon y crean comunidad y tejen redes que nos juntan a todas estemos donde estemos. Aportaron su grano de arena a la perspectiva de g\u00e9nero, a la divulgaci\u00f3n feminista, pusieron hojas, escaparates y portadas a la palabra de las mujeres en el mundo. No dej\u00e9is de apoyarlas. Un sitio donde llevar a vuestras primas, un regalo para vuestra mejor amiga,\u00a0 el cumplea\u00f1os de vuestra madre, los reyes para vuestra hermana, que nunca es demasiado joven para el feminismo, un paseo en un rato para vosotras mismas, cualquier momento es bueno para curiosearlas o hacer un pedido online.<\/p>\n<p>Por una librer\u00eda de mujeres en cada ciudad, en cada barrio.<\/p>\n<p><a href=\"https:\/\/diariofemenino.com.ar\/category\/biblioteca\/https:\/\/diariofemenino.com.ar\/category\/biblioteca\/\">Biblioteca virtual<\/a><br \/>\n<a href=\"https:\/\/diariofemenino.com.ar\/\">Diario Digital Femenino\u00a0<\/a><\/p>\n<p>Fuente: Diana Maff\u00eda v\u00eda Rima<br \/>\nOriginal: <a href=\"https:\/\/ventepakamchatka.wordpress.com\/2015\/01\/19\/las-16-librerias-feministas-mas-bellas-del-mundo\/\">Algo pasa en Kamchatka<\/a><\/p>\n","protected":false},"excerpt":{"rendered":"<p>Librer\u00edas Feministas Porque apuesto a que, como yo, est\u00e1is cansadas de esos recurrentes y entretenidos rankings que aparecen de tanto en tanto en las redes sociales con cientos de \u201cshares\u201d sobre\u00a0las librer\u00edas mas bonitas del mundo, las m\u00e1s originales, las m\u00e1s\u00a0antiguas, las m\u00e1s chachis, las m\u00e1s lujosas, las m\u00e1s\u00a0extra\u00f1as, las m\u00e1s yey\u00e9s. Y no negar\u00e9 [&hellip;]<\/p>\n","protected":false},"author":1,"featured_media":49960,"comment_status":"open","ping_status":"open","sticky":false,"template":"","format":"standard","meta":{"iawp_total_views":29,"footnotes":""},"categories":[19,9,3,21],"tags":[25,11,26,40],"class_list":["post-16618","post","type-post","status-publish","format-standard","has-post-thumbnail","hentry","category-biblioteca","category-de-esi-si-se-habla","category-de-la-revolucion-al-reaprendizaje","category-noticias","tag-activismo","tag-educacion","tag-feminismo","tag-literatura"],"nelio_content":{"autoShareEndMode":"never","automationSources":{"useCustomSentences":false,"customSentences":[]},"efiAlt":"","efiUrl":"","followers":[4,1],"highlights":[],"isAutoShareEnabled":true,"networkImageIds":[],"permalinkQueryArgs":[],"series":[],"suggestedReferences":[]},"yoast_head":"<!-- This site is optimized with the Yoast SEO plugin v27.5 - https:\/\/yoast.com\/product\/yoast-seo-wordpress\/ -->\n<title>Las 16 librer\u00edas feministas mas bellas del mundo - Diario Digital Femenino<\/title>\n<meta name=\"description\" content=\"Librer\u00edas feministas, las 16 m\u00e1s bellas del mundo, incluye a nuestra querida Librer\u00eda de las Mujeres sita en Pasaje Rivarola 133\" \/>\n<meta name=\"robots\" content=\"index, follow, max-snippet:-1, max-image-preview:large, max-video-preview:-1\" \/>\n<link rel=\"canonical\" href=\"https:\/\/diariofemenino.com.ar\/df\/las-16-librerias-feministas-mas-bellas-del-mundo\/\" \/>\n<meta property=\"og:locale\" content=\"es_ES\" \/>\n<meta property=\"og:type\" content=\"article\" \/>\n<meta property=\"og:title\" content=\"Las 16 librer\u00edas feministas mas bellas del mundo - Diario Digital Femenino\" \/>\n<meta property=\"og:description\" content=\"Librer\u00edas feministas, las 16 m\u00e1s bellas del mundo, incluye a nuestra querida Librer\u00eda de las Mujeres sita en Pasaje Rivarola 133\" \/>\n<meta property=\"og:url\" content=\"https:\/\/diariofemenino.com.ar\/df\/las-16-librerias-feministas-mas-bellas-del-mundo\/\" \/>\n<meta property=\"og:site_name\" content=\"Diario Digital Femenino\" \/>\n<meta property=\"article:publisher\" content=\"https:\/\/www.facebook.com\/DiarioDigitaFemenino\/\" \/>\n<meta property=\"article:published_time\" content=\"2015-01-25T01:18:58+00:00\" \/>\n<meta property=\"article:modified_time\" content=\"2020-06-25T15:00:25+00:00\" \/>\n<meta property=\"og:image\" content=\"https:\/\/diariofemenino.com.ar\/df\/wp-content\/uploads\/2015\/01\/img_0253.jpg\" \/>\n\t<meta property=\"og:image:width\" content=\"490\" \/>\n\t<meta property=\"og:image:height\" content=\"325\" \/>\n\t<meta property=\"og:image:type\" content=\"image\/jpeg\" \/>\n<meta name=\"author\" content=\"Admin\" \/>\n<meta name=\"twitter:card\" content=\"summary_large_image\" \/>\n<meta name=\"twitter:creator\" content=\"@DiarioFemenino1\" \/>\n<meta name=\"twitter:site\" content=\"@DiarioFemenino1\" \/>\n<meta name=\"twitter:label1\" content=\"Escrito por\" \/>\n\t<meta name=\"twitter:data1\" content=\"Admin\" \/>\n\t<meta name=\"twitter:label2\" content=\"Tiempo de lectura\" \/>\n\t<meta name=\"twitter:data2\" content=\"17 minutos\" \/>\n<script type=\"application\/ld+json\" class=\"yoast-schema-graph\">{\"@context\":\"https:\\\/\\\/schema.org\",\"@graph\":[{\"@type\":\"Article\",\"@id\":\"https:\\\/\\\/diariofemenino.com.ar\\\/df\\\/las-16-librerias-feministas-mas-bellas-del-mundo\\\/#article\",\"isPartOf\":{\"@id\":\"https:\\\/\\\/diariofemenino.com.ar\\\/df\\\/las-16-librerias-feministas-mas-bellas-del-mundo\\\/\"},\"author\":{\"name\":\"Admin\",\"@id\":\"https:\\\/\\\/diariofemenino.com.ar\\\/df\\\/#\\\/schema\\\/person\\\/38f54b3bfd13f561de2460ba95c169c6\"},\"headline\":\"Las 16 librer\u00edas feministas mas bellas del mundo\",\"datePublished\":\"2015-01-25T01:18:58+00:00\",\"dateModified\":\"2020-06-25T15:00:25+00:00\",\"mainEntityOfPage\":{\"@id\":\"https:\\\/\\\/diariofemenino.com.ar\\\/df\\\/las-16-librerias-feministas-mas-bellas-del-mundo\\\/\"},\"wordCount\":3372,\"commentCount\":0,\"publisher\":{\"@id\":\"https:\\\/\\\/diariofemenino.com.ar\\\/df\\\/#organization\"},\"image\":{\"@id\":\"https:\\\/\\\/diariofemenino.com.ar\\\/df\\\/las-16-librerias-feministas-mas-bellas-del-mundo\\\/#primaryimage\"},\"thumbnailUrl\":\"https:\\\/\\\/diariofemenino.com.ar\\\/df\\\/wp-content\\\/uploads\\\/2015\\\/01\\\/img_0253.jpg\",\"keywords\":[\"Activismo\",\"Educaci\u00f3n\",\"Feminismo\",\"Literatura\"],\"articleSection\":[\"Biblioteca Virtual\",\"De ESI S\u00ed Se Habla\",\"De la Revoluci\u00f3n al Reaprendizaje\",\"Noticias\"],\"inLanguage\":\"es\",\"potentialAction\":[{\"@type\":\"CommentAction\",\"name\":\"Comment\",\"target\":[\"https:\\\/\\\/diariofemenino.com.ar\\\/df\\\/las-16-librerias-feministas-mas-bellas-del-mundo\\\/#respond\"]}]},{\"@type\":\"WebPage\",\"@id\":\"https:\\\/\\\/diariofemenino.com.ar\\\/df\\\/las-16-librerias-feministas-mas-bellas-del-mundo\\\/\",\"url\":\"https:\\\/\\\/diariofemenino.com.ar\\\/df\\\/las-16-librerias-feministas-mas-bellas-del-mundo\\\/\",\"name\":\"Las 16 librer\u00edas feministas mas bellas del mundo - Diario Digital Femenino\",\"isPartOf\":{\"@id\":\"https:\\\/\\\/diariofemenino.com.ar\\\/df\\\/#website\"},\"primaryImageOfPage\":{\"@id\":\"https:\\\/\\\/diariofemenino.com.ar\\\/df\\\/las-16-librerias-feministas-mas-bellas-del-mundo\\\/#primaryimage\"},\"image\":{\"@id\":\"https:\\\/\\\/diariofemenino.com.ar\\\/df\\\/las-16-librerias-feministas-mas-bellas-del-mundo\\\/#primaryimage\"},\"thumbnailUrl\":\"https:\\\/\\\/diariofemenino.com.ar\\\/df\\\/wp-content\\\/uploads\\\/2015\\\/01\\\/img_0253.jpg\",\"datePublished\":\"2015-01-25T01:18:58+00:00\",\"dateModified\":\"2020-06-25T15:00:25+00:00\",\"description\":\"Librer\u00edas feministas, las 16 m\u00e1s bellas del mundo, incluye a nuestra querida Librer\u00eda de las Mujeres sita en Pasaje Rivarola 133\",\"breadcrumb\":{\"@id\":\"https:\\\/\\\/diariofemenino.com.ar\\\/df\\\/las-16-librerias-feministas-mas-bellas-del-mundo\\\/#breadcrumb\"},\"inLanguage\":\"es\",\"potentialAction\":[{\"@type\":\"ReadAction\",\"target\":[\"https:\\\/\\\/diariofemenino.com.ar\\\/df\\\/las-16-librerias-feministas-mas-bellas-del-mundo\\\/\"]}]},{\"@type\":\"ImageObject\",\"inLanguage\":\"es\",\"@id\":\"https:\\\/\\\/diariofemenino.com.ar\\\/df\\\/las-16-librerias-feministas-mas-bellas-del-mundo\\\/#primaryimage\",\"url\":\"https:\\\/\\\/diariofemenino.com.ar\\\/df\\\/wp-content\\\/uploads\\\/2015\\\/01\\\/img_0253.jpg\",\"contentUrl\":\"https:\\\/\\\/diariofemenino.com.ar\\\/df\\\/wp-content\\\/uploads\\\/2015\\\/01\\\/img_0253.jpg\",\"width\":490,\"height\":325,\"caption\":\"Las 16 librer\u00edas feministas mas bellas del mundo\"},{\"@type\":\"BreadcrumbList\",\"@id\":\"https:\\\/\\\/diariofemenino.com.ar\\\/df\\\/las-16-librerias-feministas-mas-bellas-del-mundo\\\/#breadcrumb\",\"itemListElement\":[{\"@type\":\"ListItem\",\"position\":1,\"name\":\"Portada\",\"item\":\"https:\\\/\\\/diariofemenino.com.ar\\\/df\\\/\"},{\"@type\":\"ListItem\",\"position\":2,\"name\":\"Las 16 librer\u00edas feministas mas bellas del mundo\"}]},{\"@type\":\"WebSite\",\"@id\":\"https:\\\/\\\/diariofemenino.com.ar\\\/df\\\/#website\",\"url\":\"https:\\\/\\\/diariofemenino.com.ar\\\/df\\\/\",\"name\":\"Diario Digital Femenino\",\"description\":\"Cuesti\u00f3n de G\u00e9nero\",\"publisher\":{\"@id\":\"https:\\\/\\\/diariofemenino.com.ar\\\/df\\\/#organization\"},\"potentialAction\":[{\"@type\":\"SearchAction\",\"target\":{\"@type\":\"EntryPoint\",\"urlTemplate\":\"https:\\\/\\\/diariofemenino.com.ar\\\/df\\\/?s={search_term_string}\"},\"query-input\":{\"@type\":\"PropertyValueSpecification\",\"valueRequired\":true,\"valueName\":\"search_term_string\"}}],\"inLanguage\":\"es\"},{\"@type\":\"Organization\",\"@id\":\"https:\\\/\\\/diariofemenino.com.ar\\\/df\\\/#organization\",\"name\":\"Diario Femenino\",\"url\":\"https:\\\/\\\/diariofemenino.com.ar\\\/df\\\/\",\"logo\":{\"@type\":\"ImageObject\",\"inLanguage\":\"es\",\"@id\":\"https:\\\/\\\/diariofemenino.com.ar\\\/df\\\/#\\\/schema\\\/logo\\\/image\\\/\",\"url\":\"https:\\\/\\\/diariofemenino.com.ar\\\/df\\\/wp-content\\\/uploads\\\/2018\\\/10\\\/logo.png\",\"contentUrl\":\"https:\\\/\\\/diariofemenino.com.ar\\\/df\\\/wp-content\\\/uploads\\\/2018\\\/10\\\/logo.png\",\"width\":500,\"height\":92,\"caption\":\"Diario Femenino\"},\"image\":{\"@id\":\"https:\\\/\\\/diariofemenino.com.ar\\\/df\\\/#\\\/schema\\\/logo\\\/image\\\/\"},\"sameAs\":[\"https:\\\/\\\/www.facebook.com\\\/DiarioDigitaFemenino\\\/\",\"https:\\\/\\\/x.com\\\/DiarioFemenino1\"]},{\"@type\":\"Person\",\"@id\":\"https:\\\/\\\/diariofemenino.com.ar\\\/df\\\/#\\\/schema\\\/person\\\/38f54b3bfd13f561de2460ba95c169c6\",\"name\":\"Admin\",\"image\":{\"@type\":\"ImageObject\",\"inLanguage\":\"es\",\"@id\":\"https:\\\/\\\/diariofemenino.com.ar\\\/df\\\/wp-content\\\/uploads\\\/2018\\\/12\\\/favicon-150x150.jpg\",\"url\":\"https:\\\/\\\/diariofemenino.com.ar\\\/df\\\/wp-content\\\/uploads\\\/2018\\\/12\\\/favicon-150x150.jpg\",\"contentUrl\":\"https:\\\/\\\/diariofemenino.com.ar\\\/df\\\/wp-content\\\/uploads\\\/2018\\\/12\\\/favicon-150x150.jpg\",\"caption\":\"Admin\"},\"url\":\"https:\\\/\\\/diariofemenino.com.ar\\\/df\\\/author\\\/adm18df\\\/\"}]}<\/script>\n<!-- \/ Yoast SEO plugin. -->","yoast_head_json":{"title":"Las 16 librer\u00edas feministas mas bellas del mundo - Diario Digital Femenino","description":"Librer\u00edas feministas, las 16 m\u00e1s bellas del mundo, incluye a nuestra querida Librer\u00eda de las Mujeres sita en Pasaje Rivarola 133","robots":{"index":"index","follow":"follow","max-snippet":"max-snippet:-1","max-image-preview":"max-image-preview:large","max-video-preview":"max-video-preview:-1"},"canonical":"https:\/\/diariofemenino.com.ar\/df\/las-16-librerias-feministas-mas-bellas-del-mundo\/","og_locale":"es_ES","og_type":"article","og_title":"Las 16 librer\u00edas feministas mas bellas del mundo - Diario Digital Femenino","og_description":"Librer\u00edas feministas, las 16 m\u00e1s bellas del mundo, incluye a nuestra querida Librer\u00eda de las Mujeres sita en Pasaje Rivarola 133","og_url":"https:\/\/diariofemenino.com.ar\/df\/las-16-librerias-feministas-mas-bellas-del-mundo\/","og_site_name":"Diario Digital Femenino","article_publisher":"https:\/\/www.facebook.com\/DiarioDigitaFemenino\/","article_published_time":"2015-01-25T01:18:58+00:00","article_modified_time":"2020-06-25T15:00:25+00:00","og_image":[{"width":490,"height":325,"url":"https:\/\/diariofemenino.com.ar\/df\/wp-content\/uploads\/2015\/01\/img_0253.jpg","type":"image\/jpeg"}],"author":"Admin","twitter_card":"summary_large_image","twitter_creator":"@DiarioFemenino1","twitter_site":"@DiarioFemenino1","twitter_misc":{"Escrito por":"Admin","Tiempo de lectura":"17 minutos"},"schema":{"@context":"https:\/\/schema.org","@graph":[{"@type":"Article","@id":"https:\/\/diariofemenino.com.ar\/df\/las-16-librerias-feministas-mas-bellas-del-mundo\/#article","isPartOf":{"@id":"https:\/\/diariofemenino.com.ar\/df\/las-16-librerias-feministas-mas-bellas-del-mundo\/"},"author":{"name":"Admin","@id":"https:\/\/diariofemenino.com.ar\/df\/#\/schema\/person\/38f54b3bfd13f561de2460ba95c169c6"},"headline":"Las 16 librer\u00edas feministas mas bellas del mundo","datePublished":"2015-01-25T01:18:58+00:00","dateModified":"2020-06-25T15:00:25+00:00","mainEntityOfPage":{"@id":"https:\/\/diariofemenino.com.ar\/df\/las-16-librerias-feministas-mas-bellas-del-mundo\/"},"wordCount":3372,"commentCount":0,"publisher":{"@id":"https:\/\/diariofemenino.com.ar\/df\/#organization"},"image":{"@id":"https:\/\/diariofemenino.com.ar\/df\/las-16-librerias-feministas-mas-bellas-del-mundo\/#primaryimage"},"thumbnailUrl":"https:\/\/diariofemenino.com.ar\/df\/wp-content\/uploads\/2015\/01\/img_0253.jpg","keywords":["Activismo","Educaci\u00f3n","Feminismo","Literatura"],"articleSection":["Biblioteca Virtual","De ESI S\u00ed Se Habla","De la Revoluci\u00f3n al Reaprendizaje","Noticias"],"inLanguage":"es","potentialAction":[{"@type":"CommentAction","name":"Comment","target":["https:\/\/diariofemenino.com.ar\/df\/las-16-librerias-feministas-mas-bellas-del-mundo\/#respond"]}]},{"@type":"WebPage","@id":"https:\/\/diariofemenino.com.ar\/df\/las-16-librerias-feministas-mas-bellas-del-mundo\/","url":"https:\/\/diariofemenino.com.ar\/df\/las-16-librerias-feministas-mas-bellas-del-mundo\/","name":"Las 16 librer\u00edas feministas mas bellas del mundo - Diario Digital Femenino","isPartOf":{"@id":"https:\/\/diariofemenino.com.ar\/df\/#website"},"primaryImageOfPage":{"@id":"https:\/\/diariofemenino.com.ar\/df\/las-16-librerias-feministas-mas-bellas-del-mundo\/#primaryimage"},"image":{"@id":"https:\/\/diariofemenino.com.ar\/df\/las-16-librerias-feministas-mas-bellas-del-mundo\/#primaryimage"},"thumbnailUrl":"https:\/\/diariofemenino.com.ar\/df\/wp-content\/uploads\/2015\/01\/img_0253.jpg","datePublished":"2015-01-25T01:18:58+00:00","dateModified":"2020-06-25T15:00:25+00:00","description":"Librer\u00edas feministas, las 16 m\u00e1s bellas del mundo, incluye a nuestra querida Librer\u00eda de las Mujeres sita en Pasaje Rivarola 133","breadcrumb":{"@id":"https:\/\/diariofemenino.com.ar\/df\/las-16-librerias-feministas-mas-bellas-del-mundo\/#breadcrumb"},"inLanguage":"es","potentialAction":[{"@type":"ReadAction","target":["https:\/\/diariofemenino.com.ar\/df\/las-16-librerias-feministas-mas-bellas-del-mundo\/"]}]},{"@type":"ImageObject","inLanguage":"es","@id":"https:\/\/diariofemenino.com.ar\/df\/las-16-librerias-feministas-mas-bellas-del-mundo\/#primaryimage","url":"https:\/\/diariofemenino.com.ar\/df\/wp-content\/uploads\/2015\/01\/img_0253.jpg","contentUrl":"https:\/\/diariofemenino.com.ar\/df\/wp-content\/uploads\/2015\/01\/img_0253.jpg","width":490,"height":325,"caption":"Las 16 librer\u00edas feministas mas bellas del mundo"},{"@type":"BreadcrumbList","@id":"https:\/\/diariofemenino.com.ar\/df\/las-16-librerias-feministas-mas-bellas-del-mundo\/#breadcrumb","itemListElement":[{"@type":"ListItem","position":1,"name":"Portada","item":"https:\/\/diariofemenino.com.ar\/df\/"},{"@type":"ListItem","position":2,"name":"Las 16 librer\u00edas feministas mas bellas del mundo"}]},{"@type":"WebSite","@id":"https:\/\/diariofemenino.com.ar\/df\/#website","url":"https:\/\/diariofemenino.com.ar\/df\/","name":"Diario Digital Femenino","description":"Cuesti\u00f3n de G\u00e9nero","publisher":{"@id":"https:\/\/diariofemenino.com.ar\/df\/#organization"},"potentialAction":[{"@type":"SearchAction","target":{"@type":"EntryPoint","urlTemplate":"https:\/\/diariofemenino.com.ar\/df\/?s={search_term_string}"},"query-input":{"@type":"PropertyValueSpecification","valueRequired":true,"valueName":"search_term_string"}}],"inLanguage":"es"},{"@type":"Organization","@id":"https:\/\/diariofemenino.com.ar\/df\/#organization","name":"Diario Femenino","url":"https:\/\/diariofemenino.com.ar\/df\/","logo":{"@type":"ImageObject","inLanguage":"es","@id":"https:\/\/diariofemenino.com.ar\/df\/#\/schema\/logo\/image\/","url":"https:\/\/diariofemenino.com.ar\/df\/wp-content\/uploads\/2018\/10\/logo.png","contentUrl":"https:\/\/diariofemenino.com.ar\/df\/wp-content\/uploads\/2018\/10\/logo.png","width":500,"height":92,"caption":"Diario Femenino"},"image":{"@id":"https:\/\/diariofemenino.com.ar\/df\/#\/schema\/logo\/image\/"},"sameAs":["https:\/\/www.facebook.com\/DiarioDigitaFemenino\/","https:\/\/x.com\/DiarioFemenino1"]},{"@type":"Person","@id":"https:\/\/diariofemenino.com.ar\/df\/#\/schema\/person\/38f54b3bfd13f561de2460ba95c169c6","name":"Admin","image":{"@type":"ImageObject","inLanguage":"es","@id":"https:\/\/diariofemenino.com.ar\/df\/wp-content\/uploads\/2018\/12\/favicon-150x150.jpg","url":"https:\/\/diariofemenino.com.ar\/df\/wp-content\/uploads\/2018\/12\/favicon-150x150.jpg","contentUrl":"https:\/\/diariofemenino.com.ar\/df\/wp-content\/uploads\/2018\/12\/favicon-150x150.jpg","caption":"Admin"},"url":"https:\/\/diariofemenino.com.ar\/df\/author\/adm18df\/"}]}},"jetpack_featured_media_url":"https:\/\/diariofemenino.com.ar\/df\/wp-content\/uploads\/2015\/01\/img_0253.jpg","jetpack_sharing_enabled":true,"rttpg_featured_image_url":{"full":["https:\/\/diariofemenino.com.ar\/df\/wp-content\/uploads\/2015\/01\/img_0253.jpg",490,325,false],"landscape":["https:\/\/diariofemenino.com.ar\/df\/wp-content\/uploads\/2015\/01\/img_0253.jpg",490,325,false],"portraits":["https:\/\/diariofemenino.com.ar\/df\/wp-content\/uploads\/2015\/01\/img_0253.jpg",490,325,false],"thumbnail":["https:\/\/diariofemenino.com.ar\/df\/wp-content\/uploads\/2015\/01\/img_0253-150x150.jpg",150,150,true],"medium":["https:\/\/diariofemenino.com.ar\/df\/wp-content\/uploads\/2015\/01\/img_0253-300x199.jpg",300,199,true],"large":["https:\/\/diariofemenino.com.ar\/df\/wp-content\/uploads\/2015\/01\/img_0253.jpg",490,325,false],"1536x1536":["https:\/\/diariofemenino.com.ar\/df\/wp-content\/uploads\/2015\/01\/img_0253.jpg",490,325,false],"2048x2048":["https:\/\/diariofemenino.com.ar\/df\/wp-content\/uploads\/2015\/01\/img_0253.jpg",490,325,false]},"rttpg_author":{"display_name":"Admin","author_link":"https:\/\/diariofemenino.com.ar\/df\/author\/adm18df\/"},"rttpg_comment":0,"rttpg_category":"<a href=\"https:\/\/diariofemenino.com.ar\/df\/category\/biblioteca\/\" rel=\"category tag\">Biblioteca Virtual<\/a> <a href=\"https:\/\/diariofemenino.com.ar\/df\/category\/de-esi-si-se-habla\/\" rel=\"category tag\">De ESI S\u00ed Se Habla<\/a> <a href=\"https:\/\/diariofemenino.com.ar\/df\/category\/de-la-revolucion-al-reaprendizaje\/\" rel=\"category tag\">De la Revoluci\u00f3n al Reaprendizaje<\/a> <a href=\"https:\/\/diariofemenino.com.ar\/df\/category\/noticias\/\" rel=\"category tag\">Noticias<\/a>","rttpg_excerpt":"Librer\u00edas Feministas Porque apuesto a que, como yo, est\u00e1is cansadas de esos recurrentes y entretenidos rankings que aparecen de tanto en tanto en las redes sociales con cientos de \u201cshares\u201d sobre\u00a0las librer\u00edas mas bonitas del mundo, las m\u00e1s originales, las m\u00e1s\u00a0antiguas, las m\u00e1s chachis, las m\u00e1s lujosas, las m\u00e1s\u00a0extra\u00f1as, las m\u00e1s yey\u00e9s. Y no negar\u00e9&hellip;","_links":{"self":[{"href":"https:\/\/diariofemenino.com.ar\/df\/wp-json\/wp\/v2\/posts\/16618","targetHints":{"allow":["GET"]}}],"collection":[{"href":"https:\/\/diariofemenino.com.ar\/df\/wp-json\/wp\/v2\/posts"}],"about":[{"href":"https:\/\/diariofemenino.com.ar\/df\/wp-json\/wp\/v2\/types\/post"}],"author":[{"embeddable":true,"href":"https:\/\/diariofemenino.com.ar\/df\/wp-json\/wp\/v2\/users\/1"}],"replies":[{"embeddable":true,"href":"https:\/\/diariofemenino.com.ar\/df\/wp-json\/wp\/v2\/comments?post=16618"}],"version-history":[{"count":0,"href":"https:\/\/diariofemenino.com.ar\/df\/wp-json\/wp\/v2\/posts\/16618\/revisions"}],"wp:featuredmedia":[{"embeddable":true,"href":"https:\/\/diariofemenino.com.ar\/df\/wp-json\/wp\/v2\/media\/49960"}],"wp:attachment":[{"href":"https:\/\/diariofemenino.com.ar\/df\/wp-json\/wp\/v2\/media?parent=16618"}],"wp:term":[{"taxonomy":"category","embeddable":true,"href":"https:\/\/diariofemenino.com.ar\/df\/wp-json\/wp\/v2\/categories?post=16618"},{"taxonomy":"post_tag","embeddable":true,"href":"https:\/\/diariofemenino.com.ar\/df\/wp-json\/wp\/v2\/tags?post=16618"}],"curies":[{"name":"wp","href":"https:\/\/api.w.org\/{rel}","templated":true}]}}