{"id":1218,"date":"2012-05-23T23:22:34","date_gmt":"2012-05-24T02:22:34","guid":{"rendered":"http:\/\/www.diariofemenino.com.ar\/?p=1218"},"modified":"2012-05-23T23:22:34","modified_gmt":"2012-05-24T02:22:34","slug":"dos-duenos-de-whiskerias-estan-detenidos-por-trata-de-personas","status":"publish","type":"post","link":"https:\/\/diariofemenino.com.ar\/df\/dos-duenos-de-whiskerias-estan-detenidos-por-trata-de-personas\/","title":{"rendered":"Dos due\u00f1os de whisker\u00edas est\u00e1n detenidos por Trata de personas"},"content":{"rendered":"<p>&nbsp;<br \/>\n\u00a0<br \/>\n<em>Tres mujeres colombianas y una de Rep\u00fablica Dominicana fueron halladas en un operativo de la Federal en Malarg\u00fce y San Rafael. Sospechan que estaban sometidas a servidumbre y obligadas a ejercer la prostituci\u00f3n.<\/em><\/p>\n<p>Cuatro mujeres extranjeras -tres colombianas y una dominicana- fueron rescatadas de distintos prost\u00edbulos de San Rafael y Malarg\u00fce por gente de la Polic\u00eda Federal. Se sospecha que son v\u00edctimas de trata de personas, delito por el cual est\u00e1n detenidos dos de los due\u00f1os de los locales allanados por infracci\u00f3n a la Ley Federal de Trata de Personas N\u00b0 26.364.<br \/>\nEstos operativos fueron el cierre de una investigaci\u00f3n realizada por la Delegaci\u00f3n San Rafael de la Federal. As\u00ed se produjo el allanamiento de un prost\u00edbulo en San Rafael y de cuatro locales similares en Malarg\u00fce.<br \/>\nLos allanamientos se concretaron en forma simult\u00e1nea en cinco lugares.<br \/>\nUno de ellos, ubicado en el distrito de El Cerrito -San Rafael-, llamado \u00abTu noche hot\u00bb se encuentra a pocos kil\u00f3metros del centro. All\u00ed detuvieron en un primer momento a dos hombres mayores de edad, secuestraron dos veh\u00edculos y se procedi\u00f3 a la clausura del local. La misma suerte corri\u00f3 uno de los prost\u00edbulos de Malarg\u00fce. Los locales nocturnos del m\u00e1s austral de los departamentos mendocinos en cuesti\u00f3n son \u00abNight Class Bronco\u00bb, \u00abMata Hari\u00bb, \u00abBar La Isla\u00bb y \u00abBar Xen\u00bb.<br \/>\nAyer quedaron a disposici\u00f3n de la Justicia y alojados en la penitenciar\u00eda de San Rafael uno de los hombres que regenteaba uno de los prost\u00edbulos de Malarg\u00fce y el otro que cumpl\u00eda la misma funci\u00f3n en el cabaret de San Rafael.<br \/>\nLos allanamientos dispuestos por el Juzgado Federal de San Rafael, con el juez subrogante Eduardo Puigd\u00e9ngolas y el fiscal federal, Francisco Maldonado, se hicieron en forma conjunta con personal de la Agencia Regional Federal Cuyo, de la ciudad de San Juan y de la Divisi\u00f3n Trata de Personas de la Superintendencia de Investigaciones Federales y delitos complejos -con asiento en la Ciudad Aut\u00f3noma de Buenos Aires.<br \/>\nAdem\u00e1s colaboraron los profesionales especializados de la Oficina de Rescate de Trata de Personas, dependiente del Ministerio de Justicia y Derechos Humanos de la Naci\u00f3n, su par provincial, como tambi\u00e9n de la direcci\u00f3n General de Migraciones y direcci\u00f3n General de Aduanas San Rafael que aport\u00f3 tambi\u00e9n un gu\u00eda y su perro rastreador de estupefacientes.<br \/>\n<strong>Cuatro, no nueve<br \/>\n<\/strong><br \/>\nSi bien en un primer momento trascendi\u00f3 que se hab\u00edan rescatado nueve mujeres v\u00edctima de trata de blancas, con el correr de las horas se corrobor\u00f3 que s\u00f3lo cuatro de ellas estar\u00edan enmarcadas dentro de este delito federal, bajo la sospecha de que podr\u00edan ser sometidas a servidumbre y obligadas a ejercer la prostituci\u00f3n.<br \/>\nA\u00fan as\u00ed todas deber\u00e1n prestar declaraci\u00f3n ante el magistrado. Mientras que en Malarg\u00fce se encontr\u00f3 en uno de los locales a una colombiana bajo esta situaci\u00f3n, las otras tres -una dominicana y dos colombianas- fueron halladas en el prost\u00edbulo de San Rafael. Tambi\u00e9n se constataron diferentes infracciones, tanto a la ley de profilaxis que proh\u00edbe el regenteo de casas de tolerancia, como de migraciones.<br \/>\nComo ocurre en este tipo de hechos, no trascendieron los nombres de los detenidos, ya que seg\u00fan explicaron, puede haber equ\u00edvocos al detener a un cliente, por eso se reservan las identidades hasta comprobarse que tienen relaci\u00f3n con el delito en cuesti\u00f3n.<br \/>\nCabe recordar que la Trata de Personas es de reciente legislaci\u00f3n en la Argentina, como tambi\u00e9n que el primer juicio de la provincia -el segundo que se realizara en el pa\u00eds- con condena tuvo lugar en San Rafael durante el 2011.<br \/>\nEn ese momento, el Tribunal Federal Oral Penal de la Provincia dict\u00f3 sentencia en el caso por trata de seis mujeres, cinco argentinas y una colombiana, todas mayores de edad, que trabajaban como alternadoras en un cabaret de San Rafael. Fueron sentenciados la propietaria del cabaret conocido como \u00abFlash Dance\u00bb N\u00e9lida Florentina Carrizo (4 a\u00f1os y seis meses de prisi\u00f3n), Pedro Antonio Alcalde (cuatro a\u00f1os de prisi\u00f3n), Omar Reynaldo Barrera (48 oriundo de Jujuy donde fue detenido, (cuatro a\u00f1os y seis meses de prisi\u00f3n) y El\u00eda Roxana Alcalde (dos a\u00f1os de prisi\u00f3n en suspenso).<\/p>\n<p>Fuente:\u00a0 <a href=\"http:\/\/www.losandes.com.ar\/notas\/2012\/5\/23\/duenos-whiskerias-estan-detenidos-trata-personas-644002.asphttp:\/\/\">Los Andes<\/a><br \/>\n&nbsp;<\/p>\n","protected":false},"excerpt":{"rendered":"<p>&nbsp; \u00a0 Tres mujeres colombianas y una de Rep\u00fablica Dominicana fueron halladas en un operativo de la Federal en Malarg\u00fce y San Rafael. Sospechan que estaban sometidas a servidumbre y obligadas a ejercer la prostituci\u00f3n. Cuatro mujeres extranjeras -tres colombianas y una dominicana- fueron rescatadas de distintos prost\u00edbulos de San Rafael y Malarg\u00fce por gente [&hellip;]<\/p>\n","protected":false},"author":1,"featured_media":1227,"comment_status":"open","ping_status":"open","sticky":false,"template":"","format":"standard","meta":{"iawp_total_views":28,"footnotes":""},"categories":[4,15],"tags":[],"class_list":["post-1218","post","type-post","status-publish","format-standard","has-post-thumbnail","hentry","category-medios","category-trata-de-personas"],"nelio_content":{"autoShareEndMode":"never","automationSources":{"useCustomSentences":false,"customSentences":[]},"efiAlt":"","efiUrl":"","followers":[],"highlights":[],"isAutoShareEnabled":true,"networkImageIds":[],"permalinkQueryArgs":[],"series":[],"suggestedReferences":[]},"yoast_head":"<!-- This site is optimized with the Yoast SEO plugin v27.5 - https:\/\/yoast.com\/product\/yoast-seo-wordpress\/ -->\n<title>Dos due\u00f1os de whisker\u00edas est\u00e1n detenidos por Trata de personas - Diario Digital Femenino<\/title>\n<meta name=\"robots\" content=\"index, follow, max-snippet:-1, max-image-preview:large, max-video-preview:-1\" \/>\n<link rel=\"canonical\" href=\"https:\/\/diariofemenino.com.ar\/df\/dos-duenos-de-whiskerias-estan-detenidos-por-trata-de-personas\/\" \/>\n<meta property=\"og:locale\" content=\"es_ES\" \/>\n<meta property=\"og:type\" content=\"article\" \/>\n<meta property=\"og:title\" content=\"Dos due\u00f1os de whisker\u00edas est\u00e1n detenidos por Trata de personas - Diario Digital Femenino\" \/>\n<meta property=\"og:description\" content=\"&nbsp; \u00a0 Tres mujeres colombianas y una de Rep\u00fablica Dominicana fueron halladas en un operativo de la Federal en Malarg\u00fce y San Rafael. Sospechan que estaban sometidas a servidumbre y obligadas a ejercer la prostituci\u00f3n. Cuatro mujeres extranjeras -tres colombianas y una dominicana- fueron rescatadas de distintos prost\u00edbulos de San Rafael y Malarg\u00fce por gente [&hellip;]\" \/>\n<meta property=\"og:url\" content=\"https:\/\/diariofemenino.com.ar\/df\/dos-duenos-de-whiskerias-estan-detenidos-por-trata-de-personas\/\" \/>\n<meta property=\"og:site_name\" content=\"Diario Digital Femenino\" \/>\n<meta property=\"article:publisher\" content=\"https:\/\/www.facebook.com\/DiarioDigitaFemenino\/\" \/>\n<meta property=\"article:published_time\" content=\"2012-05-24T02:22:34+00:00\" \/>\n<meta property=\"og:image\" content=\"https:\/\/diariofemenino.com.ar\/df\/wp-content\/uploads\/2016\/10\/logo-negro.png\" \/>\n\t<meta property=\"og:image:width\" content=\"855\" \/>\n\t<meta property=\"og:image:height\" content=\"319\" \/>\n\t<meta property=\"og:image:type\" content=\"image\/png\" \/>\n<meta name=\"author\" content=\"Admin\" \/>\n<meta name=\"twitter:card\" content=\"summary_large_image\" \/>\n<meta name=\"twitter:creator\" content=\"@DiarioFemenino1\" \/>\n<meta name=\"twitter:site\" content=\"@DiarioFemenino1\" \/>\n<meta name=\"twitter:label1\" content=\"Escrito por\" \/>\n\t<meta name=\"twitter:data1\" content=\"Admin\" \/>\n\t<meta name=\"twitter:label2\" content=\"Tiempo de lectura\" \/>\n\t<meta name=\"twitter:data2\" content=\"4 minutos\" \/>\n<script type=\"application\/ld+json\" class=\"yoast-schema-graph\">{\"@context\":\"https:\\\/\\\/schema.org\",\"@graph\":[{\"@type\":\"Article\",\"@id\":\"https:\\\/\\\/diariofemenino.com.ar\\\/df\\\/dos-duenos-de-whiskerias-estan-detenidos-por-trata-de-personas\\\/#article\",\"isPartOf\":{\"@id\":\"https:\\\/\\\/diariofemenino.com.ar\\\/df\\\/dos-duenos-de-whiskerias-estan-detenidos-por-trata-de-personas\\\/\"},\"author\":{\"name\":\"Admin\",\"@id\":\"https:\\\/\\\/diariofemenino.com.ar\\\/df\\\/#\\\/schema\\\/person\\\/38f54b3bfd13f561de2460ba95c169c6\"},\"headline\":\"Dos due\u00f1os de whisker\u00edas est\u00e1n detenidos por Trata de personas\",\"datePublished\":\"2012-05-24T02:22:34+00:00\",\"mainEntityOfPage\":{\"@id\":\"https:\\\/\\\/diariofemenino.com.ar\\\/df\\\/dos-duenos-de-whiskerias-estan-detenidos-por-trata-de-personas\\\/\"},\"wordCount\":758,\"commentCount\":0,\"publisher\":{\"@id\":\"https:\\\/\\\/diariofemenino.com.ar\\\/df\\\/#organization\"},\"image\":{\"@id\":\"https:\\\/\\\/diariofemenino.com.ar\\\/df\\\/dos-duenos-de-whiskerias-estan-detenidos-por-trata-de-personas\\\/#primaryimage\"},\"thumbnailUrl\":\"\",\"articleSection\":[\"Medios\",\"Trata de Pers.\"],\"inLanguage\":\"es\",\"potentialAction\":[{\"@type\":\"CommentAction\",\"name\":\"Comment\",\"target\":[\"https:\\\/\\\/diariofemenino.com.ar\\\/df\\\/dos-duenos-de-whiskerias-estan-detenidos-por-trata-de-personas\\\/#respond\"]}]},{\"@type\":\"WebPage\",\"@id\":\"https:\\\/\\\/diariofemenino.com.ar\\\/df\\\/dos-duenos-de-whiskerias-estan-detenidos-por-trata-de-personas\\\/\",\"url\":\"https:\\\/\\\/diariofemenino.com.ar\\\/df\\\/dos-duenos-de-whiskerias-estan-detenidos-por-trata-de-personas\\\/\",\"name\":\"Dos due\u00f1os de whisker\u00edas est\u00e1n detenidos por Trata de personas - Diario Digital Femenino\",\"isPartOf\":{\"@id\":\"https:\\\/\\\/diariofemenino.com.ar\\\/df\\\/#website\"},\"primaryImageOfPage\":{\"@id\":\"https:\\\/\\\/diariofemenino.com.ar\\\/df\\\/dos-duenos-de-whiskerias-estan-detenidos-por-trata-de-personas\\\/#primaryimage\"},\"image\":{\"@id\":\"https:\\\/\\\/diariofemenino.com.ar\\\/df\\\/dos-duenos-de-whiskerias-estan-detenidos-por-trata-de-personas\\\/#primaryimage\"},\"thumbnailUrl\":\"\",\"datePublished\":\"2012-05-24T02:22:34+00:00\",\"breadcrumb\":{\"@id\":\"https:\\\/\\\/diariofemenino.com.ar\\\/df\\\/dos-duenos-de-whiskerias-estan-detenidos-por-trata-de-personas\\\/#breadcrumb\"},\"inLanguage\":\"es\",\"potentialAction\":[{\"@type\":\"ReadAction\",\"target\":[\"https:\\\/\\\/diariofemenino.com.ar\\\/df\\\/dos-duenos-de-whiskerias-estan-detenidos-por-trata-de-personas\\\/\"]}]},{\"@type\":\"ImageObject\",\"inLanguage\":\"es\",\"@id\":\"https:\\\/\\\/diariofemenino.com.ar\\\/df\\\/dos-duenos-de-whiskerias-estan-detenidos-por-trata-de-personas\\\/#primaryimage\",\"url\":\"\",\"contentUrl\":\"\"},{\"@type\":\"BreadcrumbList\",\"@id\":\"https:\\\/\\\/diariofemenino.com.ar\\\/df\\\/dos-duenos-de-whiskerias-estan-detenidos-por-trata-de-personas\\\/#breadcrumb\",\"itemListElement\":[{\"@type\":\"ListItem\",\"position\":1,\"name\":\"Portada\",\"item\":\"https:\\\/\\\/diariofemenino.com.ar\\\/df\\\/\"},{\"@type\":\"ListItem\",\"position\":2,\"name\":\"Dos due\u00f1os de whisker\u00edas est\u00e1n detenidos por Trata de personas\"}]},{\"@type\":\"WebSite\",\"@id\":\"https:\\\/\\\/diariofemenino.com.ar\\\/df\\\/#website\",\"url\":\"https:\\\/\\\/diariofemenino.com.ar\\\/df\\\/\",\"name\":\"Diario Digital Femenino\",\"description\":\"Cuesti\u00f3n de G\u00e9nero\",\"publisher\":{\"@id\":\"https:\\\/\\\/diariofemenino.com.ar\\\/df\\\/#organization\"},\"potentialAction\":[{\"@type\":\"SearchAction\",\"target\":{\"@type\":\"EntryPoint\",\"urlTemplate\":\"https:\\\/\\\/diariofemenino.com.ar\\\/df\\\/?s={search_term_string}\"},\"query-input\":{\"@type\":\"PropertyValueSpecification\",\"valueRequired\":true,\"valueName\":\"search_term_string\"}}],\"inLanguage\":\"es\"},{\"@type\":\"Organization\",\"@id\":\"https:\\\/\\\/diariofemenino.com.ar\\\/df\\\/#organization\",\"name\":\"Diario Femenino\",\"url\":\"https:\\\/\\\/diariofemenino.com.ar\\\/df\\\/\",\"logo\":{\"@type\":\"ImageObject\",\"inLanguage\":\"es\",\"@id\":\"https:\\\/\\\/diariofemenino.com.ar\\\/df\\\/#\\\/schema\\\/logo\\\/image\\\/\",\"url\":\"https:\\\/\\\/diariofemenino.com.ar\\\/df\\\/wp-content\\\/uploads\\\/2018\\\/10\\\/logo.png\",\"contentUrl\":\"https:\\\/\\\/diariofemenino.com.ar\\\/df\\\/wp-content\\\/uploads\\\/2018\\\/10\\\/logo.png\",\"width\":500,\"height\":92,\"caption\":\"Diario Femenino\"},\"image\":{\"@id\":\"https:\\\/\\\/diariofemenino.com.ar\\\/df\\\/#\\\/schema\\\/logo\\\/image\\\/\"},\"sameAs\":[\"https:\\\/\\\/www.facebook.com\\\/DiarioDigitaFemenino\\\/\",\"https:\\\/\\\/x.com\\\/DiarioFemenino1\"]},{\"@type\":\"Person\",\"@id\":\"https:\\\/\\\/diariofemenino.com.ar\\\/df\\\/#\\\/schema\\\/person\\\/38f54b3bfd13f561de2460ba95c169c6\",\"name\":\"Admin\",\"image\":{\"@type\":\"ImageObject\",\"inLanguage\":\"es\",\"@id\":\"https:\\\/\\\/diariofemenino.com.ar\\\/df\\\/wp-content\\\/uploads\\\/2018\\\/12\\\/favicon-150x150.jpg\",\"url\":\"https:\\\/\\\/diariofemenino.com.ar\\\/df\\\/wp-content\\\/uploads\\\/2018\\\/12\\\/favicon-150x150.jpg\",\"contentUrl\":\"https:\\\/\\\/diariofemenino.com.ar\\\/df\\\/wp-content\\\/uploads\\\/2018\\\/12\\\/favicon-150x150.jpg\",\"caption\":\"Admin\"},\"url\":\"https:\\\/\\\/diariofemenino.com.ar\\\/df\\\/author\\\/adm18df\\\/\"}]}<\/script>\n<!-- \/ Yoast SEO plugin. -->","yoast_head_json":{"title":"Dos due\u00f1os de whisker\u00edas est\u00e1n detenidos por Trata de personas - Diario Digital Femenino","robots":{"index":"index","follow":"follow","max-snippet":"max-snippet:-1","max-image-preview":"max-image-preview:large","max-video-preview":"max-video-preview:-1"},"canonical":"https:\/\/diariofemenino.com.ar\/df\/dos-duenos-de-whiskerias-estan-detenidos-por-trata-de-personas\/","og_locale":"es_ES","og_type":"article","og_title":"Dos due\u00f1os de whisker\u00edas est\u00e1n detenidos por Trata de personas - Diario Digital Femenino","og_description":"&nbsp; \u00a0 Tres mujeres colombianas y una de Rep\u00fablica Dominicana fueron halladas en un operativo de la Federal en Malarg\u00fce y San Rafael. Sospechan que estaban sometidas a servidumbre y obligadas a ejercer la prostituci\u00f3n. Cuatro mujeres extranjeras -tres colombianas y una dominicana- fueron rescatadas de distintos prost\u00edbulos de San Rafael y Malarg\u00fce por gente [&hellip;]","og_url":"https:\/\/diariofemenino.com.ar\/df\/dos-duenos-de-whiskerias-estan-detenidos-por-trata-de-personas\/","og_site_name":"Diario Digital Femenino","article_publisher":"https:\/\/www.facebook.com\/DiarioDigitaFemenino\/","article_published_time":"2012-05-24T02:22:34+00:00","og_image":[{"width":855,"height":319,"url":"https:\/\/diariofemenino.com.ar\/df\/wp-content\/uploads\/2016\/10\/logo-negro.png","type":"image\/png"}],"author":"Admin","twitter_card":"summary_large_image","twitter_creator":"@DiarioFemenino1","twitter_site":"@DiarioFemenino1","twitter_misc":{"Escrito por":"Admin","Tiempo de lectura":"4 minutos"},"schema":{"@context":"https:\/\/schema.org","@graph":[{"@type":"Article","@id":"https:\/\/diariofemenino.com.ar\/df\/dos-duenos-de-whiskerias-estan-detenidos-por-trata-de-personas\/#article","isPartOf":{"@id":"https:\/\/diariofemenino.com.ar\/df\/dos-duenos-de-whiskerias-estan-detenidos-por-trata-de-personas\/"},"author":{"name":"Admin","@id":"https:\/\/diariofemenino.com.ar\/df\/#\/schema\/person\/38f54b3bfd13f561de2460ba95c169c6"},"headline":"Dos due\u00f1os de whisker\u00edas est\u00e1n detenidos por Trata de personas","datePublished":"2012-05-24T02:22:34+00:00","mainEntityOfPage":{"@id":"https:\/\/diariofemenino.com.ar\/df\/dos-duenos-de-whiskerias-estan-detenidos-por-trata-de-personas\/"},"wordCount":758,"commentCount":0,"publisher":{"@id":"https:\/\/diariofemenino.com.ar\/df\/#organization"},"image":{"@id":"https:\/\/diariofemenino.com.ar\/df\/dos-duenos-de-whiskerias-estan-detenidos-por-trata-de-personas\/#primaryimage"},"thumbnailUrl":"","articleSection":["Medios","Trata de Pers."],"inLanguage":"es","potentialAction":[{"@type":"CommentAction","name":"Comment","target":["https:\/\/diariofemenino.com.ar\/df\/dos-duenos-de-whiskerias-estan-detenidos-por-trata-de-personas\/#respond"]}]},{"@type":"WebPage","@id":"https:\/\/diariofemenino.com.ar\/df\/dos-duenos-de-whiskerias-estan-detenidos-por-trata-de-personas\/","url":"https:\/\/diariofemenino.com.ar\/df\/dos-duenos-de-whiskerias-estan-detenidos-por-trata-de-personas\/","name":"Dos due\u00f1os de whisker\u00edas est\u00e1n detenidos por Trata de personas - Diario Digital Femenino","isPartOf":{"@id":"https:\/\/diariofemenino.com.ar\/df\/#website"},"primaryImageOfPage":{"@id":"https:\/\/diariofemenino.com.ar\/df\/dos-duenos-de-whiskerias-estan-detenidos-por-trata-de-personas\/#primaryimage"},"image":{"@id":"https:\/\/diariofemenino.com.ar\/df\/dos-duenos-de-whiskerias-estan-detenidos-por-trata-de-personas\/#primaryimage"},"thumbnailUrl":"","datePublished":"2012-05-24T02:22:34+00:00","breadcrumb":{"@id":"https:\/\/diariofemenino.com.ar\/df\/dos-duenos-de-whiskerias-estan-detenidos-por-trata-de-personas\/#breadcrumb"},"inLanguage":"es","potentialAction":[{"@type":"ReadAction","target":["https:\/\/diariofemenino.com.ar\/df\/dos-duenos-de-whiskerias-estan-detenidos-por-trata-de-personas\/"]}]},{"@type":"ImageObject","inLanguage":"es","@id":"https:\/\/diariofemenino.com.ar\/df\/dos-duenos-de-whiskerias-estan-detenidos-por-trata-de-personas\/#primaryimage","url":"","contentUrl":""},{"@type":"BreadcrumbList","@id":"https:\/\/diariofemenino.com.ar\/df\/dos-duenos-de-whiskerias-estan-detenidos-por-trata-de-personas\/#breadcrumb","itemListElement":[{"@type":"ListItem","position":1,"name":"Portada","item":"https:\/\/diariofemenino.com.ar\/df\/"},{"@type":"ListItem","position":2,"name":"Dos due\u00f1os de whisker\u00edas est\u00e1n detenidos por Trata de personas"}]},{"@type":"WebSite","@id":"https:\/\/diariofemenino.com.ar\/df\/#website","url":"https:\/\/diariofemenino.com.ar\/df\/","name":"Diario Digital Femenino","description":"Cuesti\u00f3n de G\u00e9nero","publisher":{"@id":"https:\/\/diariofemenino.com.ar\/df\/#organization"},"potentialAction":[{"@type":"SearchAction","target":{"@type":"EntryPoint","urlTemplate":"https:\/\/diariofemenino.com.ar\/df\/?s={search_term_string}"},"query-input":{"@type":"PropertyValueSpecification","valueRequired":true,"valueName":"search_term_string"}}],"inLanguage":"es"},{"@type":"Organization","@id":"https:\/\/diariofemenino.com.ar\/df\/#organization","name":"Diario Femenino","url":"https:\/\/diariofemenino.com.ar\/df\/","logo":{"@type":"ImageObject","inLanguage":"es","@id":"https:\/\/diariofemenino.com.ar\/df\/#\/schema\/logo\/image\/","url":"https:\/\/diariofemenino.com.ar\/df\/wp-content\/uploads\/2018\/10\/logo.png","contentUrl":"https:\/\/diariofemenino.com.ar\/df\/wp-content\/uploads\/2018\/10\/logo.png","width":500,"height":92,"caption":"Diario Femenino"},"image":{"@id":"https:\/\/diariofemenino.com.ar\/df\/#\/schema\/logo\/image\/"},"sameAs":["https:\/\/www.facebook.com\/DiarioDigitaFemenino\/","https:\/\/x.com\/DiarioFemenino1"]},{"@type":"Person","@id":"https:\/\/diariofemenino.com.ar\/df\/#\/schema\/person\/38f54b3bfd13f561de2460ba95c169c6","name":"Admin","image":{"@type":"ImageObject","inLanguage":"es","@id":"https:\/\/diariofemenino.com.ar\/df\/wp-content\/uploads\/2018\/12\/favicon-150x150.jpg","url":"https:\/\/diariofemenino.com.ar\/df\/wp-content\/uploads\/2018\/12\/favicon-150x150.jpg","contentUrl":"https:\/\/diariofemenino.com.ar\/df\/wp-content\/uploads\/2018\/12\/favicon-150x150.jpg","caption":"Admin"},"url":"https:\/\/diariofemenino.com.ar\/df\/author\/adm18df\/"}]}},"jetpack_featured_media_url":"","jetpack_sharing_enabled":true,"rttpg_featured_image_url":null,"rttpg_author":{"display_name":"Admin","author_link":"https:\/\/diariofemenino.com.ar\/df\/author\/adm18df\/"},"rttpg_comment":0,"rttpg_category":"<a href=\"https:\/\/diariofemenino.com.ar\/df\/category\/medios\/\" rel=\"category tag\">Medios<\/a> <a href=\"https:\/\/diariofemenino.com.ar\/df\/category\/trata-de-personas\/\" rel=\"category tag\">Trata de Pers.<\/a>","rttpg_excerpt":"&nbsp; \u00a0 Tres mujeres colombianas y una de Rep\u00fablica Dominicana fueron halladas en un operativo de la Federal en Malarg\u00fce y San Rafael. Sospechan que estaban sometidas a servidumbre y obligadas a ejercer la prostituci\u00f3n. Cuatro mujeres extranjeras -tres colombianas y una dominicana- fueron rescatadas de distintos prost\u00edbulos de San Rafael y Malarg\u00fce por gente&hellip;","_links":{"self":[{"href":"https:\/\/diariofemenino.com.ar\/df\/wp-json\/wp\/v2\/posts\/1218","targetHints":{"allow":["GET"]}}],"collection":[{"href":"https:\/\/diariofemenino.com.ar\/df\/wp-json\/wp\/v2\/posts"}],"about":[{"href":"https:\/\/diariofemenino.com.ar\/df\/wp-json\/wp\/v2\/types\/post"}],"author":[{"embeddable":true,"href":"https:\/\/diariofemenino.com.ar\/df\/wp-json\/wp\/v2\/users\/1"}],"replies":[{"embeddable":true,"href":"https:\/\/diariofemenino.com.ar\/df\/wp-json\/wp\/v2\/comments?post=1218"}],"version-history":[{"count":0,"href":"https:\/\/diariofemenino.com.ar\/df\/wp-json\/wp\/v2\/posts\/1218\/revisions"}],"wp:featuredmedia":[{"embeddable":true,"href":"https:\/\/diariofemenino.com.ar\/df\/wp-json\/"}],"wp:attachment":[{"href":"https:\/\/diariofemenino.com.ar\/df\/wp-json\/wp\/v2\/media?parent=1218"}],"wp:term":[{"taxonomy":"category","embeddable":true,"href":"https:\/\/diariofemenino.com.ar\/df\/wp-json\/wp\/v2\/categories?post=1218"},{"taxonomy":"post_tag","embeddable":true,"href":"https:\/\/diariofemenino.com.ar\/df\/wp-json\/wp\/v2\/tags?post=1218"}],"curies":[{"name":"wp","href":"https:\/\/api.w.org\/{rel}","templated":true}]}}