{"id":1118,"date":"2012-05-22T16:45:49","date_gmt":"2012-05-22T19:45:49","guid":{"rendered":"http:\/\/www.diariofemenino.com.ar\/?p=1118"},"modified":"2012-05-22T16:45:49","modified_gmt":"2012-05-22T19:45:49","slug":"la-defensoria-general-de-la-nacion-presento-el-libro-violencia-de-genero-estrategias-para-la-defensa-de-los-derechos-de-las-mujeres","status":"publish","type":"post","link":"https:\/\/diariofemenino.com.ar\/df\/la-defensoria-general-de-la-nacion-presento-el-libro-violencia-de-genero-estrategias-para-la-defensa-de-los-derechos-de-las-mujeres\/","title":{"rendered":"La Defensor\u00eda General de la Naci\u00f3n present\u00f3 el Libro \u201cViolencia de g\u00e9nero: estrategias para la defensa de los derechos de las mujeres\u201d"},"content":{"rendered":"<p>&nbsp;<br \/>\n&nbsp;<br \/>\nAyer por la tarde, en la Asociaci\u00f3n de Abogados de Buenos Aires (AABA), se present\u00f3 el libro \u201cViolencia de g\u00e9nero: estrategias para la defensa de los derechos de las mujeres\u201d, publicado por la Defensor\u00eda General de la Naci\u00f3n con el apoyo de la Embajada Brit\u00e1nica en Buenos Aires. En el encuentro expusieron la Defensora General de la Naci\u00f3n, Dra. Stella Maris Mart\u00ednez, la profesora e investigadora de la Universidad de San Andr\u00e9s, Dra. Paola Bergallo, el secretario letrado de la Defensor\u00eda General de la Naci\u00f3n, Dr. Sebasti\u00e1n Tedeschi y la Dra. Mar\u00eda Elena Barbagelata, diputada mandato cumplido e integrante de la Comisi\u00f3n de la Mujer de la AABA.<br \/>\nLa Dra. Martinez llam\u00f3 la atenci\u00f3n respecto de los obst\u00e1culos que se presentan de manera cotidiana en los casos que involucran violencia de g\u00e9nero y se manifest\u00f3 a favor de realizar litigios estrat\u00e9gicos que permitan enriquecer la jurisprudencia y generar cambios estructurales. Al mismo tiempo, sostuvo que \u201cla idea del libro es constituirse en una herramienta de trabajo no solamente para los defensores p\u00fablicos, sino tambi\u00e9n para todos los abogados y abogadas, y ser el puntapi\u00e9 inicial para un buen trabajo en red\u201d.<br \/>\nLa Defensora General de la Naci\u00f3n sostuvo que el Estado argentino asumi\u00f3 un compromiso fundamental al suscribir la Convenci\u00f3n Interamericana para Prevenir, Sancionar y Erradicar la Violencia contra la Mujer (Convenci\u00f3n de Belem do Par\u00e1), que se profundiz\u00f3 con la sanci\u00f3n de la Ley 26.485, de Protecci\u00f3n Integral para Prevenir, Sancionar y Erradicar la Violencia contra las Mujeres. Sin embargo, remarc\u00f3 que \u201ca\u00fan queda un trabajo muy grande para lograr que se cumplan las leyes que fueron aprobadas y que no sean s\u00f3lo declamaciones\u201d.<br \/>\nPor su parte, Paola Bergallo, se refiri\u00f3 al aborto no punible y los alcances y particularidades del reciente fallo de la Corte Suprema en esta materia. Al respecto sostuvo que \u201cel fallo no dice m\u00e1s que el art\u00edculo 86 del C\u00f3digo Penal, pero destaca todas las restricciones presentes para acceder a este permiso constitucional, dando cuenta de la incertidumbre que tanto el sistema de salud como el judicial pueden generar ante este pedido de una mujer\u201d.<br \/>\nEn tanto, Sebastian Tedeschi expuso algunas consideraciones vinculadas a temas de derecho a la vivienda, desalojos y g\u00e9nero, dando cuenta del alto grado de vulnerabilidad al que son sometidas las mujeres cuando \u201cmantienen un hogar violento, porque no tienen donde vivir\u201d. Al respecto, resalt\u00f3 la importancia de visibilizar esta situaci\u00f3n ante los jueces, realizar consultas previas en iniciativas de relocalizaci\u00f3n de viviendas y advertir las dificultades que se presentan en los casos de mujeres que realizan labores dom\u00e9sticas, para quienes hogar y trabajo est\u00e1n estrechamente vinculados.<br \/>\nHacia el final de la charla, la Dra. Mar\u00eda Elena Barbagelata resalt\u00f3 el \u201cvalioso aporte del libro y la necesidad de avanzar en el debate de casos estructurales, no solo en materia de normativa, sino tambi\u00e9n en el debate cultural porque esta problem\u00e1tica excede ampliamente el marco jur\u00eddico\u201d.<br \/>\n<strong>Descargar Libro:<\/strong><br \/>\n<img decoding=\"async\" src=\"http:\/\/www.mpd.gov.ar\/uploads\/thumbs\/1332766405Violencia%20de%20genero.%20Estrategias%20de%20litigio.jpg\" alt=\"1332766405Violencia de genero. Estrategias de litigio\" border=\"0\" \/><br \/>\n<a href=\"http:\/\/www.mpd.gov.ar\/articulo\/downloadAttachment\/id\/1791\" target=\"_blank\"><strong>Violencia de G\u00e9nero: Estrategias de Litigio<\/strong><\/a><br \/>\n&nbsp;<br \/>\n&nbsp;<br \/>\n<strong>Fuente: <a href=\"http:\/\/www.mpd.gov.ar\/\">MINISTERIO P\u00daBLICO DE LA DEFENSA<br \/>\n<\/a><\/strong><strong>DEFENSOR\u00cdA GENERAL DE LA NACI\u00d3N<br \/>\n<\/strong><strong>PRENSA Y DIFUSI\u00d3N<br \/>\n<\/strong><strong>BOLET\u00cdN: 24\/ 2012\u00a0\u00a0\u00a0\u00a0\u00a0\u00a0\u00a0\u00a0\u00a0\u00a0\u00a0\u00a0 22 \/ 5 \/ 2012<\/strong><\/p>\n","protected":false},"excerpt":{"rendered":"<p>&nbsp; &nbsp; Ayer por la tarde, en la Asociaci\u00f3n de Abogados de Buenos Aires (AABA), se present\u00f3 el libro \u201cViolencia de g\u00e9nero: estrategias para la defensa de los derechos de las mujeres\u201d, publicado por la Defensor\u00eda General de la Naci\u00f3n con el apoyo de la Embajada Brit\u00e1nica en Buenos Aires. En el encuentro expusieron la [&hellip;]<\/p>\n","protected":false},"author":1,"featured_media":1122,"comment_status":"open","ping_status":"open","sticky":false,"template":"","format":"standard","meta":{"iawp_total_views":6,"footnotes":""},"categories":[4,21],"tags":[],"class_list":["post-1118","post","type-post","status-publish","format-standard","has-post-thumbnail","hentry","category-medios","category-noticias"],"nelio_content":{"autoShareEndMode":"never","automationSources":{"useCustomSentences":false,"customSentences":[]},"efiAlt":"","efiUrl":"","followers":[],"highlights":[],"isAutoShareEnabled":true,"networkImageIds":[],"permalinkQueryArgs":[],"series":[],"suggestedReferences":[]},"yoast_head":"<!-- This site is optimized with the Yoast SEO plugin v27.5 - https:\/\/yoast.com\/product\/yoast-seo-wordpress\/ -->\n<title>La Defensor\u00eda General de la Naci\u00f3n present\u00f3 el Libro \u201cViolencia de g\u00e9nero: estrategias para la defensa de los derechos de las mujeres\u201d - Diario Digital Femenino<\/title>\n<meta name=\"robots\" content=\"index, follow, max-snippet:-1, max-image-preview:large, max-video-preview:-1\" \/>\n<link rel=\"canonical\" href=\"https:\/\/diariofemenino.com.ar\/df\/la-defensoria-general-de-la-nacion-presento-el-libro-violencia-de-genero-estrategias-para-la-defensa-de-los-derechos-de-las-mujeres\/\" \/>\n<meta property=\"og:locale\" content=\"es_ES\" \/>\n<meta property=\"og:type\" content=\"article\" \/>\n<meta property=\"og:title\" content=\"La Defensor\u00eda General de la Naci\u00f3n present\u00f3 el Libro \u201cViolencia de g\u00e9nero: estrategias para la defensa de los derechos de las mujeres\u201d - Diario Digital Femenino\" \/>\n<meta property=\"og:description\" content=\"&nbsp; &nbsp; Ayer por la tarde, en la Asociaci\u00f3n de Abogados de Buenos Aires (AABA), se present\u00f3 el libro \u201cViolencia de g\u00e9nero: estrategias para la defensa de los derechos de las mujeres\u201d, publicado por la Defensor\u00eda General de la Naci\u00f3n con el apoyo de la Embajada Brit\u00e1nica en Buenos Aires. En el encuentro expusieron la [&hellip;]\" \/>\n<meta property=\"og:url\" content=\"https:\/\/diariofemenino.com.ar\/df\/la-defensoria-general-de-la-nacion-presento-el-libro-violencia-de-genero-estrategias-para-la-defensa-de-los-derechos-de-las-mujeres\/\" \/>\n<meta property=\"og:site_name\" content=\"Diario Digital Femenino\" \/>\n<meta property=\"article:publisher\" content=\"https:\/\/www.facebook.com\/DiarioDigitaFemenino\/\" \/>\n<meta property=\"article:published_time\" content=\"2012-05-22T19:45:49+00:00\" \/>\n<meta property=\"og:image\" content=\"https:\/\/diariofemenino.com.ar\/df\/wp-content\/uploads\/2016\/10\/logo-negro.png\" \/>\n\t<meta property=\"og:image:width\" content=\"855\" \/>\n\t<meta property=\"og:image:height\" content=\"319\" \/>\n\t<meta property=\"og:image:type\" content=\"image\/png\" \/>\n<meta name=\"author\" content=\"Admin\" \/>\n<meta name=\"twitter:card\" content=\"summary_large_image\" \/>\n<meta name=\"twitter:creator\" content=\"@DiarioFemenino1\" \/>\n<meta name=\"twitter:site\" content=\"@DiarioFemenino1\" \/>\n<meta name=\"twitter:label1\" content=\"Escrito por\" \/>\n\t<meta name=\"twitter:data1\" content=\"Admin\" \/>\n\t<meta name=\"twitter:label2\" content=\"Tiempo de lectura\" \/>\n\t<meta name=\"twitter:data2\" content=\"3 minutos\" \/>\n<script type=\"application\/ld+json\" class=\"yoast-schema-graph\">{\"@context\":\"https:\\\/\\\/schema.org\",\"@graph\":[{\"@type\":\"Article\",\"@id\":\"https:\\\/\\\/diariofemenino.com.ar\\\/df\\\/la-defensoria-general-de-la-nacion-presento-el-libro-violencia-de-genero-estrategias-para-la-defensa-de-los-derechos-de-las-mujeres\\\/#article\",\"isPartOf\":{\"@id\":\"https:\\\/\\\/diariofemenino.com.ar\\\/df\\\/la-defensoria-general-de-la-nacion-presento-el-libro-violencia-de-genero-estrategias-para-la-defensa-de-los-derechos-de-las-mujeres\\\/\"},\"author\":{\"name\":\"Admin\",\"@id\":\"https:\\\/\\\/diariofemenino.com.ar\\\/df\\\/#\\\/schema\\\/person\\\/38f54b3bfd13f561de2460ba95c169c6\"},\"headline\":\"La Defensor\u00eda General de la Naci\u00f3n present\u00f3 el Libro \u201cViolencia de g\u00e9nero: estrategias para la defensa de los derechos de las mujeres\u201d\",\"datePublished\":\"2012-05-22T19:45:49+00:00\",\"mainEntityOfPage\":{\"@id\":\"https:\\\/\\\/diariofemenino.com.ar\\\/df\\\/la-defensoria-general-de-la-nacion-presento-el-libro-violencia-de-genero-estrategias-para-la-defensa-de-los-derechos-de-las-mujeres\\\/\"},\"wordCount\":579,\"commentCount\":0,\"publisher\":{\"@id\":\"https:\\\/\\\/diariofemenino.com.ar\\\/df\\\/#organization\"},\"image\":{\"@id\":\"https:\\\/\\\/diariofemenino.com.ar\\\/df\\\/la-defensoria-general-de-la-nacion-presento-el-libro-violencia-de-genero-estrategias-para-la-defensa-de-los-derechos-de-las-mujeres\\\/#primaryimage\"},\"thumbnailUrl\":\"\",\"articleSection\":[\"Medios\",\"Noticias\"],\"inLanguage\":\"es\",\"potentialAction\":[{\"@type\":\"CommentAction\",\"name\":\"Comment\",\"target\":[\"https:\\\/\\\/diariofemenino.com.ar\\\/df\\\/la-defensoria-general-de-la-nacion-presento-el-libro-violencia-de-genero-estrategias-para-la-defensa-de-los-derechos-de-las-mujeres\\\/#respond\"]}]},{\"@type\":\"WebPage\",\"@id\":\"https:\\\/\\\/diariofemenino.com.ar\\\/df\\\/la-defensoria-general-de-la-nacion-presento-el-libro-violencia-de-genero-estrategias-para-la-defensa-de-los-derechos-de-las-mujeres\\\/\",\"url\":\"https:\\\/\\\/diariofemenino.com.ar\\\/df\\\/la-defensoria-general-de-la-nacion-presento-el-libro-violencia-de-genero-estrategias-para-la-defensa-de-los-derechos-de-las-mujeres\\\/\",\"name\":\"La Defensor\u00eda General de la Naci\u00f3n present\u00f3 el Libro \u201cViolencia de g\u00e9nero: estrategias para la defensa de los derechos de las mujeres\u201d - Diario Digital Femenino\",\"isPartOf\":{\"@id\":\"https:\\\/\\\/diariofemenino.com.ar\\\/df\\\/#website\"},\"primaryImageOfPage\":{\"@id\":\"https:\\\/\\\/diariofemenino.com.ar\\\/df\\\/la-defensoria-general-de-la-nacion-presento-el-libro-violencia-de-genero-estrategias-para-la-defensa-de-los-derechos-de-las-mujeres\\\/#primaryimage\"},\"image\":{\"@id\":\"https:\\\/\\\/diariofemenino.com.ar\\\/df\\\/la-defensoria-general-de-la-nacion-presento-el-libro-violencia-de-genero-estrategias-para-la-defensa-de-los-derechos-de-las-mujeres\\\/#primaryimage\"},\"thumbnailUrl\":\"\",\"datePublished\":\"2012-05-22T19:45:49+00:00\",\"breadcrumb\":{\"@id\":\"https:\\\/\\\/diariofemenino.com.ar\\\/df\\\/la-defensoria-general-de-la-nacion-presento-el-libro-violencia-de-genero-estrategias-para-la-defensa-de-los-derechos-de-las-mujeres\\\/#breadcrumb\"},\"inLanguage\":\"es\",\"potentialAction\":[{\"@type\":\"ReadAction\",\"target\":[\"https:\\\/\\\/diariofemenino.com.ar\\\/df\\\/la-defensoria-general-de-la-nacion-presento-el-libro-violencia-de-genero-estrategias-para-la-defensa-de-los-derechos-de-las-mujeres\\\/\"]}]},{\"@type\":\"ImageObject\",\"inLanguage\":\"es\",\"@id\":\"https:\\\/\\\/diariofemenino.com.ar\\\/df\\\/la-defensoria-general-de-la-nacion-presento-el-libro-violencia-de-genero-estrategias-para-la-defensa-de-los-derechos-de-las-mujeres\\\/#primaryimage\",\"url\":\"\",\"contentUrl\":\"\"},{\"@type\":\"BreadcrumbList\",\"@id\":\"https:\\\/\\\/diariofemenino.com.ar\\\/df\\\/la-defensoria-general-de-la-nacion-presento-el-libro-violencia-de-genero-estrategias-para-la-defensa-de-los-derechos-de-las-mujeres\\\/#breadcrumb\",\"itemListElement\":[{\"@type\":\"ListItem\",\"position\":1,\"name\":\"Portada\",\"item\":\"https:\\\/\\\/diariofemenino.com.ar\\\/df\\\/\"},{\"@type\":\"ListItem\",\"position\":2,\"name\":\"La Defensor\u00eda General de la Naci\u00f3n present\u00f3 el Libro \u201cViolencia de g\u00e9nero: estrategias para la defensa de los derechos de las mujeres\u201d\"}]},{\"@type\":\"WebSite\",\"@id\":\"https:\\\/\\\/diariofemenino.com.ar\\\/df\\\/#website\",\"url\":\"https:\\\/\\\/diariofemenino.com.ar\\\/df\\\/\",\"name\":\"Diario Digital Femenino\",\"description\":\"Cuesti\u00f3n de G\u00e9nero\",\"publisher\":{\"@id\":\"https:\\\/\\\/diariofemenino.com.ar\\\/df\\\/#organization\"},\"potentialAction\":[{\"@type\":\"SearchAction\",\"target\":{\"@type\":\"EntryPoint\",\"urlTemplate\":\"https:\\\/\\\/diariofemenino.com.ar\\\/df\\\/?s={search_term_string}\"},\"query-input\":{\"@type\":\"PropertyValueSpecification\",\"valueRequired\":true,\"valueName\":\"search_term_string\"}}],\"inLanguage\":\"es\"},{\"@type\":\"Organization\",\"@id\":\"https:\\\/\\\/diariofemenino.com.ar\\\/df\\\/#organization\",\"name\":\"Diario Femenino\",\"url\":\"https:\\\/\\\/diariofemenino.com.ar\\\/df\\\/\",\"logo\":{\"@type\":\"ImageObject\",\"inLanguage\":\"es\",\"@id\":\"https:\\\/\\\/diariofemenino.com.ar\\\/df\\\/#\\\/schema\\\/logo\\\/image\\\/\",\"url\":\"https:\\\/\\\/diariofemenino.com.ar\\\/df\\\/wp-content\\\/uploads\\\/2018\\\/10\\\/logo.png\",\"contentUrl\":\"https:\\\/\\\/diariofemenino.com.ar\\\/df\\\/wp-content\\\/uploads\\\/2018\\\/10\\\/logo.png\",\"width\":500,\"height\":92,\"caption\":\"Diario Femenino\"},\"image\":{\"@id\":\"https:\\\/\\\/diariofemenino.com.ar\\\/df\\\/#\\\/schema\\\/logo\\\/image\\\/\"},\"sameAs\":[\"https:\\\/\\\/www.facebook.com\\\/DiarioDigitaFemenino\\\/\",\"https:\\\/\\\/x.com\\\/DiarioFemenino1\"]},{\"@type\":\"Person\",\"@id\":\"https:\\\/\\\/diariofemenino.com.ar\\\/df\\\/#\\\/schema\\\/person\\\/38f54b3bfd13f561de2460ba95c169c6\",\"name\":\"Admin\",\"image\":{\"@type\":\"ImageObject\",\"inLanguage\":\"es\",\"@id\":\"https:\\\/\\\/diariofemenino.com.ar\\\/df\\\/wp-content\\\/uploads\\\/2018\\\/12\\\/favicon-150x150.jpg\",\"url\":\"https:\\\/\\\/diariofemenino.com.ar\\\/df\\\/wp-content\\\/uploads\\\/2018\\\/12\\\/favicon-150x150.jpg\",\"contentUrl\":\"https:\\\/\\\/diariofemenino.com.ar\\\/df\\\/wp-content\\\/uploads\\\/2018\\\/12\\\/favicon-150x150.jpg\",\"caption\":\"Admin\"},\"url\":\"https:\\\/\\\/diariofemenino.com.ar\\\/df\\\/author\\\/adm18df\\\/\"}]}<\/script>\n<!-- \/ Yoast SEO plugin. -->","yoast_head_json":{"title":"La Defensor\u00eda General de la Naci\u00f3n present\u00f3 el Libro \u201cViolencia de g\u00e9nero: estrategias para la defensa de los derechos de las mujeres\u201d - Diario Digital Femenino","robots":{"index":"index","follow":"follow","max-snippet":"max-snippet:-1","max-image-preview":"max-image-preview:large","max-video-preview":"max-video-preview:-1"},"canonical":"https:\/\/diariofemenino.com.ar\/df\/la-defensoria-general-de-la-nacion-presento-el-libro-violencia-de-genero-estrategias-para-la-defensa-de-los-derechos-de-las-mujeres\/","og_locale":"es_ES","og_type":"article","og_title":"La Defensor\u00eda General de la Naci\u00f3n present\u00f3 el Libro \u201cViolencia de g\u00e9nero: estrategias para la defensa de los derechos de las mujeres\u201d - Diario Digital Femenino","og_description":"&nbsp; &nbsp; Ayer por la tarde, en la Asociaci\u00f3n de Abogados de Buenos Aires (AABA), se present\u00f3 el libro \u201cViolencia de g\u00e9nero: estrategias para la defensa de los derechos de las mujeres\u201d, publicado por la Defensor\u00eda General de la Naci\u00f3n con el apoyo de la Embajada Brit\u00e1nica en Buenos Aires. En el encuentro expusieron la [&hellip;]","og_url":"https:\/\/diariofemenino.com.ar\/df\/la-defensoria-general-de-la-nacion-presento-el-libro-violencia-de-genero-estrategias-para-la-defensa-de-los-derechos-de-las-mujeres\/","og_site_name":"Diario Digital Femenino","article_publisher":"https:\/\/www.facebook.com\/DiarioDigitaFemenino\/","article_published_time":"2012-05-22T19:45:49+00:00","og_image":[{"width":855,"height":319,"url":"https:\/\/diariofemenino.com.ar\/df\/wp-content\/uploads\/2016\/10\/logo-negro.png","type":"image\/png"}],"author":"Admin","twitter_card":"summary_large_image","twitter_creator":"@DiarioFemenino1","twitter_site":"@DiarioFemenino1","twitter_misc":{"Escrito por":"Admin","Tiempo de lectura":"3 minutos"},"schema":{"@context":"https:\/\/schema.org","@graph":[{"@type":"Article","@id":"https:\/\/diariofemenino.com.ar\/df\/la-defensoria-general-de-la-nacion-presento-el-libro-violencia-de-genero-estrategias-para-la-defensa-de-los-derechos-de-las-mujeres\/#article","isPartOf":{"@id":"https:\/\/diariofemenino.com.ar\/df\/la-defensoria-general-de-la-nacion-presento-el-libro-violencia-de-genero-estrategias-para-la-defensa-de-los-derechos-de-las-mujeres\/"},"author":{"name":"Admin","@id":"https:\/\/diariofemenino.com.ar\/df\/#\/schema\/person\/38f54b3bfd13f561de2460ba95c169c6"},"headline":"La Defensor\u00eda General de la Naci\u00f3n present\u00f3 el Libro \u201cViolencia de g\u00e9nero: estrategias para la defensa de los derechos de las mujeres\u201d","datePublished":"2012-05-22T19:45:49+00:00","mainEntityOfPage":{"@id":"https:\/\/diariofemenino.com.ar\/df\/la-defensoria-general-de-la-nacion-presento-el-libro-violencia-de-genero-estrategias-para-la-defensa-de-los-derechos-de-las-mujeres\/"},"wordCount":579,"commentCount":0,"publisher":{"@id":"https:\/\/diariofemenino.com.ar\/df\/#organization"},"image":{"@id":"https:\/\/diariofemenino.com.ar\/df\/la-defensoria-general-de-la-nacion-presento-el-libro-violencia-de-genero-estrategias-para-la-defensa-de-los-derechos-de-las-mujeres\/#primaryimage"},"thumbnailUrl":"","articleSection":["Medios","Noticias"],"inLanguage":"es","potentialAction":[{"@type":"CommentAction","name":"Comment","target":["https:\/\/diariofemenino.com.ar\/df\/la-defensoria-general-de-la-nacion-presento-el-libro-violencia-de-genero-estrategias-para-la-defensa-de-los-derechos-de-las-mujeres\/#respond"]}]},{"@type":"WebPage","@id":"https:\/\/diariofemenino.com.ar\/df\/la-defensoria-general-de-la-nacion-presento-el-libro-violencia-de-genero-estrategias-para-la-defensa-de-los-derechos-de-las-mujeres\/","url":"https:\/\/diariofemenino.com.ar\/df\/la-defensoria-general-de-la-nacion-presento-el-libro-violencia-de-genero-estrategias-para-la-defensa-de-los-derechos-de-las-mujeres\/","name":"La Defensor\u00eda General de la Naci\u00f3n present\u00f3 el Libro \u201cViolencia de g\u00e9nero: estrategias para la defensa de los derechos de las mujeres\u201d - Diario Digital Femenino","isPartOf":{"@id":"https:\/\/diariofemenino.com.ar\/df\/#website"},"primaryImageOfPage":{"@id":"https:\/\/diariofemenino.com.ar\/df\/la-defensoria-general-de-la-nacion-presento-el-libro-violencia-de-genero-estrategias-para-la-defensa-de-los-derechos-de-las-mujeres\/#primaryimage"},"image":{"@id":"https:\/\/diariofemenino.com.ar\/df\/la-defensoria-general-de-la-nacion-presento-el-libro-violencia-de-genero-estrategias-para-la-defensa-de-los-derechos-de-las-mujeres\/#primaryimage"},"thumbnailUrl":"","datePublished":"2012-05-22T19:45:49+00:00","breadcrumb":{"@id":"https:\/\/diariofemenino.com.ar\/df\/la-defensoria-general-de-la-nacion-presento-el-libro-violencia-de-genero-estrategias-para-la-defensa-de-los-derechos-de-las-mujeres\/#breadcrumb"},"inLanguage":"es","potentialAction":[{"@type":"ReadAction","target":["https:\/\/diariofemenino.com.ar\/df\/la-defensoria-general-de-la-nacion-presento-el-libro-violencia-de-genero-estrategias-para-la-defensa-de-los-derechos-de-las-mujeres\/"]}]},{"@type":"ImageObject","inLanguage":"es","@id":"https:\/\/diariofemenino.com.ar\/df\/la-defensoria-general-de-la-nacion-presento-el-libro-violencia-de-genero-estrategias-para-la-defensa-de-los-derechos-de-las-mujeres\/#primaryimage","url":"","contentUrl":""},{"@type":"BreadcrumbList","@id":"https:\/\/diariofemenino.com.ar\/df\/la-defensoria-general-de-la-nacion-presento-el-libro-violencia-de-genero-estrategias-para-la-defensa-de-los-derechos-de-las-mujeres\/#breadcrumb","itemListElement":[{"@type":"ListItem","position":1,"name":"Portada","item":"https:\/\/diariofemenino.com.ar\/df\/"},{"@type":"ListItem","position":2,"name":"La Defensor\u00eda General de la Naci\u00f3n present\u00f3 el Libro \u201cViolencia de g\u00e9nero: estrategias para la defensa de los derechos de las mujeres\u201d"}]},{"@type":"WebSite","@id":"https:\/\/diariofemenino.com.ar\/df\/#website","url":"https:\/\/diariofemenino.com.ar\/df\/","name":"Diario Digital Femenino","description":"Cuesti\u00f3n de G\u00e9nero","publisher":{"@id":"https:\/\/diariofemenino.com.ar\/df\/#organization"},"potentialAction":[{"@type":"SearchAction","target":{"@type":"EntryPoint","urlTemplate":"https:\/\/diariofemenino.com.ar\/df\/?s={search_term_string}"},"query-input":{"@type":"PropertyValueSpecification","valueRequired":true,"valueName":"search_term_string"}}],"inLanguage":"es"},{"@type":"Organization","@id":"https:\/\/diariofemenino.com.ar\/df\/#organization","name":"Diario Femenino","url":"https:\/\/diariofemenino.com.ar\/df\/","logo":{"@type":"ImageObject","inLanguage":"es","@id":"https:\/\/diariofemenino.com.ar\/df\/#\/schema\/logo\/image\/","url":"https:\/\/diariofemenino.com.ar\/df\/wp-content\/uploads\/2018\/10\/logo.png","contentUrl":"https:\/\/diariofemenino.com.ar\/df\/wp-content\/uploads\/2018\/10\/logo.png","width":500,"height":92,"caption":"Diario Femenino"},"image":{"@id":"https:\/\/diariofemenino.com.ar\/df\/#\/schema\/logo\/image\/"},"sameAs":["https:\/\/www.facebook.com\/DiarioDigitaFemenino\/","https:\/\/x.com\/DiarioFemenino1"]},{"@type":"Person","@id":"https:\/\/diariofemenino.com.ar\/df\/#\/schema\/person\/38f54b3bfd13f561de2460ba95c169c6","name":"Admin","image":{"@type":"ImageObject","inLanguage":"es","@id":"https:\/\/diariofemenino.com.ar\/df\/wp-content\/uploads\/2018\/12\/favicon-150x150.jpg","url":"https:\/\/diariofemenino.com.ar\/df\/wp-content\/uploads\/2018\/12\/favicon-150x150.jpg","contentUrl":"https:\/\/diariofemenino.com.ar\/df\/wp-content\/uploads\/2018\/12\/favicon-150x150.jpg","caption":"Admin"},"url":"https:\/\/diariofemenino.com.ar\/df\/author\/adm18df\/"}]}},"jetpack_featured_media_url":"","jetpack_sharing_enabled":true,"rttpg_featured_image_url":null,"rttpg_author":{"display_name":"Admin","author_link":"https:\/\/diariofemenino.com.ar\/df\/author\/adm18df\/"},"rttpg_comment":0,"rttpg_category":"<a href=\"https:\/\/diariofemenino.com.ar\/df\/category\/medios\/\" rel=\"category tag\">Medios<\/a> <a href=\"https:\/\/diariofemenino.com.ar\/df\/category\/noticias\/\" rel=\"category tag\">Noticias<\/a>","rttpg_excerpt":"&nbsp; &nbsp; Ayer por la tarde, en la Asociaci\u00f3n de Abogados de Buenos Aires (AABA), se present\u00f3 el libro \u201cViolencia de g\u00e9nero: estrategias para la defensa de los derechos de las mujeres\u201d, publicado por la Defensor\u00eda General de la Naci\u00f3n con el apoyo de la Embajada Brit\u00e1nica en Buenos Aires. En el encuentro expusieron la&hellip;","_links":{"self":[{"href":"https:\/\/diariofemenino.com.ar\/df\/wp-json\/wp\/v2\/posts\/1118","targetHints":{"allow":["GET"]}}],"collection":[{"href":"https:\/\/diariofemenino.com.ar\/df\/wp-json\/wp\/v2\/posts"}],"about":[{"href":"https:\/\/diariofemenino.com.ar\/df\/wp-json\/wp\/v2\/types\/post"}],"author":[{"embeddable":true,"href":"https:\/\/diariofemenino.com.ar\/df\/wp-json\/wp\/v2\/users\/1"}],"replies":[{"embeddable":true,"href":"https:\/\/diariofemenino.com.ar\/df\/wp-json\/wp\/v2\/comments?post=1118"}],"version-history":[{"count":0,"href":"https:\/\/diariofemenino.com.ar\/df\/wp-json\/wp\/v2\/posts\/1118\/revisions"}],"wp:featuredmedia":[{"embeddable":true,"href":"https:\/\/diariofemenino.com.ar\/df\/wp-json\/"}],"wp:attachment":[{"href":"https:\/\/diariofemenino.com.ar\/df\/wp-json\/wp\/v2\/media?parent=1118"}],"wp:term":[{"taxonomy":"category","embeddable":true,"href":"https:\/\/diariofemenino.com.ar\/df\/wp-json\/wp\/v2\/categories?post=1118"},{"taxonomy":"post_tag","embeddable":true,"href":"https:\/\/diariofemenino.com.ar\/df\/wp-json\/wp\/v2\/tags?post=1118"}],"curies":[{"name":"wp","href":"https:\/\/api.w.org\/{rel}","templated":true}]}}